{"id":9978,"date":"2020-02-27T16:11:56","date_gmt":"2020-02-27T15:11:56","guid":{"rendered":"http:\/\/czechrepublic.afssite.afs.org\/?p=9978"},"modified":"2024-06-06T09:15:17","modified_gmt":"2024-06-06T08:15:17","slug":"privitejte-s-nami-dalsi-zahranicni-studenty","status":"publish","type":"post","link":"https:\/\/www.afs.cz\/en\/2020\/02\/privitejte-s-nami-dalsi-zahranicni-studenty\/","title":{"rendered":"P\u0159iv\u00edtejte s n\u00e1mi dal\u0161\u00ed zahrani\u010dn\u00ed studenty!"},"content":{"rendered":"<p><span style=\"font-weight: 400;\">V\u00edt\u00e1me leto\u0161n\u00ed zahrani\u010dn\u00ed studenty, kte\u0159\u00ed s n\u00e1mi budou po cel\u00fd rok a\u017e do konce listopadu. Na\u0161i dobrovoln\u00edci s nimi absolvovali pop\u0159\u00edjezdov\u00e9 soust\u0159ed\u011bn\u00ed, tzv. <\/span><i><span style=\"font-weight: 400;\">Survival kemp<\/span><\/i><span style=\"font-weight: 400;\">, tentokr\u00e1t v \u010cesk\u00e9m \u0160ternberku, kter\u00e9 prob\u011bhlo spole\u010dn\u011b s pololetn\u00edm soust\u0159ed\u011bn\u00edm zahrani\u010dn\u00edch student\u016f z dobrovolnick\u00fdch skupin v r\u00e1mci \u010cech.\u00a0\u00a0<\/span><span style=\"font-weight: 400;\">\u00a0<\/span><\/p>\n<p><figure class=\"wp-image-wrap\"><img loading=\"lazy\" decoding=\"async\" class=\"alignnone size-medium wp-image-9981\" src=\"https:\/\/d22dvihj4pfop3.cloudfront.net\/wp-content\/uploads\/sites\/84\/2020\/02\/27161046\/p%C5%99%C3%ADlet-SH-student%C5%AF1.jpg\" alt=\"\" width=\"600\" height=\"397\" \/><\/figure><\/p>\n<p><span style=\"font-weight: 400;\">P\u0159edstavujeme v\u00e1m tedy Gaspara z Argentiny, kter\u00fd sv\u016fj semestr\u00e1ln\u00ed program str\u00e1v\u00ed v dobrovolnick\u00e9 skupin\u011b Pardubicko a Kr\u00e1lov\u00e9hradecko; Lucy z Austr\u00e1lie, kter\u00e1 sv\u016fj ro\u010dn\u00ed program absolvuje v dobrovolnick\u00e9 skupin\u011b \u00dastecko a tak\u00e9 Juana z Guatemaly, kter\u00fd spad\u00e1 pod dobrovolnickou skupinu Ostravsko. <\/span><\/p>\n<p><figure class=\"wp-image-wrap\"><img loading=\"lazy\" decoding=\"async\" class=\"alignnone size-medium wp-image-9983\" src=\"https:\/\/d22dvihj4pfop3.cloudfront.net\/wp-content\/uploads\/sites\/84\/2020\/02\/27161121\/p%C5%99%C3%ADlet-SH-student%C5%AF.png\" alt=\"\" width=\"600\" height=\"600\" \/><\/figure><\/p>\n<p><span style=\"font-weight: 400;\">Julia z Braz\u00edlie se k n\u00e1m p\u0159ipojila na sv\u016fj ro\u010dn\u00ed program minul\u00fd t\u00fdden, a to do dobrovolnick\u00e9 skupiny Liberecko.<\/span><\/p>\n<p><span style=\"font-weight: 400;\">Tereza Pech\u00e1\u010dkov\u00e1, k<\/span><span style=\"font-weight: 400;\">oordin\u00e1torka hostitelsk\u00e9ho programu\u00a0<\/span><\/p>\n<p><span style=\"font-weight: 400;\">\u00a0<\/span><\/p>\n<p>&nbsp;<\/p>\n","protected":false},"excerpt":{"rendered":"<p>V\u00edt\u00e1me leto\u0161n\u00ed zahrani\u010dn\u00ed studenty, kte\u0159\u00ed s n\u00e1mi budou po cel\u00fd rok a\u017e do konce listopadu. Na\u0161i dobrovoln\u00edci s nimi absolvovali&hellip;<\/p>\n","protected":false},"author":351,"featured_media":0,"comment_status":"open","ping_status":"open","sticky":false,"template":"","format":"standard","meta":{"footnotes":""},"categories":[188,49],"tags":[194],"class_list":["post-9978","post","type-post","status-publish","format-standard","hentry","category-archiv","category-hostitelsky-program","tag-194"],"yoast_head":"<!-- This site is optimized with the Yoast SEO Premium plugin v26.6 (Yoast SEO v26.6) - https:\/\/yoast.com\/wordpress\/plugins\/seo\/ -->\n<title>P\u0159iv\u00edtejte s n\u00e1mi dal\u0161\u00ed zahrani\u010dn\u00ed studenty! - Mezikulturn\u00ed programy<\/title>\n<meta name=\"robots\" content=\"index, follow, max-snippet:-1, max-image-preview:large, max-video-preview:-1\" \/>\n<link rel=\"canonical\" href=\"https:\/\/www.afs.cz\/en\/2020\/02\/privitejte-s-nami-dalsi-zahranicni-studenty\/\" \/>\n<meta property=\"og:locale\" content=\"en_US\" \/>\n<meta property=\"og:type\" content=\"article\" \/>\n<meta property=\"og:title\" content=\"P\u0159iv\u00edtejte s n\u00e1mi dal\u0161\u00ed zahrani\u010dn\u00ed studenty!\" \/>\n<meta property=\"og:description\" content=\"V\u00edt\u00e1me leto\u0161n\u00ed zahrani\u010dn\u00ed studenty, kte\u0159\u00ed s n\u00e1mi budou po cel\u00fd rok a\u017e do konce listopadu. Na\u0161i dobrovoln\u00edci s nimi absolvovali&hellip;\" \/>\n<meta property=\"og:url\" content=\"https:\/\/www.afs.cz\/en\/2020\/02\/privitejte-s-nami-dalsi-zahranicni-studenty\/\" \/>\n<meta property=\"og:site_name\" content=\"Mezikulturn\u00ed programy\" \/>\n<meta property=\"article:published_time\" content=\"2020-02-27T15:11:56+00:00\" \/>\n<meta property=\"article:modified_time\" content=\"2024-06-06T08:15:17+00:00\" \/>\n<meta name=\"author\" content=\"afscesko\" \/>\n<meta name=\"twitter:card\" content=\"summary_large_image\" \/>\n<meta name=\"twitter:label1\" content=\"Written by\" \/>\n\t<meta name=\"twitter:data1\" content=\"afscesko\" \/>\n\t<meta name=\"twitter:label2\" content=\"Est. reading time\" \/>\n\t<meta name=\"twitter:data2\" content=\"1 minute\" \/>\n<script type=\"application\/ld+json\" class=\"yoast-schema-graph\">{\"@context\":\"https:\/\/schema.org\",\"@graph\":[{\"@type\":\"WebPage\",\"@id\":\"https:\/\/www.afs.cz\/en\/2020\/02\/privitejte-s-nami-dalsi-zahranicni-studenty\/\",\"url\":\"https:\/\/www.afs.cz\/en\/2020\/02\/privitejte-s-nami-dalsi-zahranicni-studenty\/\",\"name\":\"P\u0159iv\u00edtejte s n\u00e1mi dal\u0161\u00ed zahrani\u010dn\u00ed studenty! - Mezikulturn\u00ed programy\",\"isPartOf\":{\"@id\":\"https:\/\/www.afs.cz\/en\/#website\"},\"datePublished\":\"2020-02-27T15:11:56+00:00\",\"dateModified\":\"2024-06-06T08:15:17+00:00\",\"author\":{\"@id\":\"https:\/\/www.afs.cz\/en\/#\/schema\/person\/bc52da0be76098030e75baeb919827ff\"},\"breadcrumb\":{\"@id\":\"https:\/\/www.afs.cz\/en\/2020\/02\/privitejte-s-nami-dalsi-zahranicni-studenty\/#breadcrumb\"},\"inLanguage\":\"en-US\",\"potentialAction\":[{\"@type\":\"ReadAction\",\"target\":[\"https:\/\/www.afs.cz\/en\/2020\/02\/privitejte-s-nami-dalsi-zahranicni-studenty\/\"]}]},{\"@type\":\"BreadcrumbList\",\"@id\":\"https:\/\/www.afs.cz\/en\/2020\/02\/privitejte-s-nami-dalsi-zahranicni-studenty\/#breadcrumb\",\"itemListElement\":[{\"@type\":\"ListItem\",\"position\":1,\"name\":\"Home\",\"item\":\"https:\/\/czechrepublic.afssite.afs.org\/en\/\"},{\"@type\":\"ListItem\",\"position\":2,\"name\":\"P\u0159iv\u00edtejte s n\u00e1mi dal\u0161\u00ed zahrani\u010dn\u00ed studenty!\"}]},{\"@type\":\"WebSite\",\"@id\":\"https:\/\/www.afs.cz\/en\/#website\",\"url\":\"https:\/\/www.afs.cz\/en\/\",\"name\":\"Mezikulturn\u00ed programy\",\"description\":\"Studium v zahrani\u010d\u00ed, hostitelsk\u00fd program, vzd\u011bl\u00e1vac\u00ed programy, dobrovolnictv\u00ed a mnoho dal\u0161\u00edho.\",\"potentialAction\":[{\"@type\":\"SearchAction\",\"target\":{\"@type\":\"EntryPoint\",\"urlTemplate\":\"https:\/\/www.afs.cz\/en\/?s={search_term_string}\"},\"query-input\":{\"@type\":\"PropertyValueSpecification\",\"valueRequired\":true,\"valueName\":\"search_term_string\"}}],\"inLanguage\":\"en-US\"},{\"@type\":\"Person\",\"@id\":\"https:\/\/www.afs.cz\/en\/#\/schema\/person\/bc52da0be76098030e75baeb919827ff\",\"name\":\"afscesko\",\"image\":{\"@type\":\"ImageObject\",\"inLanguage\":\"en-US\",\"@id\":\"https:\/\/www.afs.cz\/en\/#\/schema\/person\/image\/\",\"url\":\"https:\/\/secure.gravatar.com\/avatar\/eda270bfa745d003b9a210dc384a8c22e1a05bc41e5280645d3e2968a117c931?s=96&d=mm&r=g\",\"contentUrl\":\"https:\/\/secure.gravatar.com\/avatar\/eda270bfa745d003b9a210dc384a8c22e1a05bc41e5280645d3e2968a117c931?s=96&d=mm&r=g\",\"caption\":\"afscesko\"},\"url\":\"https:\/\/www.afs.cz\/en\/author\/afscesko\/\"}]}<\/script>\n<!-- \/ Yoast SEO Premium plugin. -->","yoast_head_json":{"title":"P\u0159iv\u00edtejte s n\u00e1mi dal\u0161\u00ed zahrani\u010dn\u00ed studenty! - Mezikulturn\u00ed programy","robots":{"index":"index","follow":"follow","max-snippet":"max-snippet:-1","max-image-preview":"max-image-preview:large","max-video-preview":"max-video-preview:-1"},"canonical":"https:\/\/www.afs.cz\/en\/2020\/02\/privitejte-s-nami-dalsi-zahranicni-studenty\/","og_locale":"en_US","og_type":"article","og_title":"P\u0159iv\u00edtejte s n\u00e1mi dal\u0161\u00ed zahrani\u010dn\u00ed studenty!","og_description":"V\u00edt\u00e1me leto\u0161n\u00ed zahrani\u010dn\u00ed studenty, kte\u0159\u00ed s n\u00e1mi budou po cel\u00fd rok a\u017e do konce listopadu. Na\u0161i dobrovoln\u00edci s nimi absolvovali&hellip;","og_url":"https:\/\/www.afs.cz\/en\/2020\/02\/privitejte-s-nami-dalsi-zahranicni-studenty\/","og_site_name":"Mezikulturn\u00ed programy","article_published_time":"2020-02-27T15:11:56+00:00","article_modified_time":"2024-06-06T08:15:17+00:00","author":"afscesko","twitter_card":"summary_large_image","twitter_misc":{"Written by":"afscesko","Est. reading time":"1 minute"},"schema":{"@context":"https:\/\/schema.org","@graph":[{"@type":"WebPage","@id":"https:\/\/www.afs.cz\/en\/2020\/02\/privitejte-s-nami-dalsi-zahranicni-studenty\/","url":"https:\/\/www.afs.cz\/en\/2020\/02\/privitejte-s-nami-dalsi-zahranicni-studenty\/","name":"P\u0159iv\u00edtejte s n\u00e1mi dal\u0161\u00ed zahrani\u010dn\u00ed studenty! - Mezikulturn\u00ed programy","isPartOf":{"@id":"https:\/\/www.afs.cz\/en\/#website"},"datePublished":"2020-02-27T15:11:56+00:00","dateModified":"2024-06-06T08:15:17+00:00","author":{"@id":"https:\/\/www.afs.cz\/en\/#\/schema\/person\/bc52da0be76098030e75baeb919827ff"},"breadcrumb":{"@id":"https:\/\/www.afs.cz\/en\/2020\/02\/privitejte-s-nami-dalsi-zahranicni-studenty\/#breadcrumb"},"inLanguage":"en-US","potentialAction":[{"@type":"ReadAction","target":["https:\/\/www.afs.cz\/en\/2020\/02\/privitejte-s-nami-dalsi-zahranicni-studenty\/"]}]},{"@type":"BreadcrumbList","@id":"https:\/\/www.afs.cz\/en\/2020\/02\/privitejte-s-nami-dalsi-zahranicni-studenty\/#breadcrumb","itemListElement":[{"@type":"ListItem","position":1,"name":"Home","item":"https:\/\/czechrepublic.afssite.afs.org\/en\/"},{"@type":"ListItem","position":2,"name":"P\u0159iv\u00edtejte s n\u00e1mi dal\u0161\u00ed zahrani\u010dn\u00ed studenty!"}]},{"@type":"WebSite","@id":"https:\/\/www.afs.cz\/en\/#website","url":"https:\/\/www.afs.cz\/en\/","name":"Mezikulturn\u00ed programy","description":"Studium v zahrani\u010d\u00ed, hostitelsk\u00fd program, vzd\u011bl\u00e1vac\u00ed programy, dobrovolnictv\u00ed a mnoho dal\u0161\u00edho.","potentialAction":[{"@type":"SearchAction","target":{"@type":"EntryPoint","urlTemplate":"https:\/\/www.afs.cz\/en\/?s={search_term_string}"},"query-input":{"@type":"PropertyValueSpecification","valueRequired":true,"valueName":"search_term_string"}}],"inLanguage":"en-US"},{"@type":"Person","@id":"https:\/\/www.afs.cz\/en\/#\/schema\/person\/bc52da0be76098030e75baeb919827ff","name":"afscesko","image":{"@type":"ImageObject","inLanguage":"en-US","@id":"https:\/\/www.afs.cz\/en\/#\/schema\/person\/image\/","url":"https:\/\/secure.gravatar.com\/avatar\/eda270bfa745d003b9a210dc384a8c22e1a05bc41e5280645d3e2968a117c931?s=96&d=mm&r=g","contentUrl":"https:\/\/secure.gravatar.com\/avatar\/eda270bfa745d003b9a210dc384a8c22e1a05bc41e5280645d3e2968a117c931?s=96&d=mm&r=g","caption":"afscesko"},"url":"https:\/\/www.afs.cz\/en\/author\/afscesko\/"}]}},"_links":{"self":[{"href":"https:\/\/www.afs.cz\/en\/wp-json\/wp\/v2\/posts\/9978","targetHints":{"allow":["GET"]}}],"collection":[{"href":"https:\/\/www.afs.cz\/en\/wp-json\/wp\/v2\/posts"}],"about":[{"href":"https:\/\/www.afs.cz\/en\/wp-json\/wp\/v2\/types\/post"}],"author":[{"embeddable":true,"href":"https:\/\/www.afs.cz\/en\/wp-json\/wp\/v2\/users\/351"}],"replies":[{"embeddable":true,"href":"https:\/\/www.afs.cz\/en\/wp-json\/wp\/v2\/comments?post=9978"}],"version-history":[{"count":8,"href":"https:\/\/www.afs.cz\/en\/wp-json\/wp\/v2\/posts\/9978\/revisions"}],"predecessor-version":[{"id":22079,"href":"https:\/\/www.afs.cz\/en\/wp-json\/wp\/v2\/posts\/9978\/revisions\/22079"}],"wp:attachment":[{"href":"https:\/\/www.afs.cz\/en\/wp-json\/wp\/v2\/media?parent=9978"}],"wp:term":[{"taxonomy":"category","embeddable":true,"href":"https:\/\/www.afs.cz\/en\/wp-json\/wp\/v2\/categories?post=9978"},{"taxonomy":"post_tag","embeddable":true,"href":"https:\/\/www.afs.cz\/en\/wp-json\/wp\/v2\/tags?post=9978"}],"curies":[{"name":"wp","href":"https:\/\/api.w.org\/{rel}","templated":true}]}}