{"id":9959,"date":"2020-02-27T15:57:30","date_gmt":"2020-02-27T14:57:30","guid":{"rendered":"http:\/\/czechrepublic.afssite.afs.org\/?p=9959"},"modified":"2024-06-05T12:38:37","modified_gmt":"2024-06-05T11:38:37","slug":"peace-camp-v-bruselu","status":"publish","type":"post","link":"https:\/\/www.afs.cz\/en\/2020\/02\/peace-camp-v-bruselu\/","title":{"rendered":"PEACE camp v Bruselu"},"content":{"rendered":"<p><span style=\"font-weight: 400\">V prosinci 2019 jsem se z\u00fa\u010dastnila projektu <\/span><a href=\"https:\/\/peace.afs.org\/\" target=\"_blank\" rel=\"noopener\"><i><span style=\"font-weight: 400\">PEACE camp<\/span><\/i><\/a><span style=\"font-weight: 400\"> v Bruselu, spole\u010dn\u011b s dv\u011bma dal\u0161\u00edmi dobrovolnicemi z \u010cesk\u00e9 republiky.<\/span> <i><span style=\"font-weight: 400\">PEACE camp<\/span><\/i><span style=\"font-weight: 400\"> umo\u017e\u0148uje trimestr\u00e1ln\u00edm student\u016fm str\u00e1vit posledn\u00ed t\u00fdden sv\u00e9ho programu spole\u010dn\u011b s \u00fa\u010dastn\u00edky z ostatn\u00edch zem\u00ed. Koncept tohoto programu spo\u010d\u00edv\u00e1 v glob\u00e1ln\u00edm vzd\u011bl\u00e1v\u00e1n\u00ed se zam\u011b\u0159en\u00edm se na aktivn\u00ed ob\u010dansk\u00fd \u017eivot, co\u017e umo\u017e\u0148uje \u00fa\u010dastn\u00edk\u016fm nejenom se potkat s ostatn\u00edmi studenty, ale z\u00e1rove\u0148 taky vytvo\u0159it si sv\u016fj vlastn\u00ed projekt o potenci\u00e1ln\u00ed aktivit\u011b v lok\u00e1ln\u00ed komunit\u011b.\u00a0<\/span><\/p>\n<p><span style=\"font-weight: 400\">Sou\u010d\u00e1st\u00ed je tak\u00e9 i n\u00e1v\u0161t\u011bva historick\u00e9ho centra Bruselu. Spole\u010dn\u011b se jde do nejd\u016fle\u017eit\u011bj\u0161\u00edch evropsk\u00fdch instituc\u00ed, kde se studenti m\u016f\u017eou pod\u00edvat na to, jak prob\u00edh\u00e1 samotn\u00fd proces a z\u00e1rove\u0148 m\u016f\u017eou kl\u00e1st p\u0159\u00edpadn\u00e9 dotazy poslanc\u016fm.<\/span><\/p>\n<p><figure class=\"wp-image-wrap\"><img loading=\"lazy\" decoding=\"async\" class=\"alignnone wp-image-9962 size-medium\" src=\"https:\/\/d22dvihj4pfop3.cloudfront.net\/wp-content\/uploads\/sites\/84\/2020\/02\/27155552\/PEACE-camp-v-Bruselu1.jpg\" alt=\"PEACE camp dobrovoln\u00edci\" width=\"600\" height=\"450\" \/><\/figure><\/p>\n<p><span style=\"font-weight: 400\">Aby dan\u00e1 akce prob\u00edhala hladce a bezpe\u010dn\u011b, celkem se z\u00fa\u010dastn\u00ed p\u0159ibli\u017en\u011b 300 student\u016f, je nezbytn\u00e9 zajistit dostate\u010dn\u00fd po\u010det dobrovoln\u00edk\u016f.<\/span><\/p>\n<p><span style=\"font-weight: 400\">Nejd\u0159\u00edve jsme se museli z\u00fa\u010dastnit v\u00fdb\u011brov\u00e9ho \u0159\u00edzen\u00ed vypln\u011bn\u00edm online formul\u00e1\u0159e. Zhruba po m\u011bs\u00edci se n\u00e1m ozvali, jestli se akce z\u00fa\u010dastn\u00edme nebo ne. V\u00fdb\u011br je ovlivn\u011bn zku\u0161enostmi, variac\u00ed jazyk\u016f, vyv\u00e1\u017eenost\u00ed pohlav\u00ed a zem\u00ed. Po p\u0159ijet\u00ed jsme se museli nau\u010dit ovl\u00e1dat aplikaci Slack a Zoom, kde prob\u00edhala ve\u0161ker\u00e1 komunikace. P\u0159es Slack jsme se domlouvali na setk\u00e1n\u00ed a byli rozd\u011bleni do r\u016fzn\u00fdch t\u00fdm\u016f podle aktivit, kter\u00fdch jsme se cht\u011bli \u00fa\u010dastnit v pr\u016fb\u011bhu <\/span><i><span style=\"font-weight: 400\">PEACE campu<\/span><\/i><span style=\"font-weight: 400\">. Online p\u0159\u00edprava byla velice intenzivn\u00ed a prob\u00edhala zhruba 2,5 m\u011bs\u00edce.\u00a0<\/span><\/p>\n<p><span style=\"font-weight: 400\">Dobrovoln\u00edci p\u0159ij\u00ed\u017ed\u011bj\u00ed na m\u00edsto d\u0159\u00edve ne\u017e studenti, proto\u017ee se mus\u00ed nejd\u0159\u00edve za\u0161kolit a za\u010d\u00edt p\u0159ipravovat prostory. V pr\u016fb\u011bhu samotn\u00e9ho <\/span><i><span style=\"font-weight: 400\">PEACE campu<\/span><\/i><span style=\"font-weight: 400\"> je hodn\u011b pr\u00e1ce a aktivit.<\/span><\/p>\n<p><figure class=\"wp-image-wrap\"><img loading=\"lazy\" decoding=\"async\" class=\"alignnone wp-image-9964 size-medium\" src=\"https:\/\/d22dvihj4pfop3.cloudfront.net\/wp-content\/uploads\/sites\/84\/2020\/02\/27155631\/PEACE-camp-v-Bruselu.jpg\" alt=\"PEACE camp dobrovoln\u00edci\" width=\"450\" height=\"600\" \/><\/figure><\/p>\n<p><span style=\"font-weight: 400\">Pro m\u011b osobn\u011b to bylo n\u00e1ro\u010dn\u00e9, ale p\u0159i\u0161lo mi to jako skv\u011bl\u00e1 zku\u0161enost! Poznala jsem spoustu dobrovoln\u00edk\u016f ze v\u0161ech kout\u016f Evropy, se kter\u00fdmi budu dodr\u017eovat kontakt a budeme se v\u00eddat i na dal\u0161\u00edch mezin\u00e1rodn\u00edch akc\u00edch.<\/span><\/p>\n<p><span style=\"font-weight: 400\">&#8211; Milana Semenov\u00e1, dlouhodob\u00e1 dobrovolnice za dobrovolnickou skupinu <a href=\"https:\/\/www.instagram.com\/afs.praha\/\">Praha a okol\u00ed<\/a><\/span><\/p>\n<hr \/>\n<h3>Dobrovolnictv\u00ed jako cesta ke zm\u011bn\u011b<\/h3>\n<p>Zaujala t\u011b my\u0161lenka dobrovolnictv\u00ed? Chce\u0161 potk\u00e1vat nov\u00e9 lidi z v\u0161ech kout\u016f sv\u011bta a p\u0159itom z\u00edsk\u00e1vat nov\u00e9 zku\u0161enosti a dovednosti, kter\u00e9 jsou pot\u0159ebn\u00e9 v dne\u0161n\u00edm glob\u00e1ln\u00edm sv\u011bt\u011b? Sta\u0148 se sou\u010d\u00e1st\u00ed mezin\u00e1rodn\u00ed skupiny aktivn\u00edch lid\u00ed, kte\u0159\u00ed pom\u00e1haj\u00ed, aby se mezikulturn\u00ed porozum\u011bn\u00ed ve spole\u010dnosti stalo realitou. Pokud se i ty chce\u0161 st\u00e1t sou\u010d\u00e1st\u00ed AFS:<\/p>\n<p style=\"text-align: left\"><a class=\"button\" href=\"https:\/\/www.afs.cz\/dobrovolnictvi\/prihlasovaci-formular-k-dobrovolnictvi\/\" target=\"_blank\" rel=\"noopener\">Vypl\u0148 nez\u00e1vazn\u00fd p\u0159ihla\u0161ovac\u00ed formul\u00e1\u0159<\/a><\/p>\n<p style=\"text-align: left\"><a class=\"button\" href=\"https:\/\/www.afs.cz\/dobrovolnictvi\/\" target=\"_blank\" rel=\"noopener\">Zjisti si v\u00edce informac\u00ed<\/a><\/p>\n","protected":false},"excerpt":{"rendered":"<p>V prosinci 2019 jsem se z\u00fa\u010dastnila projektu PEACE camp v Bruselu, spole\u010dn\u011b s dv\u011bma dal\u0161\u00edmi dobrovolnicemi z \u010cesk\u00e9 republiky. PEACE&hellip;<\/p>\n","protected":false},"author":351,"featured_media":9960,"comment_status":"open","ping_status":"open","sticky":false,"template":"","format":"standard","meta":{"footnotes":""},"categories":[188,51],"tags":[],"class_list":["post-9959","post","type-post","status-publish","format-standard","has-post-thumbnail","hentry","category-archiv","category-dobrovolnictvi"],"yoast_head":"<!-- This site is optimized with the Yoast SEO Premium plugin v26.6 (Yoast SEO v26.6) - https:\/\/yoast.com\/wordpress\/plugins\/seo\/ -->\n<title>PEACE camp v Bruselu - Mezikulturn\u00ed programy<\/title>\n<meta name=\"description\" content=\"P\u0159\u00edsp\u011bvek o zku\u0161enostech dobrovoln\u00edka na mezin\u00e1rodn\u00edm projektu PEACE camp v Bruselu. Projekt zam\u011b\u0159en\u00fd na glob\u00e1ln\u00ed vzd\u011bl\u00e1v\u00e1n\u00ed a aktivn\u00ed ob\u010danstv\u00ed.\" \/>\n<meta name=\"robots\" content=\"index, follow, max-snippet:-1, max-image-preview:large, max-video-preview:-1\" \/>\n<link rel=\"canonical\" href=\"https:\/\/www.afs.cz\/en\/2020\/02\/peace-camp-v-bruselu\/\" \/>\n<meta property=\"og:locale\" content=\"en_US\" \/>\n<meta property=\"og:type\" content=\"article\" \/>\n<meta property=\"og:title\" content=\"PEACE camp v Bruselu\" \/>\n<meta property=\"og:description\" content=\"P\u0159\u00edsp\u011bvek o zku\u0161enostech dobrovoln\u00edka na mezin\u00e1rodn\u00edm projektu PEACE camp v Bruselu. Projekt zam\u011b\u0159en\u00fd na glob\u00e1ln\u00ed vzd\u011bl\u00e1v\u00e1n\u00ed a aktivn\u00ed ob\u010danstv\u00ed.\" \/>\n<meta property=\"og:url\" content=\"https:\/\/www.afs.cz\/en\/2020\/02\/peace-camp-v-bruselu\/\" \/>\n<meta property=\"og:site_name\" content=\"Mezikulturn\u00ed programy\" \/>\n<meta property=\"article:published_time\" content=\"2020-02-27T14:57:30+00:00\" \/>\n<meta property=\"article:modified_time\" content=\"2024-06-05T11:38:37+00:00\" \/>\n<meta property=\"og:image\" content=\"https:\/\/d22dvihj4pfop3.cloudfront.net\/wp-content\/uploads\/sites\/84\/2020\/02\/27155511\/PEACE-v-Bruselu-e1582818715454-1198x630.jpg\" \/>\n\t<meta property=\"og:image:width\" content=\"1198\" \/>\n\t<meta property=\"og:image:height\" content=\"630\" \/>\n\t<meta property=\"og:image:type\" content=\"image\/jpeg\" \/>\n<meta name=\"author\" content=\"afscesko\" \/>\n<meta name=\"twitter:card\" content=\"summary_large_image\" \/>\n<meta name=\"twitter:label1\" content=\"Written by\" \/>\n\t<meta name=\"twitter:data1\" content=\"afscesko\" \/>\n\t<meta name=\"twitter:label2\" content=\"Est. reading time\" \/>\n\t<meta name=\"twitter:data2\" content=\"2 minutes\" \/>\n<script type=\"application\/ld+json\" class=\"yoast-schema-graph\">{\"@context\":\"https:\/\/schema.org\",\"@graph\":[{\"@type\":\"WebPage\",\"@id\":\"https:\/\/www.afs.cz\/en\/2020\/02\/peace-camp-v-bruselu\/\",\"url\":\"https:\/\/www.afs.cz\/en\/2020\/02\/peace-camp-v-bruselu\/\",\"name\":\"PEACE camp v Bruselu - Mezikulturn\u00ed programy\",\"isPartOf\":{\"@id\":\"https:\/\/www.afs.cz\/en\/#website\"},\"primaryImageOfPage\":{\"@id\":\"https:\/\/www.afs.cz\/en\/2020\/02\/peace-camp-v-bruselu\/#primaryimage\"},\"image\":{\"@id\":\"https:\/\/www.afs.cz\/en\/2020\/02\/peace-camp-v-bruselu\/#primaryimage\"},\"thumbnailUrl\":\"https:\/\/d22dvihj4pfop3.cloudfront.net\/wp-content\/uploads\/sites\/84\/2020\/02\/27155511\/PEACE-v-Bruselu-e1582818715454.jpg\",\"datePublished\":\"2020-02-27T14:57:30+00:00\",\"dateModified\":\"2024-06-05T11:38:37+00:00\",\"author\":{\"@id\":\"https:\/\/www.afs.cz\/en\/#\/schema\/person\/bc52da0be76098030e75baeb919827ff\"},\"description\":\"P\u0159\u00edsp\u011bvek o zku\u0161enostech dobrovoln\u00edka na mezin\u00e1rodn\u00edm projektu PEACE camp v Bruselu. Projekt zam\u011b\u0159en\u00fd na glob\u00e1ln\u00ed vzd\u011bl\u00e1v\u00e1n\u00ed a aktivn\u00ed ob\u010danstv\u00ed.\",\"breadcrumb\":{\"@id\":\"https:\/\/www.afs.cz\/en\/2020\/02\/peace-camp-v-bruselu\/#breadcrumb\"},\"inLanguage\":\"en-US\",\"potentialAction\":[{\"@type\":\"ReadAction\",\"target\":[\"https:\/\/www.afs.cz\/en\/2020\/02\/peace-camp-v-bruselu\/\"]}]},{\"@type\":\"ImageObject\",\"inLanguage\":\"en-US\",\"@id\":\"https:\/\/www.afs.cz\/en\/2020\/02\/peace-camp-v-bruselu\/#primaryimage\",\"url\":\"https:\/\/d22dvihj4pfop3.cloudfront.net\/wp-content\/uploads\/sites\/84\/2020\/02\/27155511\/PEACE-v-Bruselu-e1582818715454.jpg\",\"contentUrl\":\"https:\/\/d22dvihj4pfop3.cloudfront.net\/wp-content\/uploads\/sites\/84\/2020\/02\/27155511\/PEACE-v-Bruselu-e1582818715454.jpg\",\"width\":1198,\"height\":1052,\"caption\":\"PEACE camp\"},{\"@type\":\"BreadcrumbList\",\"@id\":\"https:\/\/www.afs.cz\/en\/2020\/02\/peace-camp-v-bruselu\/#breadcrumb\",\"itemListElement\":[{\"@type\":\"ListItem\",\"position\":1,\"name\":\"Home\",\"item\":\"https:\/\/czechrepublic.afssite.afs.org\/en\/\"},{\"@type\":\"ListItem\",\"position\":2,\"name\":\"PEACE camp v Bruselu\"}]},{\"@type\":\"WebSite\",\"@id\":\"https:\/\/www.afs.cz\/en\/#website\",\"url\":\"https:\/\/www.afs.cz\/en\/\",\"name\":\"Mezikulturn\u00ed programy\",\"description\":\"Studium v zahrani\u010d\u00ed, hostitelsk\u00fd program, vzd\u011bl\u00e1vac\u00ed programy, dobrovolnictv\u00ed a mnoho dal\u0161\u00edho.\",\"potentialAction\":[{\"@type\":\"SearchAction\",\"target\":{\"@type\":\"EntryPoint\",\"urlTemplate\":\"https:\/\/www.afs.cz\/en\/?s={search_term_string}\"},\"query-input\":{\"@type\":\"PropertyValueSpecification\",\"valueRequired\":true,\"valueName\":\"search_term_string\"}}],\"inLanguage\":\"en-US\"},{\"@type\":\"Person\",\"@id\":\"https:\/\/www.afs.cz\/en\/#\/schema\/person\/bc52da0be76098030e75baeb919827ff\",\"name\":\"afscesko\",\"image\":{\"@type\":\"ImageObject\",\"inLanguage\":\"en-US\",\"@id\":\"https:\/\/www.afs.cz\/en\/#\/schema\/person\/image\/\",\"url\":\"https:\/\/secure.gravatar.com\/avatar\/eda270bfa745d003b9a210dc384a8c22e1a05bc41e5280645d3e2968a117c931?s=96&d=mm&r=g\",\"contentUrl\":\"https:\/\/secure.gravatar.com\/avatar\/eda270bfa745d003b9a210dc384a8c22e1a05bc41e5280645d3e2968a117c931?s=96&d=mm&r=g\",\"caption\":\"afscesko\"},\"url\":\"https:\/\/www.afs.cz\/en\/author\/afscesko\/\"}]}<\/script>\n<!-- \/ Yoast SEO Premium plugin. -->","yoast_head_json":{"title":"PEACE camp v Bruselu - Mezikulturn\u00ed programy","description":"P\u0159\u00edsp\u011bvek o zku\u0161enostech dobrovoln\u00edka na mezin\u00e1rodn\u00edm projektu PEACE camp v Bruselu. Projekt zam\u011b\u0159en\u00fd na glob\u00e1ln\u00ed vzd\u011bl\u00e1v\u00e1n\u00ed a aktivn\u00ed ob\u010danstv\u00ed.","robots":{"index":"index","follow":"follow","max-snippet":"max-snippet:-1","max-image-preview":"max-image-preview:large","max-video-preview":"max-video-preview:-1"},"canonical":"https:\/\/www.afs.cz\/en\/2020\/02\/peace-camp-v-bruselu\/","og_locale":"en_US","og_type":"article","og_title":"PEACE camp v Bruselu","og_description":"P\u0159\u00edsp\u011bvek o zku\u0161enostech dobrovoln\u00edka na mezin\u00e1rodn\u00edm projektu PEACE camp v Bruselu. Projekt zam\u011b\u0159en\u00fd na glob\u00e1ln\u00ed vzd\u011bl\u00e1v\u00e1n\u00ed a aktivn\u00ed ob\u010danstv\u00ed.","og_url":"https:\/\/www.afs.cz\/en\/2020\/02\/peace-camp-v-bruselu\/","og_site_name":"Mezikulturn\u00ed programy","article_published_time":"2020-02-27T14:57:30+00:00","article_modified_time":"2024-06-05T11:38:37+00:00","og_image":[{"width":1198,"height":630,"url":"https:\/\/d22dvihj4pfop3.cloudfront.net\/wp-content\/uploads\/sites\/84\/2020\/02\/27155511\/PEACE-v-Bruselu-e1582818715454-1198x630.jpg","type":"image\/jpeg"}],"author":"afscesko","twitter_card":"summary_large_image","twitter_misc":{"Written by":"afscesko","Est. reading time":"2 minutes"},"schema":{"@context":"https:\/\/schema.org","@graph":[{"@type":"WebPage","@id":"https:\/\/www.afs.cz\/en\/2020\/02\/peace-camp-v-bruselu\/","url":"https:\/\/www.afs.cz\/en\/2020\/02\/peace-camp-v-bruselu\/","name":"PEACE camp v Bruselu - Mezikulturn\u00ed programy","isPartOf":{"@id":"https:\/\/www.afs.cz\/en\/#website"},"primaryImageOfPage":{"@id":"https:\/\/www.afs.cz\/en\/2020\/02\/peace-camp-v-bruselu\/#primaryimage"},"image":{"@id":"https:\/\/www.afs.cz\/en\/2020\/02\/peace-camp-v-bruselu\/#primaryimage"},"thumbnailUrl":"https:\/\/d22dvihj4pfop3.cloudfront.net\/wp-content\/uploads\/sites\/84\/2020\/02\/27155511\/PEACE-v-Bruselu-e1582818715454.jpg","datePublished":"2020-02-27T14:57:30+00:00","dateModified":"2024-06-05T11:38:37+00:00","author":{"@id":"https:\/\/www.afs.cz\/en\/#\/schema\/person\/bc52da0be76098030e75baeb919827ff"},"description":"P\u0159\u00edsp\u011bvek o zku\u0161enostech dobrovoln\u00edka na mezin\u00e1rodn\u00edm projektu PEACE camp v Bruselu. Projekt zam\u011b\u0159en\u00fd na glob\u00e1ln\u00ed vzd\u011bl\u00e1v\u00e1n\u00ed a aktivn\u00ed ob\u010danstv\u00ed.","breadcrumb":{"@id":"https:\/\/www.afs.cz\/en\/2020\/02\/peace-camp-v-bruselu\/#breadcrumb"},"inLanguage":"en-US","potentialAction":[{"@type":"ReadAction","target":["https:\/\/www.afs.cz\/en\/2020\/02\/peace-camp-v-bruselu\/"]}]},{"@type":"ImageObject","inLanguage":"en-US","@id":"https:\/\/www.afs.cz\/en\/2020\/02\/peace-camp-v-bruselu\/#primaryimage","url":"https:\/\/d22dvihj4pfop3.cloudfront.net\/wp-content\/uploads\/sites\/84\/2020\/02\/27155511\/PEACE-v-Bruselu-e1582818715454.jpg","contentUrl":"https:\/\/d22dvihj4pfop3.cloudfront.net\/wp-content\/uploads\/sites\/84\/2020\/02\/27155511\/PEACE-v-Bruselu-e1582818715454.jpg","width":1198,"height":1052,"caption":"PEACE camp"},{"@type":"BreadcrumbList","@id":"https:\/\/www.afs.cz\/en\/2020\/02\/peace-camp-v-bruselu\/#breadcrumb","itemListElement":[{"@type":"ListItem","position":1,"name":"Home","item":"https:\/\/czechrepublic.afssite.afs.org\/en\/"},{"@type":"ListItem","position":2,"name":"PEACE camp v Bruselu"}]},{"@type":"WebSite","@id":"https:\/\/www.afs.cz\/en\/#website","url":"https:\/\/www.afs.cz\/en\/","name":"Mezikulturn\u00ed programy","description":"Studium v zahrani\u010d\u00ed, hostitelsk\u00fd program, vzd\u011bl\u00e1vac\u00ed programy, dobrovolnictv\u00ed a mnoho dal\u0161\u00edho.","potentialAction":[{"@type":"SearchAction","target":{"@type":"EntryPoint","urlTemplate":"https:\/\/www.afs.cz\/en\/?s={search_term_string}"},"query-input":{"@type":"PropertyValueSpecification","valueRequired":true,"valueName":"search_term_string"}}],"inLanguage":"en-US"},{"@type":"Person","@id":"https:\/\/www.afs.cz\/en\/#\/schema\/person\/bc52da0be76098030e75baeb919827ff","name":"afscesko","image":{"@type":"ImageObject","inLanguage":"en-US","@id":"https:\/\/www.afs.cz\/en\/#\/schema\/person\/image\/","url":"https:\/\/secure.gravatar.com\/avatar\/eda270bfa745d003b9a210dc384a8c22e1a05bc41e5280645d3e2968a117c931?s=96&d=mm&r=g","contentUrl":"https:\/\/secure.gravatar.com\/avatar\/eda270bfa745d003b9a210dc384a8c22e1a05bc41e5280645d3e2968a117c931?s=96&d=mm&r=g","caption":"afscesko"},"url":"https:\/\/www.afs.cz\/en\/author\/afscesko\/"}]}},"_links":{"self":[{"href":"https:\/\/www.afs.cz\/en\/wp-json\/wp\/v2\/posts\/9959","targetHints":{"allow":["GET"]}}],"collection":[{"href":"https:\/\/www.afs.cz\/en\/wp-json\/wp\/v2\/posts"}],"about":[{"href":"https:\/\/www.afs.cz\/en\/wp-json\/wp\/v2\/types\/post"}],"author":[{"embeddable":true,"href":"https:\/\/www.afs.cz\/en\/wp-json\/wp\/v2\/users\/351"}],"replies":[{"embeddable":true,"href":"https:\/\/www.afs.cz\/en\/wp-json\/wp\/v2\/comments?post=9959"}],"version-history":[{"count":16,"href":"https:\/\/www.afs.cz\/en\/wp-json\/wp\/v2\/posts\/9959\/revisions"}],"predecessor-version":[{"id":21934,"href":"https:\/\/www.afs.cz\/en\/wp-json\/wp\/v2\/posts\/9959\/revisions\/21934"}],"wp:featuredmedia":[{"embeddable":true,"href":"https:\/\/www.afs.cz\/en\/wp-json\/wp\/v2\/media\/9960"}],"wp:attachment":[{"href":"https:\/\/www.afs.cz\/en\/wp-json\/wp\/v2\/media?parent=9959"}],"wp:term":[{"taxonomy":"category","embeddable":true,"href":"https:\/\/www.afs.cz\/en\/wp-json\/wp\/v2\/categories?post=9959"},{"taxonomy":"post_tag","embeddable":true,"href":"https:\/\/www.afs.cz\/en\/wp-json\/wp\/v2\/tags?post=9959"}],"curies":[{"name":"wp","href":"https:\/\/api.w.org\/{rel}","templated":true}]}}