{"id":9540,"date":"2019-11-05T15:11:55","date_gmt":"2019-11-05T14:11:55","guid":{"rendered":"http:\/\/czechrepublic.afssite.afs.org\/?p=9540"},"modified":"2024-06-06T08:59:26","modified_gmt":"2024-06-06T07:59:26","slug":"vyzvy-ve-vzdelavani-21-stoleti-ve-spektru-kontinentu","status":"publish","type":"post","link":"https:\/\/www.afs.cz\/en\/2019\/11\/vyzvy-ve-vzdelavani-21-stoleti-ve-spektru-kontinentu\/","title":{"rendered":"V\u00fdzvy ve vzd\u011bl\u00e1v\u00e1n\u00ed 21. stolet\u00ed ve spektru kontinent\u016f"},"content":{"rendered":"<p>V r\u00e1mci dvoulet\u00e9ho projektu AFS Pohled odjinud jsme se v dubnu z\u00fa\u010dastnily konference Spectrum of Education v tureck\u00e9m Istanbulu.<\/p>\n<p>Spole\u010dn\u011b s dal\u0161\u00edmi \u00fa\u010dastn\u00edky z Indie, Slovinska, Bosny a Hercegoviny, Kolumbie, Keni, Ruska a jednotliv\u00fdch tureck\u00fdch region\u016f jsme b\u011bhem \u010dty\u0159 dn\u00ed m\u011bly mo\u017enost nejen bl\u00ed\u017ee nahl\u00e9dnout do kulturn\u00edch tradic hostitelsk\u00e9 zem\u011b, ale tak\u00e9 porovnat p\u0159\u00edstupy a v\u00fdzvy ve vzd\u011bl\u00e1v\u00e1n\u00ed 21. stolet\u00ed\u00a0 t\u00e9m\u011b\u0159 ve spektru v\u0161ech kontinent\u016f.<\/p>\n<p><figure class=\"wp-image-wrap\"><img loading=\"lazy\" decoding=\"async\" class=\"alignnone size-medium wp-image-9543\" src=\"https:\/\/d22dvihj4pfop3.cloudfront.net\/wp-content\/uploads\/sites\/84\/2019\/11\/05151114\/V%C3%BDzvy-ve-vzd%C4%9Bl%C3%A1v%C3%A1n%C3%AD-21.-stolet%C3%AD-ve-spektru-kontinent%C5%AF_2.jpg\" alt=\"\" width=\"600\" height=\"450\" \/><\/figure><\/p>\n<p>Hostitelsk\u00e1 organizace Turk Kultur Vakfi n\u00e1m zprost\u0159edkovala prostor pro sd\u00edlen\u00ed a reflexi v r\u00e1mci velmi pe\u010dliv\u011b p\u0159ipraven\u00fdch praktick\u00fdch workshop\u016f a umo\u017enila n\u00e1m str\u00e1vit ve\u010der s m\u00edstn\u00ed hostitelskou rodinou.<\/p>\n<p>V pr\u016fb\u011bhu konference\u00a0 Spectrum of Education, kterou uvedl sv\u00fdm osobn\u00edm p\u0159\u00edb\u011bhem prezident a p\u0159edseda spr\u00e1vn\u00ed rady AFS Daniel Obst, jsme m\u011bly p\u0159\u00edle\u017eitost vyslechnout si p\u0159\u00edsp\u011bvky jednotliv\u00fdch p\u0159edn\u00e1\u0161ej\u00edc\u00edch z tureck\u00e9ho akademick\u00e9ho prost\u0159ed\u00ed, arm\u00e9nsk\u00e9 neziskov\u00e9 organizace Teach for Armenia a v z\u00e1v\u011bru se pod\u011blili o p\u0159\u00edb\u011bh sv\u00e9 vlastn\u00ed cesty interkulturn\u00edm vzd\u011bl\u00e1v\u00e1n\u00edm jednotliv\u00ed \u00fa\u010dastn\u00edci z v\u00fd\u0161e zm\u00edn\u011bn\u00fdch zem\u00ed.<\/p>\n<p>Posledn\u00ed spole\u010dn\u00fd ve\u010der jsme str\u00e1vili symbolickou plavbou mezi evropsk\u00fdm a asijsk\u00fdm kontinentem, kter\u00e1 byla doprov\u00e1zena bohat\u00fdm kulturn\u00edm programem.<\/p>\n<p>I ve voln\u00e9m \u010dase jsme fungovali dohromady jako jeden t\u00fdm a spole\u010dn\u011b jsme nav\u0161t\u00edvili nejen hlavn\u00ed istanbulsk\u00e9 kulturn\u00ed pam\u00e1tky, ale tak\u00e9 jsme ochutnali mnoho v\u00fdborn\u00fdch tradi\u010dn\u00edch pokrm\u016f.<\/p>\n<p>Z\u00e1v\u011brem bychom cht\u011bly velmi pod\u011bkovat za p\u0159\u00edle\u017eitost setkat se s mnoha kolegy, kter\u00e1 byla hodnotn\u00fdm z\u00e1\u017eitkem jednoty v \u0161irok\u00e9m spektru kulturn\u00ed diverzity v praxi.<\/p>\n<p>Zejm\u00e9na bychom r\u00e1dy pod\u011bkovaly v\u0161em m\u00edstn\u00edm organiz\u00e1tor\u016fm, organiz\u00e1tork\u00e1m, dobrovoln\u00edk\u016fm, dobrovolnic\u00edm a hostitelsk\u00fdm rodin\u00e1m, jejich\u017e aktivn\u00ed zapojen\u00ed a v\u0159el\u00e9 p\u0159ijet\u00ed dodalo cel\u00e9 na\u0161\u00ed zku\u0161enosti nad\u010dasov\u00fd osobn\u00ed rozm\u011br.<\/p>\n<p><b>Te\u015fekk\u00fcr<\/b> <b>ederim<\/b><\/p>\n<p>Mark\u00e9ta Tuh\u00e1 (Z\u0160 Heur\u00e9ka Libochovi\u010dky) a Jana Dluho\u0161ov\u00e1 (VO\u0160, OA, SPg\u0160 a SZ\u0160 Most p.o.)<\/p>\n","protected":false},"excerpt":{"rendered":"<p>V r\u00e1mci dvoulet\u00e9ho projektu AFS Pohled odjinud jsme se v dubnu z\u00fa\u010dastnily konference Spectrum of Education v tureck\u00e9m Istanbulu. Spole\u010dn\u011b&hellip;<\/p>\n","protected":false},"author":351,"featured_media":0,"comment_status":"open","ping_status":"open","sticky":false,"template":"","format":"standard","meta":{"footnotes":""},"categories":[188,187,54,52],"tags":[189],"class_list":["post-9540","post","type-post","status-publish","format-standard","hentry","category-archiv","category-clanky","category-mezikulturni-vzdelavani","category-spoluprace-se-skolami","tag-189"],"yoast_head":"<!-- This site is optimized with the Yoast SEO Premium plugin v26.6 (Yoast SEO v26.6) - https:\/\/yoast.com\/wordpress\/plugins\/seo\/ -->\n<title>V\u00fdzvy ve vzd\u011bl\u00e1v\u00e1n\u00ed 21. stolet\u00ed ve spektru kontinent\u016f - Mezikulturn\u00ed programy<\/title>\n<meta name=\"robots\" content=\"index, follow, max-snippet:-1, max-image-preview:large, max-video-preview:-1\" \/>\n<link rel=\"canonical\" href=\"https:\/\/www.afs.cz\/en\/2019\/11\/vyzvy-ve-vzdelavani-21-stoleti-ve-spektru-kontinentu\/\" \/>\n<meta property=\"og:locale\" content=\"en_US\" \/>\n<meta property=\"og:type\" content=\"article\" \/>\n<meta property=\"og:title\" content=\"V\u00fdzvy ve vzd\u011bl\u00e1v\u00e1n\u00ed 21. stolet\u00ed ve spektru kontinent\u016f\" \/>\n<meta property=\"og:description\" content=\"V r\u00e1mci dvoulet\u00e9ho projektu AFS Pohled odjinud jsme se v dubnu z\u00fa\u010dastnily konference Spectrum of Education v tureck\u00e9m Istanbulu. Spole\u010dn\u011b&hellip;\" \/>\n<meta property=\"og:url\" content=\"https:\/\/www.afs.cz\/en\/2019\/11\/vyzvy-ve-vzdelavani-21-stoleti-ve-spektru-kontinentu\/\" \/>\n<meta property=\"og:site_name\" content=\"Mezikulturn\u00ed programy\" \/>\n<meta property=\"article:published_time\" content=\"2019-11-05T14:11:55+00:00\" \/>\n<meta property=\"article:modified_time\" content=\"2024-06-06T07:59:26+00:00\" \/>\n<meta name=\"author\" content=\"afscesko\" \/>\n<meta name=\"twitter:card\" content=\"summary_large_image\" \/>\n<meta name=\"twitter:label1\" content=\"Written by\" \/>\n\t<meta name=\"twitter:data1\" content=\"afscesko\" \/>\n\t<meta name=\"twitter:label2\" content=\"Est. reading time\" \/>\n\t<meta name=\"twitter:data2\" content=\"2 minutes\" \/>\n<script type=\"application\/ld+json\" class=\"yoast-schema-graph\">{\"@context\":\"https:\/\/schema.org\",\"@graph\":[{\"@type\":\"WebPage\",\"@id\":\"https:\/\/www.afs.cz\/en\/2019\/11\/vyzvy-ve-vzdelavani-21-stoleti-ve-spektru-kontinentu\/\",\"url\":\"https:\/\/www.afs.cz\/en\/2019\/11\/vyzvy-ve-vzdelavani-21-stoleti-ve-spektru-kontinentu\/\",\"name\":\"V\u00fdzvy ve vzd\u011bl\u00e1v\u00e1n\u00ed 21. stolet\u00ed ve spektru kontinent\u016f - Mezikulturn\u00ed programy\",\"isPartOf\":{\"@id\":\"https:\/\/www.afs.cz\/en\/#website\"},\"datePublished\":\"2019-11-05T14:11:55+00:00\",\"dateModified\":\"2024-06-06T07:59:26+00:00\",\"author\":{\"@id\":\"https:\/\/www.afs.cz\/en\/#\/schema\/person\/bc52da0be76098030e75baeb919827ff\"},\"breadcrumb\":{\"@id\":\"https:\/\/www.afs.cz\/en\/2019\/11\/vyzvy-ve-vzdelavani-21-stoleti-ve-spektru-kontinentu\/#breadcrumb\"},\"inLanguage\":\"en-US\",\"potentialAction\":[{\"@type\":\"ReadAction\",\"target\":[\"https:\/\/www.afs.cz\/en\/2019\/11\/vyzvy-ve-vzdelavani-21-stoleti-ve-spektru-kontinentu\/\"]}]},{\"@type\":\"BreadcrumbList\",\"@id\":\"https:\/\/www.afs.cz\/en\/2019\/11\/vyzvy-ve-vzdelavani-21-stoleti-ve-spektru-kontinentu\/#breadcrumb\",\"itemListElement\":[{\"@type\":\"ListItem\",\"position\":1,\"name\":\"Home\",\"item\":\"https:\/\/czechrepublic.afssite.afs.org\/en\/\"},{\"@type\":\"ListItem\",\"position\":2,\"name\":\"V\u00fdzvy ve vzd\u011bl\u00e1v\u00e1n\u00ed 21. stolet\u00ed ve spektru kontinent\u016f\"}]},{\"@type\":\"WebSite\",\"@id\":\"https:\/\/www.afs.cz\/en\/#website\",\"url\":\"https:\/\/www.afs.cz\/en\/\",\"name\":\"Mezikulturn\u00ed programy\",\"description\":\"Studium v zahrani\u010d\u00ed, hostitelsk\u00fd program, vzd\u011bl\u00e1vac\u00ed programy, dobrovolnictv\u00ed a mnoho dal\u0161\u00edho.\",\"potentialAction\":[{\"@type\":\"SearchAction\",\"target\":{\"@type\":\"EntryPoint\",\"urlTemplate\":\"https:\/\/www.afs.cz\/en\/?s={search_term_string}\"},\"query-input\":{\"@type\":\"PropertyValueSpecification\",\"valueRequired\":true,\"valueName\":\"search_term_string\"}}],\"inLanguage\":\"en-US\"},{\"@type\":\"Person\",\"@id\":\"https:\/\/www.afs.cz\/en\/#\/schema\/person\/bc52da0be76098030e75baeb919827ff\",\"name\":\"afscesko\",\"image\":{\"@type\":\"ImageObject\",\"inLanguage\":\"en-US\",\"@id\":\"https:\/\/www.afs.cz\/en\/#\/schema\/person\/image\/\",\"url\":\"https:\/\/secure.gravatar.com\/avatar\/eda270bfa745d003b9a210dc384a8c22e1a05bc41e5280645d3e2968a117c931?s=96&d=mm&r=g\",\"contentUrl\":\"https:\/\/secure.gravatar.com\/avatar\/eda270bfa745d003b9a210dc384a8c22e1a05bc41e5280645d3e2968a117c931?s=96&d=mm&r=g\",\"caption\":\"afscesko\"},\"url\":\"https:\/\/www.afs.cz\/en\/author\/afscesko\/\"}]}<\/script>\n<!-- \/ Yoast SEO Premium plugin. -->","yoast_head_json":{"title":"V\u00fdzvy ve vzd\u011bl\u00e1v\u00e1n\u00ed 21. stolet\u00ed ve spektru kontinent\u016f - Mezikulturn\u00ed programy","robots":{"index":"index","follow":"follow","max-snippet":"max-snippet:-1","max-image-preview":"max-image-preview:large","max-video-preview":"max-video-preview:-1"},"canonical":"https:\/\/www.afs.cz\/en\/2019\/11\/vyzvy-ve-vzdelavani-21-stoleti-ve-spektru-kontinentu\/","og_locale":"en_US","og_type":"article","og_title":"V\u00fdzvy ve vzd\u011bl\u00e1v\u00e1n\u00ed 21. stolet\u00ed ve spektru kontinent\u016f","og_description":"V r\u00e1mci dvoulet\u00e9ho projektu AFS Pohled odjinud jsme se v dubnu z\u00fa\u010dastnily konference Spectrum of Education v tureck\u00e9m Istanbulu. Spole\u010dn\u011b&hellip;","og_url":"https:\/\/www.afs.cz\/en\/2019\/11\/vyzvy-ve-vzdelavani-21-stoleti-ve-spektru-kontinentu\/","og_site_name":"Mezikulturn\u00ed programy","article_published_time":"2019-11-05T14:11:55+00:00","article_modified_time":"2024-06-06T07:59:26+00:00","author":"afscesko","twitter_card":"summary_large_image","twitter_misc":{"Written by":"afscesko","Est. reading time":"2 minutes"},"schema":{"@context":"https:\/\/schema.org","@graph":[{"@type":"WebPage","@id":"https:\/\/www.afs.cz\/en\/2019\/11\/vyzvy-ve-vzdelavani-21-stoleti-ve-spektru-kontinentu\/","url":"https:\/\/www.afs.cz\/en\/2019\/11\/vyzvy-ve-vzdelavani-21-stoleti-ve-spektru-kontinentu\/","name":"V\u00fdzvy ve vzd\u011bl\u00e1v\u00e1n\u00ed 21. stolet\u00ed ve spektru kontinent\u016f - Mezikulturn\u00ed programy","isPartOf":{"@id":"https:\/\/www.afs.cz\/en\/#website"},"datePublished":"2019-11-05T14:11:55+00:00","dateModified":"2024-06-06T07:59:26+00:00","author":{"@id":"https:\/\/www.afs.cz\/en\/#\/schema\/person\/bc52da0be76098030e75baeb919827ff"},"breadcrumb":{"@id":"https:\/\/www.afs.cz\/en\/2019\/11\/vyzvy-ve-vzdelavani-21-stoleti-ve-spektru-kontinentu\/#breadcrumb"},"inLanguage":"en-US","potentialAction":[{"@type":"ReadAction","target":["https:\/\/www.afs.cz\/en\/2019\/11\/vyzvy-ve-vzdelavani-21-stoleti-ve-spektru-kontinentu\/"]}]},{"@type":"BreadcrumbList","@id":"https:\/\/www.afs.cz\/en\/2019\/11\/vyzvy-ve-vzdelavani-21-stoleti-ve-spektru-kontinentu\/#breadcrumb","itemListElement":[{"@type":"ListItem","position":1,"name":"Home","item":"https:\/\/czechrepublic.afssite.afs.org\/en\/"},{"@type":"ListItem","position":2,"name":"V\u00fdzvy ve vzd\u011bl\u00e1v\u00e1n\u00ed 21. stolet\u00ed ve spektru kontinent\u016f"}]},{"@type":"WebSite","@id":"https:\/\/www.afs.cz\/en\/#website","url":"https:\/\/www.afs.cz\/en\/","name":"Mezikulturn\u00ed programy","description":"Studium v zahrani\u010d\u00ed, hostitelsk\u00fd program, vzd\u011bl\u00e1vac\u00ed programy, dobrovolnictv\u00ed a mnoho dal\u0161\u00edho.","potentialAction":[{"@type":"SearchAction","target":{"@type":"EntryPoint","urlTemplate":"https:\/\/www.afs.cz\/en\/?s={search_term_string}"},"query-input":{"@type":"PropertyValueSpecification","valueRequired":true,"valueName":"search_term_string"}}],"inLanguage":"en-US"},{"@type":"Person","@id":"https:\/\/www.afs.cz\/en\/#\/schema\/person\/bc52da0be76098030e75baeb919827ff","name":"afscesko","image":{"@type":"ImageObject","inLanguage":"en-US","@id":"https:\/\/www.afs.cz\/en\/#\/schema\/person\/image\/","url":"https:\/\/secure.gravatar.com\/avatar\/eda270bfa745d003b9a210dc384a8c22e1a05bc41e5280645d3e2968a117c931?s=96&d=mm&r=g","contentUrl":"https:\/\/secure.gravatar.com\/avatar\/eda270bfa745d003b9a210dc384a8c22e1a05bc41e5280645d3e2968a117c931?s=96&d=mm&r=g","caption":"afscesko"},"url":"https:\/\/www.afs.cz\/en\/author\/afscesko\/"}]}},"_links":{"self":[{"href":"https:\/\/www.afs.cz\/en\/wp-json\/wp\/v2\/posts\/9540","targetHints":{"allow":["GET"]}}],"collection":[{"href":"https:\/\/www.afs.cz\/en\/wp-json\/wp\/v2\/posts"}],"about":[{"href":"https:\/\/www.afs.cz\/en\/wp-json\/wp\/v2\/types\/post"}],"author":[{"embeddable":true,"href":"https:\/\/www.afs.cz\/en\/wp-json\/wp\/v2\/users\/351"}],"replies":[{"embeddable":true,"href":"https:\/\/www.afs.cz\/en\/wp-json\/wp\/v2\/comments?post=9540"}],"version-history":[{"count":6,"href":"https:\/\/www.afs.cz\/en\/wp-json\/wp\/v2\/posts\/9540\/revisions"}],"predecessor-version":[{"id":22039,"href":"https:\/\/www.afs.cz\/en\/wp-json\/wp\/v2\/posts\/9540\/revisions\/22039"}],"wp:attachment":[{"href":"https:\/\/www.afs.cz\/en\/wp-json\/wp\/v2\/media?parent=9540"}],"wp:term":[{"taxonomy":"category","embeddable":true,"href":"https:\/\/www.afs.cz\/en\/wp-json\/wp\/v2\/categories?post=9540"},{"taxonomy":"post_tag","embeddable":true,"href":"https:\/\/www.afs.cz\/en\/wp-json\/wp\/v2\/tags?post=9540"}],"curies":[{"name":"wp","href":"https:\/\/api.w.org\/{rel}","templated":true}]}}