{"id":8746,"date":"2019-08-07T10:42:16","date_gmt":"2019-08-07T09:42:16","guid":{"rendered":"http:\/\/czechrepublic.afssite.afs.org\/?p=8746"},"modified":"2024-06-06T08:56:34","modified_gmt":"2024-06-06T07:56:34","slug":"muj-semestr-na-stredni-skole-v-belgii","status":"publish","type":"post","link":"https:\/\/www.afs.cz\/en\/2019\/08\/muj-semestr-na-stredni-skole-v-belgii\/","title":{"rendered":"M\u016fj semestr na st\u0159edn\u00ed \u0161kole v Belgii"},"content":{"rendered":"<p>Do Belgie jsem se dostala \u00fapln\u011b n\u00e1hodou. P\u0159ed rokem jsem na dovolen\u00e9 nav\u0161t\u00edvila jednu mezin\u00e1rodn\u00ed \u0161kolu a rozhodla se tak\u00e9 to zkusit a vyjet do zahrani\u010d\u00ed. P\u0159ihl\u00e1sila jsem se na program a sv\u00e9 okol\u00ed t\u00edm velmi p\u0159ekvapila. Byla to \u00fa\u017easn\u00e1 zku\u0161enost, poznala jsem spoustu nov\u00fdch lid\u00ed z cel\u00e9ho sv\u011bta a z\u00edskala spoustu z\u00e1\u017eitk\u016f.<\/p>\n<p>V srpnu jsem se ocitla na leti\u0161ti v Bruselu. Po p\u0159\u00edjezdu u\u017e n\u00e1s \u010dekali m\u00edstn\u00ed dobrovoln\u00edci, kte\u0159\u00ed n\u00e1s rozd\u011blili na francouzskou a vl\u00e1mskou \u010d\u00e1st a odvezli p\u0159\u00edmo na prvn\u00ed soust\u0159ed\u011bn\u00ed. Tam jsem poznala des\u00edtky dal\u0161\u00edch student\u016f. K m\u00e9mu p\u0159ekvapen\u00ed v\u011bt\u0161ina nemluvila anglicky, ale \u0161pan\u011blsky, tak\u017ee jsem nav\u00edc z\u00edskala z\u00e1klady dal\u0161\u00edho jazyka. Po n\u011bkolika dnech kulturn\u00edch a pozn\u00e1vac\u00edch aktivit si ka\u017ed\u00e9ho z n\u00e1s vyzvedla hostitelsk\u00e1 rodina.<\/p>\n<p>AFS dobrovoln\u00edci pro n\u00e1s po celou dobu programu organizovali soust\u0159ed\u011bn\u00ed, v\u00fdlety po okol\u00ed a jin\u00e9 aktivity. M\u011bli jsme nap\u0159\u00edklad mezin\u00e1rodn\u00ed ve\u010de\u0159i, slavili Mikul\u00e1\u0161e, jeli na pou\u0165 a \u0161li bruslit. Ka\u017ed\u00fd jsme m\u011bli tak\u00e9 kontaktn\u00ed osobu, na kterou jsme se mohli s \u010d\u00edmkoliv obr\u00e1tit.<\/p>\n<p>Moje nov\u00e1 rodina \u017eila v mal\u00e9 vesni\u010dce na jihu, t\u00e9m\u011b\u0159 na hranic\u00edch s Lucemburskem. Bydleli jsme uprost\u0159ed belgick\u00fdch les\u016f a p\u0159\u00edrody. Do \u0161koly jsem jezdila autobusem do nedalek\u00e9ho m\u011bste\u010dka. D\u00edky hostitelsk\u00e9 rodin\u011b jsem mohla poznat m\u00edstn\u00ed tradice a kulturu a naopak sd\u00edlet tu svou. Moji t\u0159i mlad\u0161\u00ed sourozenci se nad\u0161en\u011b u\u010dili \u010de\u0161tinu a vypt\u00e1vali se na \u017eivot u n\u00e1s. S rodinou jsme si opravdu sedli a jsem s nimi po\u0159\u00e1d v kontaktu.<\/p>\n<p>Od z\u00e1\u0159\u00ed jsem nav\u0161t\u011bvovala m\u00edstn\u00ed st\u0159edn\u00ed \u0161kolu. Prvn\u00ed dny byly velmi zmaten\u00e9, ale o to z\u00e1bavn\u011bj\u0161\u00ed. Poznala jsem dal\u0161\u00edch p\u011bt v\u00fdm\u011bnn\u00fdch student\u016f na sv\u00e9 \u0161kole a belgick\u00e9 spolu\u017e\u00e1ky. V\u00fduka se velmi li\u0161ila od t\u00e9 na\u0161\u00ed. Neu\u010dili jsme se fakta nazpam\u011b\u0165, ale hledali jsme souvislosti a \u0159e\u0161ili p\u0159\u00edklady z praxe. Jednalo se o katolickou \u0161kolu, m\u011bli jsme tedy i hodiny n\u00e1bo\u017eenstv\u00ed a n\u00e1v\u0161t\u011bvy kostela. \u00darove\u0148 angli\u010dtiny byla srovnateln\u00e1 s Franci\u00ed, zat\u00edmco ve Vl\u00e1msku, na severu Belgie, \u010dasto ovl\u00e1dali dokonce n\u011bkolik ciz\u00edch jazyk\u016f.<\/p>\n<p>Samoz\u0159ejm\u011b jsem se setkala s kulturn\u00edmi rozd\u00edly. P\u0159edev\u0161\u00edm jin\u00e1 v\u00edra, jin\u00fd zp\u016fsob zdraven\u00ed (takzvan\u00e9 \u201ebisous\u201c) nebo stravov\u00e1n\u00ed. Na rozd\u00edl od t\u00e9 na\u0161\u00ed, b\u011b\u017en\u00e1 ve\u010de\u0159e m\u016f\u017ee trvat dv\u011b hodiny, o sv\u00e1tc\u00edch t\u0159eba i \u010dty\u0159i. Celkov\u011b m\u011b ale mile p\u0159ekvapila otev\u0159enost m\u00edstn\u00edch, i v\u016f\u010di n\u00e1m, cizinc\u016fm.<\/p>\n<p>Semestr v Belgii mi toho opravdu hodn\u011b p\u0159inesl. Zlep\u0161ila jsem si jazyky a sezn\u00e1mila se s nov\u00fdmi kulturami, ale hlavn\u011b jsem poznala nov\u00e9 lidi a odj\u00ed\u017ed\u011bla s kr\u00e1sn\u00fdmi vzpom\u00ednkami. N\u011bkolik p\u0159\u00e1tel u\u017e m\u011b nav\u0161t\u00edvilo v \u010cesk\u00e9 republice a sama se chyst\u00e1m brzy se vr\u00e1tit. Studium v zahrani\u010d\u00ed je v\u00fdborn\u00fd z\u00e1\u017eitek, kdo m\u00e1 tu mo\u017enost, ur\u010dit\u011b to zkuste.<\/p>\n<p>Lenka, leto\u0161n\u00ed navr\u00e1tilec ze semestr\u00e1ln\u00edho programu v Belgii<\/p>\n","protected":false},"excerpt":{"rendered":"<p>Do Belgie jsem se dostala \u00fapln\u011b n\u00e1hodou. P\u0159ed rokem jsem na dovolen\u00e9 nav\u0161t\u00edvila jednu mezin\u00e1rodn\u00ed \u0161kolu a rozhodla se tak\u00e9&hellip;<\/p>\n","protected":false},"author":351,"featured_media":0,"comment_status":"open","ping_status":"open","sticky":false,"template":"","format":"standard","meta":{"footnotes":""},"categories":[188,50],"tags":[189],"class_list":["post-8746","post","type-post","status-publish","format-standard","hentry","category-archiv","category-studium-v-zahranici","tag-189"],"yoast_head":"<!-- This site is optimized with the Yoast SEO Premium plugin v26.6 (Yoast SEO v26.6) - https:\/\/yoast.com\/wordpress\/plugins\/seo\/ -->\n<title>M\u016fj semestr na st\u0159edn\u00ed \u0161kole v Belgii - Mezikulturn\u00ed programy<\/title>\n<meta name=\"robots\" content=\"index, follow, max-snippet:-1, max-image-preview:large, max-video-preview:-1\" \/>\n<link rel=\"canonical\" href=\"https:\/\/www.afs.cz\/en\/2019\/08\/muj-semestr-na-stredni-skole-v-belgii\/\" \/>\n<meta property=\"og:locale\" content=\"en_US\" \/>\n<meta property=\"og:type\" content=\"article\" \/>\n<meta property=\"og:title\" content=\"M\u016fj semestr na st\u0159edn\u00ed \u0161kole v Belgii\" \/>\n<meta property=\"og:description\" content=\"Do Belgie jsem se dostala \u00fapln\u011b n\u00e1hodou. P\u0159ed rokem jsem na dovolen\u00e9 nav\u0161t\u00edvila jednu mezin\u00e1rodn\u00ed \u0161kolu a rozhodla se tak\u00e9&hellip;\" \/>\n<meta property=\"og:url\" content=\"https:\/\/www.afs.cz\/en\/2019\/08\/muj-semestr-na-stredni-skole-v-belgii\/\" \/>\n<meta property=\"og:site_name\" content=\"Mezikulturn\u00ed programy\" \/>\n<meta property=\"article:published_time\" content=\"2019-08-07T09:42:16+00:00\" \/>\n<meta property=\"article:modified_time\" content=\"2024-06-06T07:56:34+00:00\" \/>\n<meta name=\"author\" content=\"afscesko\" \/>\n<meta name=\"twitter:card\" content=\"summary_large_image\" \/>\n<meta name=\"twitter:label1\" content=\"Written by\" \/>\n\t<meta name=\"twitter:data1\" content=\"afscesko\" \/>\n\t<meta name=\"twitter:label2\" content=\"Est. reading time\" \/>\n\t<meta name=\"twitter:data2\" content=\"3 minutes\" \/>\n<script type=\"application\/ld+json\" class=\"yoast-schema-graph\">{\"@context\":\"https:\/\/schema.org\",\"@graph\":[{\"@type\":\"WebPage\",\"@id\":\"https:\/\/www.afs.cz\/en\/2019\/08\/muj-semestr-na-stredni-skole-v-belgii\/\",\"url\":\"https:\/\/www.afs.cz\/en\/2019\/08\/muj-semestr-na-stredni-skole-v-belgii\/\",\"name\":\"M\u016fj semestr na st\u0159edn\u00ed \u0161kole v Belgii - Mezikulturn\u00ed programy\",\"isPartOf\":{\"@id\":\"https:\/\/www.afs.cz\/en\/#website\"},\"datePublished\":\"2019-08-07T09:42:16+00:00\",\"dateModified\":\"2024-06-06T07:56:34+00:00\",\"author\":{\"@id\":\"https:\/\/www.afs.cz\/en\/#\/schema\/person\/bc52da0be76098030e75baeb919827ff\"},\"breadcrumb\":{\"@id\":\"https:\/\/www.afs.cz\/en\/2019\/08\/muj-semestr-na-stredni-skole-v-belgii\/#breadcrumb\"},\"inLanguage\":\"en-US\",\"potentialAction\":[{\"@type\":\"ReadAction\",\"target\":[\"https:\/\/www.afs.cz\/en\/2019\/08\/muj-semestr-na-stredni-skole-v-belgii\/\"]}]},{\"@type\":\"BreadcrumbList\",\"@id\":\"https:\/\/www.afs.cz\/en\/2019\/08\/muj-semestr-na-stredni-skole-v-belgii\/#breadcrumb\",\"itemListElement\":[{\"@type\":\"ListItem\",\"position\":1,\"name\":\"Home\",\"item\":\"https:\/\/czechrepublic.afssite.afs.org\/en\/\"},{\"@type\":\"ListItem\",\"position\":2,\"name\":\"M\u016fj semestr na st\u0159edn\u00ed \u0161kole v Belgii\"}]},{\"@type\":\"WebSite\",\"@id\":\"https:\/\/www.afs.cz\/en\/#website\",\"url\":\"https:\/\/www.afs.cz\/en\/\",\"name\":\"Mezikulturn\u00ed programy\",\"description\":\"Studium v zahrani\u010d\u00ed, hostitelsk\u00fd program, vzd\u011bl\u00e1vac\u00ed programy, dobrovolnictv\u00ed a mnoho dal\u0161\u00edho.\",\"potentialAction\":[{\"@type\":\"SearchAction\",\"target\":{\"@type\":\"EntryPoint\",\"urlTemplate\":\"https:\/\/www.afs.cz\/en\/?s={search_term_string}\"},\"query-input\":{\"@type\":\"PropertyValueSpecification\",\"valueRequired\":true,\"valueName\":\"search_term_string\"}}],\"inLanguage\":\"en-US\"},{\"@type\":\"Person\",\"@id\":\"https:\/\/www.afs.cz\/en\/#\/schema\/person\/bc52da0be76098030e75baeb919827ff\",\"name\":\"afscesko\",\"image\":{\"@type\":\"ImageObject\",\"inLanguage\":\"en-US\",\"@id\":\"https:\/\/www.afs.cz\/en\/#\/schema\/person\/image\/\",\"url\":\"https:\/\/secure.gravatar.com\/avatar\/eda270bfa745d003b9a210dc384a8c22e1a05bc41e5280645d3e2968a117c931?s=96&d=mm&r=g\",\"contentUrl\":\"https:\/\/secure.gravatar.com\/avatar\/eda270bfa745d003b9a210dc384a8c22e1a05bc41e5280645d3e2968a117c931?s=96&d=mm&r=g\",\"caption\":\"afscesko\"},\"url\":\"https:\/\/www.afs.cz\/en\/author\/afscesko\/\"}]}<\/script>\n<!-- \/ Yoast SEO Premium plugin. -->","yoast_head_json":{"title":"M\u016fj semestr na st\u0159edn\u00ed \u0161kole v Belgii - Mezikulturn\u00ed programy","robots":{"index":"index","follow":"follow","max-snippet":"max-snippet:-1","max-image-preview":"max-image-preview:large","max-video-preview":"max-video-preview:-1"},"canonical":"https:\/\/www.afs.cz\/en\/2019\/08\/muj-semestr-na-stredni-skole-v-belgii\/","og_locale":"en_US","og_type":"article","og_title":"M\u016fj semestr na st\u0159edn\u00ed \u0161kole v Belgii","og_description":"Do Belgie jsem se dostala \u00fapln\u011b n\u00e1hodou. P\u0159ed rokem jsem na dovolen\u00e9 nav\u0161t\u00edvila jednu mezin\u00e1rodn\u00ed \u0161kolu a rozhodla se tak\u00e9&hellip;","og_url":"https:\/\/www.afs.cz\/en\/2019\/08\/muj-semestr-na-stredni-skole-v-belgii\/","og_site_name":"Mezikulturn\u00ed programy","article_published_time":"2019-08-07T09:42:16+00:00","article_modified_time":"2024-06-06T07:56:34+00:00","author":"afscesko","twitter_card":"summary_large_image","twitter_misc":{"Written by":"afscesko","Est. reading time":"3 minutes"},"schema":{"@context":"https:\/\/schema.org","@graph":[{"@type":"WebPage","@id":"https:\/\/www.afs.cz\/en\/2019\/08\/muj-semestr-na-stredni-skole-v-belgii\/","url":"https:\/\/www.afs.cz\/en\/2019\/08\/muj-semestr-na-stredni-skole-v-belgii\/","name":"M\u016fj semestr na st\u0159edn\u00ed \u0161kole v Belgii - Mezikulturn\u00ed programy","isPartOf":{"@id":"https:\/\/www.afs.cz\/en\/#website"},"datePublished":"2019-08-07T09:42:16+00:00","dateModified":"2024-06-06T07:56:34+00:00","author":{"@id":"https:\/\/www.afs.cz\/en\/#\/schema\/person\/bc52da0be76098030e75baeb919827ff"},"breadcrumb":{"@id":"https:\/\/www.afs.cz\/en\/2019\/08\/muj-semestr-na-stredni-skole-v-belgii\/#breadcrumb"},"inLanguage":"en-US","potentialAction":[{"@type":"ReadAction","target":["https:\/\/www.afs.cz\/en\/2019\/08\/muj-semestr-na-stredni-skole-v-belgii\/"]}]},{"@type":"BreadcrumbList","@id":"https:\/\/www.afs.cz\/en\/2019\/08\/muj-semestr-na-stredni-skole-v-belgii\/#breadcrumb","itemListElement":[{"@type":"ListItem","position":1,"name":"Home","item":"https:\/\/czechrepublic.afssite.afs.org\/en\/"},{"@type":"ListItem","position":2,"name":"M\u016fj semestr na st\u0159edn\u00ed \u0161kole v Belgii"}]},{"@type":"WebSite","@id":"https:\/\/www.afs.cz\/en\/#website","url":"https:\/\/www.afs.cz\/en\/","name":"Mezikulturn\u00ed programy","description":"Studium v zahrani\u010d\u00ed, hostitelsk\u00fd program, vzd\u011bl\u00e1vac\u00ed programy, dobrovolnictv\u00ed a mnoho dal\u0161\u00edho.","potentialAction":[{"@type":"SearchAction","target":{"@type":"EntryPoint","urlTemplate":"https:\/\/www.afs.cz\/en\/?s={search_term_string}"},"query-input":{"@type":"PropertyValueSpecification","valueRequired":true,"valueName":"search_term_string"}}],"inLanguage":"en-US"},{"@type":"Person","@id":"https:\/\/www.afs.cz\/en\/#\/schema\/person\/bc52da0be76098030e75baeb919827ff","name":"afscesko","image":{"@type":"ImageObject","inLanguage":"en-US","@id":"https:\/\/www.afs.cz\/en\/#\/schema\/person\/image\/","url":"https:\/\/secure.gravatar.com\/avatar\/eda270bfa745d003b9a210dc384a8c22e1a05bc41e5280645d3e2968a117c931?s=96&d=mm&r=g","contentUrl":"https:\/\/secure.gravatar.com\/avatar\/eda270bfa745d003b9a210dc384a8c22e1a05bc41e5280645d3e2968a117c931?s=96&d=mm&r=g","caption":"afscesko"},"url":"https:\/\/www.afs.cz\/en\/author\/afscesko\/"}]}},"_links":{"self":[{"href":"https:\/\/www.afs.cz\/en\/wp-json\/wp\/v2\/posts\/8746","targetHints":{"allow":["GET"]}}],"collection":[{"href":"https:\/\/www.afs.cz\/en\/wp-json\/wp\/v2\/posts"}],"about":[{"href":"https:\/\/www.afs.cz\/en\/wp-json\/wp\/v2\/types\/post"}],"author":[{"embeddable":true,"href":"https:\/\/www.afs.cz\/en\/wp-json\/wp\/v2\/users\/351"}],"replies":[{"embeddable":true,"href":"https:\/\/www.afs.cz\/en\/wp-json\/wp\/v2\/comments?post=8746"}],"version-history":[{"count":1,"href":"https:\/\/www.afs.cz\/en\/wp-json\/wp\/v2\/posts\/8746\/revisions"}],"predecessor-version":[{"id":8747,"href":"https:\/\/www.afs.cz\/en\/wp-json\/wp\/v2\/posts\/8746\/revisions\/8747"}],"wp:attachment":[{"href":"https:\/\/www.afs.cz\/en\/wp-json\/wp\/v2\/media?parent=8746"}],"wp:term":[{"taxonomy":"category","embeddable":true,"href":"https:\/\/www.afs.cz\/en\/wp-json\/wp\/v2\/categories?post=8746"},{"taxonomy":"post_tag","embeddable":true,"href":"https:\/\/www.afs.cz\/en\/wp-json\/wp\/v2\/tags?post=8746"}],"curies":[{"name":"wp","href":"https:\/\/api.w.org\/{rel}","templated":true}]}}