{"id":8707,"date":"2019-08-07T10:24:24","date_gmt":"2019-08-07T09:24:24","guid":{"rendered":"http:\/\/czechrepublic.afssite.afs.org\/?p=8707"},"modified":"2024-06-06T08:59:53","modified_gmt":"2024-06-06T07:59:53","slug":"nesnasim-louceni-2","status":"publish","type":"post","link":"https:\/\/www.afs.cz\/en\/2019\/08\/nesnasim-louceni-2\/","title":{"rendered":"Nesn\u00e1\u0161\u00edm lou\u010den\u00ed&#8230;"},"content":{"rendered":"<p>Konec \u0161koln\u00edho roku s sebou nese lou\u010den\u00ed. Zahrani\u010dn\u00ed studenti se vracej\u00ed zp\u011bt do sv\u00fdch zem\u00ed, plni dojm\u016f, nov\u00fdch zku\u0161enost\u00ed a s velk\u00fdm otazn\u00edkem, jak se sv\u011bt doma prom\u011bnil. Nebo to jsou oni, kdo se zm\u011bnili?<\/p>\n<p>Na konci sv\u00e9ho programu v \u010cesku z\u00edsk\u00e1vaj\u00ed studenti AFS od sv\u00fdch \u0161kol z\u00e1v\u011bre\u010dn\u00e1 hodnocen\u00ed, v n\u011bkter\u00fdch p\u0159\u00edpadech i klasick\u00e1 vysv\u011bd\u010den\u00ed. Jak napsala pan\u00ed profesorka Vrublov\u00e1 z Gymn\u00e1zia Petra Bezru\u010de ve Fr\u00fddku-M\u00edstku: <i>\u201eDiana (Rusko) m\u00e1 v\u0161echny \u0161koln\u00ed povinnosti spln\u011bny. B\u011bhem \u0161koln\u00edho roku n\u00e1m hodn\u011b pomohla &#8211; p\u0159\u00edprava Dne otev\u0159en\u00fdch dve\u0159\u00ed, \u010dlen poroty ve \u0161koln\u00edm kole Olympi\u00e1dy v ru\u0161tin\u011b, pomoc p\u0159i p\u0159\u00edprav\u011b student\u016f na ARS Poetica-Pu\u0161kin\u016fv pam\u00e1tn\u00edk.\u201c<\/i><\/p>\n<p>Pan Vondra z Biskupsk\u00e9ho gymn\u00e1zia v Brn\u011b se o leto\u0161n\u00edm \u0161koln\u00edm roce se studentem z Thajska vyj\u00e1d\u0159il n\u00e1sledovn\u011b: <i>\u201ePos\u00edl\u00e1m V\u00e1m hodnocen\u00ed, kter\u00e9 bude p\u0159ed\u00e1no Tontanovi (Thajsko). Dostane i vysv\u011bd\u010den\u00ed v klasick\u00e9m form\u00e1tu. Z\u00edtra se s Tontanem bude moje t\u0159\u00edda lou\u010dit. Byl to s n\u00edm kr\u00e1sn\u00fd rok. Jsem r\u00e1d, \u017ee jsem ho mohl m\u00edt ve t\u0159\u00edd\u011b.\u201c<\/i><\/p>\n<p>Na z\u00e1v\u011br \u0161koln\u00edho lou\u010den\u00ed je\u0161t\u011b \u00faryvek z hodnocen\u00ed Gymn\u00e1zia J.K.Tyla v Hradci Kr\u00e1lov\u00e9:<i> \u201cFor the full school year Andina (Indon\u00e9sie) continued to be a diligent worker. She participated in nearly all activities in all lessons and was often valuable part of the classroom. All Andina\u00b4s teachers had only praise for her. She especially excelled in her Czech language class, impressing the teacher with her ability to participate in the Czech language and give her own unique perspectives on lesson topics. In Social Studies her curiosity led her to ask many thought provoking questions and her determination to understand the Czech Republic and the European Union was evident, particularly issues regarding international relations. Her English teacher asked her to prepare and present a presentation on the Indonesian Education System. Not only did she present the information in her class, but she was also asked to present to other classes as well, giving our Czech students new insight into her culture. In her Social Science seminar, an advanced English course, Andina fared well, keeping up with, and sometimes exceeding, her fellow students who, unlike Andina, were in their 4<\/i><i>th<\/i><i> year of studies. In fact, we have never seen an exchange student in our school before who was able to complete as many courses and advance so quickly in the Czech language as Andina. Moreover, her results are as good as our best Czech students. The staff and student body will be sorry to see her go. We wish her the best and hope that we will remain in touch in the future. Andina was the perfect example of an excellent exchange student for all of us.\u201d<\/i><\/p>\n<p>P\u0159ejeme v\u0161em zahrani\u010dn\u00edm student\u016fm hodn\u011b \u00fasp\u011bch\u016f a radosti na jejich dal\u0161\u00ed vzd\u011bl\u00e1vac\u00ed a \u017eivotn\u00ed cest\u011b. D\u011bkujeme v\u0161em \u0161kol\u00e1m, kter\u00e9 se zapojily do hostitelsk\u00e9ho programu AFS a p\u0159ijaly zahrani\u010dn\u00ed studenty ke studiu. V\u00edme, \u017ee po\u010d\u00e1tky studia b\u00fdvaj\u00ed bez dostate\u010dn\u00e9 znalosti \u010desk\u00e9ho jazyka v\u00fdzvou pro ob\u011b strany \u2013 pro studenty i pedagogy. O to v\u00edc jsou pak v\u0161echny plody \u00fasp\u011bchu slad\u0161\u00ed. Jak ostatn\u011b dokl\u00e1daj\u00ed i zp\u011btn\u00e9 vazby ze \u0161kol. Kr\u00e1sn\u00e9 pr\u00e1zdniny v\u00e1m v\u0161em!<\/p>\n<p>Krist\u00fdna Pol\u00e1\u0161kov\u00e1, koordin\u00e1torka spolupr\u00e1ce se \u0161kolami<\/p>\n","protected":false},"excerpt":{"rendered":"<p>Konec \u0161koln\u00edho roku s sebou nese lou\u010den\u00ed. Zahrani\u010dn\u00ed studenti se vracej\u00ed zp\u011bt do sv\u00fdch zem\u00ed, plni dojm\u016f, nov\u00fdch zku\u0161enost\u00ed a&hellip;<\/p>\n","protected":false},"author":351,"featured_media":0,"comment_status":"open","ping_status":"open","sticky":false,"template":"","format":"standard","meta":{"footnotes":""},"categories":[188,187,50],"tags":[189],"class_list":["post-8707","post","type-post","status-publish","format-standard","hentry","category-archiv","category-clanky","category-studium-v-zahranici","tag-189"],"yoast_head":"<!-- This site is optimized with the Yoast SEO Premium plugin v26.6 (Yoast SEO v26.6) - https:\/\/yoast.com\/wordpress\/plugins\/seo\/ -->\n<title>Nesn\u00e1\u0161\u00edm lou\u010den\u00ed... - Mezikulturn\u00ed programy<\/title>\n<meta name=\"robots\" content=\"index, follow, max-snippet:-1, max-image-preview:large, max-video-preview:-1\" \/>\n<link rel=\"canonical\" href=\"https:\/\/www.afs.cz\/en\/2019\/08\/nesnasim-louceni-2\/\" \/>\n<meta property=\"og:locale\" content=\"en_US\" \/>\n<meta property=\"og:type\" content=\"article\" \/>\n<meta property=\"og:title\" content=\"Nesn\u00e1\u0161\u00edm lou\u010den\u00ed...\" \/>\n<meta property=\"og:description\" content=\"Konec \u0161koln\u00edho roku s sebou nese lou\u010den\u00ed. Zahrani\u010dn\u00ed studenti se vracej\u00ed zp\u011bt do sv\u00fdch zem\u00ed, plni dojm\u016f, nov\u00fdch zku\u0161enost\u00ed a&hellip;\" \/>\n<meta property=\"og:url\" content=\"https:\/\/www.afs.cz\/en\/2019\/08\/nesnasim-louceni-2\/\" \/>\n<meta property=\"og:site_name\" content=\"Mezikulturn\u00ed programy\" \/>\n<meta property=\"article:published_time\" content=\"2019-08-07T09:24:24+00:00\" \/>\n<meta property=\"article:modified_time\" content=\"2024-06-06T07:59:53+00:00\" \/>\n<meta name=\"author\" content=\"afscesko\" \/>\n<meta name=\"twitter:card\" content=\"summary_large_image\" \/>\n<meta name=\"twitter:label1\" content=\"Written by\" \/>\n\t<meta name=\"twitter:data1\" content=\"afscesko\" \/>\n\t<meta name=\"twitter:label2\" content=\"Est. reading time\" \/>\n\t<meta name=\"twitter:data2\" content=\"3 minutes\" \/>\n<script type=\"application\/ld+json\" class=\"yoast-schema-graph\">{\"@context\":\"https:\/\/schema.org\",\"@graph\":[{\"@type\":\"WebPage\",\"@id\":\"https:\/\/www.afs.cz\/en\/2019\/08\/nesnasim-louceni-2\/\",\"url\":\"https:\/\/www.afs.cz\/en\/2019\/08\/nesnasim-louceni-2\/\",\"name\":\"Nesn\u00e1\u0161\u00edm lou\u010den\u00ed... - Mezikulturn\u00ed programy\",\"isPartOf\":{\"@id\":\"https:\/\/www.afs.cz\/en\/#website\"},\"datePublished\":\"2019-08-07T09:24:24+00:00\",\"dateModified\":\"2024-06-06T07:59:53+00:00\",\"author\":{\"@id\":\"https:\/\/www.afs.cz\/en\/#\/schema\/person\/bc52da0be76098030e75baeb919827ff\"},\"breadcrumb\":{\"@id\":\"https:\/\/www.afs.cz\/en\/2019\/08\/nesnasim-louceni-2\/#breadcrumb\"},\"inLanguage\":\"en-US\",\"potentialAction\":[{\"@type\":\"ReadAction\",\"target\":[\"https:\/\/www.afs.cz\/en\/2019\/08\/nesnasim-louceni-2\/\"]}]},{\"@type\":\"BreadcrumbList\",\"@id\":\"https:\/\/www.afs.cz\/en\/2019\/08\/nesnasim-louceni-2\/#breadcrumb\",\"itemListElement\":[{\"@type\":\"ListItem\",\"position\":1,\"name\":\"Home\",\"item\":\"https:\/\/czechrepublic.afssite.afs.org\/en\/\"},{\"@type\":\"ListItem\",\"position\":2,\"name\":\"Nesn\u00e1\u0161\u00edm lou\u010den\u00ed&#8230;\"}]},{\"@type\":\"WebSite\",\"@id\":\"https:\/\/www.afs.cz\/en\/#website\",\"url\":\"https:\/\/www.afs.cz\/en\/\",\"name\":\"Mezikulturn\u00ed programy\",\"description\":\"Studium v zahrani\u010d\u00ed, hostitelsk\u00fd program, vzd\u011bl\u00e1vac\u00ed programy, dobrovolnictv\u00ed a mnoho dal\u0161\u00edho.\",\"potentialAction\":[{\"@type\":\"SearchAction\",\"target\":{\"@type\":\"EntryPoint\",\"urlTemplate\":\"https:\/\/www.afs.cz\/en\/?s={search_term_string}\"},\"query-input\":{\"@type\":\"PropertyValueSpecification\",\"valueRequired\":true,\"valueName\":\"search_term_string\"}}],\"inLanguage\":\"en-US\"},{\"@type\":\"Person\",\"@id\":\"https:\/\/www.afs.cz\/en\/#\/schema\/person\/bc52da0be76098030e75baeb919827ff\",\"name\":\"afscesko\",\"image\":{\"@type\":\"ImageObject\",\"inLanguage\":\"en-US\",\"@id\":\"https:\/\/www.afs.cz\/en\/#\/schema\/person\/image\/\",\"url\":\"https:\/\/secure.gravatar.com\/avatar\/eda270bfa745d003b9a210dc384a8c22e1a05bc41e5280645d3e2968a117c931?s=96&d=mm&r=g\",\"contentUrl\":\"https:\/\/secure.gravatar.com\/avatar\/eda270bfa745d003b9a210dc384a8c22e1a05bc41e5280645d3e2968a117c931?s=96&d=mm&r=g\",\"caption\":\"afscesko\"},\"url\":\"https:\/\/www.afs.cz\/en\/author\/afscesko\/\"}]}<\/script>\n<!-- \/ Yoast SEO Premium plugin. -->","yoast_head_json":{"title":"Nesn\u00e1\u0161\u00edm lou\u010den\u00ed... - Mezikulturn\u00ed programy","robots":{"index":"index","follow":"follow","max-snippet":"max-snippet:-1","max-image-preview":"max-image-preview:large","max-video-preview":"max-video-preview:-1"},"canonical":"https:\/\/www.afs.cz\/en\/2019\/08\/nesnasim-louceni-2\/","og_locale":"en_US","og_type":"article","og_title":"Nesn\u00e1\u0161\u00edm lou\u010den\u00ed...","og_description":"Konec \u0161koln\u00edho roku s sebou nese lou\u010den\u00ed. Zahrani\u010dn\u00ed studenti se vracej\u00ed zp\u011bt do sv\u00fdch zem\u00ed, plni dojm\u016f, nov\u00fdch zku\u0161enost\u00ed a&hellip;","og_url":"https:\/\/www.afs.cz\/en\/2019\/08\/nesnasim-louceni-2\/","og_site_name":"Mezikulturn\u00ed programy","article_published_time":"2019-08-07T09:24:24+00:00","article_modified_time":"2024-06-06T07:59:53+00:00","author":"afscesko","twitter_card":"summary_large_image","twitter_misc":{"Written by":"afscesko","Est. reading time":"3 minutes"},"schema":{"@context":"https:\/\/schema.org","@graph":[{"@type":"WebPage","@id":"https:\/\/www.afs.cz\/en\/2019\/08\/nesnasim-louceni-2\/","url":"https:\/\/www.afs.cz\/en\/2019\/08\/nesnasim-louceni-2\/","name":"Nesn\u00e1\u0161\u00edm lou\u010den\u00ed... - Mezikulturn\u00ed programy","isPartOf":{"@id":"https:\/\/www.afs.cz\/en\/#website"},"datePublished":"2019-08-07T09:24:24+00:00","dateModified":"2024-06-06T07:59:53+00:00","author":{"@id":"https:\/\/www.afs.cz\/en\/#\/schema\/person\/bc52da0be76098030e75baeb919827ff"},"breadcrumb":{"@id":"https:\/\/www.afs.cz\/en\/2019\/08\/nesnasim-louceni-2\/#breadcrumb"},"inLanguage":"en-US","potentialAction":[{"@type":"ReadAction","target":["https:\/\/www.afs.cz\/en\/2019\/08\/nesnasim-louceni-2\/"]}]},{"@type":"BreadcrumbList","@id":"https:\/\/www.afs.cz\/en\/2019\/08\/nesnasim-louceni-2\/#breadcrumb","itemListElement":[{"@type":"ListItem","position":1,"name":"Home","item":"https:\/\/czechrepublic.afssite.afs.org\/en\/"},{"@type":"ListItem","position":2,"name":"Nesn\u00e1\u0161\u00edm lou\u010den\u00ed&#8230;"}]},{"@type":"WebSite","@id":"https:\/\/www.afs.cz\/en\/#website","url":"https:\/\/www.afs.cz\/en\/","name":"Mezikulturn\u00ed programy","description":"Studium v zahrani\u010d\u00ed, hostitelsk\u00fd program, vzd\u011bl\u00e1vac\u00ed programy, dobrovolnictv\u00ed a mnoho dal\u0161\u00edho.","potentialAction":[{"@type":"SearchAction","target":{"@type":"EntryPoint","urlTemplate":"https:\/\/www.afs.cz\/en\/?s={search_term_string}"},"query-input":{"@type":"PropertyValueSpecification","valueRequired":true,"valueName":"search_term_string"}}],"inLanguage":"en-US"},{"@type":"Person","@id":"https:\/\/www.afs.cz\/en\/#\/schema\/person\/bc52da0be76098030e75baeb919827ff","name":"afscesko","image":{"@type":"ImageObject","inLanguage":"en-US","@id":"https:\/\/www.afs.cz\/en\/#\/schema\/person\/image\/","url":"https:\/\/secure.gravatar.com\/avatar\/eda270bfa745d003b9a210dc384a8c22e1a05bc41e5280645d3e2968a117c931?s=96&d=mm&r=g","contentUrl":"https:\/\/secure.gravatar.com\/avatar\/eda270bfa745d003b9a210dc384a8c22e1a05bc41e5280645d3e2968a117c931?s=96&d=mm&r=g","caption":"afscesko"},"url":"https:\/\/www.afs.cz\/en\/author\/afscesko\/"}]}},"_links":{"self":[{"href":"https:\/\/www.afs.cz\/en\/wp-json\/wp\/v2\/posts\/8707","targetHints":{"allow":["GET"]}}],"collection":[{"href":"https:\/\/www.afs.cz\/en\/wp-json\/wp\/v2\/posts"}],"about":[{"href":"https:\/\/www.afs.cz\/en\/wp-json\/wp\/v2\/types\/post"}],"author":[{"embeddable":true,"href":"https:\/\/www.afs.cz\/en\/wp-json\/wp\/v2\/users\/351"}],"replies":[{"embeddable":true,"href":"https:\/\/www.afs.cz\/en\/wp-json\/wp\/v2\/comments?post=8707"}],"version-history":[{"count":1,"href":"https:\/\/www.afs.cz\/en\/wp-json\/wp\/v2\/posts\/8707\/revisions"}],"predecessor-version":[{"id":8708,"href":"https:\/\/www.afs.cz\/en\/wp-json\/wp\/v2\/posts\/8707\/revisions\/8708"}],"wp:attachment":[{"href":"https:\/\/www.afs.cz\/en\/wp-json\/wp\/v2\/media?parent=8707"}],"wp:term":[{"taxonomy":"category","embeddable":true,"href":"https:\/\/www.afs.cz\/en\/wp-json\/wp\/v2\/categories?post=8707"},{"taxonomy":"post_tag","embeddable":true,"href":"https:\/\/www.afs.cz\/en\/wp-json\/wp\/v2\/tags?post=8707"}],"curies":[{"name":"wp","href":"https:\/\/api.w.org\/{rel}","templated":true}]}}