{"id":8082,"date":"2019-04-15T02:32:24","date_gmt":"2019-04-15T01:32:24","guid":{"rendered":"http:\/\/czechrepublic.afssite.afs.org\/?p=8082"},"modified":"2019-10-29T20:43:47","modified_gmt":"2019-10-29T19:43:47","slug":"andina-different-day-that-i-never-had-before","status":"publish","type":"post","link":"https:\/\/www.afs.cz\/en\/2019\/04\/andina-different-day-that-i-never-had-before\/","title":{"rendered":"Andina &#8211; Different Day That I Never Had Before"},"content":{"rendered":"<p>It\u2019s already 7 month for the exchange students having another life in their host country. Maybe someone has assume it as a second home, some are still struggling in adapting or some are feeling it at the same time. Some are feel already learnt alot in this program, some are feel not learnt enough in this program. Every people is different, but the most important things in here are we can feel the different atmosphere, we can find strange people that became our family or bestfriend, we change ourself became more independent, confident, and brave even without us knowing it. Also we can feel different days from what we felt before in our country.<\/p>\n<p><figure class=\"wp-image-wrap\"><img loading=\"lazy\" decoding=\"async\" src=\"https:\/\/d22dvihj4pfop3.cloudfront.net\/wp-content\/uploads\/sites\/84\/2019\/04\/15022640\/image3.jpg\" alt=\"\" width=\"600\" height=\"464\" class=\"alignnone size-medium wp-image-8083\" \/><\/figure><\/p>\n<p>One of the different day that i like the most is Christmas. I\u2019m Muslim. Before i go to here, i never felt the Christmas Vibes, but now i know like what the Christmas vibes are. In my hostfamily here, 3 days before Christmas, we decorate the Christmas tree. In the morning of 24 December , we have eat together with family and close friend, but its not heavy things to eat. Its chleb\u00ed\u010dky, cukr\u00e1rna, fruit, and dessert. Cukr\u00e1rna look like sweet that we always eat when Ramadhan is coming in Indonesia, and of course babi\u010dka\u2019s cukr\u00e1rna je nejlep\u0161\u00ed (grandmother\u2019s sweet are the best). Its true! Grandmother in here are really good at cooking and baking. In the afternoon, we cooked for the dinner. Before have he dinner together, me, my hostsister, my hostfather, grandfather and cousin visit our family cemetery where its not really far from our home, it\u2019s like 500 m from our home. After that we have dinner together. I like typical Czech food for Christmas. It\u2019s sma\u017een\u00fd kapr a bramborov\u00fd salat. I never eat carp with that technique of cooking but its good! After we finish our dinner, we put up the plate and you can see money in there. Its like we are waiting or hoping for our wealth in the next year. Another unique Christmas tradition in here is Kr\u00e1jen\u00ed jablka. We cut the apple horizontal, and we can see the \u201cstar\u201d in the middle. If the shape of the star is great, its mean that you will have great year in next year, but if you dont have a good shape of star, its mean death is coming to you soon. Its a little bit creepy right?. After we have dinner, we continue to open the christmas gift, its my favorite part because we have gift that its from family in here :D. Also not only in house, we have Christmas in school too. In the last day of school in December, We bring gift and give it to person we want to give, its like we change our gift to people but i didn\u2019t expect that i would have a lot of gift from my friend. They are really nice to me. <\/p>\n<p><figure class=\"wp-image-wrap\"><img loading=\"lazy\" decoding=\"async\" src=\"https:\/\/d22dvihj4pfop3.cloudfront.net\/wp-content\/uploads\/sites\/84\/2019\/04\/15022647\/image5-e1555291748644.jpg\" alt=\"\" width=\"450\" height=\"600\" class=\"alignnone size-medium wp-image-8085\" \/><\/figure><\/p>\n<p><figure class=\"wp-image-wrap\"><img loading=\"lazy\" decoding=\"async\" src=\"https:\/\/d22dvihj4pfop3.cloudfront.net\/wp-content\/uploads\/sites\/84\/2019\/04\/15022644\/image4.png\" alt=\"\" width=\"596\" height=\"447\" class=\"alignnone size-full wp-image-8084\" \/><\/figure><\/p>\n<p>Besides Christmas, my best moment is skiing trip with school and with AFS. Actually skiing trip with school and with AFS are different time but skiing trip with school is more challenging for me because i never had skiing before and never walk on the thick snow. For 5 days I struggled to learn skiing. If people learn from the way to walk with the board, I have to learn from how to get up from falling, but my teachers here are very kind and patient to teach me. On the last day of skiing trip with school, I was only able to turn right and left which was very late. On skiing trips with AFS, I was more enjoy it because I already can skiing without a trainner! hahahah. I was very happy at that time finally one of my goals was achieved.<\/p>\n<p><figure class=\"wp-image-wrap\"><img loading=\"lazy\" decoding=\"async\" src=\"https:\/\/d22dvihj4pfop3.cloudfront.net\/wp-content\/uploads\/sites\/84\/2019\/04\/15022652\/image7.jpg\" alt=\"\" width=\"600\" height=\"450\" class=\"alignnone size-medium wp-image-8087\" \/><\/figure><\/p>\n<p><figure class=\"wp-image-wrap\"><img loading=\"lazy\" decoding=\"async\" src=\"https:\/\/d22dvihj4pfop3.cloudfront.net\/wp-content\/uploads\/sites\/84\/2019\/04\/15022650\/image6-e1555291805466.jpg\" alt=\"\" width=\"600\" height=\"450\" class=\"alignnone size-medium wp-image-8086\" \/><\/figure><\/p>\n<p>Another best momet in here which is the last one i will tell you is Maturitni Ples. In Indonesia its like farewell party, but it has a lot of different like the senior class can invite their family and their friend from another school. In the beginning of the event, they play some video that reflected their life in highschool, after that the teacher give the student their graduation sash and then every class has performance like dance together or something like that. Than, we also have \u201ccrazy\u201d dance untill whenever we want. It was an amazing night, really! I spent time with my classmate with dancing, singing, talk and laughing. <\/p>\n<p><figure class=\"wp-image-wrap\"><img loading=\"lazy\" decoding=\"async\" src=\"https:\/\/d22dvihj4pfop3.cloudfront.net\/wp-content\/uploads\/sites\/84\/2019\/04\/15022654\/image11-e1555291844177.jpg\" alt=\"\" width=\"450\" height=\"600\" class=\"alignnone size-medium wp-image-8088\" \/><\/figure><\/p>\n<p><figure class=\"wp-image-wrap\"><img loading=\"lazy\" decoding=\"async\" src=\"https:\/\/d22dvihj4pfop3.cloudfront.net\/wp-content\/uploads\/sites\/84\/2019\/04\/15022658\/image21-e1555291867863.jpg\" alt=\"\" width=\"450\" height=\"600\" class=\"alignnone size-medium wp-image-8089\" \/><\/figure><\/p>\n<p>Actually, theres a lot of moment that i like, but that 3 moment are my favorite. I only have 3 month left. I can\u2019t believe it, it\u2019s really fast. I thought it was yedterday that i came to here but its already 7 month ago. I cant wait to feel another moment!<br \/>\nNa Shledanou!<\/p>\n<p>Andina Witri Rayadina<\/p>\n","protected":false},"excerpt":{"rendered":"<p>It\u2019s already 7 month for the exchange students having another life in their host country. Maybe someone has assume it&hellip;<\/p>\n","protected":false},"author":351,"featured_media":0,"comment_status":"open","ping_status":"open","sticky":false,"template":"","format":"standard","meta":{"footnotes":""},"categories":[49],"tags":[],"class_list":["post-8082","post","type-post","status-publish","format-standard","hentry","category-hostitelsky-program"],"yoast_head":"<!-- This site is optimized with the Yoast SEO Premium plugin v26.6 (Yoast SEO v26.6) - https:\/\/yoast.com\/wordpress\/plugins\/seo\/ -->\n<title>Andina - Different Day That I Never Had Before - Mezikulturn\u00ed programy<\/title>\n<meta name=\"robots\" content=\"index, follow, max-snippet:-1, max-image-preview:large, max-video-preview:-1\" \/>\n<link rel=\"canonical\" href=\"https:\/\/www.afs.cz\/en\/2019\/04\/andina-different-day-that-i-never-had-before\/\" \/>\n<meta property=\"og:locale\" content=\"en_US\" \/>\n<meta property=\"og:type\" content=\"article\" \/>\n<meta property=\"og:title\" content=\"Andina - Different Day That I Never Had Before\" \/>\n<meta property=\"og:description\" content=\"It\u2019s already 7 month for the exchange students having another life in their host country. Maybe someone has assume it&hellip;\" \/>\n<meta property=\"og:url\" content=\"https:\/\/www.afs.cz\/en\/2019\/04\/andina-different-day-that-i-never-had-before\/\" \/>\n<meta property=\"og:site_name\" content=\"Mezikulturn\u00ed programy\" \/>\n<meta property=\"article:published_time\" content=\"2019-04-15T01:32:24+00:00\" \/>\n<meta property=\"article:modified_time\" content=\"2019-10-29T19:43:47+00:00\" \/>\n<meta property=\"og:image\" content=\"https:\/\/czechrepublic.afssite.afs.org\/wp-content\/uploads\/sites\/84\/2019\/04\/image3-600x464.jpg\" \/>\n<meta name=\"author\" content=\"afscesko\" \/>\n<meta name=\"twitter:card\" content=\"summary_large_image\" \/>\n<meta name=\"twitter:label1\" content=\"Written by\" \/>\n\t<meta name=\"twitter:data1\" content=\"afscesko\" \/>\n\t<meta name=\"twitter:label2\" content=\"Est. reading time\" \/>\n\t<meta name=\"twitter:data2\" content=\"4 minutes\" \/>\n<script type=\"application\/ld+json\" class=\"yoast-schema-graph\">{\"@context\":\"https:\/\/schema.org\",\"@graph\":[{\"@type\":\"WebPage\",\"@id\":\"https:\/\/www.afs.cz\/en\/2019\/04\/andina-different-day-that-i-never-had-before\/\",\"url\":\"https:\/\/www.afs.cz\/en\/2019\/04\/andina-different-day-that-i-never-had-before\/\",\"name\":\"Andina - Different Day That I Never Had Before - Mezikulturn\u00ed programy\",\"isPartOf\":{\"@id\":\"https:\/\/www.afs.cz\/en\/#website\"},\"primaryImageOfPage\":{\"@id\":\"https:\/\/www.afs.cz\/en\/2019\/04\/andina-different-day-that-i-never-had-before\/#primaryimage\"},\"image\":{\"@id\":\"https:\/\/www.afs.cz\/en\/2019\/04\/andina-different-day-that-i-never-had-before\/#primaryimage\"},\"thumbnailUrl\":\"https:\/\/czechrepublic.afssite.afs.org\/wp-content\/uploads\/sites\/84\/2019\/04\/image3-600x464.jpg\",\"datePublished\":\"2019-04-15T01:32:24+00:00\",\"dateModified\":\"2019-10-29T19:43:47+00:00\",\"author\":{\"@id\":\"https:\/\/www.afs.cz\/en\/#\/schema\/person\/bc52da0be76098030e75baeb919827ff\"},\"breadcrumb\":{\"@id\":\"https:\/\/www.afs.cz\/en\/2019\/04\/andina-different-day-that-i-never-had-before\/#breadcrumb\"},\"inLanguage\":\"en-US\",\"potentialAction\":[{\"@type\":\"ReadAction\",\"target\":[\"https:\/\/www.afs.cz\/en\/2019\/04\/andina-different-day-that-i-never-had-before\/\"]}]},{\"@type\":\"ImageObject\",\"inLanguage\":\"en-US\",\"@id\":\"https:\/\/www.afs.cz\/en\/2019\/04\/andina-different-day-that-i-never-had-before\/#primaryimage\",\"url\":\"https:\/\/czechrepublic.afssite.afs.org\/wp-content\/uploads\/sites\/84\/2019\/04\/image3-600x464.jpg\",\"contentUrl\":\"https:\/\/czechrepublic.afssite.afs.org\/wp-content\/uploads\/sites\/84\/2019\/04\/image3-600x464.jpg\"},{\"@type\":\"BreadcrumbList\",\"@id\":\"https:\/\/www.afs.cz\/en\/2019\/04\/andina-different-day-that-i-never-had-before\/#breadcrumb\",\"itemListElement\":[{\"@type\":\"ListItem\",\"position\":1,\"name\":\"Home\",\"item\":\"https:\/\/czechrepublic.afssite.afs.org\/en\/\"},{\"@type\":\"ListItem\",\"position\":2,\"name\":\"Andina &#8211; Different Day That I Never Had Before\"}]},{\"@type\":\"WebSite\",\"@id\":\"https:\/\/www.afs.cz\/en\/#website\",\"url\":\"https:\/\/www.afs.cz\/en\/\",\"name\":\"Mezikulturn\u00ed programy\",\"description\":\"Studium v zahrani\u010d\u00ed, hostitelsk\u00fd program, vzd\u011bl\u00e1vac\u00ed programy, dobrovolnictv\u00ed a mnoho dal\u0161\u00edho.\",\"potentialAction\":[{\"@type\":\"SearchAction\",\"target\":{\"@type\":\"EntryPoint\",\"urlTemplate\":\"https:\/\/www.afs.cz\/en\/?s={search_term_string}\"},\"query-input\":{\"@type\":\"PropertyValueSpecification\",\"valueRequired\":true,\"valueName\":\"search_term_string\"}}],\"inLanguage\":\"en-US\"},{\"@type\":\"Person\",\"@id\":\"https:\/\/www.afs.cz\/en\/#\/schema\/person\/bc52da0be76098030e75baeb919827ff\",\"name\":\"afscesko\",\"image\":{\"@type\":\"ImageObject\",\"inLanguage\":\"en-US\",\"@id\":\"https:\/\/www.afs.cz\/en\/#\/schema\/person\/image\/\",\"url\":\"https:\/\/secure.gravatar.com\/avatar\/eda270bfa745d003b9a210dc384a8c22e1a05bc41e5280645d3e2968a117c931?s=96&d=mm&r=g\",\"contentUrl\":\"https:\/\/secure.gravatar.com\/avatar\/eda270bfa745d003b9a210dc384a8c22e1a05bc41e5280645d3e2968a117c931?s=96&d=mm&r=g\",\"caption\":\"afscesko\"},\"url\":\"https:\/\/www.afs.cz\/en\/author\/afscesko\/\"}]}<\/script>\n<!-- \/ Yoast SEO Premium plugin. -->","yoast_head_json":{"title":"Andina - Different Day That I Never Had Before - Mezikulturn\u00ed programy","robots":{"index":"index","follow":"follow","max-snippet":"max-snippet:-1","max-image-preview":"max-image-preview:large","max-video-preview":"max-video-preview:-1"},"canonical":"https:\/\/www.afs.cz\/en\/2019\/04\/andina-different-day-that-i-never-had-before\/","og_locale":"en_US","og_type":"article","og_title":"Andina - Different Day That I Never Had Before","og_description":"It\u2019s already 7 month for the exchange students having another life in their host country. Maybe someone has assume it&hellip;","og_url":"https:\/\/www.afs.cz\/en\/2019\/04\/andina-different-day-that-i-never-had-before\/","og_site_name":"Mezikulturn\u00ed programy","article_published_time":"2019-04-15T01:32:24+00:00","article_modified_time":"2019-10-29T19:43:47+00:00","og_image":[{"url":"https:\/\/czechrepublic.afssite.afs.org\/wp-content\/uploads\/sites\/84\/2019\/04\/image3-600x464.jpg","type":"","width":"","height":""}],"author":"afscesko","twitter_card":"summary_large_image","twitter_misc":{"Written by":"afscesko","Est. reading time":"4 minutes"},"schema":{"@context":"https:\/\/schema.org","@graph":[{"@type":"WebPage","@id":"https:\/\/www.afs.cz\/en\/2019\/04\/andina-different-day-that-i-never-had-before\/","url":"https:\/\/www.afs.cz\/en\/2019\/04\/andina-different-day-that-i-never-had-before\/","name":"Andina - Different Day That I Never Had Before - Mezikulturn\u00ed programy","isPartOf":{"@id":"https:\/\/www.afs.cz\/en\/#website"},"primaryImageOfPage":{"@id":"https:\/\/www.afs.cz\/en\/2019\/04\/andina-different-day-that-i-never-had-before\/#primaryimage"},"image":{"@id":"https:\/\/www.afs.cz\/en\/2019\/04\/andina-different-day-that-i-never-had-before\/#primaryimage"},"thumbnailUrl":"https:\/\/czechrepublic.afssite.afs.org\/wp-content\/uploads\/sites\/84\/2019\/04\/image3-600x464.jpg","datePublished":"2019-04-15T01:32:24+00:00","dateModified":"2019-10-29T19:43:47+00:00","author":{"@id":"https:\/\/www.afs.cz\/en\/#\/schema\/person\/bc52da0be76098030e75baeb919827ff"},"breadcrumb":{"@id":"https:\/\/www.afs.cz\/en\/2019\/04\/andina-different-day-that-i-never-had-before\/#breadcrumb"},"inLanguage":"en-US","potentialAction":[{"@type":"ReadAction","target":["https:\/\/www.afs.cz\/en\/2019\/04\/andina-different-day-that-i-never-had-before\/"]}]},{"@type":"ImageObject","inLanguage":"en-US","@id":"https:\/\/www.afs.cz\/en\/2019\/04\/andina-different-day-that-i-never-had-before\/#primaryimage","url":"https:\/\/czechrepublic.afssite.afs.org\/wp-content\/uploads\/sites\/84\/2019\/04\/image3-600x464.jpg","contentUrl":"https:\/\/czechrepublic.afssite.afs.org\/wp-content\/uploads\/sites\/84\/2019\/04\/image3-600x464.jpg"},{"@type":"BreadcrumbList","@id":"https:\/\/www.afs.cz\/en\/2019\/04\/andina-different-day-that-i-never-had-before\/#breadcrumb","itemListElement":[{"@type":"ListItem","position":1,"name":"Home","item":"https:\/\/czechrepublic.afssite.afs.org\/en\/"},{"@type":"ListItem","position":2,"name":"Andina &#8211; Different Day That I Never Had Before"}]},{"@type":"WebSite","@id":"https:\/\/www.afs.cz\/en\/#website","url":"https:\/\/www.afs.cz\/en\/","name":"Mezikulturn\u00ed programy","description":"Studium v zahrani\u010d\u00ed, hostitelsk\u00fd program, vzd\u011bl\u00e1vac\u00ed programy, dobrovolnictv\u00ed a mnoho dal\u0161\u00edho.","potentialAction":[{"@type":"SearchAction","target":{"@type":"EntryPoint","urlTemplate":"https:\/\/www.afs.cz\/en\/?s={search_term_string}"},"query-input":{"@type":"PropertyValueSpecification","valueRequired":true,"valueName":"search_term_string"}}],"inLanguage":"en-US"},{"@type":"Person","@id":"https:\/\/www.afs.cz\/en\/#\/schema\/person\/bc52da0be76098030e75baeb919827ff","name":"afscesko","image":{"@type":"ImageObject","inLanguage":"en-US","@id":"https:\/\/www.afs.cz\/en\/#\/schema\/person\/image\/","url":"https:\/\/secure.gravatar.com\/avatar\/eda270bfa745d003b9a210dc384a8c22e1a05bc41e5280645d3e2968a117c931?s=96&d=mm&r=g","contentUrl":"https:\/\/secure.gravatar.com\/avatar\/eda270bfa745d003b9a210dc384a8c22e1a05bc41e5280645d3e2968a117c931?s=96&d=mm&r=g","caption":"afscesko"},"url":"https:\/\/www.afs.cz\/en\/author\/afscesko\/"}]}},"_links":{"self":[{"href":"https:\/\/www.afs.cz\/en\/wp-json\/wp\/v2\/posts\/8082","targetHints":{"allow":["GET"]}}],"collection":[{"href":"https:\/\/www.afs.cz\/en\/wp-json\/wp\/v2\/posts"}],"about":[{"href":"https:\/\/www.afs.cz\/en\/wp-json\/wp\/v2\/types\/post"}],"author":[{"embeddable":true,"href":"https:\/\/www.afs.cz\/en\/wp-json\/wp\/v2\/users\/351"}],"replies":[{"embeddable":true,"href":"https:\/\/www.afs.cz\/en\/wp-json\/wp\/v2\/comments?post=8082"}],"version-history":[{"count":3,"href":"https:\/\/www.afs.cz\/en\/wp-json\/wp\/v2\/posts\/8082\/revisions"}],"predecessor-version":[{"id":9346,"href":"https:\/\/www.afs.cz\/en\/wp-json\/wp\/v2\/posts\/8082\/revisions\/9346"}],"wp:attachment":[{"href":"https:\/\/www.afs.cz\/en\/wp-json\/wp\/v2\/media?parent=8082"}],"wp:term":[{"taxonomy":"category","embeddable":true,"href":"https:\/\/www.afs.cz\/en\/wp-json\/wp\/v2\/categories?post=8082"},{"taxonomy":"post_tag","embeddable":true,"href":"https:\/\/www.afs.cz\/en\/wp-json\/wp\/v2\/tags?post=8082"}],"curies":[{"name":"wp","href":"https:\/\/api.w.org\/{rel}","templated":true}]}}