{"id":7585,"date":"2019-01-06T20:54:57","date_gmt":"2019-01-06T19:54:57","guid":{"rendered":"http:\/\/czechrepublic.afssite.afs.org\/?p=7585"},"modified":"2024-06-06T09:10:03","modified_gmt":"2024-06-06T08:10:03","slug":"simon-se-zucastnil-zaverecneho-afs-soustredeni-studentu-v-belgii","status":"publish","type":"post","link":"https:\/\/www.afs.cz\/en\/2019\/01\/simon-se-zucastnil-zaverecneho-afs-soustredeni-studentu-v-belgii\/","title":{"rendered":"\u0160imon se z\u00fa\u010dastnil z\u00e1v\u011bre\u010dn\u00e9ho AFS soust\u0159ed\u011bn\u00ed student\u016f v Belgii"},"content":{"rendered":"<p>Prvn\u00ed t\u00fdden v prosinci jsem se z\u00fa\u010dastnil jako dobrovoln\u00edk z\u00e1v\u011bre\u010dn\u00e9ho kempu k ECTP programu. Co to je ECTP? European Citizenship Trimester Programme je t\u0159\u00edm\u011bs\u00ed\u010dn\u00ed program nab\u00edzen\u00fd AFS, kter\u00fd propojuje studenty evropsk\u00fdch zem\u00ed a sna\u017e\u00ed se tak podpo\u0159it aktivn\u00ed p\u0159\u00edstup mlad\u00e9 generace k lok\u00e1ln\u00edm, evropsk\u00fdm a glob\u00e1ln\u00edm probl\u00e9m\u016fm. Jak tedy prob\u00edh\u00e1 z\u00e1v\u011bre\u010dn\u00e9 soust\u0159ed\u011bn\u00ed a co bylo m\u00fdm \u00fakolem dobrovoln\u00edka? V p\u00e1tek 30. 11. jsem p\u0159ilet\u011bl do Bruselu, kde jsme se \u00fasp\u011b\u0161n\u011b potkali s dal\u0161\u00edmi asi 50 dobrovoln\u00edky a rozd\u011blili jsme se do dvou autobus\u016f, kter\u00e9 n\u00e1s vzaly do na\u0161eho st\u0159ediska. Kv\u016fli vysok\u00e9mu po\u010dtu student\u016f je toti\u017e kemp rozd\u011blen\u00fd do dvou budov, jedna u Antwerp a pak Destelheide u Bruselu, kam jsem zam\u00ed\u0159il j\u00e1. Hned po p\u0159\u00edjezdu panovala mezi dobrovoln\u00edky \u00fa\u017easn\u00e1 atmosf\u00e9ra pln\u00e1 o\u010dek\u00e1v\u00e1n\u00ed a hned po sezn\u00e1men\u00ed jsme se pustili do p\u0159\u00edpravy, aby v\u0161e bylo nachystan\u00e9 v ned\u011bli pro studenty. Na ECTP m\u016f\u017eete jet jako support t\u00fdm anebo jako \u0161kolitel. J\u00e1 jsem byl sou\u010d\u00e1st\u00ed support t\u00fdmu a spolu s ostatn\u00edmi jsme se starali o hladk\u00fd pr\u016fb\u011bh akce, p\u0159\u00edjezd student\u016f a d\u00e1le jsme nap\u0159\u00edklad p\u0159ipravovali doprovodn\u00fd program. \u0160kolitel\u00e9 se uj\u00edmaj\u00ed workshop\u016f na t\u00e9ma Active Citizenship, ze kter\u00fdch si pak \u00fa\u010dastn\u00edci mohou vybrat, jak\u00fd se jim nejv\u00edce zamlouv\u00e1 a ve dvou dnech dan\u00fd workshop absolvovat. V \u00fater\u00fd je \u201cBrussels day\u201d, kde jsme se v\u0161ichni dohromady vydali do Parlament\u00e1ria, Evropsk\u00e9ho parlamentu nebo EACEA a pak jsme m\u011bli rozchod \u2013 ve skute\u010dnosti jsme se v\u0161ichni roze\u0161li za vaflemi, hranolkami a \u010d\u016fraj\u00edc\u00edm chlape\u010dkem. Ka\u017ed\u00fd dobrovoln\u00edk m\u00e1 na starosti svou skupinku 7-8 student\u016f, se kter\u00fdmi tr\u00e1v\u00ed den v Bruselu, ale z\u00e1rove\u0148 je prov\u00e1z\u00ed po celou dobu kempu. Ve \u010dtvrtek brzy r\u00e1no pak studenti odl\u00e9taj\u00ed ke sv\u00fdm biologick\u00fdm rodin\u00e1m a trimestr\u00e1ln\u00ed program je u konce. My jako dobrovoln\u00edci je\u0161t\u011b z\u016fst\u00e1v\u00e1me a opou\u0161t\u00edme prostory a\u017e v p\u00e1tek r\u00e1no \u2013 vy\u010derpan\u00ed, ale nabit\u00ed pozitivn\u00ed energi\u00ed. Popsat atmosf\u00e9ru a z\u00e1\u017eitky, kter\u00e9 jsem si odvezl, nedok\u00e1\u017eu, a tak jsem se rozhodl pro sp\u00ed\u0161e informativn\u00ed \u010dl\u00e1nek. Nicm\u00e9n\u011b je jasn\u00e9, \u017ee to pro m\u011b byl jeden z nejsiln\u011bj\u0161\u00edch z\u00e1\u017eitk\u016f v m\u00e9 dobrovolnick\u00e9 \u201ckari\u00e9\u0159e\u201d, tak\u017ee pokud budete m\u00edt p\u0159\u00edle\u017eitost tam jet \u2013 jd\u011bte do toho!<\/p>\n<p><a href=\"http:\/\/www.ectp.eu\/site\/\">http:\/\/www.ectp.eu\/site\/<\/a><\/p>\n<p>&nbsp;<\/p>\n<p>\u0160imon Appelt, dobrovoln\u00edk AFS<\/p>\n","protected":false},"excerpt":{"rendered":"<p>Prvn\u00ed t\u00fdden v prosinci jsem se z\u00fa\u010dastnil jako dobrovoln\u00edk z\u00e1v\u011bre\u010dn\u00e9ho kempu k ECTP programu. Co to je ECTP? European Citizenship&hellip;<\/p>\n","protected":false},"author":351,"featured_media":0,"comment_status":"open","ping_status":"open","sticky":false,"template":"","format":"standard","meta":{"footnotes":""},"categories":[188,187,50],"tags":[189],"class_list":["post-7585","post","type-post","status-publish","format-standard","hentry","category-archiv","category-clanky","category-studium-v-zahranici","tag-189"],"yoast_head":"<!-- This site is optimized with the Yoast SEO Premium plugin v26.6 (Yoast SEO v26.6) - https:\/\/yoast.com\/wordpress\/plugins\/seo\/ -->\n<title>\u0160imon se z\u00fa\u010dastnil z\u00e1v\u011bre\u010dn\u00e9ho AFS soust\u0159ed\u011bn\u00ed student\u016f v Belgii - Mezikulturn\u00ed programy<\/title>\n<meta name=\"robots\" content=\"index, follow, max-snippet:-1, max-image-preview:large, max-video-preview:-1\" \/>\n<link rel=\"canonical\" href=\"https:\/\/www.afs.cz\/en\/2019\/01\/simon-se-zucastnil-zaverecneho-afs-soustredeni-studentu-v-belgii\/\" \/>\n<meta property=\"og:locale\" content=\"en_US\" \/>\n<meta property=\"og:type\" content=\"article\" \/>\n<meta property=\"og:title\" content=\"\u0160imon se z\u00fa\u010dastnil z\u00e1v\u011bre\u010dn\u00e9ho AFS soust\u0159ed\u011bn\u00ed student\u016f v Belgii\" \/>\n<meta property=\"og:description\" content=\"Prvn\u00ed t\u00fdden v prosinci jsem se z\u00fa\u010dastnil jako dobrovoln\u00edk z\u00e1v\u011bre\u010dn\u00e9ho kempu k ECTP programu. Co to je ECTP? European Citizenship&hellip;\" \/>\n<meta property=\"og:url\" content=\"https:\/\/www.afs.cz\/en\/2019\/01\/simon-se-zucastnil-zaverecneho-afs-soustredeni-studentu-v-belgii\/\" \/>\n<meta property=\"og:site_name\" content=\"Mezikulturn\u00ed programy\" \/>\n<meta property=\"article:published_time\" content=\"2019-01-06T19:54:57+00:00\" \/>\n<meta property=\"article:modified_time\" content=\"2024-06-06T08:10:03+00:00\" \/>\n<meta name=\"author\" content=\"afscesko\" \/>\n<meta name=\"twitter:card\" content=\"summary_large_image\" \/>\n<meta name=\"twitter:label1\" content=\"Written by\" \/>\n\t<meta name=\"twitter:data1\" content=\"afscesko\" \/>\n\t<meta name=\"twitter:label2\" content=\"Est. reading time\" \/>\n\t<meta name=\"twitter:data2\" content=\"2 minutes\" \/>\n<script type=\"application\/ld+json\" class=\"yoast-schema-graph\">{\"@context\":\"https:\/\/schema.org\",\"@graph\":[{\"@type\":\"WebPage\",\"@id\":\"https:\/\/www.afs.cz\/en\/2019\/01\/simon-se-zucastnil-zaverecneho-afs-soustredeni-studentu-v-belgii\/\",\"url\":\"https:\/\/www.afs.cz\/en\/2019\/01\/simon-se-zucastnil-zaverecneho-afs-soustredeni-studentu-v-belgii\/\",\"name\":\"\u0160imon se z\u00fa\u010dastnil z\u00e1v\u011bre\u010dn\u00e9ho AFS soust\u0159ed\u011bn\u00ed student\u016f v Belgii - Mezikulturn\u00ed programy\",\"isPartOf\":{\"@id\":\"https:\/\/www.afs.cz\/en\/#website\"},\"datePublished\":\"2019-01-06T19:54:57+00:00\",\"dateModified\":\"2024-06-06T08:10:03+00:00\",\"author\":{\"@id\":\"https:\/\/www.afs.cz\/en\/#\/schema\/person\/bc52da0be76098030e75baeb919827ff\"},\"breadcrumb\":{\"@id\":\"https:\/\/www.afs.cz\/en\/2019\/01\/simon-se-zucastnil-zaverecneho-afs-soustredeni-studentu-v-belgii\/#breadcrumb\"},\"inLanguage\":\"en-US\",\"potentialAction\":[{\"@type\":\"ReadAction\",\"target\":[\"https:\/\/www.afs.cz\/en\/2019\/01\/simon-se-zucastnil-zaverecneho-afs-soustredeni-studentu-v-belgii\/\"]}]},{\"@type\":\"BreadcrumbList\",\"@id\":\"https:\/\/www.afs.cz\/en\/2019\/01\/simon-se-zucastnil-zaverecneho-afs-soustredeni-studentu-v-belgii\/#breadcrumb\",\"itemListElement\":[{\"@type\":\"ListItem\",\"position\":1,\"name\":\"Home\",\"item\":\"https:\/\/czechrepublic.afssite.afs.org\/en\/\"},{\"@type\":\"ListItem\",\"position\":2,\"name\":\"\u0160imon se z\u00fa\u010dastnil z\u00e1v\u011bre\u010dn\u00e9ho AFS soust\u0159ed\u011bn\u00ed student\u016f v Belgii\"}]},{\"@type\":\"WebSite\",\"@id\":\"https:\/\/www.afs.cz\/en\/#website\",\"url\":\"https:\/\/www.afs.cz\/en\/\",\"name\":\"Mezikulturn\u00ed programy\",\"description\":\"Studium v zahrani\u010d\u00ed, hostitelsk\u00fd program, vzd\u011bl\u00e1vac\u00ed programy, dobrovolnictv\u00ed a mnoho dal\u0161\u00edho.\",\"potentialAction\":[{\"@type\":\"SearchAction\",\"target\":{\"@type\":\"EntryPoint\",\"urlTemplate\":\"https:\/\/www.afs.cz\/en\/?s={search_term_string}\"},\"query-input\":{\"@type\":\"PropertyValueSpecification\",\"valueRequired\":true,\"valueName\":\"search_term_string\"}}],\"inLanguage\":\"en-US\"},{\"@type\":\"Person\",\"@id\":\"https:\/\/www.afs.cz\/en\/#\/schema\/person\/bc52da0be76098030e75baeb919827ff\",\"name\":\"afscesko\",\"image\":{\"@type\":\"ImageObject\",\"inLanguage\":\"en-US\",\"@id\":\"https:\/\/www.afs.cz\/en\/#\/schema\/person\/image\/\",\"url\":\"https:\/\/secure.gravatar.com\/avatar\/eda270bfa745d003b9a210dc384a8c22e1a05bc41e5280645d3e2968a117c931?s=96&d=mm&r=g\",\"contentUrl\":\"https:\/\/secure.gravatar.com\/avatar\/eda270bfa745d003b9a210dc384a8c22e1a05bc41e5280645d3e2968a117c931?s=96&d=mm&r=g\",\"caption\":\"afscesko\"},\"url\":\"https:\/\/www.afs.cz\/en\/author\/afscesko\/\"}]}<\/script>\n<!-- \/ Yoast SEO Premium plugin. -->","yoast_head_json":{"title":"\u0160imon se z\u00fa\u010dastnil z\u00e1v\u011bre\u010dn\u00e9ho AFS soust\u0159ed\u011bn\u00ed student\u016f v Belgii - Mezikulturn\u00ed programy","robots":{"index":"index","follow":"follow","max-snippet":"max-snippet:-1","max-image-preview":"max-image-preview:large","max-video-preview":"max-video-preview:-1"},"canonical":"https:\/\/www.afs.cz\/en\/2019\/01\/simon-se-zucastnil-zaverecneho-afs-soustredeni-studentu-v-belgii\/","og_locale":"en_US","og_type":"article","og_title":"\u0160imon se z\u00fa\u010dastnil z\u00e1v\u011bre\u010dn\u00e9ho AFS soust\u0159ed\u011bn\u00ed student\u016f v Belgii","og_description":"Prvn\u00ed t\u00fdden v prosinci jsem se z\u00fa\u010dastnil jako dobrovoln\u00edk z\u00e1v\u011bre\u010dn\u00e9ho kempu k ECTP programu. Co to je ECTP? European Citizenship&hellip;","og_url":"https:\/\/www.afs.cz\/en\/2019\/01\/simon-se-zucastnil-zaverecneho-afs-soustredeni-studentu-v-belgii\/","og_site_name":"Mezikulturn\u00ed programy","article_published_time":"2019-01-06T19:54:57+00:00","article_modified_time":"2024-06-06T08:10:03+00:00","author":"afscesko","twitter_card":"summary_large_image","twitter_misc":{"Written by":"afscesko","Est. reading time":"2 minutes"},"schema":{"@context":"https:\/\/schema.org","@graph":[{"@type":"WebPage","@id":"https:\/\/www.afs.cz\/en\/2019\/01\/simon-se-zucastnil-zaverecneho-afs-soustredeni-studentu-v-belgii\/","url":"https:\/\/www.afs.cz\/en\/2019\/01\/simon-se-zucastnil-zaverecneho-afs-soustredeni-studentu-v-belgii\/","name":"\u0160imon se z\u00fa\u010dastnil z\u00e1v\u011bre\u010dn\u00e9ho AFS soust\u0159ed\u011bn\u00ed student\u016f v Belgii - Mezikulturn\u00ed programy","isPartOf":{"@id":"https:\/\/www.afs.cz\/en\/#website"},"datePublished":"2019-01-06T19:54:57+00:00","dateModified":"2024-06-06T08:10:03+00:00","author":{"@id":"https:\/\/www.afs.cz\/en\/#\/schema\/person\/bc52da0be76098030e75baeb919827ff"},"breadcrumb":{"@id":"https:\/\/www.afs.cz\/en\/2019\/01\/simon-se-zucastnil-zaverecneho-afs-soustredeni-studentu-v-belgii\/#breadcrumb"},"inLanguage":"en-US","potentialAction":[{"@type":"ReadAction","target":["https:\/\/www.afs.cz\/en\/2019\/01\/simon-se-zucastnil-zaverecneho-afs-soustredeni-studentu-v-belgii\/"]}]},{"@type":"BreadcrumbList","@id":"https:\/\/www.afs.cz\/en\/2019\/01\/simon-se-zucastnil-zaverecneho-afs-soustredeni-studentu-v-belgii\/#breadcrumb","itemListElement":[{"@type":"ListItem","position":1,"name":"Home","item":"https:\/\/czechrepublic.afssite.afs.org\/en\/"},{"@type":"ListItem","position":2,"name":"\u0160imon se z\u00fa\u010dastnil z\u00e1v\u011bre\u010dn\u00e9ho AFS soust\u0159ed\u011bn\u00ed student\u016f v Belgii"}]},{"@type":"WebSite","@id":"https:\/\/www.afs.cz\/en\/#website","url":"https:\/\/www.afs.cz\/en\/","name":"Mezikulturn\u00ed programy","description":"Studium v zahrani\u010d\u00ed, hostitelsk\u00fd program, vzd\u011bl\u00e1vac\u00ed programy, dobrovolnictv\u00ed a mnoho dal\u0161\u00edho.","potentialAction":[{"@type":"SearchAction","target":{"@type":"EntryPoint","urlTemplate":"https:\/\/www.afs.cz\/en\/?s={search_term_string}"},"query-input":{"@type":"PropertyValueSpecification","valueRequired":true,"valueName":"search_term_string"}}],"inLanguage":"en-US"},{"@type":"Person","@id":"https:\/\/www.afs.cz\/en\/#\/schema\/person\/bc52da0be76098030e75baeb919827ff","name":"afscesko","image":{"@type":"ImageObject","inLanguage":"en-US","@id":"https:\/\/www.afs.cz\/en\/#\/schema\/person\/image\/","url":"https:\/\/secure.gravatar.com\/avatar\/eda270bfa745d003b9a210dc384a8c22e1a05bc41e5280645d3e2968a117c931?s=96&d=mm&r=g","contentUrl":"https:\/\/secure.gravatar.com\/avatar\/eda270bfa745d003b9a210dc384a8c22e1a05bc41e5280645d3e2968a117c931?s=96&d=mm&r=g","caption":"afscesko"},"url":"https:\/\/www.afs.cz\/en\/author\/afscesko\/"}]}},"_links":{"self":[{"href":"https:\/\/www.afs.cz\/en\/wp-json\/wp\/v2\/posts\/7585","targetHints":{"allow":["GET"]}}],"collection":[{"href":"https:\/\/www.afs.cz\/en\/wp-json\/wp\/v2\/posts"}],"about":[{"href":"https:\/\/www.afs.cz\/en\/wp-json\/wp\/v2\/types\/post"}],"author":[{"embeddable":true,"href":"https:\/\/www.afs.cz\/en\/wp-json\/wp\/v2\/users\/351"}],"replies":[{"embeddable":true,"href":"https:\/\/www.afs.cz\/en\/wp-json\/wp\/v2\/comments?post=7585"}],"version-history":[{"count":5,"href":"https:\/\/www.afs.cz\/en\/wp-json\/wp\/v2\/posts\/7585\/revisions"}],"predecessor-version":[{"id":22059,"href":"https:\/\/www.afs.cz\/en\/wp-json\/wp\/v2\/posts\/7585\/revisions\/22059"}],"wp:attachment":[{"href":"https:\/\/www.afs.cz\/en\/wp-json\/wp\/v2\/media?parent=7585"}],"wp:term":[{"taxonomy":"category","embeddable":true,"href":"https:\/\/www.afs.cz\/en\/wp-json\/wp\/v2\/categories?post=7585"},{"taxonomy":"post_tag","embeddable":true,"href":"https:\/\/www.afs.cz\/en\/wp-json\/wp\/v2\/tags?post=7585"}],"curies":[{"name":"wp","href":"https:\/\/api.w.org\/{rel}","templated":true}]}}