{"id":7582,"date":"2019-01-06T20:53:09","date_gmt":"2019-01-06T19:53:09","guid":{"rendered":"http:\/\/czechrepublic.afssite.afs.org\/?p=7582"},"modified":"2024-06-06T09:10:40","modified_gmt":"2024-06-06T08:10:40","slug":"brusel-ve-znameni-vzdelavaciho-fora-pro-pedagogy","status":"publish","type":"post","link":"https:\/\/www.afs.cz\/en\/2019\/01\/brusel-ve-znameni-vzdelavaciho-fora-pro-pedagogy\/","title":{"rendered":"Brusel ve znamen\u00ed vzd\u011bl\u00e1vac\u00edho f\u00f3ra pro pedagogy"},"content":{"rendered":"<p>C\u00edlem celosv\u011btov\u00e9 s\u00edt\u011b AFS bylo v\u00a0uplynul\u00fdch letech, mimo jin\u00e9, etablovat se jako vzd\u011bl\u00e1vac\u00ed organizace na poli mezikulturn\u00edho u\u010den\u00ed. K\u00a0tomu p\u0159isp\u00edv\u00e1 i st\u00e1le v\u00edce se rozv\u00edjej\u00edc\u00ed spolupr\u00e1ce se \u0161kolami a propojov\u00e1n\u00ed form\u00e1ln\u00edho vzd\u011bl\u00e1v\u00e1n\u00ed s\u00a0neform\u00e1ln\u00edm.<\/p>\n<p>24. \u2013 26. \u0159\u00edjna 2018 se v\u00a0belgick\u00e9m Bruselu uskute\u010dnil ji\u017e 9. ro\u010dn\u00edk vzd\u011bl\u00e1vac\u00edho f\u00f3ra o mezikulturn\u00edm u\u010den\u00ed a v\u00fdm\u011bnn\u00fdch programech (IX Forum on Intercultural Learning and Exchange). F\u00f3ra se \u00fa\u010dastnilo na 60 z\u00e1stupc\u016f \u0161kol a vzd\u011bl\u00e1vac\u00edch organizac\u00ed p\u0159ev\u00e1\u017en\u011b evropsk\u00fdch st\u00e1t\u016f pod veden\u00edm Evropsk\u00e9 federace pro mezikulturn\u00ed vzd\u011bl\u00e1v\u00e1n\u00ed (EFIL) a italsk\u00fdmi partnery s\u00edt\u011b AFS (Fondazione Intercultura, AFS Intercultural Programs). D\u00edky podpo\u0159e projektu OPPPR Pohled odjinud jsme na f\u00f3rum mohli vyslat i t\u0159i z\u00e1stupce z\u00a0\u010cesk\u00e9 republiky, z\u00a0toho dva z\u00e1stupce \u0161kol.<\/p>\n<p>PhDr. Bohuslav Dvo\u0159\u00e1k z Gymn\u00e1zia, Praha 8, U Libe\u0148sk\u00e9ho z\u00e1mku 1, hodnot\u00ed svoji bruselskou zku\u0161enost: \u201eProgram byl velmi bohat\u00fd a pestr\u00fd. \u00da\u010dastn\u00edk si vyslechl p\u0159edn\u00e1\u0161ky na dan\u00e9 t\u00e9ma podan\u00e9 experty zpravuj\u00edc\u00ed o posledn\u00edch trendech v\u00a0oblasti interkulturn\u00ed v\u00fdchovy, celo\u0161koln\u00edho p\u0159\u00edstupu ke vzd\u011bl\u00e1v\u00e1n\u00ed a rozvoji interkulturn\u00ed kompetence. Druhou slo\u017eku programu tvo\u0159ily semin\u00e1\u0159e s\u00a0n\u00e1slednou diskuz\u00ed o projektech, kter\u00e9 byly uskute\u010dn\u011bny. Velmi p\u0159\u00ednosnou slo\u017ekou programu byla i slo\u017eka pozn\u00e1vac\u00ed: p\u0159edev\u0161\u00edm n\u00e1v\u0161t\u011bva Muzea evropsk\u00e9 historie, kde v\u0161echny \u00fa\u010dastn\u00edky nadchl entuziastick\u00fd pr\u016fvode znal\u00fd problematiky.<\/p>\n<p>F\u00f3rum m\u011blo pro mne osobn\u011b velk\u00fd p\u0159\u00ednos hned v\u00a0n\u011bkolika oblastech. Za prv\u00e9 to bylo z\u00edsk\u00e1n\u00ed velmi aktu\u00e1ln\u00edch informac\u00ed o dan\u00e9 problematice, kter\u00e9 vyu\u017eiji v\u00a0pr\u00e1ci vysoko\u0161kolsk\u00e9ho i st\u0159edo\u0161kolsk\u00e9ho pedagoga. Dal\u0161\u00edm p\u0159\u00ednosem bylo setk\u00e1n\u00ed s\u00a0mil\u00fdmi a nad\u0161en\u00fdmi lidmi z\u00a023 \u00fa\u010dastnick\u00fdch zem\u00ed, s\u00a0nimi\u017e bylo mo\u017eno sd\u00edlet zku\u0161enosti a z\u00edskat podn\u011bty k\u00a0dal\u0161\u00ed pr\u00e1ci. T\u0159et\u00edm v\u00fdznamn\u00fdm p\u0159\u00ednosem byla mo\u017enost sezn\u00e1mit se s\u00a0prost\u0159ed\u00edm, kde se f\u00f3rum konalo.\u00a0Danou akci hodnot\u00edm jako velmi p\u0159\u00ednosnou. Rozhodn\u011b p\u0159ed\u010dila m\u00e9 o\u010dek\u00e1v\u00e1n\u00ed.\u201c<\/p>\n<p>PhDr. Bohuslav Dvo\u0159\u00e1k<\/p>\n<p>Krist\u00fdna Pol\u00e1\u0161kov\u00e1<\/p>\n","protected":false},"excerpt":{"rendered":"<p>C\u00edlem celosv\u011btov\u00e9 s\u00edt\u011b AFS bylo v\u00a0uplynul\u00fdch letech, mimo jin\u00e9, etablovat se jako vzd\u011bl\u00e1vac\u00ed organizace na poli mezikulturn\u00edho u\u010den\u00ed. K\u00a0tomu p\u0159isp\u00edv\u00e1&hellip;<\/p>\n","protected":false},"author":351,"featured_media":0,"comment_status":"open","ping_status":"open","sticky":false,"template":"","format":"standard","meta":{"footnotes":""},"categories":[188,187,54,52],"tags":[189],"class_list":["post-7582","post","type-post","status-publish","format-standard","hentry","category-archiv","category-clanky","category-mezikulturni-vzdelavani","category-spoluprace-se-skolami","tag-189"],"yoast_head":"<!-- This site is optimized with the Yoast SEO Premium plugin v26.6 (Yoast SEO v26.6) - https:\/\/yoast.com\/wordpress\/plugins\/seo\/ -->\n<title>Brusel ve znamen\u00ed vzd\u011bl\u00e1vac\u00edho f\u00f3ra pro pedagogy - Mezikulturn\u00ed programy<\/title>\n<meta name=\"robots\" content=\"index, follow, max-snippet:-1, max-image-preview:large, max-video-preview:-1\" \/>\n<link rel=\"canonical\" href=\"https:\/\/www.afs.cz\/en\/2019\/01\/brusel-ve-znameni-vzdelavaciho-fora-pro-pedagogy\/\" \/>\n<meta property=\"og:locale\" content=\"en_US\" \/>\n<meta property=\"og:type\" content=\"article\" \/>\n<meta property=\"og:title\" content=\"Brusel ve znamen\u00ed vzd\u011bl\u00e1vac\u00edho f\u00f3ra pro pedagogy\" \/>\n<meta property=\"og:description\" content=\"C\u00edlem celosv\u011btov\u00e9 s\u00edt\u011b AFS bylo v\u00a0uplynul\u00fdch letech, mimo jin\u00e9, etablovat se jako vzd\u011bl\u00e1vac\u00ed organizace na poli mezikulturn\u00edho u\u010den\u00ed. K\u00a0tomu p\u0159isp\u00edv\u00e1&hellip;\" \/>\n<meta property=\"og:url\" content=\"https:\/\/www.afs.cz\/en\/2019\/01\/brusel-ve-znameni-vzdelavaciho-fora-pro-pedagogy\/\" \/>\n<meta property=\"og:site_name\" content=\"Mezikulturn\u00ed programy\" \/>\n<meta property=\"article:published_time\" content=\"2019-01-06T19:53:09+00:00\" \/>\n<meta property=\"article:modified_time\" content=\"2024-06-06T08:10:40+00:00\" \/>\n<meta name=\"author\" content=\"afscesko\" \/>\n<meta name=\"twitter:card\" content=\"summary_large_image\" \/>\n<meta name=\"twitter:label1\" content=\"Written by\" \/>\n\t<meta name=\"twitter:data1\" content=\"afscesko\" \/>\n\t<meta name=\"twitter:label2\" content=\"Est. reading time\" \/>\n\t<meta name=\"twitter:data2\" content=\"2 minutes\" \/>\n<script type=\"application\/ld+json\" class=\"yoast-schema-graph\">{\"@context\":\"https:\/\/schema.org\",\"@graph\":[{\"@type\":\"WebPage\",\"@id\":\"https:\/\/www.afs.cz\/en\/2019\/01\/brusel-ve-znameni-vzdelavaciho-fora-pro-pedagogy\/\",\"url\":\"https:\/\/www.afs.cz\/en\/2019\/01\/brusel-ve-znameni-vzdelavaciho-fora-pro-pedagogy\/\",\"name\":\"Brusel ve znamen\u00ed vzd\u011bl\u00e1vac\u00edho f\u00f3ra pro pedagogy - Mezikulturn\u00ed programy\",\"isPartOf\":{\"@id\":\"https:\/\/www.afs.cz\/en\/#website\"},\"datePublished\":\"2019-01-06T19:53:09+00:00\",\"dateModified\":\"2024-06-06T08:10:40+00:00\",\"author\":{\"@id\":\"https:\/\/www.afs.cz\/en\/#\/schema\/person\/bc52da0be76098030e75baeb919827ff\"},\"breadcrumb\":{\"@id\":\"https:\/\/www.afs.cz\/en\/2019\/01\/brusel-ve-znameni-vzdelavaciho-fora-pro-pedagogy\/#breadcrumb\"},\"inLanguage\":\"en-US\",\"potentialAction\":[{\"@type\":\"ReadAction\",\"target\":[\"https:\/\/www.afs.cz\/en\/2019\/01\/brusel-ve-znameni-vzdelavaciho-fora-pro-pedagogy\/\"]}]},{\"@type\":\"BreadcrumbList\",\"@id\":\"https:\/\/www.afs.cz\/en\/2019\/01\/brusel-ve-znameni-vzdelavaciho-fora-pro-pedagogy\/#breadcrumb\",\"itemListElement\":[{\"@type\":\"ListItem\",\"position\":1,\"name\":\"Home\",\"item\":\"https:\/\/czechrepublic.afssite.afs.org\/en\/\"},{\"@type\":\"ListItem\",\"position\":2,\"name\":\"Brusel ve znamen\u00ed vzd\u011bl\u00e1vac\u00edho f\u00f3ra pro pedagogy\"}]},{\"@type\":\"WebSite\",\"@id\":\"https:\/\/www.afs.cz\/en\/#website\",\"url\":\"https:\/\/www.afs.cz\/en\/\",\"name\":\"Mezikulturn\u00ed programy\",\"description\":\"Studium v zahrani\u010d\u00ed, hostitelsk\u00fd program, vzd\u011bl\u00e1vac\u00ed programy, dobrovolnictv\u00ed a mnoho dal\u0161\u00edho.\",\"potentialAction\":[{\"@type\":\"SearchAction\",\"target\":{\"@type\":\"EntryPoint\",\"urlTemplate\":\"https:\/\/www.afs.cz\/en\/?s={search_term_string}\"},\"query-input\":{\"@type\":\"PropertyValueSpecification\",\"valueRequired\":true,\"valueName\":\"search_term_string\"}}],\"inLanguage\":\"en-US\"},{\"@type\":\"Person\",\"@id\":\"https:\/\/www.afs.cz\/en\/#\/schema\/person\/bc52da0be76098030e75baeb919827ff\",\"name\":\"afscesko\",\"image\":{\"@type\":\"ImageObject\",\"inLanguage\":\"en-US\",\"@id\":\"https:\/\/www.afs.cz\/en\/#\/schema\/person\/image\/\",\"url\":\"https:\/\/secure.gravatar.com\/avatar\/eda270bfa745d003b9a210dc384a8c22e1a05bc41e5280645d3e2968a117c931?s=96&d=mm&r=g\",\"contentUrl\":\"https:\/\/secure.gravatar.com\/avatar\/eda270bfa745d003b9a210dc384a8c22e1a05bc41e5280645d3e2968a117c931?s=96&d=mm&r=g\",\"caption\":\"afscesko\"},\"url\":\"https:\/\/www.afs.cz\/en\/author\/afscesko\/\"}]}<\/script>\n<!-- \/ Yoast SEO Premium plugin. -->","yoast_head_json":{"title":"Brusel ve znamen\u00ed vzd\u011bl\u00e1vac\u00edho f\u00f3ra pro pedagogy - Mezikulturn\u00ed programy","robots":{"index":"index","follow":"follow","max-snippet":"max-snippet:-1","max-image-preview":"max-image-preview:large","max-video-preview":"max-video-preview:-1"},"canonical":"https:\/\/www.afs.cz\/en\/2019\/01\/brusel-ve-znameni-vzdelavaciho-fora-pro-pedagogy\/","og_locale":"en_US","og_type":"article","og_title":"Brusel ve znamen\u00ed vzd\u011bl\u00e1vac\u00edho f\u00f3ra pro pedagogy","og_description":"C\u00edlem celosv\u011btov\u00e9 s\u00edt\u011b AFS bylo v\u00a0uplynul\u00fdch letech, mimo jin\u00e9, etablovat se jako vzd\u011bl\u00e1vac\u00ed organizace na poli mezikulturn\u00edho u\u010den\u00ed. K\u00a0tomu p\u0159isp\u00edv\u00e1&hellip;","og_url":"https:\/\/www.afs.cz\/en\/2019\/01\/brusel-ve-znameni-vzdelavaciho-fora-pro-pedagogy\/","og_site_name":"Mezikulturn\u00ed programy","article_published_time":"2019-01-06T19:53:09+00:00","article_modified_time":"2024-06-06T08:10:40+00:00","author":"afscesko","twitter_card":"summary_large_image","twitter_misc":{"Written by":"afscesko","Est. reading time":"2 minutes"},"schema":{"@context":"https:\/\/schema.org","@graph":[{"@type":"WebPage","@id":"https:\/\/www.afs.cz\/en\/2019\/01\/brusel-ve-znameni-vzdelavaciho-fora-pro-pedagogy\/","url":"https:\/\/www.afs.cz\/en\/2019\/01\/brusel-ve-znameni-vzdelavaciho-fora-pro-pedagogy\/","name":"Brusel ve znamen\u00ed vzd\u011bl\u00e1vac\u00edho f\u00f3ra pro pedagogy - Mezikulturn\u00ed programy","isPartOf":{"@id":"https:\/\/www.afs.cz\/en\/#website"},"datePublished":"2019-01-06T19:53:09+00:00","dateModified":"2024-06-06T08:10:40+00:00","author":{"@id":"https:\/\/www.afs.cz\/en\/#\/schema\/person\/bc52da0be76098030e75baeb919827ff"},"breadcrumb":{"@id":"https:\/\/www.afs.cz\/en\/2019\/01\/brusel-ve-znameni-vzdelavaciho-fora-pro-pedagogy\/#breadcrumb"},"inLanguage":"en-US","potentialAction":[{"@type":"ReadAction","target":["https:\/\/www.afs.cz\/en\/2019\/01\/brusel-ve-znameni-vzdelavaciho-fora-pro-pedagogy\/"]}]},{"@type":"BreadcrumbList","@id":"https:\/\/www.afs.cz\/en\/2019\/01\/brusel-ve-znameni-vzdelavaciho-fora-pro-pedagogy\/#breadcrumb","itemListElement":[{"@type":"ListItem","position":1,"name":"Home","item":"https:\/\/czechrepublic.afssite.afs.org\/en\/"},{"@type":"ListItem","position":2,"name":"Brusel ve znamen\u00ed vzd\u011bl\u00e1vac\u00edho f\u00f3ra pro pedagogy"}]},{"@type":"WebSite","@id":"https:\/\/www.afs.cz\/en\/#website","url":"https:\/\/www.afs.cz\/en\/","name":"Mezikulturn\u00ed programy","description":"Studium v zahrani\u010d\u00ed, hostitelsk\u00fd program, vzd\u011bl\u00e1vac\u00ed programy, dobrovolnictv\u00ed a mnoho dal\u0161\u00edho.","potentialAction":[{"@type":"SearchAction","target":{"@type":"EntryPoint","urlTemplate":"https:\/\/www.afs.cz\/en\/?s={search_term_string}"},"query-input":{"@type":"PropertyValueSpecification","valueRequired":true,"valueName":"search_term_string"}}],"inLanguage":"en-US"},{"@type":"Person","@id":"https:\/\/www.afs.cz\/en\/#\/schema\/person\/bc52da0be76098030e75baeb919827ff","name":"afscesko","image":{"@type":"ImageObject","inLanguage":"en-US","@id":"https:\/\/www.afs.cz\/en\/#\/schema\/person\/image\/","url":"https:\/\/secure.gravatar.com\/avatar\/eda270bfa745d003b9a210dc384a8c22e1a05bc41e5280645d3e2968a117c931?s=96&d=mm&r=g","contentUrl":"https:\/\/secure.gravatar.com\/avatar\/eda270bfa745d003b9a210dc384a8c22e1a05bc41e5280645d3e2968a117c931?s=96&d=mm&r=g","caption":"afscesko"},"url":"https:\/\/www.afs.cz\/en\/author\/afscesko\/"}]}},"_links":{"self":[{"href":"https:\/\/www.afs.cz\/en\/wp-json\/wp\/v2\/posts\/7582","targetHints":{"allow":["GET"]}}],"collection":[{"href":"https:\/\/www.afs.cz\/en\/wp-json\/wp\/v2\/posts"}],"about":[{"href":"https:\/\/www.afs.cz\/en\/wp-json\/wp\/v2\/types\/post"}],"author":[{"embeddable":true,"href":"https:\/\/www.afs.cz\/en\/wp-json\/wp\/v2\/users\/351"}],"replies":[{"embeddable":true,"href":"https:\/\/www.afs.cz\/en\/wp-json\/wp\/v2\/comments?post=7582"}],"version-history":[{"count":8,"href":"https:\/\/www.afs.cz\/en\/wp-json\/wp\/v2\/posts\/7582\/revisions"}],"predecessor-version":[{"id":22060,"href":"https:\/\/www.afs.cz\/en\/wp-json\/wp\/v2\/posts\/7582\/revisions\/22060"}],"wp:attachment":[{"href":"https:\/\/www.afs.cz\/en\/wp-json\/wp\/v2\/media?parent=7582"}],"wp:term":[{"taxonomy":"category","embeddable":true,"href":"https:\/\/www.afs.cz\/en\/wp-json\/wp\/v2\/categories?post=7582"},{"taxonomy":"post_tag","embeddable":true,"href":"https:\/\/www.afs.cz\/en\/wp-json\/wp\/v2\/tags?post=7582"}],"curies":[{"name":"wp","href":"https:\/\/api.w.org\/{rel}","templated":true}]}}