{"id":7394,"date":"2018-11-01T14:36:35","date_gmt":"2018-11-01T13:36:35","guid":{"rendered":"http:\/\/czechrepublic.afssite.afs.org\/?p=7394"},"modified":"2023-01-12T10:35:04","modified_gmt":"2023-01-12T09:35:04","slug":"lidovky-lucie-sajnarova-v-argentine","status":"publish","type":"post","link":"https:\/\/www.afs.cz\/en\/2018\/11\/lidovky-lucie-sajnarova-v-argentine\/","title":{"rendered":"Lidov\u00e9 noviny: Lucie \u0160ajnarov\u00e1 o studiu v Argentin\u011b"},"content":{"rendered":"<p>V Lidovk\u00e1ch vy\u0161el \u010dl\u00e1nek o Lucce \u0160ajnarov\u00e9, kter\u00e1 v roce 2017 studovala s AFS v Argentin\u011b. Cel\u00fd \u010dl\u00e1nek si m\u016f\u017eete p\u0159e\u010d\u00edst zde: <a href=\"https:\/\/www.lidovky.cz\/cestovani\/aktuality\/argentinci-veceri-uplne-bezne-v-jednu-v-noci-steak-rika-ceska.A181029_093353_aktuality_ape\">odkaz na \u010dl\u00e1nek<\/a><\/p>\n<hr \/>\n<h3><strong>Za\u017eij st\u0159edn\u00ed \u0161kolu v zahrani\u010d\u00ed<\/strong><\/h3>\n<p>L\u00e1k\u00e1 t\u011b pro\u017e\u00edt podobn\u00e9 dobrodru\u017estv\u00ed jako Lucku? Nau\u010dit se nov\u00fd ciz\u00ed jazyk na druh\u00e9 stran\u011b sv\u011bta? V\u00fdm\u011bnn\u00fd studijn\u00ed program je z\u00e1\u017eitek, kter\u00fd ka\u017ed\u00e9mu studentovi p\u0159inese zku\u0161enosti a nadhled pot\u0159ebn\u00e9 pro sou\u010dasn\u00fd sv\u011bt. Pokud i tebe l\u00e1k\u00e1 my\u0161lenka st\u0159edn\u00ed \u0161koly za hranicemi \u010cesk\u00e9 republiky, nev\u00e1hej a kontaktuj na\u0161i koordin\u00e1torku Zuzanu. Ji\u017e z\u00edtra m\u016f\u017ee\u0161 b\u00fdt o krok bl\u00ed\u017e sv\u00e9mu snu! V\u00edce informac\u00ed o AFS studijn\u00edch programech a konkr\u00e9tn\u00ed nab\u00eddku mo\u017en\u00fdch destinac\u00ed nalezne\u0161 zde: <a href=\"https:\/\/www.afs.cz\/studium-v-zahranici\/?utm_source=web&amp;utm_medium=blog&amp;utm_campaign=sending_clanky&amp;utm_term=argentina\">www.afs.cz\/studium-v-zahranici\/<\/a><\/p>\n<p>Spojit se s n\u00e1mi m\u016f\u017ee\u0161 tak\u00e9 p\u0159es kontaktn\u00ed formul\u00e1\u0159 a my se ti ozveme do t\u0159\u00ed pracovn\u00edch dn\u00ed:\u00a0<a href=\"https:\/\/www.afs.cz\/kontaktni-formular\/?utm_source=web&amp;utm_medium=blog&amp;utm_campaign=sending_clanky&amp;utm_term=argentina\">www.afs.cz\/kontaktni-formular\/<\/a><\/p>\n<h3 class=\"panel-wysiwyg__column-title h3\" data-name=\"title\" data-livetext=\"\"><strong>Zuzana \u010cu\u010dkov\u00e1<\/strong><\/h3>\n<div class=\"panel-wysiwyg__column-content\">\n<div class=\"context-content\" data-name=\"content\" data-livetext=\"\">\n<p>AFS koordin\u00e1torka studia v zahrani\u010d\u00ed<br \/>\nE:\u00a0<a href=\"mailto:zuzana.cuckova@afs.org\">zuzana.cuckova@afs.org<br \/>\n<\/a>M: 606 704 100<\/p>\n<\/div>\n<\/div>\n","protected":false},"excerpt":{"rendered":"<p>V Lidovk\u00e1ch vy\u0161el \u010dl\u00e1nek o Lucce \u0160ajnarov\u00e9, kter\u00e1 studovala s AFS v Argentin\u011b.<\/p>\n","protected":false},"author":351,"featured_media":7400,"comment_status":"open","ping_status":"open","sticky":false,"template":"","format":"standard","meta":{"footnotes":""},"categories":[70,50],"tags":[],"class_list":["post-7394","post","type-post","status-publish","format-standard","has-post-thumbnail","hentry","category-media","category-studium-v-zahranici"],"yoast_head":"<!-- This site is optimized with the Yoast SEO Premium plugin v26.6 (Yoast SEO v26.6) - https:\/\/yoast.com\/wordpress\/plugins\/seo\/ -->\n<title>Lidov\u00e9 noviny: Lucie \u0160ajnarov\u00e1 o studiu v Argentin\u011b - Mezikulturn\u00ed programy<\/title>\n<meta name=\"description\" content=\"V Lidovk\u00e1ch vy\u0161el \u010dl\u00e1nek o Lucce \u0160ajnarov\u00e9, kter\u00e1 studovala s AFS v Argentin\u011b.\" \/>\n<meta name=\"robots\" content=\"index, follow, max-snippet:-1, max-image-preview:large, max-video-preview:-1\" \/>\n<link rel=\"canonical\" href=\"https:\/\/www.afs.cz\/en\/2018\/11\/lidovky-lucie-sajnarova-v-argentine\/\" \/>\n<meta property=\"og:locale\" content=\"en_US\" \/>\n<meta property=\"og:type\" content=\"article\" \/>\n<meta property=\"og:title\" content=\"Lidov\u00e9 noviny: Lucie \u0160ajnarov\u00e1 o studiu v Argentin\u011b\" \/>\n<meta property=\"og:description\" content=\"V Lidovk\u00e1ch vy\u0161el \u010dl\u00e1nek o Lucce \u0160ajnarov\u00e9, kter\u00e1 studovala s AFS v Argentin\u011b.\" \/>\n<meta property=\"og:url\" content=\"https:\/\/www.afs.cz\/en\/2018\/11\/lidovky-lucie-sajnarova-v-argentine\/\" \/>\n<meta property=\"og:site_name\" content=\"Mezikulturn\u00ed programy\" \/>\n<meta property=\"article:published_time\" content=\"2018-11-01T13:36:35+00:00\" \/>\n<meta property=\"article:modified_time\" content=\"2023-01-12T09:35:04+00:00\" \/>\n<meta property=\"og:image\" content=\"https:\/\/d22dvihj4pfop3.cloudfront.net\/wp-content\/uploads\/sites\/84\/2018\/11\/APE76fda0_lucka.png\" \/>\n\t<meta property=\"og:image:width\" content=\"460\" \/>\n\t<meta property=\"og:image:height\" content=\"300\" \/>\n\t<meta property=\"og:image:type\" content=\"image\/png\" \/>\n<meta name=\"author\" content=\"afscesko\" \/>\n<meta name=\"twitter:card\" content=\"summary_large_image\" \/>\n<meta name=\"twitter:label1\" content=\"Written by\" \/>\n\t<meta name=\"twitter:data1\" content=\"afscesko\" \/>\n\t<meta name=\"twitter:label2\" content=\"Est. reading time\" \/>\n\t<meta name=\"twitter:data2\" content=\"1 minute\" \/>\n<script type=\"application\/ld+json\" class=\"yoast-schema-graph\">{\"@context\":\"https:\/\/schema.org\",\"@graph\":[{\"@type\":\"WebPage\",\"@id\":\"https:\/\/www.afs.cz\/en\/2018\/11\/lidovky-lucie-sajnarova-v-argentine\/\",\"url\":\"https:\/\/www.afs.cz\/en\/2018\/11\/lidovky-lucie-sajnarova-v-argentine\/\",\"name\":\"Lidov\u00e9 noviny: Lucie \u0160ajnarov\u00e1 o studiu v Argentin\u011b - Mezikulturn\u00ed programy\",\"isPartOf\":{\"@id\":\"https:\/\/www.afs.cz\/en\/#website\"},\"primaryImageOfPage\":{\"@id\":\"https:\/\/www.afs.cz\/en\/2018\/11\/lidovky-lucie-sajnarova-v-argentine\/#primaryimage\"},\"image\":{\"@id\":\"https:\/\/www.afs.cz\/en\/2018\/11\/lidovky-lucie-sajnarova-v-argentine\/#primaryimage\"},\"thumbnailUrl\":\"https:\/\/d22dvihj4pfop3.cloudfront.net\/wp-content\/uploads\/sites\/84\/2018\/11\/APE76fda0_lucka.png\",\"datePublished\":\"2018-11-01T13:36:35+00:00\",\"dateModified\":\"2023-01-12T09:35:04+00:00\",\"author\":{\"@id\":\"https:\/\/www.afs.cz\/en\/#\/schema\/person\/bc52da0be76098030e75baeb919827ff\"},\"description\":\"V Lidovk\u00e1ch vy\u0161el \u010dl\u00e1nek o Lucce \u0160ajnarov\u00e9, kter\u00e1 studovala s AFS v Argentin\u011b.\",\"breadcrumb\":{\"@id\":\"https:\/\/www.afs.cz\/en\/2018\/11\/lidovky-lucie-sajnarova-v-argentine\/#breadcrumb\"},\"inLanguage\":\"en-US\",\"potentialAction\":[{\"@type\":\"ReadAction\",\"target\":[\"https:\/\/www.afs.cz\/en\/2018\/11\/lidovky-lucie-sajnarova-v-argentine\/\"]}]},{\"@type\":\"ImageObject\",\"inLanguage\":\"en-US\",\"@id\":\"https:\/\/www.afs.cz\/en\/2018\/11\/lidovky-lucie-sajnarova-v-argentine\/#primaryimage\",\"url\":\"https:\/\/d22dvihj4pfop3.cloudfront.net\/wp-content\/uploads\/sites\/84\/2018\/11\/APE76fda0_lucka.png\",\"contentUrl\":\"https:\/\/d22dvihj4pfop3.cloudfront.net\/wp-content\/uploads\/sites\/84\/2018\/11\/APE76fda0_lucka.png\",\"width\":460,\"height\":300},{\"@type\":\"BreadcrumbList\",\"@id\":\"https:\/\/www.afs.cz\/en\/2018\/11\/lidovky-lucie-sajnarova-v-argentine\/#breadcrumb\",\"itemListElement\":[{\"@type\":\"ListItem\",\"position\":1,\"name\":\"Home\",\"item\":\"https:\/\/czechrepublic.afssite.afs.org\/en\/\"},{\"@type\":\"ListItem\",\"position\":2,\"name\":\"Lidov\u00e9 noviny: Lucie \u0160ajnarov\u00e1 o studiu v Argentin\u011b\"}]},{\"@type\":\"WebSite\",\"@id\":\"https:\/\/www.afs.cz\/en\/#website\",\"url\":\"https:\/\/www.afs.cz\/en\/\",\"name\":\"Mezikulturn\u00ed programy\",\"description\":\"Studium v zahrani\u010d\u00ed, hostitelsk\u00fd program, vzd\u011bl\u00e1vac\u00ed programy, dobrovolnictv\u00ed a mnoho dal\u0161\u00edho.\",\"potentialAction\":[{\"@type\":\"SearchAction\",\"target\":{\"@type\":\"EntryPoint\",\"urlTemplate\":\"https:\/\/www.afs.cz\/en\/?s={search_term_string}\"},\"query-input\":{\"@type\":\"PropertyValueSpecification\",\"valueRequired\":true,\"valueName\":\"search_term_string\"}}],\"inLanguage\":\"en-US\"},{\"@type\":\"Person\",\"@id\":\"https:\/\/www.afs.cz\/en\/#\/schema\/person\/bc52da0be76098030e75baeb919827ff\",\"name\":\"afscesko\",\"image\":{\"@type\":\"ImageObject\",\"inLanguage\":\"en-US\",\"@id\":\"https:\/\/www.afs.cz\/en\/#\/schema\/person\/image\/\",\"url\":\"https:\/\/secure.gravatar.com\/avatar\/eda270bfa745d003b9a210dc384a8c22e1a05bc41e5280645d3e2968a117c931?s=96&d=mm&r=g\",\"contentUrl\":\"https:\/\/secure.gravatar.com\/avatar\/eda270bfa745d003b9a210dc384a8c22e1a05bc41e5280645d3e2968a117c931?s=96&d=mm&r=g\",\"caption\":\"afscesko\"},\"url\":\"https:\/\/www.afs.cz\/en\/author\/afscesko\/\"}]}<\/script>\n<!-- \/ Yoast SEO Premium plugin. -->","yoast_head_json":{"title":"Lidov\u00e9 noviny: Lucie \u0160ajnarov\u00e1 o studiu v Argentin\u011b - Mezikulturn\u00ed programy","description":"V Lidovk\u00e1ch vy\u0161el \u010dl\u00e1nek o Lucce \u0160ajnarov\u00e9, kter\u00e1 studovala s AFS v Argentin\u011b.","robots":{"index":"index","follow":"follow","max-snippet":"max-snippet:-1","max-image-preview":"max-image-preview:large","max-video-preview":"max-video-preview:-1"},"canonical":"https:\/\/www.afs.cz\/en\/2018\/11\/lidovky-lucie-sajnarova-v-argentine\/","og_locale":"en_US","og_type":"article","og_title":"Lidov\u00e9 noviny: Lucie \u0160ajnarov\u00e1 o studiu v Argentin\u011b","og_description":"V Lidovk\u00e1ch vy\u0161el \u010dl\u00e1nek o Lucce \u0160ajnarov\u00e9, kter\u00e1 studovala s AFS v Argentin\u011b.","og_url":"https:\/\/www.afs.cz\/en\/2018\/11\/lidovky-lucie-sajnarova-v-argentine\/","og_site_name":"Mezikulturn\u00ed programy","article_published_time":"2018-11-01T13:36:35+00:00","article_modified_time":"2023-01-12T09:35:04+00:00","og_image":[{"url":"https:\/\/d22dvihj4pfop3.cloudfront.net\/wp-content\/uploads\/sites\/84\/2018\/11\/APE76fda0_lucka.png","width":460,"height":300,"type":"image\/png"}],"author":"afscesko","twitter_card":"summary_large_image","twitter_misc":{"Written by":"afscesko","Est. reading time":"1 minute"},"schema":{"@context":"https:\/\/schema.org","@graph":[{"@type":"WebPage","@id":"https:\/\/www.afs.cz\/en\/2018\/11\/lidovky-lucie-sajnarova-v-argentine\/","url":"https:\/\/www.afs.cz\/en\/2018\/11\/lidovky-lucie-sajnarova-v-argentine\/","name":"Lidov\u00e9 noviny: Lucie \u0160ajnarov\u00e1 o studiu v Argentin\u011b - Mezikulturn\u00ed programy","isPartOf":{"@id":"https:\/\/www.afs.cz\/en\/#website"},"primaryImageOfPage":{"@id":"https:\/\/www.afs.cz\/en\/2018\/11\/lidovky-lucie-sajnarova-v-argentine\/#primaryimage"},"image":{"@id":"https:\/\/www.afs.cz\/en\/2018\/11\/lidovky-lucie-sajnarova-v-argentine\/#primaryimage"},"thumbnailUrl":"https:\/\/d22dvihj4pfop3.cloudfront.net\/wp-content\/uploads\/sites\/84\/2018\/11\/APE76fda0_lucka.png","datePublished":"2018-11-01T13:36:35+00:00","dateModified":"2023-01-12T09:35:04+00:00","author":{"@id":"https:\/\/www.afs.cz\/en\/#\/schema\/person\/bc52da0be76098030e75baeb919827ff"},"description":"V Lidovk\u00e1ch vy\u0161el \u010dl\u00e1nek o Lucce \u0160ajnarov\u00e9, kter\u00e1 studovala s AFS v Argentin\u011b.","breadcrumb":{"@id":"https:\/\/www.afs.cz\/en\/2018\/11\/lidovky-lucie-sajnarova-v-argentine\/#breadcrumb"},"inLanguage":"en-US","potentialAction":[{"@type":"ReadAction","target":["https:\/\/www.afs.cz\/en\/2018\/11\/lidovky-lucie-sajnarova-v-argentine\/"]}]},{"@type":"ImageObject","inLanguage":"en-US","@id":"https:\/\/www.afs.cz\/en\/2018\/11\/lidovky-lucie-sajnarova-v-argentine\/#primaryimage","url":"https:\/\/d22dvihj4pfop3.cloudfront.net\/wp-content\/uploads\/sites\/84\/2018\/11\/APE76fda0_lucka.png","contentUrl":"https:\/\/d22dvihj4pfop3.cloudfront.net\/wp-content\/uploads\/sites\/84\/2018\/11\/APE76fda0_lucka.png","width":460,"height":300},{"@type":"BreadcrumbList","@id":"https:\/\/www.afs.cz\/en\/2018\/11\/lidovky-lucie-sajnarova-v-argentine\/#breadcrumb","itemListElement":[{"@type":"ListItem","position":1,"name":"Home","item":"https:\/\/czechrepublic.afssite.afs.org\/en\/"},{"@type":"ListItem","position":2,"name":"Lidov\u00e9 noviny: Lucie \u0160ajnarov\u00e1 o studiu v Argentin\u011b"}]},{"@type":"WebSite","@id":"https:\/\/www.afs.cz\/en\/#website","url":"https:\/\/www.afs.cz\/en\/","name":"Mezikulturn\u00ed programy","description":"Studium v zahrani\u010d\u00ed, hostitelsk\u00fd program, vzd\u011bl\u00e1vac\u00ed programy, dobrovolnictv\u00ed a mnoho dal\u0161\u00edho.","potentialAction":[{"@type":"SearchAction","target":{"@type":"EntryPoint","urlTemplate":"https:\/\/www.afs.cz\/en\/?s={search_term_string}"},"query-input":{"@type":"PropertyValueSpecification","valueRequired":true,"valueName":"search_term_string"}}],"inLanguage":"en-US"},{"@type":"Person","@id":"https:\/\/www.afs.cz\/en\/#\/schema\/person\/bc52da0be76098030e75baeb919827ff","name":"afscesko","image":{"@type":"ImageObject","inLanguage":"en-US","@id":"https:\/\/www.afs.cz\/en\/#\/schema\/person\/image\/","url":"https:\/\/secure.gravatar.com\/avatar\/eda270bfa745d003b9a210dc384a8c22e1a05bc41e5280645d3e2968a117c931?s=96&d=mm&r=g","contentUrl":"https:\/\/secure.gravatar.com\/avatar\/eda270bfa745d003b9a210dc384a8c22e1a05bc41e5280645d3e2968a117c931?s=96&d=mm&r=g","caption":"afscesko"},"url":"https:\/\/www.afs.cz\/en\/author\/afscesko\/"}]}},"_links":{"self":[{"href":"https:\/\/www.afs.cz\/en\/wp-json\/wp\/v2\/posts\/7394","targetHints":{"allow":["GET"]}}],"collection":[{"href":"https:\/\/www.afs.cz\/en\/wp-json\/wp\/v2\/posts"}],"about":[{"href":"https:\/\/www.afs.cz\/en\/wp-json\/wp\/v2\/types\/post"}],"author":[{"embeddable":true,"href":"https:\/\/www.afs.cz\/en\/wp-json\/wp\/v2\/users\/351"}],"replies":[{"embeddable":true,"href":"https:\/\/www.afs.cz\/en\/wp-json\/wp\/v2\/comments?post=7394"}],"version-history":[{"count":11,"href":"https:\/\/www.afs.cz\/en\/wp-json\/wp\/v2\/posts\/7394\/revisions"}],"predecessor-version":[{"id":16411,"href":"https:\/\/www.afs.cz\/en\/wp-json\/wp\/v2\/posts\/7394\/revisions\/16411"}],"wp:featuredmedia":[{"embeddable":true,"href":"https:\/\/www.afs.cz\/en\/wp-json\/wp\/v2\/media\/7400"}],"wp:attachment":[{"href":"https:\/\/www.afs.cz\/en\/wp-json\/wp\/v2\/media?parent=7394"}],"wp:term":[{"taxonomy":"category","embeddable":true,"href":"https:\/\/www.afs.cz\/en\/wp-json\/wp\/v2\/categories?post=7394"},{"taxonomy":"post_tag","embeddable":true,"href":"https:\/\/www.afs.cz\/en\/wp-json\/wp\/v2\/tags?post=7394"}],"curies":[{"name":"wp","href":"https:\/\/api.w.org\/{rel}","templated":true}]}}