{"id":7250,"date":"2018-10-06T11:30:55","date_gmt":"2018-10-06T10:30:55","guid":{"rendered":"http:\/\/czechrepublic.afssite.afs.org\/?p=7250"},"modified":"2024-06-05T13:16:33","modified_gmt":"2024-06-05T12:16:33","slug":"prihlas-se-na-podzimni-starter","status":"publish","type":"post","link":"https:\/\/www.afs.cz\/en\/2018\/10\/prihlas-se-na-podzimni-starter\/","title":{"rendered":"P\u0159ihlas se na podzimn\u00ed Start\u00e9r"},"content":{"rendered":"<p>Pr\u00e1v\u011b jsme za\u010dali p\u0159ij\u00edmat p\u0159ihl\u00e1\u0161ky do program\u016f pro \u0161koln\u00ed rok 2019\/2020 a proto jsme pro v\u00e1s p\u0159ipravili tradi\u010dn\u00ed podzimn\u00ed Start\u00e9r \u2013 informa\u010dn\u011b-z\u00e1bavnou sch\u016fzku. Jedn\u00e1 se o neform\u00e1ln\u00ed setk\u00e1n\u00ed st\u0159edo\u0161kol\u00e1k\u016f, kte\u0159\u00ed zva\u017euj\u00ed studium v\u00a0zahrani\u010d\u00ed, na setk\u00e1n\u00ed jsou srde\u010dn\u011b zv\u00e1ni i jejich rodi\u010de. Na Start\u00e9ru je mo\u017en\u00e9 se potkat se studenty, kte\u0159\u00ed program ji\u017e absolvovali (s takzvan\u00fdmi navr\u00e1tilci) a se zahrani\u010dn\u00edmi studenty, kte\u0159\u00ed p\u0159ijeli do \u010cesk\u00e9 republiky. Start\u00e9r proto p\u0159in\u00e1\u0161\u00ed skv\u011blou p\u0159\u00edle\u017eitost pro z\u00edsk\u00e1n\u00ed informac\u00ed. Na Start\u00e9r se m\u016f\u017eete t\u011b\u0161it 14. 10. 2018 v Caf\u00e9 Kampus od 13:00. Sledujte n\u00e1\u0161\u00a0<a href=\"https:\/\/www.facebook.com\/events\/547388595714833\/\">Facebook<\/a>.<\/p>\n<p>Tereza Hlav\u00ednov\u00e1, koordin\u00e1torka programu studium v\u00a0zahrani\u010d\u00ed<\/p>\n","protected":false},"excerpt":{"rendered":"<p>Pr\u00e1v\u011b jsme za\u010dali p\u0159ij\u00edmat p\u0159ihl\u00e1\u0161ky do program\u016f pro \u0161koln\u00ed rok 2019\/2020 a proto jsme pro v\u00e1s p\u0159ipravili tradi\u010dn\u00ed podzimn\u00ed Start\u00e9r&hellip;<\/p>\n","protected":false},"author":351,"featured_media":0,"comment_status":"open","ping_status":"open","sticky":false,"template":"","format":"standard","meta":{"footnotes":""},"categories":[188,50],"tags":[],"class_list":["post-7250","post","type-post","status-publish","format-standard","hentry","category-archiv","category-studium-v-zahranici"],"yoast_head":"<!-- This site is optimized with the Yoast SEO Premium plugin v26.6 (Yoast SEO v26.6) - https:\/\/yoast.com\/wordpress\/plugins\/seo\/ -->\n<title>P\u0159ihlas se na podzimn\u00ed Start\u00e9r - Mezikulturn\u00ed programy<\/title>\n<meta name=\"robots\" content=\"index, follow, max-snippet:-1, max-image-preview:large, max-video-preview:-1\" \/>\n<link rel=\"canonical\" href=\"https:\/\/www.afs.cz\/en\/2018\/10\/prihlas-se-na-podzimni-starter\/\" \/>\n<meta property=\"og:locale\" content=\"en_US\" \/>\n<meta property=\"og:type\" content=\"article\" \/>\n<meta property=\"og:title\" content=\"P\u0159ihlas se na podzimn\u00ed Start\u00e9r\" \/>\n<meta property=\"og:description\" content=\"Pr\u00e1v\u011b jsme za\u010dali p\u0159ij\u00edmat p\u0159ihl\u00e1\u0161ky do program\u016f pro \u0161koln\u00ed rok 2019\/2020 a proto jsme pro v\u00e1s p\u0159ipravili tradi\u010dn\u00ed podzimn\u00ed Start\u00e9r&hellip;\" \/>\n<meta property=\"og:url\" content=\"https:\/\/www.afs.cz\/en\/2018\/10\/prihlas-se-na-podzimni-starter\/\" \/>\n<meta property=\"og:site_name\" content=\"Mezikulturn\u00ed programy\" \/>\n<meta property=\"article:published_time\" content=\"2018-10-06T10:30:55+00:00\" \/>\n<meta property=\"article:modified_time\" content=\"2024-06-05T12:16:33+00:00\" \/>\n<meta name=\"author\" content=\"afscesko\" \/>\n<meta name=\"twitter:card\" content=\"summary_large_image\" \/>\n<meta name=\"twitter:label1\" content=\"Written by\" \/>\n\t<meta name=\"twitter:data1\" content=\"afscesko\" \/>\n\t<meta name=\"twitter:label2\" content=\"Est. reading time\" \/>\n\t<meta name=\"twitter:data2\" content=\"1 minute\" \/>\n<script type=\"application\/ld+json\" class=\"yoast-schema-graph\">{\"@context\":\"https:\/\/schema.org\",\"@graph\":[{\"@type\":\"WebPage\",\"@id\":\"https:\/\/www.afs.cz\/en\/2018\/10\/prihlas-se-na-podzimni-starter\/\",\"url\":\"https:\/\/www.afs.cz\/en\/2018\/10\/prihlas-se-na-podzimni-starter\/\",\"name\":\"P\u0159ihlas se na podzimn\u00ed Start\u00e9r - Mezikulturn\u00ed programy\",\"isPartOf\":{\"@id\":\"https:\/\/www.afs.cz\/en\/#website\"},\"datePublished\":\"2018-10-06T10:30:55+00:00\",\"dateModified\":\"2024-06-05T12:16:33+00:00\",\"author\":{\"@id\":\"https:\/\/www.afs.cz\/en\/#\/schema\/person\/bc52da0be76098030e75baeb919827ff\"},\"breadcrumb\":{\"@id\":\"https:\/\/www.afs.cz\/en\/2018\/10\/prihlas-se-na-podzimni-starter\/#breadcrumb\"},\"inLanguage\":\"en-US\",\"potentialAction\":[{\"@type\":\"ReadAction\",\"target\":[\"https:\/\/www.afs.cz\/en\/2018\/10\/prihlas-se-na-podzimni-starter\/\"]}]},{\"@type\":\"BreadcrumbList\",\"@id\":\"https:\/\/www.afs.cz\/en\/2018\/10\/prihlas-se-na-podzimni-starter\/#breadcrumb\",\"itemListElement\":[{\"@type\":\"ListItem\",\"position\":1,\"name\":\"Home\",\"item\":\"https:\/\/czechrepublic.afssite.afs.org\/en\/\"},{\"@type\":\"ListItem\",\"position\":2,\"name\":\"P\u0159ihlas se na podzimn\u00ed Start\u00e9r\"}]},{\"@type\":\"WebSite\",\"@id\":\"https:\/\/www.afs.cz\/en\/#website\",\"url\":\"https:\/\/www.afs.cz\/en\/\",\"name\":\"Mezikulturn\u00ed programy\",\"description\":\"Studium v zahrani\u010d\u00ed, hostitelsk\u00fd program, vzd\u011bl\u00e1vac\u00ed programy, dobrovolnictv\u00ed a mnoho dal\u0161\u00edho.\",\"potentialAction\":[{\"@type\":\"SearchAction\",\"target\":{\"@type\":\"EntryPoint\",\"urlTemplate\":\"https:\/\/www.afs.cz\/en\/?s={search_term_string}\"},\"query-input\":{\"@type\":\"PropertyValueSpecification\",\"valueRequired\":true,\"valueName\":\"search_term_string\"}}],\"inLanguage\":\"en-US\"},{\"@type\":\"Person\",\"@id\":\"https:\/\/www.afs.cz\/en\/#\/schema\/person\/bc52da0be76098030e75baeb919827ff\",\"name\":\"afscesko\",\"image\":{\"@type\":\"ImageObject\",\"inLanguage\":\"en-US\",\"@id\":\"https:\/\/www.afs.cz\/en\/#\/schema\/person\/image\/\",\"url\":\"https:\/\/secure.gravatar.com\/avatar\/eda270bfa745d003b9a210dc384a8c22e1a05bc41e5280645d3e2968a117c931?s=96&d=mm&r=g\",\"contentUrl\":\"https:\/\/secure.gravatar.com\/avatar\/eda270bfa745d003b9a210dc384a8c22e1a05bc41e5280645d3e2968a117c931?s=96&d=mm&r=g\",\"caption\":\"afscesko\"},\"url\":\"https:\/\/www.afs.cz\/en\/author\/afscesko\/\"}]}<\/script>\n<!-- \/ Yoast SEO Premium plugin. -->","yoast_head_json":{"title":"P\u0159ihlas se na podzimn\u00ed Start\u00e9r - Mezikulturn\u00ed programy","robots":{"index":"index","follow":"follow","max-snippet":"max-snippet:-1","max-image-preview":"max-image-preview:large","max-video-preview":"max-video-preview:-1"},"canonical":"https:\/\/www.afs.cz\/en\/2018\/10\/prihlas-se-na-podzimni-starter\/","og_locale":"en_US","og_type":"article","og_title":"P\u0159ihlas se na podzimn\u00ed Start\u00e9r","og_description":"Pr\u00e1v\u011b jsme za\u010dali p\u0159ij\u00edmat p\u0159ihl\u00e1\u0161ky do program\u016f pro \u0161koln\u00ed rok 2019\/2020 a proto jsme pro v\u00e1s p\u0159ipravili tradi\u010dn\u00ed podzimn\u00ed Start\u00e9r&hellip;","og_url":"https:\/\/www.afs.cz\/en\/2018\/10\/prihlas-se-na-podzimni-starter\/","og_site_name":"Mezikulturn\u00ed programy","article_published_time":"2018-10-06T10:30:55+00:00","article_modified_time":"2024-06-05T12:16:33+00:00","author":"afscesko","twitter_card":"summary_large_image","twitter_misc":{"Written by":"afscesko","Est. reading time":"1 minute"},"schema":{"@context":"https:\/\/schema.org","@graph":[{"@type":"WebPage","@id":"https:\/\/www.afs.cz\/en\/2018\/10\/prihlas-se-na-podzimni-starter\/","url":"https:\/\/www.afs.cz\/en\/2018\/10\/prihlas-se-na-podzimni-starter\/","name":"P\u0159ihlas se na podzimn\u00ed Start\u00e9r - Mezikulturn\u00ed programy","isPartOf":{"@id":"https:\/\/www.afs.cz\/en\/#website"},"datePublished":"2018-10-06T10:30:55+00:00","dateModified":"2024-06-05T12:16:33+00:00","author":{"@id":"https:\/\/www.afs.cz\/en\/#\/schema\/person\/bc52da0be76098030e75baeb919827ff"},"breadcrumb":{"@id":"https:\/\/www.afs.cz\/en\/2018\/10\/prihlas-se-na-podzimni-starter\/#breadcrumb"},"inLanguage":"en-US","potentialAction":[{"@type":"ReadAction","target":["https:\/\/www.afs.cz\/en\/2018\/10\/prihlas-se-na-podzimni-starter\/"]}]},{"@type":"BreadcrumbList","@id":"https:\/\/www.afs.cz\/en\/2018\/10\/prihlas-se-na-podzimni-starter\/#breadcrumb","itemListElement":[{"@type":"ListItem","position":1,"name":"Home","item":"https:\/\/czechrepublic.afssite.afs.org\/en\/"},{"@type":"ListItem","position":2,"name":"P\u0159ihlas se na podzimn\u00ed Start\u00e9r"}]},{"@type":"WebSite","@id":"https:\/\/www.afs.cz\/en\/#website","url":"https:\/\/www.afs.cz\/en\/","name":"Mezikulturn\u00ed programy","description":"Studium v zahrani\u010d\u00ed, hostitelsk\u00fd program, vzd\u011bl\u00e1vac\u00ed programy, dobrovolnictv\u00ed a mnoho dal\u0161\u00edho.","potentialAction":[{"@type":"SearchAction","target":{"@type":"EntryPoint","urlTemplate":"https:\/\/www.afs.cz\/en\/?s={search_term_string}"},"query-input":{"@type":"PropertyValueSpecification","valueRequired":true,"valueName":"search_term_string"}}],"inLanguage":"en-US"},{"@type":"Person","@id":"https:\/\/www.afs.cz\/en\/#\/schema\/person\/bc52da0be76098030e75baeb919827ff","name":"afscesko","image":{"@type":"ImageObject","inLanguage":"en-US","@id":"https:\/\/www.afs.cz\/en\/#\/schema\/person\/image\/","url":"https:\/\/secure.gravatar.com\/avatar\/eda270bfa745d003b9a210dc384a8c22e1a05bc41e5280645d3e2968a117c931?s=96&d=mm&r=g","contentUrl":"https:\/\/secure.gravatar.com\/avatar\/eda270bfa745d003b9a210dc384a8c22e1a05bc41e5280645d3e2968a117c931?s=96&d=mm&r=g","caption":"afscesko"},"url":"https:\/\/www.afs.cz\/en\/author\/afscesko\/"}]}},"_links":{"self":[{"href":"https:\/\/www.afs.cz\/en\/wp-json\/wp\/v2\/posts\/7250","targetHints":{"allow":["GET"]}}],"collection":[{"href":"https:\/\/www.afs.cz\/en\/wp-json\/wp\/v2\/posts"}],"about":[{"href":"https:\/\/www.afs.cz\/en\/wp-json\/wp\/v2\/types\/post"}],"author":[{"embeddable":true,"href":"https:\/\/www.afs.cz\/en\/wp-json\/wp\/v2\/users\/351"}],"replies":[{"embeddable":true,"href":"https:\/\/www.afs.cz\/en\/wp-json\/wp\/v2\/comments?post=7250"}],"version-history":[{"count":6,"href":"https:\/\/www.afs.cz\/en\/wp-json\/wp\/v2\/posts\/7250\/revisions"}],"predecessor-version":[{"id":21976,"href":"https:\/\/www.afs.cz\/en\/wp-json\/wp\/v2\/posts\/7250\/revisions\/21976"}],"wp:attachment":[{"href":"https:\/\/www.afs.cz\/en\/wp-json\/wp\/v2\/media?parent=7250"}],"wp:term":[{"taxonomy":"category","embeddable":true,"href":"https:\/\/www.afs.cz\/en\/wp-json\/wp\/v2\/categories?post=7250"},{"taxonomy":"post_tag","embeddable":true,"href":"https:\/\/www.afs.cz\/en\/wp-json\/wp\/v2\/tags?post=7250"}],"curies":[{"name":"wp","href":"https:\/\/api.w.org\/{rel}","templated":true}]}}