{"id":6932,"date":"2018-09-03T09:17:43","date_gmt":"2018-09-03T08:17:43","guid":{"rendered":"http:\/\/czechrepublic.afssite.afs.org\/?p=6932"},"modified":"2023-06-23T15:02:24","modified_gmt":"2023-06-23T14:02:24","slug":"rozhlas-poznavani-ceska-za-pomoci-hostitelskych-programu","status":"publish","type":"post","link":"https:\/\/www.afs.cz\/en\/2018\/09\/rozhlas-poznavani-ceska-za-pomoci-hostitelskych-programu\/","title":{"rendered":"\u010cesk\u00fd rozhlas: Pozn\u00e1v\u00e1n\u00ed \u010ceska za pomoci hostitelsk\u00fdch program\u016f"},"content":{"rendered":"<p>Odkaz na z\u00e1znam:\u00a0<a href=\"https:\/\/zlin.rozhlas.cz\/poznavani-ceska-za-pomoci-hostitelskych-programu-7555490\">https:\/\/zlin.rozhlas.cz\/poznavani-ceska-za-pomoci-hostitelskych-programu-7555490<\/a><\/p>\n","protected":false},"excerpt":{"rendered":"<p>Odkaz na z\u00e1znam naleznete v p\u0159\u00edsp\u011bvku.<\/p>\n","protected":false},"author":351,"featured_media":0,"comment_status":"open","ping_status":"open","sticky":false,"template":"","format":"standard","meta":{"footnotes":""},"categories":[70],"tags":[],"class_list":["post-6932","post","type-post","status-publish","format-standard","hentry","category-media"],"yoast_head":"<!-- This site is optimized with the Yoast SEO Premium plugin v26.6 (Yoast SEO v26.6) - https:\/\/yoast.com\/wordpress\/plugins\/seo\/ -->\n<title>\u010cesk\u00fd rozhlas: Pozn\u00e1v\u00e1n\u00ed \u010ceska za pomoci hostitelsk\u00fdch program\u016f - Mezikulturn\u00ed programy<\/title>\n<meta name=\"robots\" content=\"index, follow, max-snippet:-1, max-image-preview:large, max-video-preview:-1\" \/>\n<link rel=\"canonical\" href=\"https:\/\/www.afs.cz\/en\/2018\/09\/rozhlas-poznavani-ceska-za-pomoci-hostitelskych-programu\/\" \/>\n<meta property=\"og:locale\" content=\"en_US\" \/>\n<meta property=\"og:type\" content=\"article\" \/>\n<meta property=\"og:title\" content=\"\u010cesk\u00fd rozhlas: Pozn\u00e1v\u00e1n\u00ed \u010ceska za pomoci hostitelsk\u00fdch program\u016f\" \/>\n<meta property=\"og:description\" content=\"Odkaz na z\u00e1znam naleznete v p\u0159\u00edsp\u011bvku.\" \/>\n<meta property=\"og:url\" content=\"https:\/\/www.afs.cz\/en\/2018\/09\/rozhlas-poznavani-ceska-za-pomoci-hostitelskych-programu\/\" \/>\n<meta property=\"og:site_name\" content=\"Mezikulturn\u00ed programy\" \/>\n<meta property=\"article:published_time\" content=\"2018-09-03T08:17:43+00:00\" \/>\n<meta property=\"article:modified_time\" content=\"2023-06-23T14:02:24+00:00\" \/>\n<meta name=\"author\" content=\"afscesko\" \/>\n<meta name=\"twitter:card\" content=\"summary_large_image\" \/>\n<meta name=\"twitter:label1\" content=\"Written by\" \/>\n\t<meta name=\"twitter:data1\" content=\"afscesko\" \/>\n<script type=\"application\/ld+json\" class=\"yoast-schema-graph\">{\"@context\":\"https:\/\/schema.org\",\"@graph\":[{\"@type\":\"WebPage\",\"@id\":\"https:\/\/www.afs.cz\/en\/2018\/09\/rozhlas-poznavani-ceska-za-pomoci-hostitelskych-programu\/\",\"url\":\"https:\/\/www.afs.cz\/en\/2018\/09\/rozhlas-poznavani-ceska-za-pomoci-hostitelskych-programu\/\",\"name\":\"\u010cesk\u00fd rozhlas: Pozn\u00e1v\u00e1n\u00ed \u010ceska za pomoci hostitelsk\u00fdch program\u016f - Mezikulturn\u00ed programy\",\"isPartOf\":{\"@id\":\"https:\/\/www.afs.cz\/en\/#website\"},\"datePublished\":\"2018-09-03T08:17:43+00:00\",\"dateModified\":\"2023-06-23T14:02:24+00:00\",\"author\":{\"@id\":\"https:\/\/www.afs.cz\/en\/#\/schema\/person\/bc52da0be76098030e75baeb919827ff\"},\"breadcrumb\":{\"@id\":\"https:\/\/www.afs.cz\/en\/2018\/09\/rozhlas-poznavani-ceska-za-pomoci-hostitelskych-programu\/#breadcrumb\"},\"inLanguage\":\"en-US\",\"potentialAction\":[{\"@type\":\"ReadAction\",\"target\":[\"https:\/\/www.afs.cz\/en\/2018\/09\/rozhlas-poznavani-ceska-za-pomoci-hostitelskych-programu\/\"]}]},{\"@type\":\"BreadcrumbList\",\"@id\":\"https:\/\/www.afs.cz\/en\/2018\/09\/rozhlas-poznavani-ceska-za-pomoci-hostitelskych-programu\/#breadcrumb\",\"itemListElement\":[{\"@type\":\"ListItem\",\"position\":1,\"name\":\"Home\",\"item\":\"https:\/\/czechrepublic.afssite.afs.org\/en\/\"},{\"@type\":\"ListItem\",\"position\":2,\"name\":\"\u010cesk\u00fd rozhlas: Pozn\u00e1v\u00e1n\u00ed \u010ceska za pomoci hostitelsk\u00fdch program\u016f\"}]},{\"@type\":\"WebSite\",\"@id\":\"https:\/\/www.afs.cz\/en\/#website\",\"url\":\"https:\/\/www.afs.cz\/en\/\",\"name\":\"Mezikulturn\u00ed programy\",\"description\":\"Studium v zahrani\u010d\u00ed, hostitelsk\u00fd program, vzd\u011bl\u00e1vac\u00ed programy, dobrovolnictv\u00ed a mnoho dal\u0161\u00edho.\",\"potentialAction\":[{\"@type\":\"SearchAction\",\"target\":{\"@type\":\"EntryPoint\",\"urlTemplate\":\"https:\/\/www.afs.cz\/en\/?s={search_term_string}\"},\"query-input\":{\"@type\":\"PropertyValueSpecification\",\"valueRequired\":true,\"valueName\":\"search_term_string\"}}],\"inLanguage\":\"en-US\"},{\"@type\":\"Person\",\"@id\":\"https:\/\/www.afs.cz\/en\/#\/schema\/person\/bc52da0be76098030e75baeb919827ff\",\"name\":\"afscesko\",\"image\":{\"@type\":\"ImageObject\",\"inLanguage\":\"en-US\",\"@id\":\"https:\/\/www.afs.cz\/en\/#\/schema\/person\/image\/\",\"url\":\"https:\/\/secure.gravatar.com\/avatar\/eda270bfa745d003b9a210dc384a8c22e1a05bc41e5280645d3e2968a117c931?s=96&d=mm&r=g\",\"contentUrl\":\"https:\/\/secure.gravatar.com\/avatar\/eda270bfa745d003b9a210dc384a8c22e1a05bc41e5280645d3e2968a117c931?s=96&d=mm&r=g\",\"caption\":\"afscesko\"},\"url\":\"https:\/\/www.afs.cz\/en\/author\/afscesko\/\"}]}<\/script>\n<!-- \/ Yoast SEO Premium plugin. -->","yoast_head_json":{"title":"\u010cesk\u00fd rozhlas: Pozn\u00e1v\u00e1n\u00ed \u010ceska za pomoci hostitelsk\u00fdch program\u016f - Mezikulturn\u00ed programy","robots":{"index":"index","follow":"follow","max-snippet":"max-snippet:-1","max-image-preview":"max-image-preview:large","max-video-preview":"max-video-preview:-1"},"canonical":"https:\/\/www.afs.cz\/en\/2018\/09\/rozhlas-poznavani-ceska-za-pomoci-hostitelskych-programu\/","og_locale":"en_US","og_type":"article","og_title":"\u010cesk\u00fd rozhlas: Pozn\u00e1v\u00e1n\u00ed \u010ceska za pomoci hostitelsk\u00fdch program\u016f","og_description":"Odkaz na z\u00e1znam naleznete v p\u0159\u00edsp\u011bvku.","og_url":"https:\/\/www.afs.cz\/en\/2018\/09\/rozhlas-poznavani-ceska-za-pomoci-hostitelskych-programu\/","og_site_name":"Mezikulturn\u00ed programy","article_published_time":"2018-09-03T08:17:43+00:00","article_modified_time":"2023-06-23T14:02:24+00:00","author":"afscesko","twitter_card":"summary_large_image","twitter_misc":{"Written by":"afscesko"},"schema":{"@context":"https:\/\/schema.org","@graph":[{"@type":"WebPage","@id":"https:\/\/www.afs.cz\/en\/2018\/09\/rozhlas-poznavani-ceska-za-pomoci-hostitelskych-programu\/","url":"https:\/\/www.afs.cz\/en\/2018\/09\/rozhlas-poznavani-ceska-za-pomoci-hostitelskych-programu\/","name":"\u010cesk\u00fd rozhlas: Pozn\u00e1v\u00e1n\u00ed \u010ceska za pomoci hostitelsk\u00fdch program\u016f - Mezikulturn\u00ed programy","isPartOf":{"@id":"https:\/\/www.afs.cz\/en\/#website"},"datePublished":"2018-09-03T08:17:43+00:00","dateModified":"2023-06-23T14:02:24+00:00","author":{"@id":"https:\/\/www.afs.cz\/en\/#\/schema\/person\/bc52da0be76098030e75baeb919827ff"},"breadcrumb":{"@id":"https:\/\/www.afs.cz\/en\/2018\/09\/rozhlas-poznavani-ceska-za-pomoci-hostitelskych-programu\/#breadcrumb"},"inLanguage":"en-US","potentialAction":[{"@type":"ReadAction","target":["https:\/\/www.afs.cz\/en\/2018\/09\/rozhlas-poznavani-ceska-za-pomoci-hostitelskych-programu\/"]}]},{"@type":"BreadcrumbList","@id":"https:\/\/www.afs.cz\/en\/2018\/09\/rozhlas-poznavani-ceska-za-pomoci-hostitelskych-programu\/#breadcrumb","itemListElement":[{"@type":"ListItem","position":1,"name":"Home","item":"https:\/\/czechrepublic.afssite.afs.org\/en\/"},{"@type":"ListItem","position":2,"name":"\u010cesk\u00fd rozhlas: Pozn\u00e1v\u00e1n\u00ed \u010ceska za pomoci hostitelsk\u00fdch program\u016f"}]},{"@type":"WebSite","@id":"https:\/\/www.afs.cz\/en\/#website","url":"https:\/\/www.afs.cz\/en\/","name":"Mezikulturn\u00ed programy","description":"Studium v zahrani\u010d\u00ed, hostitelsk\u00fd program, vzd\u011bl\u00e1vac\u00ed programy, dobrovolnictv\u00ed a mnoho dal\u0161\u00edho.","potentialAction":[{"@type":"SearchAction","target":{"@type":"EntryPoint","urlTemplate":"https:\/\/www.afs.cz\/en\/?s={search_term_string}"},"query-input":{"@type":"PropertyValueSpecification","valueRequired":true,"valueName":"search_term_string"}}],"inLanguage":"en-US"},{"@type":"Person","@id":"https:\/\/www.afs.cz\/en\/#\/schema\/person\/bc52da0be76098030e75baeb919827ff","name":"afscesko","image":{"@type":"ImageObject","inLanguage":"en-US","@id":"https:\/\/www.afs.cz\/en\/#\/schema\/person\/image\/","url":"https:\/\/secure.gravatar.com\/avatar\/eda270bfa745d003b9a210dc384a8c22e1a05bc41e5280645d3e2968a117c931?s=96&d=mm&r=g","contentUrl":"https:\/\/secure.gravatar.com\/avatar\/eda270bfa745d003b9a210dc384a8c22e1a05bc41e5280645d3e2968a117c931?s=96&d=mm&r=g","caption":"afscesko"},"url":"https:\/\/www.afs.cz\/en\/author\/afscesko\/"}]}},"_links":{"self":[{"href":"https:\/\/www.afs.cz\/en\/wp-json\/wp\/v2\/posts\/6932","targetHints":{"allow":["GET"]}}],"collection":[{"href":"https:\/\/www.afs.cz\/en\/wp-json\/wp\/v2\/posts"}],"about":[{"href":"https:\/\/www.afs.cz\/en\/wp-json\/wp\/v2\/types\/post"}],"author":[{"embeddable":true,"href":"https:\/\/www.afs.cz\/en\/wp-json\/wp\/v2\/users\/351"}],"replies":[{"embeddable":true,"href":"https:\/\/www.afs.cz\/en\/wp-json\/wp\/v2\/comments?post=6932"}],"version-history":[{"count":9,"href":"https:\/\/www.afs.cz\/en\/wp-json\/wp\/v2\/posts\/6932\/revisions"}],"predecessor-version":[{"id":18960,"href":"https:\/\/www.afs.cz\/en\/wp-json\/wp\/v2\/posts\/6932\/revisions\/18960"}],"wp:attachment":[{"href":"https:\/\/www.afs.cz\/en\/wp-json\/wp\/v2\/media?parent=6932"}],"wp:term":[{"taxonomy":"category","embeddable":true,"href":"https:\/\/www.afs.cz\/en\/wp-json\/wp\/v2\/categories?post=6932"},{"taxonomy":"post_tag","embeddable":true,"href":"https:\/\/www.afs.cz\/en\/wp-json\/wp\/v2\/tags?post=6932"}],"curies":[{"name":"wp","href":"https:\/\/api.w.org\/{rel}","templated":true}]}}