{"id":6894,"date":"2018-07-18T13:33:00","date_gmt":"2018-07-18T12:33:00","guid":{"rendered":"http:\/\/czechrepublic.afssite.afs.org\/?p=6894"},"modified":"2024-06-07T12:45:29","modified_gmt":"2024-06-07T11:45:29","slug":"podekovani-od-rodiny-tuhych","status":"publish","type":"post","link":"https:\/\/www.afs.cz\/en\/2018\/07\/podekovani-od-rodiny-tuhych\/","title":{"rendered":"Pod\u011bkov\u00e1n\u00ed od rodiny Tuh\u00fdch"},"content":{"rendered":"<p style=\"font-weight: 400;\">V\u00e1\u017een\u00e9 a mil\u00e9 AFS, cht\u011bli bychom V\u00e1m pod\u011bkovat za mo\u017enost hostit. Jsme moc r\u00e1di, \u017ee jsme se o Va\u0161em programu dozv\u011bd\u011bli a zapojili se. Hostili jsme \u010dty\u0159ikr\u00e1t, ka\u017ed\u00e9 ho\u0161t\u011bn\u00ed bylo jin\u00e9, ale poka\u017ed\u00e9 to pro n\u00e1s, a snad i pro studenty, byla skv\u011bl\u00e1 zku\u0161enost pln\u00e1 z\u00e1\u017eitk\u016f. V\u011bdom\u00ed, \u017ee po sv\u011bt\u011b m\u00e1me dal\u0161\u00ed \u010dty\u0159i d\u011bti a na\u0161e d\u011bti sourozence, je prima.<\/p>\n<p style=\"font-weight: 400;\">Vid\u011bno zp\u011btn\u011b znamenalo ho\u0161t\u011bn\u00ed pro na\u0161e d\u011bti (ale i pro n\u00e1s) obrovsk\u00fd \u017eivotn\u00ed posun, rychlej\u0161\u00ed z\u00edsk\u00e1n\u00ed \u017eivotn\u00edho nadhledu, p\u0159ineslo opravdov\u00e9 mezikulturn\u00ed vzd\u011bl\u00e1v\u00e1n\u00ed, u\u010den\u00ed se toleranci a v\u00a0neposledn\u00ed \u0159ad\u011b okam\u017eit\u00e9 pozn\u00e1n\u00ed, \u017ee nejen jazykov\u00e9 vzd\u011bl\u00e1v\u00e1n\u00ed m\u00e1 smysl.\u00a0A to, \u017ee v\u00a0sou\u010dasn\u00e9 dob\u011b na\u0161e ob\u011b d\u011bti mluv\u00ed plynule anglicky a hlavn\u011b to, \u017ee nemaj\u00ed ostych v\u00a0angli\u010dtin\u011b hovo\u0159it, je jednozna\u010dn\u011b z\u00e1sluha Va\u0161eho programu. Tedy d\u00edky nejen za to!<\/p>\n<p style=\"font-weight: 400;\">J\u00e1 osobn\u011b si velmi cen\u00edm Va\u0161\u00ed pr\u00e1ce, kter\u00e1 je rozhodn\u011b smyslupln\u00e1, a p\u0159eji V\u00e1m mnoho spokojen\u00fdch student\u016f a to jak \u010desk\u00fdch, tak zahrani\u010dn\u00edch, dostatek hostitelsk\u00fdch rodin i \u0161kol, a hodn\u011b sil i motivace pro dal\u0161\u00ed roky \u00fasp\u011b\u0161n\u00e9ho fungov\u00e1n\u00ed.<\/p>\n<p style=\"font-weight: 400;\">Je\u0161t\u011b jednou za celou rodinu velk\u00e9 d\u00edky. S\u00a0pozdravem a p\u0159\u00e1n\u00edm klidn\u00e9ho l\u00e9ta<\/p>\n<p style=\"font-weight: 400;\">Mark\u00e9ta T., hostitelsk\u00e1 maminka<\/p>\n<hr \/>\n<h3><strong>P\u0159iv\u00edtejte sv\u011bt u v\u00e1s doma<\/strong><\/h3>\n<p>Ho\u0161t\u011bn\u00ed AFS zahrani\u010dn\u00edho studenta je z\u00e1\u017eitek, kter\u00fd s sebou p\u0159in\u00e1\u0161\u00ed zku\u0161enosti a nadhled pot\u0159ebn\u00e9 pro sou\u010dasn\u00fd sv\u011bt. Je to z\u00e1\u017eitek pro celou rodinu, kter\u00fd napom\u00e1h\u00e1 nejenom v rozvoji komunikace a empatie, ale tak\u00e9 je to skv\u011bl\u00e1 mo\u017enost, jak si prohloubit znalosti o ciz\u00ed kultu\u0159e a osvojit si z\u00e1klady nov\u00e9ho jazyka.<\/p>\n<p>Pokud i v\u00e1s l\u00e1k\u00e1 my\u0161lenka nov\u00e9ho \u010dlena rodiny, nev\u00e1hejte a kontaktujte na\u0161i koordin\u00e1torku Lucii. V\u00edce informac\u00ed o AFS hostitelsk\u00e9m programu a konkr\u00e9tn\u00ed medailonky student\u016f, kte\u0159\u00ed se v leto\u0161n\u00edm roce chystaj\u00ed do \u010cesk\u00e9 republiky, naleznete zde:\u00a0<a href=\"https:\/\/www.afs.cz\/hostitelsky-program\/?utm_source=web&amp;utm_medium=blog&amp;utm_campaign=HF_clanky&amp;utm_term=tuhych\" target=\"_blank\" rel=\"nofollow noopener\">www.afs.cz\/hostitelsky-program\/<\/a><\/p>\n<p>Spojit se s n\u00e1mi m\u016f\u017eete tak\u00e9 p\u0159es kontaktn\u00ed formul\u00e1\u0159 a my se v\u00e1m ozveme do t\u0159\u00ed pracovn\u00edch dn\u00ed:\u00a0<a href=\"https:\/\/www.afs.cz\/hostitelsky-program\/kontaktni-formular-pro-hostitelske-rodiny\/?utm_source=web&amp;utm_medium=blog&amp;utm_campaign=HF_clanky&amp;utm_term=tuhych\">www.afs.cz\/kontaktni-formular-pro-hostitelske-rodiny\/<\/a><\/p>\n<h3 class=\"panel-wysiwyg__column-title h3\" data-name=\"title\" data-livetext=\"\"><strong>Lucie Ber\u00e1nkov\u00e1<\/strong><\/h3>\n<div class=\"panel-wysiwyg__column-content\">\n<div class=\"context-content\" data-name=\"content\" data-livetext=\"\">\n<p>AFS koordin\u00e1torka hostitelsk\u00e9ho programu<br \/>\nE:\u00a0<a href=\"mailto:lucie.berankova@afs.org\">lucie.berankova@afs.org<br \/>\n<\/a>M: 602 334 427<\/p>\n<\/div>\n<\/div>\n","protected":false},"excerpt":{"rendered":"<p>V\u00e1\u017een\u00e9 a mil\u00e9 AFS, cht\u011bli bychom V\u00e1m pod\u011bkovat za mo\u017enost hostit. Jsme moc r\u00e1di, \u017ee jsme se o Va\u0161em programu&hellip;<\/p>\n","protected":false},"author":351,"featured_media":0,"comment_status":"open","ping_status":"open","sticky":false,"template":"","format":"standard","meta":{"footnotes":""},"categories":[188,49,150],"tags":[],"class_list":["post-6894","post","type-post","status-publish","format-standard","hentry","category-archiv","category-hostitelsky-program","category-pribehy-hostitelskych-rodin"],"yoast_head":"<!-- This site is optimized with the Yoast SEO Premium plugin v26.6 (Yoast SEO v26.6) - https:\/\/yoast.com\/wordpress\/plugins\/seo\/ -->\n<title>Pod\u011bkov\u00e1n\u00ed od rodiny Tuh\u00fdch - Mezikulturn\u00ed programy<\/title>\n<meta name=\"robots\" content=\"index, follow, max-snippet:-1, max-image-preview:large, max-video-preview:-1\" \/>\n<link rel=\"canonical\" href=\"https:\/\/www.afs.cz\/en\/2018\/07\/podekovani-od-rodiny-tuhych\/\" \/>\n<meta property=\"og:locale\" content=\"en_US\" \/>\n<meta property=\"og:type\" content=\"article\" \/>\n<meta property=\"og:title\" content=\"Pod\u011bkov\u00e1n\u00ed od rodiny Tuh\u00fdch\" \/>\n<meta property=\"og:description\" content=\"V\u00e1\u017een\u00e9 a mil\u00e9 AFS, cht\u011bli bychom V\u00e1m pod\u011bkovat za mo\u017enost hostit. Jsme moc r\u00e1di, \u017ee jsme se o Va\u0161em programu&hellip;\" \/>\n<meta property=\"og:url\" content=\"https:\/\/www.afs.cz\/en\/2018\/07\/podekovani-od-rodiny-tuhych\/\" \/>\n<meta property=\"og:site_name\" content=\"Mezikulturn\u00ed programy\" \/>\n<meta property=\"article:published_time\" content=\"2018-07-18T12:33:00+00:00\" \/>\n<meta property=\"article:modified_time\" content=\"2024-06-07T11:45:29+00:00\" \/>\n<meta name=\"author\" content=\"afscesko\" \/>\n<meta name=\"twitter:card\" content=\"summary_large_image\" \/>\n<meta name=\"twitter:label1\" content=\"Written by\" \/>\n\t<meta name=\"twitter:data1\" content=\"afscesko\" \/>\n\t<meta name=\"twitter:label2\" content=\"Est. reading time\" \/>\n\t<meta name=\"twitter:data2\" content=\"2 minutes\" \/>\n<script type=\"application\/ld+json\" class=\"yoast-schema-graph\">{\"@context\":\"https:\/\/schema.org\",\"@graph\":[{\"@type\":\"WebPage\",\"@id\":\"https:\/\/www.afs.cz\/en\/2018\/07\/podekovani-od-rodiny-tuhych\/\",\"url\":\"https:\/\/www.afs.cz\/en\/2018\/07\/podekovani-od-rodiny-tuhych\/\",\"name\":\"Pod\u011bkov\u00e1n\u00ed od rodiny Tuh\u00fdch - Mezikulturn\u00ed programy\",\"isPartOf\":{\"@id\":\"https:\/\/www.afs.cz\/en\/#website\"},\"datePublished\":\"2018-07-18T12:33:00+00:00\",\"dateModified\":\"2024-06-07T11:45:29+00:00\",\"author\":{\"@id\":\"https:\/\/www.afs.cz\/en\/#\/schema\/person\/bc52da0be76098030e75baeb919827ff\"},\"breadcrumb\":{\"@id\":\"https:\/\/www.afs.cz\/en\/2018\/07\/podekovani-od-rodiny-tuhych\/#breadcrumb\"},\"inLanguage\":\"en-US\",\"potentialAction\":[{\"@type\":\"ReadAction\",\"target\":[\"https:\/\/www.afs.cz\/en\/2018\/07\/podekovani-od-rodiny-tuhych\/\"]}]},{\"@type\":\"BreadcrumbList\",\"@id\":\"https:\/\/www.afs.cz\/en\/2018\/07\/podekovani-od-rodiny-tuhych\/#breadcrumb\",\"itemListElement\":[{\"@type\":\"ListItem\",\"position\":1,\"name\":\"Home\",\"item\":\"https:\/\/czechrepublic.afssite.afs.org\/en\/\"},{\"@type\":\"ListItem\",\"position\":2,\"name\":\"Pod\u011bkov\u00e1n\u00ed od rodiny Tuh\u00fdch\"}]},{\"@type\":\"WebSite\",\"@id\":\"https:\/\/www.afs.cz\/en\/#website\",\"url\":\"https:\/\/www.afs.cz\/en\/\",\"name\":\"Mezikulturn\u00ed programy\",\"description\":\"Studium v zahrani\u010d\u00ed, hostitelsk\u00fd program, vzd\u011bl\u00e1vac\u00ed programy, dobrovolnictv\u00ed a mnoho dal\u0161\u00edho.\",\"potentialAction\":[{\"@type\":\"SearchAction\",\"target\":{\"@type\":\"EntryPoint\",\"urlTemplate\":\"https:\/\/www.afs.cz\/en\/?s={search_term_string}\"},\"query-input\":{\"@type\":\"PropertyValueSpecification\",\"valueRequired\":true,\"valueName\":\"search_term_string\"}}],\"inLanguage\":\"en-US\"},{\"@type\":\"Person\",\"@id\":\"https:\/\/www.afs.cz\/en\/#\/schema\/person\/bc52da0be76098030e75baeb919827ff\",\"name\":\"afscesko\",\"image\":{\"@type\":\"ImageObject\",\"inLanguage\":\"en-US\",\"@id\":\"https:\/\/www.afs.cz\/en\/#\/schema\/person\/image\/\",\"url\":\"https:\/\/secure.gravatar.com\/avatar\/eda270bfa745d003b9a210dc384a8c22e1a05bc41e5280645d3e2968a117c931?s=96&d=mm&r=g\",\"contentUrl\":\"https:\/\/secure.gravatar.com\/avatar\/eda270bfa745d003b9a210dc384a8c22e1a05bc41e5280645d3e2968a117c931?s=96&d=mm&r=g\",\"caption\":\"afscesko\"},\"url\":\"https:\/\/www.afs.cz\/en\/author\/afscesko\/\"}]}<\/script>\n<!-- \/ Yoast SEO Premium plugin. -->","yoast_head_json":{"title":"Pod\u011bkov\u00e1n\u00ed od rodiny Tuh\u00fdch - Mezikulturn\u00ed programy","robots":{"index":"index","follow":"follow","max-snippet":"max-snippet:-1","max-image-preview":"max-image-preview:large","max-video-preview":"max-video-preview:-1"},"canonical":"https:\/\/www.afs.cz\/en\/2018\/07\/podekovani-od-rodiny-tuhych\/","og_locale":"en_US","og_type":"article","og_title":"Pod\u011bkov\u00e1n\u00ed od rodiny Tuh\u00fdch","og_description":"V\u00e1\u017een\u00e9 a mil\u00e9 AFS, cht\u011bli bychom V\u00e1m pod\u011bkovat za mo\u017enost hostit. Jsme moc r\u00e1di, \u017ee jsme se o Va\u0161em programu&hellip;","og_url":"https:\/\/www.afs.cz\/en\/2018\/07\/podekovani-od-rodiny-tuhych\/","og_site_name":"Mezikulturn\u00ed programy","article_published_time":"2018-07-18T12:33:00+00:00","article_modified_time":"2024-06-07T11:45:29+00:00","author":"afscesko","twitter_card":"summary_large_image","twitter_misc":{"Written by":"afscesko","Est. reading time":"2 minutes"},"schema":{"@context":"https:\/\/schema.org","@graph":[{"@type":"WebPage","@id":"https:\/\/www.afs.cz\/en\/2018\/07\/podekovani-od-rodiny-tuhych\/","url":"https:\/\/www.afs.cz\/en\/2018\/07\/podekovani-od-rodiny-tuhych\/","name":"Pod\u011bkov\u00e1n\u00ed od rodiny Tuh\u00fdch - Mezikulturn\u00ed programy","isPartOf":{"@id":"https:\/\/www.afs.cz\/en\/#website"},"datePublished":"2018-07-18T12:33:00+00:00","dateModified":"2024-06-07T11:45:29+00:00","author":{"@id":"https:\/\/www.afs.cz\/en\/#\/schema\/person\/bc52da0be76098030e75baeb919827ff"},"breadcrumb":{"@id":"https:\/\/www.afs.cz\/en\/2018\/07\/podekovani-od-rodiny-tuhych\/#breadcrumb"},"inLanguage":"en-US","potentialAction":[{"@type":"ReadAction","target":["https:\/\/www.afs.cz\/en\/2018\/07\/podekovani-od-rodiny-tuhych\/"]}]},{"@type":"BreadcrumbList","@id":"https:\/\/www.afs.cz\/en\/2018\/07\/podekovani-od-rodiny-tuhych\/#breadcrumb","itemListElement":[{"@type":"ListItem","position":1,"name":"Home","item":"https:\/\/czechrepublic.afssite.afs.org\/en\/"},{"@type":"ListItem","position":2,"name":"Pod\u011bkov\u00e1n\u00ed od rodiny Tuh\u00fdch"}]},{"@type":"WebSite","@id":"https:\/\/www.afs.cz\/en\/#website","url":"https:\/\/www.afs.cz\/en\/","name":"Mezikulturn\u00ed programy","description":"Studium v zahrani\u010d\u00ed, hostitelsk\u00fd program, vzd\u011bl\u00e1vac\u00ed programy, dobrovolnictv\u00ed a mnoho dal\u0161\u00edho.","potentialAction":[{"@type":"SearchAction","target":{"@type":"EntryPoint","urlTemplate":"https:\/\/www.afs.cz\/en\/?s={search_term_string}"},"query-input":{"@type":"PropertyValueSpecification","valueRequired":true,"valueName":"search_term_string"}}],"inLanguage":"en-US"},{"@type":"Person","@id":"https:\/\/www.afs.cz\/en\/#\/schema\/person\/bc52da0be76098030e75baeb919827ff","name":"afscesko","image":{"@type":"ImageObject","inLanguage":"en-US","@id":"https:\/\/www.afs.cz\/en\/#\/schema\/person\/image\/","url":"https:\/\/secure.gravatar.com\/avatar\/eda270bfa745d003b9a210dc384a8c22e1a05bc41e5280645d3e2968a117c931?s=96&d=mm&r=g","contentUrl":"https:\/\/secure.gravatar.com\/avatar\/eda270bfa745d003b9a210dc384a8c22e1a05bc41e5280645d3e2968a117c931?s=96&d=mm&r=g","caption":"afscesko"},"url":"https:\/\/www.afs.cz\/en\/author\/afscesko\/"}]}},"_links":{"self":[{"href":"https:\/\/www.afs.cz\/en\/wp-json\/wp\/v2\/posts\/6894","targetHints":{"allow":["GET"]}}],"collection":[{"href":"https:\/\/www.afs.cz\/en\/wp-json\/wp\/v2\/posts"}],"about":[{"href":"https:\/\/www.afs.cz\/en\/wp-json\/wp\/v2\/types\/post"}],"author":[{"embeddable":true,"href":"https:\/\/www.afs.cz\/en\/wp-json\/wp\/v2\/users\/351"}],"replies":[{"embeddable":true,"href":"https:\/\/www.afs.cz\/en\/wp-json\/wp\/v2\/comments?post=6894"}],"version-history":[{"count":9,"href":"https:\/\/www.afs.cz\/en\/wp-json\/wp\/v2\/posts\/6894\/revisions"}],"predecessor-version":[{"id":22137,"href":"https:\/\/www.afs.cz\/en\/wp-json\/wp\/v2\/posts\/6894\/revisions\/22137"}],"wp:attachment":[{"href":"https:\/\/www.afs.cz\/en\/wp-json\/wp\/v2\/media?parent=6894"}],"wp:term":[{"taxonomy":"category","embeddable":true,"href":"https:\/\/www.afs.cz\/en\/wp-json\/wp\/v2\/categories?post=6894"},{"taxonomy":"post_tag","embeddable":true,"href":"https:\/\/www.afs.cz\/en\/wp-json\/wp\/v2\/tags?post=6894"}],"curies":[{"name":"wp","href":"https:\/\/api.w.org\/{rel}","templated":true}]}}