{"id":6839,"date":"2018-07-12T12:51:16","date_gmt":"2018-07-12T11:51:16","guid":{"rendered":"http:\/\/czechrepublic.afssite.afs.org\/?p=6839"},"modified":"2024-06-05T13:20:13","modified_gmt":"2024-06-05T12:20:13","slug":"italka-ktera-miluje-knedliky-prosim-seznamte-se-s-ali","status":"publish","type":"post","link":"https:\/\/www.afs.cz\/en\/2018\/07\/italka-ktera-miluje-knedliky-prosim-seznamte-se-s-ali\/","title":{"rendered":"Seznamte se s Italkou, kter\u00e1 miluje knedl\u00edky"},"content":{"rendered":"<p>S\u00a0Alessiou, teda Ali (jak j\u00ed \u0159\u00edk\u00e1 jej\u00ed hostitelsk\u00e1 maminka), jsem se sezn\u00e1mila p\u0159es AFS, kde pracuji jako dobrovolnice. K\u00a0moj\u00ed pr\u00e1ci mimo jin\u00e9 pat\u0159\u00ed jednou m\u011bs\u00ed\u010dn\u011b Ali kontaktovat, pop\u0159\u00edpad\u011b se s n\u00ed sej\u00edt a zjistit, jak se da\u0159\u00ed a zdali nem\u00e1 n\u011bjak\u00fd probl\u00e9m. P\u0159i na\u0161em prvn\u00edm setk\u00e1n\u00ed m\u011b ohromilo, jak je tato mal\u00e1 a usm\u011bvav\u00e1 sle\u010dna, \u017eij\u00edc\u00ed nedaleko Ben\u00e1tek, komunikativn\u00ed a p\u0159\u00e1telsk\u00e1. Do\u0161lo mi, \u017ee Ali poch\u00e1z\u00ed z daleko otev\u0159en\u011bj\u0161\u00ed kultury, ne\u017e je ta na\u0161e \u010desk\u00e1. V\u00a0rozhovoru, kter\u00fd jsem s\u00a0Ali pro V\u00e1s p\u0159ipravila m\u011b nap\u0159\u00edklad zaj\u00edmalo, pro\u010d si pro sv\u016fj AFS program vybrala \u010ceskou republiku. Jej\u00ed odpov\u011bdi m\u011b p\u0159im\u011bly zamyslet se tak\u00e9 nad na\u0161\u00ed \u010deskou kulturou.<\/p>\n<p><strong><em>Pro\u010d ses vlastn\u011b rozhodla odjet na mezikulturn\u00ed program?<\/em><\/strong><\/p>\n<p>\u201eCht\u011bla jsem poznat n\u011bco nov\u00e9ho a nezn\u00e1m\u00e9ho, n\u011bco, co u n\u00e1s nikdo nezn\u00e1 a nen\u00ed to obvykl\u00e1 zem\u011b, jako nap\u0159. USA. Tak\u00e9 jsem cht\u011bla poznat novou kulturu, sezn\u00e1mit se s\u00a0nov\u00fdmi lidmi a zbavit se ka\u017edodenn\u00ed rutiny. Mysl\u00edm si, \u017ee tento z\u00e1\u017eitek je velk\u00e1 zku\u0161enost, kter\u00e1 mi p\u0159inese spoustu v\u00fdhod do budouc\u00edho \u017eivota a cht\u011bla jsem p\u0159ekonat tuhle v\u00fdzvu.\u201c<\/p>\n<p><strong><em>Pro\u010d teda \u010cesk\u00e1 republika? Podle v\u011bt\u0161iny \u010cech\u016f p\u0159ece nejsme ni\u010d\u00edm zaj\u00edmav\u00ed, na\u0161e zem\u011b je nudn\u00e1 a nen\u00ed tu nic k\u00a0vid\u011bn\u00ed.<\/em><\/strong><\/p>\n<p>\u201eVlastn\u011b mi tolik ani nez\u00e1le\u017eelo na zemi, do kter\u00e9 pojedu, ale vlastn\u011b bylo jednoduch\u00e9 se sem dostat, proto\u017ee z\u00e1jem nen\u00ed tak velik\u00fd. A vlastn\u011b jsem si \u0159\u00edkala pro\u010d nepoznat tuhle malou \u010d\u00e1st Ruska? Ale te\u010f u\u017e v\u00edm, \u017ee \u010cechy nejsou Rusko a lid\u00e9 tady nemaj\u00ed Rusko zrovna v\u00a0l\u00e1sce, tak\u017ee to u\u017e ne\u0159\u00edk\u00e1m! Sv\u00e9 volby ale nelituji. \u010ce\u0161i jsou sice docela chladn\u00ed a nenavazuj\u00ed p\u0159\u00e1telstv\u00ed s\u00a0cizinci tak snadno, jako jin\u00e9 n\u00e1rody, ale kdy\u017e je pozn\u00e1te, stoj\u00ed to za to!\u201c Pak jsme si spolu dlouho pov\u00eddali o kr\u00e1s\u00e1ch Prahy a \u010ceska, proto\u017ee jich nen\u00ed m\u00e1lo.<\/p>\n<p><strong><em>Jak by se ti l\u00edbilo tu dostudovat nebo rovnou z\u016fstat?<\/em><\/strong><\/p>\n<p>\u201eNo to asi ne, ale nav\u0161t\u011bvovat to tady a d\u011blat v\u00fdlety bych ur\u010dit\u011b moc r\u00e1da. Je tady spoustu m\u00edst na kter\u00fdch jsem nebyla a r\u00e1da bych je n\u011bkdy vid\u011bla. Ale uvid\u00edme, co se stane a t\u0159eba zm\u011bn\u00edm n\u00e1zor.\u201c U t\u00e9to ot\u00e1zky m\u011b Ali pozvala k\u00a0n\u00ed do It\u00e1lie, a to se nedalo odm\u00edtnout! Douf\u00e1m, \u017ee Ben\u00e1tky se mi budou l\u00edbit aspo\u0148 z\u00a0poloviny tak, jako se j\u00ed l\u00edb\u00ed Praha.<\/p>\n<p><strong><em>A co si vlastn\u011b mysl\u00ed\u0161 o j\u00eddle? Mus\u00ed to b\u00fdt oproti It\u00e1lii b\u00fdt velk\u00e1 zm\u011bna.<\/em><\/strong><\/p>\n<p>\u201eMiluju to!\u201c prohl\u00e1sila Ali \u010desky, a to m\u011b rozesm\u00e1lo (v\u017edy m\u00e1m radost z\u00a0pokrok\u016f ve znalostech \u010de\u0161tiny, nebo kdy\u017e se sna\u017e\u00ed kombinovat \u010de\u0161tinu s angli\u010dtinou). Moc r\u00e1da pr\u00fd zkou\u0161\u00ed a ochutn\u00e1v\u00e1 nov\u00e1 j\u00eddla a na\u0161i kuchyni si obl\u00edbila a o tom jsem se i sama p\u0159esv\u011bd\u010dila, kdy\u017e na n\u00e1v\u0161t\u011bv\u011b u moj\u00ed babi\u010dky tahle drobounk\u00e1 hol\u010dina sn\u011bdla \u0161est knedl\u00edk\u016f, kachnu a zel\u00ed. M\u00e1 r\u00e1da maso, ale co j\u00ed tady chyb\u00ed je samoz\u0159ejm\u011b dobr\u00e1 pizza a t\u011bstoviny a na ot\u00e1zku co ti chyb\u00ed nejv\u00edce, automaticky odpov\u011bd\u011bla \u201elasagne.\u201c<\/p>\n<p><strong><em>Jak vych\u00e1z\u00ed\u0161 s\u00a0ostatn\u00edmi studenty a hostitelskou rodinou?<\/em><\/strong><\/p>\n<p>\u201eS\u00a0ostatn\u00edmi studenty se v\u00edd\u00e1me velice \u010dasto a v\u011bt\u0161inu aktivit podnik\u00e1me spole\u010dn\u011b. Jsem opravdu r\u00e1da za tuhle partu lid\u00ed. Hostitelskou rodinu jsem si snad ani nemohla p\u0159\u00e1t lep\u0161\u00ed. Jsou na m\u011b velice mil\u00ed a v\u017edy se mnou po\u010d\u00edtaj\u00ed a p\u0159ipad\u00e1m si jako doma.\u201c<\/p>\n<p>Tahle sympatick\u00e1 a mil\u00e1 sle\u010dna sv\u00fdm \u00fasm\u011bvem a snahou nau\u010dit se n\u011bco nov\u00e9ho, okouzl\u00ed snad ka\u017ed\u00e9ho. Te\u010f si spokojen\u011b cestuje po n\u011bkter\u00fdch Evropsk\u00fdch zem\u00edch a pozn\u00e1v\u00e1 i st\u0159\u00edpky z\u00a0jin\u00fdch zem\u00ed. Douf\u00e1m, \u017ee v\u011bt\u0161ina student\u016f si na\u0161i malou zemi\u010dku zamiluje stejn\u011b a budou se sem r\u00e1di vracet. Ali sice ze za\u010d\u00e1tku chyb\u011bli kamar\u00e1di, rodina, mo\u0159e a n\u011bkter\u00e9 v\u016fn\u011b domova, ale nelituje jedin\u00e9ho dne tady a ka\u017ed\u00fd si podle n\u00ed m\u00e1 j\u00edt za sv\u00fdm snem a toho se budu dr\u017eet, kdy\u017e vid\u00edm jej\u00ed \u0161t\u011bst\u00ed! J\u00e1 se sice na pobyt odjet b\u00e1la, ale te\u010f u\u017e bych nev\u00e1hala, proto jsem r\u00e1da, kdy\u017e vid\u00edm, jak jsou tu studenti \u0161\u0165astn\u00ed a Ali je toho skv\u011bl\u00fdm p\u0159\u00edkladem.<\/p>\n<p>Nat\u00e1lie Vildnerov\u00e1, dobrovolnice AFS, DOS \u00dastecko<\/p>\n","protected":false},"excerpt":{"rendered":"<p>S\u00a0Alessiou, teda Ali (jak j\u00ed \u0159\u00edk\u00e1 jej\u00ed hostitelsk\u00e1 maminka), jsem se sezn\u00e1mila p\u0159es AFS, kde pracuji jako dobrovolnice. K\u00a0moj\u00ed pr\u00e1ci&hellip;<\/p>\n","protected":false},"author":351,"featured_media":6857,"comment_status":"open","ping_status":"open","sticky":false,"template":"","format":"standard","meta":{"footnotes":""},"categories":[188,49],"tags":[],"class_list":["post-6839","post","type-post","status-publish","format-standard","has-post-thumbnail","hentry","category-archiv","category-hostitelsky-program"],"yoast_head":"<!-- This site is optimized with the Yoast SEO Premium plugin v26.6 (Yoast SEO v26.6) - https:\/\/yoast.com\/wordpress\/plugins\/seo\/ -->\n<title>Seznamte se s Italkou, kter\u00e1 miluje knedl\u00edky - Mezikulturn\u00ed programy<\/title>\n<meta name=\"robots\" content=\"index, follow, max-snippet:-1, max-image-preview:large, max-video-preview:-1\" \/>\n<link rel=\"canonical\" href=\"https:\/\/www.afs.cz\/en\/2018\/07\/italka-ktera-miluje-knedliky-prosim-seznamte-se-s-ali\/\" \/>\n<meta property=\"og:locale\" content=\"en_US\" \/>\n<meta property=\"og:type\" content=\"article\" \/>\n<meta property=\"og:title\" content=\"Seznamte se s Italkou, kter\u00e1 miluje knedl\u00edky\" \/>\n<meta property=\"og:description\" content=\"S\u00a0Alessiou, teda Ali (jak j\u00ed \u0159\u00edk\u00e1 jej\u00ed hostitelsk\u00e1 maminka), jsem se sezn\u00e1mila p\u0159es AFS, kde pracuji jako dobrovolnice. K\u00a0moj\u00ed pr\u00e1ci&hellip;\" \/>\n<meta property=\"og:url\" content=\"https:\/\/www.afs.cz\/en\/2018\/07\/italka-ktera-miluje-knedliky-prosim-seznamte-se-s-ali\/\" \/>\n<meta property=\"og:site_name\" content=\"Mezikulturn\u00ed programy\" \/>\n<meta property=\"article:published_time\" content=\"2018-07-12T11:51:16+00:00\" \/>\n<meta property=\"article:modified_time\" content=\"2024-06-05T12:20:13+00:00\" \/>\n<meta property=\"og:image\" content=\"https:\/\/d22dvihj4pfop3.cloudfront.net\/wp-content\/uploads\/sites\/84\/2018\/07\/12131809\/7-pizza-nebo-knedl%C3%ADky2.jpg\" \/>\n\t<meta property=\"og:image:width\" content=\"548\" \/>\n\t<meta property=\"og:image:height\" content=\"279\" \/>\n\t<meta property=\"og:image:type\" content=\"image\/jpeg\" \/>\n<meta name=\"author\" content=\"afscesko\" \/>\n<meta name=\"twitter:card\" content=\"summary_large_image\" \/>\n<meta name=\"twitter:label1\" content=\"Written by\" \/>\n\t<meta name=\"twitter:data1\" content=\"afscesko\" \/>\n\t<meta name=\"twitter:label2\" content=\"Est. reading time\" \/>\n\t<meta name=\"twitter:data2\" content=\"4 minutes\" \/>\n<script type=\"application\/ld+json\" class=\"yoast-schema-graph\">{\"@context\":\"https:\/\/schema.org\",\"@graph\":[{\"@type\":\"WebPage\",\"@id\":\"https:\/\/www.afs.cz\/en\/2018\/07\/italka-ktera-miluje-knedliky-prosim-seznamte-se-s-ali\/\",\"url\":\"https:\/\/www.afs.cz\/en\/2018\/07\/italka-ktera-miluje-knedliky-prosim-seznamte-se-s-ali\/\",\"name\":\"Seznamte se s Italkou, kter\u00e1 miluje knedl\u00edky - Mezikulturn\u00ed programy\",\"isPartOf\":{\"@id\":\"https:\/\/www.afs.cz\/en\/#website\"},\"primaryImageOfPage\":{\"@id\":\"https:\/\/www.afs.cz\/en\/2018\/07\/italka-ktera-miluje-knedliky-prosim-seznamte-se-s-ali\/#primaryimage\"},\"image\":{\"@id\":\"https:\/\/www.afs.cz\/en\/2018\/07\/italka-ktera-miluje-knedliky-prosim-seznamte-se-s-ali\/#primaryimage\"},\"thumbnailUrl\":\"https:\/\/d22dvihj4pfop3.cloudfront.net\/wp-content\/uploads\/sites\/84\/2018\/07\/12131809\/7-pizza-nebo-knedl%C3%ADky2.jpg\",\"datePublished\":\"2018-07-12T11:51:16+00:00\",\"dateModified\":\"2024-06-05T12:20:13+00:00\",\"author\":{\"@id\":\"https:\/\/www.afs.cz\/en\/#\/schema\/person\/bc52da0be76098030e75baeb919827ff\"},\"breadcrumb\":{\"@id\":\"https:\/\/www.afs.cz\/en\/2018\/07\/italka-ktera-miluje-knedliky-prosim-seznamte-se-s-ali\/#breadcrumb\"},\"inLanguage\":\"en-US\",\"potentialAction\":[{\"@type\":\"ReadAction\",\"target\":[\"https:\/\/www.afs.cz\/en\/2018\/07\/italka-ktera-miluje-knedliky-prosim-seznamte-se-s-ali\/\"]}]},{\"@type\":\"ImageObject\",\"inLanguage\":\"en-US\",\"@id\":\"https:\/\/www.afs.cz\/en\/2018\/07\/italka-ktera-miluje-knedliky-prosim-seznamte-se-s-ali\/#primaryimage\",\"url\":\"https:\/\/d22dvihj4pfop3.cloudfront.net\/wp-content\/uploads\/sites\/84\/2018\/07\/12131809\/7-pizza-nebo-knedl%C3%ADky2.jpg\",\"contentUrl\":\"https:\/\/d22dvihj4pfop3.cloudfront.net\/wp-content\/uploads\/sites\/84\/2018\/07\/12131809\/7-pizza-nebo-knedl%C3%ADky2.jpg\",\"width\":548,\"height\":279},{\"@type\":\"BreadcrumbList\",\"@id\":\"https:\/\/www.afs.cz\/en\/2018\/07\/italka-ktera-miluje-knedliky-prosim-seznamte-se-s-ali\/#breadcrumb\",\"itemListElement\":[{\"@type\":\"ListItem\",\"position\":1,\"name\":\"Home\",\"item\":\"https:\/\/czechrepublic.afssite.afs.org\/en\/\"},{\"@type\":\"ListItem\",\"position\":2,\"name\":\"Seznamte se s Italkou, kter\u00e1 miluje knedl\u00edky\"}]},{\"@type\":\"WebSite\",\"@id\":\"https:\/\/www.afs.cz\/en\/#website\",\"url\":\"https:\/\/www.afs.cz\/en\/\",\"name\":\"Mezikulturn\u00ed programy\",\"description\":\"Studium v zahrani\u010d\u00ed, hostitelsk\u00fd program, vzd\u011bl\u00e1vac\u00ed programy, dobrovolnictv\u00ed a mnoho dal\u0161\u00edho.\",\"potentialAction\":[{\"@type\":\"SearchAction\",\"target\":{\"@type\":\"EntryPoint\",\"urlTemplate\":\"https:\/\/www.afs.cz\/en\/?s={search_term_string}\"},\"query-input\":{\"@type\":\"PropertyValueSpecification\",\"valueRequired\":true,\"valueName\":\"search_term_string\"}}],\"inLanguage\":\"en-US\"},{\"@type\":\"Person\",\"@id\":\"https:\/\/www.afs.cz\/en\/#\/schema\/person\/bc52da0be76098030e75baeb919827ff\",\"name\":\"afscesko\",\"image\":{\"@type\":\"ImageObject\",\"inLanguage\":\"en-US\",\"@id\":\"https:\/\/www.afs.cz\/en\/#\/schema\/person\/image\/\",\"url\":\"https:\/\/secure.gravatar.com\/avatar\/eda270bfa745d003b9a210dc384a8c22e1a05bc41e5280645d3e2968a117c931?s=96&d=mm&r=g\",\"contentUrl\":\"https:\/\/secure.gravatar.com\/avatar\/eda270bfa745d003b9a210dc384a8c22e1a05bc41e5280645d3e2968a117c931?s=96&d=mm&r=g\",\"caption\":\"afscesko\"},\"url\":\"https:\/\/www.afs.cz\/en\/author\/afscesko\/\"}]}<\/script>\n<!-- \/ Yoast SEO Premium plugin. -->","yoast_head_json":{"title":"Seznamte se s Italkou, kter\u00e1 miluje knedl\u00edky - Mezikulturn\u00ed programy","robots":{"index":"index","follow":"follow","max-snippet":"max-snippet:-1","max-image-preview":"max-image-preview:large","max-video-preview":"max-video-preview:-1"},"canonical":"https:\/\/www.afs.cz\/en\/2018\/07\/italka-ktera-miluje-knedliky-prosim-seznamte-se-s-ali\/","og_locale":"en_US","og_type":"article","og_title":"Seznamte se s Italkou, kter\u00e1 miluje knedl\u00edky","og_description":"S\u00a0Alessiou, teda Ali (jak j\u00ed \u0159\u00edk\u00e1 jej\u00ed hostitelsk\u00e1 maminka), jsem se sezn\u00e1mila p\u0159es AFS, kde pracuji jako dobrovolnice. K\u00a0moj\u00ed pr\u00e1ci&hellip;","og_url":"https:\/\/www.afs.cz\/en\/2018\/07\/italka-ktera-miluje-knedliky-prosim-seznamte-se-s-ali\/","og_site_name":"Mezikulturn\u00ed programy","article_published_time":"2018-07-12T11:51:16+00:00","article_modified_time":"2024-06-05T12:20:13+00:00","og_image":[{"url":"https:\/\/d22dvihj4pfop3.cloudfront.net\/wp-content\/uploads\/sites\/84\/2018\/07\/12131809\/7-pizza-nebo-knedl%C3%ADky2.jpg","width":548,"height":279,"type":"image\/jpeg"}],"author":"afscesko","twitter_card":"summary_large_image","twitter_misc":{"Written by":"afscesko","Est. reading time":"4 minutes"},"schema":{"@context":"https:\/\/schema.org","@graph":[{"@type":"WebPage","@id":"https:\/\/www.afs.cz\/en\/2018\/07\/italka-ktera-miluje-knedliky-prosim-seznamte-se-s-ali\/","url":"https:\/\/www.afs.cz\/en\/2018\/07\/italka-ktera-miluje-knedliky-prosim-seznamte-se-s-ali\/","name":"Seznamte se s Italkou, kter\u00e1 miluje knedl\u00edky - Mezikulturn\u00ed programy","isPartOf":{"@id":"https:\/\/www.afs.cz\/en\/#website"},"primaryImageOfPage":{"@id":"https:\/\/www.afs.cz\/en\/2018\/07\/italka-ktera-miluje-knedliky-prosim-seznamte-se-s-ali\/#primaryimage"},"image":{"@id":"https:\/\/www.afs.cz\/en\/2018\/07\/italka-ktera-miluje-knedliky-prosim-seznamte-se-s-ali\/#primaryimage"},"thumbnailUrl":"https:\/\/d22dvihj4pfop3.cloudfront.net\/wp-content\/uploads\/sites\/84\/2018\/07\/12131809\/7-pizza-nebo-knedl%C3%ADky2.jpg","datePublished":"2018-07-12T11:51:16+00:00","dateModified":"2024-06-05T12:20:13+00:00","author":{"@id":"https:\/\/www.afs.cz\/en\/#\/schema\/person\/bc52da0be76098030e75baeb919827ff"},"breadcrumb":{"@id":"https:\/\/www.afs.cz\/en\/2018\/07\/italka-ktera-miluje-knedliky-prosim-seznamte-se-s-ali\/#breadcrumb"},"inLanguage":"en-US","potentialAction":[{"@type":"ReadAction","target":["https:\/\/www.afs.cz\/en\/2018\/07\/italka-ktera-miluje-knedliky-prosim-seznamte-se-s-ali\/"]}]},{"@type":"ImageObject","inLanguage":"en-US","@id":"https:\/\/www.afs.cz\/en\/2018\/07\/italka-ktera-miluje-knedliky-prosim-seznamte-se-s-ali\/#primaryimage","url":"https:\/\/d22dvihj4pfop3.cloudfront.net\/wp-content\/uploads\/sites\/84\/2018\/07\/12131809\/7-pizza-nebo-knedl%C3%ADky2.jpg","contentUrl":"https:\/\/d22dvihj4pfop3.cloudfront.net\/wp-content\/uploads\/sites\/84\/2018\/07\/12131809\/7-pizza-nebo-knedl%C3%ADky2.jpg","width":548,"height":279},{"@type":"BreadcrumbList","@id":"https:\/\/www.afs.cz\/en\/2018\/07\/italka-ktera-miluje-knedliky-prosim-seznamte-se-s-ali\/#breadcrumb","itemListElement":[{"@type":"ListItem","position":1,"name":"Home","item":"https:\/\/czechrepublic.afssite.afs.org\/en\/"},{"@type":"ListItem","position":2,"name":"Seznamte se s Italkou, kter\u00e1 miluje knedl\u00edky"}]},{"@type":"WebSite","@id":"https:\/\/www.afs.cz\/en\/#website","url":"https:\/\/www.afs.cz\/en\/","name":"Mezikulturn\u00ed programy","description":"Studium v zahrani\u010d\u00ed, hostitelsk\u00fd program, vzd\u011bl\u00e1vac\u00ed programy, dobrovolnictv\u00ed a mnoho dal\u0161\u00edho.","potentialAction":[{"@type":"SearchAction","target":{"@type":"EntryPoint","urlTemplate":"https:\/\/www.afs.cz\/en\/?s={search_term_string}"},"query-input":{"@type":"PropertyValueSpecification","valueRequired":true,"valueName":"search_term_string"}}],"inLanguage":"en-US"},{"@type":"Person","@id":"https:\/\/www.afs.cz\/en\/#\/schema\/person\/bc52da0be76098030e75baeb919827ff","name":"afscesko","image":{"@type":"ImageObject","inLanguage":"en-US","@id":"https:\/\/www.afs.cz\/en\/#\/schema\/person\/image\/","url":"https:\/\/secure.gravatar.com\/avatar\/eda270bfa745d003b9a210dc384a8c22e1a05bc41e5280645d3e2968a117c931?s=96&d=mm&r=g","contentUrl":"https:\/\/secure.gravatar.com\/avatar\/eda270bfa745d003b9a210dc384a8c22e1a05bc41e5280645d3e2968a117c931?s=96&d=mm&r=g","caption":"afscesko"},"url":"https:\/\/www.afs.cz\/en\/author\/afscesko\/"}]}},"_links":{"self":[{"href":"https:\/\/www.afs.cz\/en\/wp-json\/wp\/v2\/posts\/6839","targetHints":{"allow":["GET"]}}],"collection":[{"href":"https:\/\/www.afs.cz\/en\/wp-json\/wp\/v2\/posts"}],"about":[{"href":"https:\/\/www.afs.cz\/en\/wp-json\/wp\/v2\/types\/post"}],"author":[{"embeddable":true,"href":"https:\/\/www.afs.cz\/en\/wp-json\/wp\/v2\/users\/351"}],"replies":[{"embeddable":true,"href":"https:\/\/www.afs.cz\/en\/wp-json\/wp\/v2\/comments?post=6839"}],"version-history":[{"count":5,"href":"https:\/\/www.afs.cz\/en\/wp-json\/wp\/v2\/posts\/6839\/revisions"}],"predecessor-version":[{"id":21992,"href":"https:\/\/www.afs.cz\/en\/wp-json\/wp\/v2\/posts\/6839\/revisions\/21992"}],"wp:featuredmedia":[{"embeddable":true,"href":"https:\/\/www.afs.cz\/en\/wp-json\/wp\/v2\/media\/6857"}],"wp:attachment":[{"href":"https:\/\/www.afs.cz\/en\/wp-json\/wp\/v2\/media?parent=6839"}],"wp:term":[{"taxonomy":"category","embeddable":true,"href":"https:\/\/www.afs.cz\/en\/wp-json\/wp\/v2\/categories?post=6839"},{"taxonomy":"post_tag","embeddable":true,"href":"https:\/\/www.afs.cz\/en\/wp-json\/wp\/v2\/tags?post=6839"}],"curies":[{"name":"wp","href":"https:\/\/api.w.org\/{rel}","templated":true}]}}