{"id":6418,"date":"2019-06-13T10:00:25","date_gmt":"2019-06-13T09:00:25","guid":{"rendered":"http:\/\/czechrepublic.afssite.afs.org\/?p=6418"},"modified":"2023-06-23T14:57:21","modified_gmt":"2023-06-23T13:57:21","slug":"video-greplovi-z-brandysa-nad-labem-a-jejich-zkusenost-s-hostitelskym-programem","status":"publish","type":"post","link":"https:\/\/www.afs.cz\/en\/2019\/06\/video-greplovi-z-brandysa-nad-labem-a-jejich-zkusenost-s-hostitelskym-programem\/","title":{"rendered":"Greplovi &#8211; N\u00e1\u0161 \u017eivot se studenty ze zahrani\u010d\u00ed"},"content":{"rendered":"<p>Vz\u00edt si studenta byla jedna impulzivn\u00ed my\u0161lenka z\u00a0na\u0161eho rodinn\u00e9ho v\u00fdletu, kde jsme narazili na st\u00e1nek AFS a dostali let\u00e1\u010dek s\u00a0informac\u00ed o t\u00e9to mo\u017enosti. Zkontaktovali jsme tedy kancel\u00e1\u0159 a z\u00edskali jsme na\u0161eho prvn\u00edho studenta.<\/p>\n<p>Ho\u0161t\u011bn\u00ed je prima. Jen si podle m\u011b mus\u00edte uv\u011bdomit na za\u010d\u00e1tku dv\u011b d\u016fle\u017eit\u00e9 v\u011bci. Ta prvn\u00ed je, \u017ee z\u00edsk\u00e1te trochu jin\u00fd pohled na Va\u0161i vlastn\u00ed rodinu, na to jak fungujete, jak\u00e9 jsou va\u0161e d\u011bti. To druh\u00e1 a snad je\u0161t\u011b d\u016fle\u017eit\u011bj\u0161\u00ed my\u0161lenka je, \u017ee ho\u0161t\u011bn\u00fd student p\u0159ijel do \u010cR za pozn\u00e1n\u00edm a zku\u0161enost\u00ed, nikoli abychom ho zde p\u0159evychov\u00e1vali. V\u017edy\u0165, co bychom si sami p\u0159\u00e1li pro na\u0161e vlastn\u00ed d\u011bti, ne\u017e aby si pobyt u\u017eily a c\u00edtily se \u0161\u0165astn\u00e9.<\/p>\n<p>Na\u0161e rodina tedy ji\u017e hostila n\u011bkolikr\u00e1t. Zjistili jsme, \u017ee pro n\u00e1s je p\u0159\u00edjemn\u011bj\u0161\u00ed sd\u00edlet dom\u00e1cnost se studentkou, p\u0159ece jen je n\u00e1s doma v\u00edc holek. Ho\u0161t\u011bn\u00ed n\u00e1m v\u017edy p\u0159ineslo spoustu b\u00e1je\u010dn\u00fdch z\u00e1\u017eitk\u016f a poznatk\u016f. D\u00edky student\u016fm l\u00e9pe pozn\u00e1v\u00e1me kr\u00e1sn\u00e1 m\u00edsta \u010cR, a \u017ee jich je nevy\u010derpateln\u011b, d\u011bl\u00e1me v\u00edce rodinn\u00fdch v\u00fdlet\u016f ne\u017e p\u0159edt\u00edm, kdy n\u00e1s to t\u00e1hlo sp\u00ed\u0161 jen k\u00a0mo\u0159i. Tak\u017ee pro na\u0161e d\u011bti p\u0159\u00edjemn\u00e9 pozn\u00e1n\u00ed do d\u011bjepisu a zem\u011bpisu.<\/p>\n<p>Ka\u017ed\u00fd \u010dlen na\u0161\u00ed rodiny si uv\u011bdomil, jak na tom je nebo nen\u00ed s\u00a0komunikac\u00ed a s\u00a0angli\u010dtinou obzvl\u00e1\u0161\u0165. Krom\u011b mal\u00fdch d\u011bt\u00ed, a ty jsou zas tak bezprost\u0159edn\u00ed, \u017ee je to rozhodn\u011b nerozhod\u00ed, \u017ee nerozum\u00ed, p\u0159inesou \u201e\u010clov\u011b\u010de, nezlob se\u201c nebo \u201e\u010cern\u00e9ho Petra\u201c a mezin\u00e1rodn\u00ed hry mohou za\u010d\u00edt.<\/p>\n<p>Ho\u0161t\u011bn\u00ed n\u00e1m dalo poznat nov\u00e9 kultury, my\u0161len\u00ed lid\u00ed a tak\u00e9, \u017ee to, co je pro n\u00e1s samoz\u0159ejmost, nemus\u00ed u\u017e platit nikde na sv\u011bt\u011b. A z\u00e1\u017eitky? Kdy\u017e student z\u00a0Paraguaye vid\u00ed poprv\u00e9 padat sn\u00edh, poprv\u00e9 se postav\u00ed na brusle na zamrzl\u00e9m rybn\u00edce a na\u0161e mal\u00e9 d\u011bti mu k\u00a0tomu je\u0161t\u011b state\u010dn\u011b podr\u00e1\u017eej\u00ed nohy hokejkou. Vy vid\u00edte to \u0161t\u011bst\u00ed v\u00a0o\u010d\u00edch. \u0160t\u011bst\u00ed, kter\u00e9 je pro n\u00e1s tak samoz\u0159ejm\u00e1 v\u011bc. Kdy\u017e vid\u00edte n\u011bkoho poprv\u00e9 s\u00e1\u0148kovat a sna\u017e\u00edte se mu vysv\u011btlit, \u017ee venku je 5 pod nulou a nem\u016f\u017ee j\u00edt ven jen ve svet\u0159\u00edku. Kdy\u017e n\u011bkdo poprv\u00e9 vid\u00ed barvy podzimu s\u00a0poletuj\u00edc\u00edm list\u00edm nebo naopak z\u00a0\u0161edi zimy se probudit jaro. Kdy\u017e n\u011bkdo vych\u00e1z\u00ed l\u00e1\u017eo pl\u00e1\u017eo na autobus, kter\u00fd jede jen jeden r\u00e1no z\u00a0na\u0161\u00ed vesnice a vy ho MUS\u00cdTE stihnout, proto\u017ee to tu nefunguje jako v\u00a0Ji\u017en\u00ed Americe, hodina sem, hodina tam. Jsou to nervy, ale kr\u00e1sn\u00e9.<\/p>\n<p>Letos host\u00edme studentku z\u00a0It\u00e1lie. Vybrali jsme si ji, proto\u017ee z\u00e1vodn\u011b plavala a na\u0161e d\u011bti se plav\u00e1n\u00ed tak\u00e9 v\u011bnuj\u00ed. Je to velmi mil\u00e1, komunikativn\u00ed d\u00edvka, kter\u00e1 do na\u0161\u00ed rodiny okam\u017eit\u011b zapadla, jakoby s\u00a0n\u00e1mi bydlela odjak\u017eiva. Pobyt m\u00e1 na rok, ale \u010das s\u00a0n\u00ed b\u011b\u017e\u00ed, \u017ee se mi ani nechce pomyslet, \u017ee se budeme muset za chvilku rozlou\u010dit. Asi na leti\u0161ti cel\u00e1 na\u0161e rodina p\u0159i lou\u010den\u00ed zam\u00e1\u010dkne hodn\u011b slz, tak hluboko je Alessia v\u00a0na\u0161ich srdc\u00edch. Alessia a m\u00e1 dcera Iva jsou stejn\u011b star\u00e9. Ob\u011b tedy z\u00edskaly stejn\u011b starou sestru. A je s\u00a0nimi opravdu sranda. Ob\u010das n\u011bkter\u00e1 p\u0159ijde r\u00e1no v\u00a0oble\u010den\u00ed, kter\u00e9 je t\u00e9 druh\u00e9, a hrozn\u011b se podiv\u00ed. No neva, jsou sestry. S\u00a0rann\u00edm bojem o koupelnu, kdy si ob\u011b pot\u0159ebuj\u00ed pudrovat hodinu nos, je je\u0161t\u011b v\u011bt\u0161\u00ed sranda, ale i v\u00a0tom si holky ud\u011blaly syst\u00e9m. R\u00e1no si vz\u00e1jemn\u011b va\u0159\u00ed \u010daj ke sn\u00eddani a pak spolu jedou do Prahy do \u0161koly. Jsou jako blond and black, ka\u017ed\u00e1 trochu jin\u00e1 a p\u0159itom tak stejn\u00e9.<\/p>\n<p>N\u00e1\u0161 syn Roman kone\u010dn\u011b pochopil, \u017ee jeho znalost angli\u010dtiny je sice ve \u0161kole na jedna, ale \u017ee p\u0159eci jen pot\u0159ebuje v\u00edce t\u011bch komunika\u010dn\u00edch schopnost\u00ed ne\u017e-li \u0161koln\u00edch fr\u00e1z\u00ed. Tak\u017ee i jeho komunikace se studenty nut\u00ed k lep\u0161\u00edm v\u00fdsledk\u016fm. On s\u00e1m pochopil, jak je to pro n\u011bj d\u016fle\u017eit\u00e9! A j\u00e1 jsem r\u00e1da, v\u017edy\u0165 proto jsem se do ho\u0161t\u011bn\u00ed pustila. Tak\u00e9 n\u00e1s Alessia nau\u010dila va\u0159it spr\u00e1vn\u00e9 italsk\u00e9 \u0161pagety, k\u00e1vu a hlavn\u011b skv\u011bl\u00e9 tyraminu. Vyhr\u00e1la s n\u00edm i jednu AFS sout\u011b\u017e.<\/p>\n<p>O pr\u00e1zdnin\u00e1ch jedeme za italskou rodinou k nim do Pesara. U\u017e se moc t\u011b\u0161\u00edme nejen na na\u0161i milou novou rodinu a mo\u0159e, t\u011b\u0161\u00edme se, \u017ee pozn\u00e1me It\u00e1lii jinak ne\u017e z hotelov\u00e9ho pokoje, pl\u00e1\u017ee a v\u00fdletu pro turisty. Doma pomalu za\u010d\u00edn\u00e1me diskutovat, jak\u00e9ho studenta bychom si p\u0159\u00e1li dal\u0161\u00ed rok. Jestli z\u016fstaneme v\u00a0Evrop\u011b nebo chceme poznat Asii \u010di se snad zas vr\u00e1tit k\u00a0Ji\u017en\u00ed Americe\u2026???<\/p>\n<p>P\u0159\u00e1la bych v\u0161em rodin\u00e1m, a\u0165 student p\u0159inese sv\u011btlo a \u010derstv\u00fd v\u00e1nek do jejich rodin. Je to vynikaj\u00edc\u00ed zku\u0161enost a sta\u010d\u00ed tak m\u00e1lo &#8211; JEN SI TO U\u017d\u00cdT.<\/p>\n<p>&#8211; Eva Greplov\u00e1, hostitelsk\u00e1 maminka<\/p>\n<hr \/>\n<h3><strong>P\u0159iv\u00edtejte sv\u011bt u v\u00e1s doma<\/strong><\/h3>\n<p>Ho\u0161t\u011bn\u00ed AFS zahrani\u010dn\u00edho studenta je z\u00e1\u017eitek, kter\u00fd s sebou p\u0159in\u00e1\u0161\u00ed zku\u0161enosti a nadhled pot\u0159ebn\u00e9 pro sou\u010dasn\u00fd sv\u011bt. Je to z\u00e1\u017eitek pro celou rodinu, kter\u00fd napom\u00e1h\u00e1 nejenom v rozvoji komunikace a empatie, ale tak\u00e9 je to skv\u011bl\u00e1 mo\u017enost, jak si prohloubit znalosti o ciz\u00ed kultu\u0159e a osvojit si z\u00e1klady nov\u00e9ho jazyka.<\/p>\n<p>Pokud i v\u00e1s l\u00e1k\u00e1 my\u0161lenka nov\u00e9ho \u010dlena rodiny, nev\u00e1hejte a kontaktujte na\u0161i koordin\u00e1torku Lucii. V\u00edce informac\u00ed o AFS hostitelsk\u00e9m programu a konkr\u00e9tn\u00ed medailonky student\u016f, kte\u0159\u00ed se v leto\u0161n\u00edm roce chystaj\u00ed do \u010cesk\u00e9 republiky, naleznete zde:\u00a0<a href=\"https:\/\/www.afs.cz\/hostitelsky-program\/?utm_source=web&amp;utm_medium=blog&amp;utm_campaign=HF_clanky&amp;utm_term=greplovi\" target=\"_blank\" rel=\"nofollow noopener\">www.afs.cz\/hostitelsky-program\/<\/a><\/p>\n<p>Spojit se s n\u00e1mi m\u016f\u017eete tak\u00e9 p\u0159es kontaktn\u00ed formul\u00e1\u0159 a my se v\u00e1m ozveme do t\u0159\u00ed pracovn\u00edch dn\u00ed:\u00a0<a href=\"https:\/\/www.afs.cz\/hostitelsky-program\/kontaktni-formular-pro-hostitelske-rodiny\/?utm_source=web&amp;utm_medium=blog&amp;utm_campaign=HF_clanky&amp;utm_term=greplovi\">www.afs.cz\/kontaktni-formular-pro-hostitelske-rodiny\/<\/a><\/p>\n<h3 class=\"panel-wysiwyg__column-title h3\" data-name=\"title\" data-livetext=\"\"><strong>Lucie Ber\u00e1nkov\u00e1<\/strong><\/h3>\n<div class=\"panel-wysiwyg__column-content\">\n<div class=\"context-content\" data-name=\"content\" data-livetext=\"\">\n<p>AFS koordin\u00e1torka hostitelsk\u00e9ho programu<br \/>\nE:\u00a0<a href=\"mailto:lucie.berankova@afs.org\">lucie.berankova@afs.org<br \/>\n<\/a>M: 602 334 427<\/p>\n<\/div>\n<\/div>\n","protected":false},"excerpt":{"rendered":"<p>Vz\u00edt si studenta byla jedna impulzivn\u00ed my\u0161lenka z\u00a0na\u0161eho rodinn\u00e9ho v\u00fdletu, kde jsme narazili na st\u00e1nek AFS a dostali let\u00e1\u010dek s\u00a0informac\u00ed&hellip;<\/p>\n","protected":false},"author":351,"featured_media":0,"comment_status":"open","ping_status":"open","sticky":false,"template":"","format":"standard","meta":{"footnotes":""},"categories":[150],"tags":[],"class_list":["post-6418","post","type-post","status-publish","format-standard","hentry","category-pribehy-hostitelskych-rodin"],"yoast_head":"<!-- This site is optimized with the Yoast SEO Premium plugin v26.6 (Yoast SEO v26.6) - https:\/\/yoast.com\/wordpress\/plugins\/seo\/ -->\n<title>Greplovi - N\u00e1\u0161 \u017eivot se studenty ze zahrani\u010d\u00ed - Mezikulturn\u00ed programy<\/title>\n<meta name=\"robots\" content=\"index, follow, max-snippet:-1, max-image-preview:large, max-video-preview:-1\" \/>\n<link rel=\"canonical\" href=\"https:\/\/www.afs.cz\/en\/2019\/06\/video-greplovi-z-brandysa-nad-labem-a-jejich-zkusenost-s-hostitelskym-programem\/\" \/>\n<meta property=\"og:locale\" content=\"en_US\" \/>\n<meta property=\"og:type\" content=\"article\" \/>\n<meta property=\"og:title\" content=\"Greplovi - N\u00e1\u0161 \u017eivot se studenty ze zahrani\u010d\u00ed\" \/>\n<meta property=\"og:description\" content=\"Vz\u00edt si studenta byla jedna impulzivn\u00ed my\u0161lenka z\u00a0na\u0161eho rodinn\u00e9ho v\u00fdletu, kde jsme narazili na st\u00e1nek AFS a dostali let\u00e1\u010dek s\u00a0informac\u00ed&hellip;\" \/>\n<meta property=\"og:url\" content=\"https:\/\/www.afs.cz\/en\/2019\/06\/video-greplovi-z-brandysa-nad-labem-a-jejich-zkusenost-s-hostitelskym-programem\/\" \/>\n<meta property=\"og:site_name\" content=\"Mezikulturn\u00ed programy\" \/>\n<meta property=\"article:published_time\" content=\"2019-06-13T09:00:25+00:00\" \/>\n<meta property=\"article:modified_time\" content=\"2023-06-23T13:57:21+00:00\" \/>\n<meta name=\"author\" content=\"afscesko\" \/>\n<meta name=\"twitter:card\" content=\"summary_large_image\" \/>\n<meta name=\"twitter:label1\" content=\"Written by\" \/>\n\t<meta name=\"twitter:data1\" content=\"afscesko\" \/>\n\t<meta name=\"twitter:label2\" content=\"Est. reading time\" \/>\n\t<meta name=\"twitter:data2\" content=\"6 minutes\" \/>\n<script type=\"application\/ld+json\" class=\"yoast-schema-graph\">{\"@context\":\"https:\/\/schema.org\",\"@graph\":[{\"@type\":\"WebPage\",\"@id\":\"https:\/\/www.afs.cz\/en\/2019\/06\/video-greplovi-z-brandysa-nad-labem-a-jejich-zkusenost-s-hostitelskym-programem\/\",\"url\":\"https:\/\/www.afs.cz\/en\/2019\/06\/video-greplovi-z-brandysa-nad-labem-a-jejich-zkusenost-s-hostitelskym-programem\/\",\"name\":\"Greplovi - N\u00e1\u0161 \u017eivot se studenty ze zahrani\u010d\u00ed - Mezikulturn\u00ed programy\",\"isPartOf\":{\"@id\":\"https:\/\/www.afs.cz\/en\/#website\"},\"datePublished\":\"2019-06-13T09:00:25+00:00\",\"dateModified\":\"2023-06-23T13:57:21+00:00\",\"author\":{\"@id\":\"https:\/\/www.afs.cz\/en\/#\/schema\/person\/bc52da0be76098030e75baeb919827ff\"},\"breadcrumb\":{\"@id\":\"https:\/\/www.afs.cz\/en\/2019\/06\/video-greplovi-z-brandysa-nad-labem-a-jejich-zkusenost-s-hostitelskym-programem\/#breadcrumb\"},\"inLanguage\":\"en-US\",\"potentialAction\":[{\"@type\":\"ReadAction\",\"target\":[\"https:\/\/www.afs.cz\/en\/2019\/06\/video-greplovi-z-brandysa-nad-labem-a-jejich-zkusenost-s-hostitelskym-programem\/\"]}]},{\"@type\":\"BreadcrumbList\",\"@id\":\"https:\/\/www.afs.cz\/en\/2019\/06\/video-greplovi-z-brandysa-nad-labem-a-jejich-zkusenost-s-hostitelskym-programem\/#breadcrumb\",\"itemListElement\":[{\"@type\":\"ListItem\",\"position\":1,\"name\":\"Home\",\"item\":\"https:\/\/czechrepublic.afssite.afs.org\/en\/\"},{\"@type\":\"ListItem\",\"position\":2,\"name\":\"Greplovi &#8211; N\u00e1\u0161 \u017eivot se studenty ze zahrani\u010d\u00ed\"}]},{\"@type\":\"WebSite\",\"@id\":\"https:\/\/www.afs.cz\/en\/#website\",\"url\":\"https:\/\/www.afs.cz\/en\/\",\"name\":\"Mezikulturn\u00ed programy\",\"description\":\"Studium v zahrani\u010d\u00ed, hostitelsk\u00fd program, vzd\u011bl\u00e1vac\u00ed programy, dobrovolnictv\u00ed a mnoho dal\u0161\u00edho.\",\"potentialAction\":[{\"@type\":\"SearchAction\",\"target\":{\"@type\":\"EntryPoint\",\"urlTemplate\":\"https:\/\/www.afs.cz\/en\/?s={search_term_string}\"},\"query-input\":{\"@type\":\"PropertyValueSpecification\",\"valueRequired\":true,\"valueName\":\"search_term_string\"}}],\"inLanguage\":\"en-US\"},{\"@type\":\"Person\",\"@id\":\"https:\/\/www.afs.cz\/en\/#\/schema\/person\/bc52da0be76098030e75baeb919827ff\",\"name\":\"afscesko\",\"image\":{\"@type\":\"ImageObject\",\"inLanguage\":\"en-US\",\"@id\":\"https:\/\/www.afs.cz\/en\/#\/schema\/person\/image\/\",\"url\":\"https:\/\/secure.gravatar.com\/avatar\/eda270bfa745d003b9a210dc384a8c22e1a05bc41e5280645d3e2968a117c931?s=96&d=mm&r=g\",\"contentUrl\":\"https:\/\/secure.gravatar.com\/avatar\/eda270bfa745d003b9a210dc384a8c22e1a05bc41e5280645d3e2968a117c931?s=96&d=mm&r=g\",\"caption\":\"afscesko\"},\"url\":\"https:\/\/www.afs.cz\/en\/author\/afscesko\/\"}]}<\/script>\n<!-- \/ Yoast SEO Premium plugin. -->","yoast_head_json":{"title":"Greplovi - N\u00e1\u0161 \u017eivot se studenty ze zahrani\u010d\u00ed - Mezikulturn\u00ed programy","robots":{"index":"index","follow":"follow","max-snippet":"max-snippet:-1","max-image-preview":"max-image-preview:large","max-video-preview":"max-video-preview:-1"},"canonical":"https:\/\/www.afs.cz\/en\/2019\/06\/video-greplovi-z-brandysa-nad-labem-a-jejich-zkusenost-s-hostitelskym-programem\/","og_locale":"en_US","og_type":"article","og_title":"Greplovi - N\u00e1\u0161 \u017eivot se studenty ze zahrani\u010d\u00ed","og_description":"Vz\u00edt si studenta byla jedna impulzivn\u00ed my\u0161lenka z\u00a0na\u0161eho rodinn\u00e9ho v\u00fdletu, kde jsme narazili na st\u00e1nek AFS a dostali let\u00e1\u010dek s\u00a0informac\u00ed&hellip;","og_url":"https:\/\/www.afs.cz\/en\/2019\/06\/video-greplovi-z-brandysa-nad-labem-a-jejich-zkusenost-s-hostitelskym-programem\/","og_site_name":"Mezikulturn\u00ed programy","article_published_time":"2019-06-13T09:00:25+00:00","article_modified_time":"2023-06-23T13:57:21+00:00","author":"afscesko","twitter_card":"summary_large_image","twitter_misc":{"Written by":"afscesko","Est. reading time":"6 minutes"},"schema":{"@context":"https:\/\/schema.org","@graph":[{"@type":"WebPage","@id":"https:\/\/www.afs.cz\/en\/2019\/06\/video-greplovi-z-brandysa-nad-labem-a-jejich-zkusenost-s-hostitelskym-programem\/","url":"https:\/\/www.afs.cz\/en\/2019\/06\/video-greplovi-z-brandysa-nad-labem-a-jejich-zkusenost-s-hostitelskym-programem\/","name":"Greplovi - N\u00e1\u0161 \u017eivot se studenty ze zahrani\u010d\u00ed - Mezikulturn\u00ed programy","isPartOf":{"@id":"https:\/\/www.afs.cz\/en\/#website"},"datePublished":"2019-06-13T09:00:25+00:00","dateModified":"2023-06-23T13:57:21+00:00","author":{"@id":"https:\/\/www.afs.cz\/en\/#\/schema\/person\/bc52da0be76098030e75baeb919827ff"},"breadcrumb":{"@id":"https:\/\/www.afs.cz\/en\/2019\/06\/video-greplovi-z-brandysa-nad-labem-a-jejich-zkusenost-s-hostitelskym-programem\/#breadcrumb"},"inLanguage":"en-US","potentialAction":[{"@type":"ReadAction","target":["https:\/\/www.afs.cz\/en\/2019\/06\/video-greplovi-z-brandysa-nad-labem-a-jejich-zkusenost-s-hostitelskym-programem\/"]}]},{"@type":"BreadcrumbList","@id":"https:\/\/www.afs.cz\/en\/2019\/06\/video-greplovi-z-brandysa-nad-labem-a-jejich-zkusenost-s-hostitelskym-programem\/#breadcrumb","itemListElement":[{"@type":"ListItem","position":1,"name":"Home","item":"https:\/\/czechrepublic.afssite.afs.org\/en\/"},{"@type":"ListItem","position":2,"name":"Greplovi &#8211; N\u00e1\u0161 \u017eivot se studenty ze zahrani\u010d\u00ed"}]},{"@type":"WebSite","@id":"https:\/\/www.afs.cz\/en\/#website","url":"https:\/\/www.afs.cz\/en\/","name":"Mezikulturn\u00ed programy","description":"Studium v zahrani\u010d\u00ed, hostitelsk\u00fd program, vzd\u011bl\u00e1vac\u00ed programy, dobrovolnictv\u00ed a mnoho dal\u0161\u00edho.","potentialAction":[{"@type":"SearchAction","target":{"@type":"EntryPoint","urlTemplate":"https:\/\/www.afs.cz\/en\/?s={search_term_string}"},"query-input":{"@type":"PropertyValueSpecification","valueRequired":true,"valueName":"search_term_string"}}],"inLanguage":"en-US"},{"@type":"Person","@id":"https:\/\/www.afs.cz\/en\/#\/schema\/person\/bc52da0be76098030e75baeb919827ff","name":"afscesko","image":{"@type":"ImageObject","inLanguage":"en-US","@id":"https:\/\/www.afs.cz\/en\/#\/schema\/person\/image\/","url":"https:\/\/secure.gravatar.com\/avatar\/eda270bfa745d003b9a210dc384a8c22e1a05bc41e5280645d3e2968a117c931?s=96&d=mm&r=g","contentUrl":"https:\/\/secure.gravatar.com\/avatar\/eda270bfa745d003b9a210dc384a8c22e1a05bc41e5280645d3e2968a117c931?s=96&d=mm&r=g","caption":"afscesko"},"url":"https:\/\/www.afs.cz\/en\/author\/afscesko\/"}]}},"_links":{"self":[{"href":"https:\/\/www.afs.cz\/en\/wp-json\/wp\/v2\/posts\/6418","targetHints":{"allow":["GET"]}}],"collection":[{"href":"https:\/\/www.afs.cz\/en\/wp-json\/wp\/v2\/posts"}],"about":[{"href":"https:\/\/www.afs.cz\/en\/wp-json\/wp\/v2\/types\/post"}],"author":[{"embeddable":true,"href":"https:\/\/www.afs.cz\/en\/wp-json\/wp\/v2\/users\/351"}],"replies":[{"embeddable":true,"href":"https:\/\/www.afs.cz\/en\/wp-json\/wp\/v2\/comments?post=6418"}],"version-history":[{"count":13,"href":"https:\/\/www.afs.cz\/en\/wp-json\/wp\/v2\/posts\/6418\/revisions"}],"predecessor-version":[{"id":18958,"href":"https:\/\/www.afs.cz\/en\/wp-json\/wp\/v2\/posts\/6418\/revisions\/18958"}],"wp:attachment":[{"href":"https:\/\/www.afs.cz\/en\/wp-json\/wp\/v2\/media?parent=6418"}],"wp:term":[{"taxonomy":"category","embeddable":true,"href":"https:\/\/www.afs.cz\/en\/wp-json\/wp\/v2\/categories?post=6418"},{"taxonomy":"post_tag","embeddable":true,"href":"https:\/\/www.afs.cz\/en\/wp-json\/wp\/v2\/tags?post=6418"}],"curies":[{"name":"wp","href":"https:\/\/api.w.org\/{rel}","templated":true}]}}