{"id":5818,"date":"2017-12-27T23:20:26","date_gmt":"2017-12-27T22:20:26","guid":{"rendered":"http:\/\/czechrepublic.afssite.afs.org\/?p=5818"},"modified":"2024-06-05T12:52:15","modified_gmt":"2024-06-05T11:52:15","slug":"startujeme-s-novym-vzdelavacim-projektem-pohled-odjinud","status":"publish","type":"post","link":"https:\/\/www.afs.cz\/en\/2017\/12\/startujeme-s-novym-vzdelavacim-projektem-pohled-odjinud\/","title":{"rendered":"Startujeme s nov\u00fdm vzd\u011bl\u00e1vac\u00edm projektem Pohled odjinud"},"content":{"rendered":"<p>AFS Mezikulturn\u00ed programy, o.p.s. nab\u00edz\u00ed vzd\u011bl\u00e1vac\u00ed p\u0159\u00edle\u017eitosti nejen pro studenty st\u0159edn\u00edch \u0161kol. Pedagog\u016fm, kte\u0159\u00ed pracuj\u00ed se \u017e\u00e1ky z\u00a0odli\u0161n\u00e9ho kulturn\u00edho prost\u0159ed\u00ed, poskytujeme materi\u00e1ly, semin\u00e1\u0159e i konzultace jak cizince do v\u00fduky zapojit. Od z\u00e1\u0159\u00ed 2017 realizujeme projekt Pohled odjinud, kter\u00fd m\u00e1 za c\u00edl podpo\u0159it pedagogy je\u0161t\u011b komplexn\u011bji. A to d\u00edky dotaci Opera\u010dn\u00edho programu Praha \u2013 p\u00f3l r\u016fstu.<\/p>\n<p>V\u00a0r\u00e1mci projektu \u010dek\u00e1 na dvacet pedagog\u016f z\u00e1kladn\u00edch a st\u0159edn\u00edch \u0161kol na \u00fazem\u00ed hlavn\u00edho m\u011bsta Prahy ucelen\u00fd \u010dty\u0159icetihodinov\u00fd vzd\u011bl\u00e1vac\u00ed program. Jeho sou\u010d\u00e1st\u00ed je zahrani\u010dn\u00ed st\u00e1\u017e, b\u011bhem kter\u00e9 absolvuj\u00ed \u00fa\u010dastn\u00edci st\u00ednov\u00e1n\u00ed na zahrani\u010dn\u00edch \u0161kol\u00e1ch a nahl\u00e9dnou do realit odli\u0161n\u00fdch vzd\u011bl\u00e1vac\u00edch syst\u00e9m\u016f. Dal\u0161\u00ed variantou je \u00fa\u010dast na mezin\u00e1rodn\u00edm summitu AFS v\u00a0Norsku nebo mezin\u00e1rodn\u00ed konferenci pro pedagogy v\u00a0Istanbulu.<\/p>\n<p>Sv\u00e9 znalosti si budou \u00fa\u010dastn\u00edci prohlubovat offline i online. V\u00a0r\u00e1mci projektu p\u0159ipravujeme akreditaci dvou kurz\u016f na M\u0160MT &#8211; Jak zapojit cizince do v\u00fduky a Komunikovat a domluvit se. Z\u00e1rove\u0148 vyv\u00edj\u00edme e-learning, kter\u00fd m\u00e1 za c\u00edl znalosti z\u00a0kurz\u016f prohloubit a propojit s ka\u017edodenn\u00ed prax\u00ed pedagog\u016f ve \u0161kole.<\/p>\n<p>Ned\u00edlnou sou\u010d\u00e1st\u00ed projektu je b\u0159eznov\u00e1 konference Vzd\u011bl\u00e1n\u00ed pro \u017eivot v Praze, kter\u00e1 letos oslav\u00ed ji\u017e t\u0159et\u00ed v\u00fdro\u010d\u00ed. Vystoup\u00ed na n\u00ed \u010de\u0161t\u00ed i mezin\u00e1rodn\u00ed odborn\u00edci z\u00a0\u0159ad expert\u016f na danou problematiku a z\u00e1stupc\u016f \u0161kol.<\/p>\n<p>Zn\u00e1te u\u010ditele z\u00a0Prahy, kter\u00e9 by ho mohl projekt nadchnout, nebo jste to pr\u00e1v\u011b vy? Kontaktujte n\u00e1s na <a href=\"http:\/\/www.afs.cz\/pohled-odjinud\/\">http:\/\/www.afs.cz\/pohled-odjinud\/<\/a>, r\u00e1di v\u00e1s do projektu zapoj\u00edme.<\/p>\n","protected":false},"excerpt":{"rendered":"<p>AFS Mezikulturn\u00ed programy, o.p.s. nab\u00edz\u00ed vzd\u011bl\u00e1vac\u00ed p\u0159\u00edle\u017eitosti nejen pro studenty st\u0159edn\u00edch \u0161kol. Pedagog\u016fm, kte\u0159\u00ed pracuj\u00ed se \u017e\u00e1ky z\u00a0odli\u0161n\u00e9ho kulturn\u00edho prost\u0159ed\u00ed,&hellip;<\/p>\n","protected":false},"author":351,"featured_media":0,"comment_status":"open","ping_status":"open","sticky":false,"template":"","format":"standard","meta":{"footnotes":""},"categories":[188,187],"tags":[],"class_list":["post-5818","post","type-post","status-publish","format-standard","hentry","category-archiv","category-clanky"],"yoast_head":"<!-- This site is optimized with the Yoast SEO Premium plugin v26.6 (Yoast SEO v26.6) - https:\/\/yoast.com\/wordpress\/plugins\/seo\/ -->\n<title>Startujeme s nov\u00fdm vzd\u011bl\u00e1vac\u00edm projektem Pohled odjinud - Mezikulturn\u00ed programy<\/title>\n<meta name=\"robots\" content=\"index, follow, max-snippet:-1, max-image-preview:large, max-video-preview:-1\" \/>\n<link rel=\"canonical\" href=\"https:\/\/www.afs.cz\/en\/2017\/12\/startujeme-s-novym-vzdelavacim-projektem-pohled-odjinud\/\" \/>\n<meta property=\"og:locale\" content=\"en_US\" \/>\n<meta property=\"og:type\" content=\"article\" \/>\n<meta property=\"og:title\" content=\"Startujeme s nov\u00fdm vzd\u011bl\u00e1vac\u00edm projektem Pohled odjinud\" \/>\n<meta property=\"og:description\" content=\"AFS Mezikulturn\u00ed programy, o.p.s. nab\u00edz\u00ed vzd\u011bl\u00e1vac\u00ed p\u0159\u00edle\u017eitosti nejen pro studenty st\u0159edn\u00edch \u0161kol. Pedagog\u016fm, kte\u0159\u00ed pracuj\u00ed se \u017e\u00e1ky z\u00a0odli\u0161n\u00e9ho kulturn\u00edho prost\u0159ed\u00ed,&hellip;\" \/>\n<meta property=\"og:url\" content=\"https:\/\/www.afs.cz\/en\/2017\/12\/startujeme-s-novym-vzdelavacim-projektem-pohled-odjinud\/\" \/>\n<meta property=\"og:site_name\" content=\"Mezikulturn\u00ed programy\" \/>\n<meta property=\"article:published_time\" content=\"2017-12-27T22:20:26+00:00\" \/>\n<meta property=\"article:modified_time\" content=\"2024-06-05T11:52:15+00:00\" \/>\n<meta name=\"author\" content=\"afscesko\" \/>\n<meta name=\"twitter:card\" content=\"summary_large_image\" \/>\n<meta name=\"twitter:label1\" content=\"Written by\" \/>\n\t<meta name=\"twitter:data1\" content=\"afscesko\" \/>\n\t<meta name=\"twitter:label2\" content=\"Est. reading time\" \/>\n\t<meta name=\"twitter:data2\" content=\"2 minutes\" \/>\n<script type=\"application\/ld+json\" class=\"yoast-schema-graph\">{\"@context\":\"https:\/\/schema.org\",\"@graph\":[{\"@type\":\"WebPage\",\"@id\":\"https:\/\/www.afs.cz\/en\/2017\/12\/startujeme-s-novym-vzdelavacim-projektem-pohled-odjinud\/\",\"url\":\"https:\/\/www.afs.cz\/en\/2017\/12\/startujeme-s-novym-vzdelavacim-projektem-pohled-odjinud\/\",\"name\":\"Startujeme s nov\u00fdm vzd\u011bl\u00e1vac\u00edm projektem Pohled odjinud - Mezikulturn\u00ed programy\",\"isPartOf\":{\"@id\":\"https:\/\/www.afs.cz\/en\/#website\"},\"datePublished\":\"2017-12-27T22:20:26+00:00\",\"dateModified\":\"2024-06-05T11:52:15+00:00\",\"author\":{\"@id\":\"https:\/\/www.afs.cz\/en\/#\/schema\/person\/bc52da0be76098030e75baeb919827ff\"},\"breadcrumb\":{\"@id\":\"https:\/\/www.afs.cz\/en\/2017\/12\/startujeme-s-novym-vzdelavacim-projektem-pohled-odjinud\/#breadcrumb\"},\"inLanguage\":\"en-US\",\"potentialAction\":[{\"@type\":\"ReadAction\",\"target\":[\"https:\/\/www.afs.cz\/en\/2017\/12\/startujeme-s-novym-vzdelavacim-projektem-pohled-odjinud\/\"]}]},{\"@type\":\"BreadcrumbList\",\"@id\":\"https:\/\/www.afs.cz\/en\/2017\/12\/startujeme-s-novym-vzdelavacim-projektem-pohled-odjinud\/#breadcrumb\",\"itemListElement\":[{\"@type\":\"ListItem\",\"position\":1,\"name\":\"Home\",\"item\":\"https:\/\/czechrepublic.afssite.afs.org\/en\/\"},{\"@type\":\"ListItem\",\"position\":2,\"name\":\"Startujeme s nov\u00fdm vzd\u011bl\u00e1vac\u00edm projektem Pohled odjinud\"}]},{\"@type\":\"WebSite\",\"@id\":\"https:\/\/www.afs.cz\/en\/#website\",\"url\":\"https:\/\/www.afs.cz\/en\/\",\"name\":\"Mezikulturn\u00ed programy\",\"description\":\"Studium v zahrani\u010d\u00ed, hostitelsk\u00fd program, vzd\u011bl\u00e1vac\u00ed programy, dobrovolnictv\u00ed a mnoho dal\u0161\u00edho.\",\"potentialAction\":[{\"@type\":\"SearchAction\",\"target\":{\"@type\":\"EntryPoint\",\"urlTemplate\":\"https:\/\/www.afs.cz\/en\/?s={search_term_string}\"},\"query-input\":{\"@type\":\"PropertyValueSpecification\",\"valueRequired\":true,\"valueName\":\"search_term_string\"}}],\"inLanguage\":\"en-US\"},{\"@type\":\"Person\",\"@id\":\"https:\/\/www.afs.cz\/en\/#\/schema\/person\/bc52da0be76098030e75baeb919827ff\",\"name\":\"afscesko\",\"image\":{\"@type\":\"ImageObject\",\"inLanguage\":\"en-US\",\"@id\":\"https:\/\/www.afs.cz\/en\/#\/schema\/person\/image\/\",\"url\":\"https:\/\/secure.gravatar.com\/avatar\/eda270bfa745d003b9a210dc384a8c22e1a05bc41e5280645d3e2968a117c931?s=96&d=mm&r=g\",\"contentUrl\":\"https:\/\/secure.gravatar.com\/avatar\/eda270bfa745d003b9a210dc384a8c22e1a05bc41e5280645d3e2968a117c931?s=96&d=mm&r=g\",\"caption\":\"afscesko\"},\"url\":\"https:\/\/www.afs.cz\/en\/author\/afscesko\/\"}]}<\/script>\n<!-- \/ Yoast SEO Premium plugin. -->","yoast_head_json":{"title":"Startujeme s nov\u00fdm vzd\u011bl\u00e1vac\u00edm projektem Pohled odjinud - Mezikulturn\u00ed programy","robots":{"index":"index","follow":"follow","max-snippet":"max-snippet:-1","max-image-preview":"max-image-preview:large","max-video-preview":"max-video-preview:-1"},"canonical":"https:\/\/www.afs.cz\/en\/2017\/12\/startujeme-s-novym-vzdelavacim-projektem-pohled-odjinud\/","og_locale":"en_US","og_type":"article","og_title":"Startujeme s nov\u00fdm vzd\u011bl\u00e1vac\u00edm projektem Pohled odjinud","og_description":"AFS Mezikulturn\u00ed programy, o.p.s. nab\u00edz\u00ed vzd\u011bl\u00e1vac\u00ed p\u0159\u00edle\u017eitosti nejen pro studenty st\u0159edn\u00edch \u0161kol. Pedagog\u016fm, kte\u0159\u00ed pracuj\u00ed se \u017e\u00e1ky z\u00a0odli\u0161n\u00e9ho kulturn\u00edho prost\u0159ed\u00ed,&hellip;","og_url":"https:\/\/www.afs.cz\/en\/2017\/12\/startujeme-s-novym-vzdelavacim-projektem-pohled-odjinud\/","og_site_name":"Mezikulturn\u00ed programy","article_published_time":"2017-12-27T22:20:26+00:00","article_modified_time":"2024-06-05T11:52:15+00:00","author":"afscesko","twitter_card":"summary_large_image","twitter_misc":{"Written by":"afscesko","Est. reading time":"2 minutes"},"schema":{"@context":"https:\/\/schema.org","@graph":[{"@type":"WebPage","@id":"https:\/\/www.afs.cz\/en\/2017\/12\/startujeme-s-novym-vzdelavacim-projektem-pohled-odjinud\/","url":"https:\/\/www.afs.cz\/en\/2017\/12\/startujeme-s-novym-vzdelavacim-projektem-pohled-odjinud\/","name":"Startujeme s nov\u00fdm vzd\u011bl\u00e1vac\u00edm projektem Pohled odjinud - Mezikulturn\u00ed programy","isPartOf":{"@id":"https:\/\/www.afs.cz\/en\/#website"},"datePublished":"2017-12-27T22:20:26+00:00","dateModified":"2024-06-05T11:52:15+00:00","author":{"@id":"https:\/\/www.afs.cz\/en\/#\/schema\/person\/bc52da0be76098030e75baeb919827ff"},"breadcrumb":{"@id":"https:\/\/www.afs.cz\/en\/2017\/12\/startujeme-s-novym-vzdelavacim-projektem-pohled-odjinud\/#breadcrumb"},"inLanguage":"en-US","potentialAction":[{"@type":"ReadAction","target":["https:\/\/www.afs.cz\/en\/2017\/12\/startujeme-s-novym-vzdelavacim-projektem-pohled-odjinud\/"]}]},{"@type":"BreadcrumbList","@id":"https:\/\/www.afs.cz\/en\/2017\/12\/startujeme-s-novym-vzdelavacim-projektem-pohled-odjinud\/#breadcrumb","itemListElement":[{"@type":"ListItem","position":1,"name":"Home","item":"https:\/\/czechrepublic.afssite.afs.org\/en\/"},{"@type":"ListItem","position":2,"name":"Startujeme s nov\u00fdm vzd\u011bl\u00e1vac\u00edm projektem Pohled odjinud"}]},{"@type":"WebSite","@id":"https:\/\/www.afs.cz\/en\/#website","url":"https:\/\/www.afs.cz\/en\/","name":"Mezikulturn\u00ed programy","description":"Studium v zahrani\u010d\u00ed, hostitelsk\u00fd program, vzd\u011bl\u00e1vac\u00ed programy, dobrovolnictv\u00ed a mnoho dal\u0161\u00edho.","potentialAction":[{"@type":"SearchAction","target":{"@type":"EntryPoint","urlTemplate":"https:\/\/www.afs.cz\/en\/?s={search_term_string}"},"query-input":{"@type":"PropertyValueSpecification","valueRequired":true,"valueName":"search_term_string"}}],"inLanguage":"en-US"},{"@type":"Person","@id":"https:\/\/www.afs.cz\/en\/#\/schema\/person\/bc52da0be76098030e75baeb919827ff","name":"afscesko","image":{"@type":"ImageObject","inLanguage":"en-US","@id":"https:\/\/www.afs.cz\/en\/#\/schema\/person\/image\/","url":"https:\/\/secure.gravatar.com\/avatar\/eda270bfa745d003b9a210dc384a8c22e1a05bc41e5280645d3e2968a117c931?s=96&d=mm&r=g","contentUrl":"https:\/\/secure.gravatar.com\/avatar\/eda270bfa745d003b9a210dc384a8c22e1a05bc41e5280645d3e2968a117c931?s=96&d=mm&r=g","caption":"afscesko"},"url":"https:\/\/www.afs.cz\/en\/author\/afscesko\/"}]}},"_links":{"self":[{"href":"https:\/\/www.afs.cz\/en\/wp-json\/wp\/v2\/posts\/5818","targetHints":{"allow":["GET"]}}],"collection":[{"href":"https:\/\/www.afs.cz\/en\/wp-json\/wp\/v2\/posts"}],"about":[{"href":"https:\/\/www.afs.cz\/en\/wp-json\/wp\/v2\/types\/post"}],"author":[{"embeddable":true,"href":"https:\/\/www.afs.cz\/en\/wp-json\/wp\/v2\/users\/351"}],"replies":[{"embeddable":true,"href":"https:\/\/www.afs.cz\/en\/wp-json\/wp\/v2\/comments?post=5818"}],"version-history":[{"count":7,"href":"https:\/\/www.afs.cz\/en\/wp-json\/wp\/v2\/posts\/5818\/revisions"}],"predecessor-version":[{"id":21945,"href":"https:\/\/www.afs.cz\/en\/wp-json\/wp\/v2\/posts\/5818\/revisions\/21945"}],"wp:attachment":[{"href":"https:\/\/www.afs.cz\/en\/wp-json\/wp\/v2\/media?parent=5818"}],"wp:term":[{"taxonomy":"category","embeddable":true,"href":"https:\/\/www.afs.cz\/en\/wp-json\/wp\/v2\/categories?post=5818"},{"taxonomy":"post_tag","embeddable":true,"href":"https:\/\/www.afs.cz\/en\/wp-json\/wp\/v2\/tags?post=5818"}],"curies":[{"name":"wp","href":"https:\/\/api.w.org\/{rel}","templated":true}]}}