{"id":5656,"date":"2017-12-14T19:00:40","date_gmt":"2017-12-14T18:00:40","guid":{"rendered":"http:\/\/czechrepublic.afssite.afs.org\/?p=5656"},"modified":"2019-10-29T20:47:52","modified_gmt":"2019-10-29T19:47:52","slug":"gabriela-z-chile-sdili-sve-dojmy-z-dosavadniho-pobytu-v-cr","status":"publish","type":"post","link":"https:\/\/www.afs.cz\/en\/2017\/12\/gabriela-z-chile-sdili-sve-dojmy-z-dosavadniho-pobytu-v-cr\/","title":{"rendered":"Gabriela z Chile sd\u00edl\u00ed sv\u00e9 dojmy z dosavadn\u00edho pobytu v \u010cR"},"content":{"rendered":"<p>Gabriela je studentka z Chile, kter\u00e1 d\u00edky AFS tr\u00e1v\u00ed \u0161koln\u00ed rok 2017\/18 v \u010cesk\u00e9 republice, v okrese Praha-z\u00e1pad. Toto o sv\u00e9 dosavadn\u00ed zku\u0161enosti napsala v prosinci (text je pouze anglicky):<\/p>\n<p>I dont know how start to describe this experience, its one experience that give you too much things&#8230; for example, start to understand that every person have something for teach you. This exchange for me is the best desicion that i took. I have to say that in the beggining i had my doubts about this, i was afraid of this&#8230; but now, i think&#8230;\u00a0 what is best that can live a experience which give you the choice for know you and know other persons that have diferent traditions and points of view, can live situations where you can see the life with other eyes, from other perspective. Today, i can say that i dont want be in other place that if is not here&#8230; In this country, in this house, to hundreds of kilometres of my house, living with other family, knowing other customs, learning other language. I have known, tried and done thing that i never think that i will do it. In this time here i had laugh more than any place, i had have a lot fun, i had know places that i never thought. Also i had have moments and situations where i missed so much or where i had to take important decisions, but all this things became me in a person more grateful, more independent and the most important.. Now i am more open mind. If i would have to say to someone something about this, is try, take this risk.. Because this will be the best year of your life!!<\/p>\n<p><figure class=\"wp-image-wrap\"><img loading=\"lazy\" decoding=\"async\" class=\"aligncenter size-medium wp-image-5658\" src=\"http:\/\/czechrepublic.afssite.afs.org\/wp-content\/uploads\/sites\/84\/2017\/12\/20171117_124920-600x450.jpg\" alt=\"\" width=\"600\" height=\"450\" \/><\/figure> <figure class=\"wp-image-wrap\"><img loading=\"lazy\" decoding=\"async\" class=\"aligncenter size-medium wp-image-5659\" src=\"http:\/\/czechrepublic.afssite.afs.org\/wp-content\/uploads\/sites\/84\/2017\/12\/23756300_188270061748470_648505772_n-600x338.jpg\" alt=\"\" width=\"600\" height=\"338\" \/><\/figure> <figure class=\"wp-image-wrap\"><img loading=\"lazy\" decoding=\"async\" class=\"aligncenter size-medium wp-image-5660\" src=\"http:\/\/czechrepublic.afssite.afs.org\/wp-content\/uploads\/sites\/84\/2017\/12\/23782171_188291328413010_69831380_n-600x338.jpg\" alt=\"\" width=\"600\" height=\"338\" \/><\/figure> <figure class=\"wp-image-wrap\"><img loading=\"lazy\" decoding=\"async\" class=\"aligncenter size-medium wp-image-5661\" src=\"http:\/\/czechrepublic.afssite.afs.org\/wp-content\/uploads\/sites\/84\/2017\/12\/23804670_188291381746338_1461235444_n-600x337.jpg\" alt=\"\" width=\"600\" height=\"337\" \/><\/figure><\/p>\n","protected":false},"excerpt":{"rendered":"<p>Gabriela je studentka z Chile, kter\u00e1 d\u00edky AFS tr\u00e1v\u00ed \u0161koln\u00ed rok 2017\/18 v \u010cesk\u00e9 republice, v okrese Praha-z\u00e1pad. Toto o&hellip;<\/p>\n","protected":false},"author":351,"featured_media":0,"comment_status":"open","ping_status":"open","sticky":false,"template":"","format":"standard","meta":{"footnotes":""},"categories":[49],"tags":[],"class_list":["post-5656","post","type-post","status-publish","format-standard","hentry","category-hostitelsky-program"],"yoast_head":"<!-- This site is optimized with the Yoast SEO Premium plugin v26.6 (Yoast SEO v26.6) - https:\/\/yoast.com\/wordpress\/plugins\/seo\/ -->\n<title>Gabriela z Chile sd\u00edl\u00ed sv\u00e9 dojmy z dosavadn\u00edho pobytu v \u010cR - Mezikulturn\u00ed programy<\/title>\n<meta name=\"robots\" content=\"index, follow, max-snippet:-1, max-image-preview:large, max-video-preview:-1\" \/>\n<link rel=\"canonical\" href=\"https:\/\/www.afs.cz\/en\/2017\/12\/gabriela-z-chile-sdili-sve-dojmy-z-dosavadniho-pobytu-v-cr\/\" \/>\n<meta property=\"og:locale\" content=\"en_US\" \/>\n<meta property=\"og:type\" content=\"article\" \/>\n<meta property=\"og:title\" content=\"Gabriela z Chile sd\u00edl\u00ed sv\u00e9 dojmy z dosavadn\u00edho pobytu v \u010cR\" \/>\n<meta property=\"og:description\" content=\"Gabriela je studentka z Chile, kter\u00e1 d\u00edky AFS tr\u00e1v\u00ed \u0161koln\u00ed rok 2017\/18 v \u010cesk\u00e9 republice, v okrese Praha-z\u00e1pad. Toto o&hellip;\" \/>\n<meta property=\"og:url\" content=\"https:\/\/www.afs.cz\/en\/2017\/12\/gabriela-z-chile-sdili-sve-dojmy-z-dosavadniho-pobytu-v-cr\/\" \/>\n<meta property=\"og:site_name\" content=\"Mezikulturn\u00ed programy\" \/>\n<meta property=\"article:published_time\" content=\"2017-12-14T18:00:40+00:00\" \/>\n<meta property=\"article:modified_time\" content=\"2019-10-29T19:47:52+00:00\" \/>\n<meta property=\"og:image\" content=\"http:\/\/czechrepublic.afssite.afs.org\/wp-content\/uploads\/sites\/84\/2017\/12\/20171117_124920-600x450.jpg\" \/>\n<meta name=\"author\" content=\"afscesko\" \/>\n<meta name=\"twitter:card\" content=\"summary_large_image\" \/>\n<meta name=\"twitter:label1\" content=\"Written by\" \/>\n\t<meta name=\"twitter:data1\" content=\"afscesko\" \/>\n\t<meta name=\"twitter:label2\" content=\"Est. reading time\" \/>\n\t<meta name=\"twitter:data2\" content=\"1 minute\" \/>\n<script type=\"application\/ld+json\" class=\"yoast-schema-graph\">{\"@context\":\"https:\/\/schema.org\",\"@graph\":[{\"@type\":\"WebPage\",\"@id\":\"https:\/\/www.afs.cz\/en\/2017\/12\/gabriela-z-chile-sdili-sve-dojmy-z-dosavadniho-pobytu-v-cr\/\",\"url\":\"https:\/\/www.afs.cz\/en\/2017\/12\/gabriela-z-chile-sdili-sve-dojmy-z-dosavadniho-pobytu-v-cr\/\",\"name\":\"Gabriela z Chile sd\u00edl\u00ed sv\u00e9 dojmy z dosavadn\u00edho pobytu v \u010cR - Mezikulturn\u00ed programy\",\"isPartOf\":{\"@id\":\"https:\/\/www.afs.cz\/en\/#website\"},\"primaryImageOfPage\":{\"@id\":\"https:\/\/www.afs.cz\/en\/2017\/12\/gabriela-z-chile-sdili-sve-dojmy-z-dosavadniho-pobytu-v-cr\/#primaryimage\"},\"image\":{\"@id\":\"https:\/\/www.afs.cz\/en\/2017\/12\/gabriela-z-chile-sdili-sve-dojmy-z-dosavadniho-pobytu-v-cr\/#primaryimage\"},\"thumbnailUrl\":\"http:\/\/czechrepublic.afssite.afs.org\/wp-content\/uploads\/sites\/84\/2017\/12\/20171117_124920-600x450.jpg\",\"datePublished\":\"2017-12-14T18:00:40+00:00\",\"dateModified\":\"2019-10-29T19:47:52+00:00\",\"author\":{\"@id\":\"https:\/\/www.afs.cz\/en\/#\/schema\/person\/bc52da0be76098030e75baeb919827ff\"},\"breadcrumb\":{\"@id\":\"https:\/\/www.afs.cz\/en\/2017\/12\/gabriela-z-chile-sdili-sve-dojmy-z-dosavadniho-pobytu-v-cr\/#breadcrumb\"},\"inLanguage\":\"en-US\",\"potentialAction\":[{\"@type\":\"ReadAction\",\"target\":[\"https:\/\/www.afs.cz\/en\/2017\/12\/gabriela-z-chile-sdili-sve-dojmy-z-dosavadniho-pobytu-v-cr\/\"]}]},{\"@type\":\"ImageObject\",\"inLanguage\":\"en-US\",\"@id\":\"https:\/\/www.afs.cz\/en\/2017\/12\/gabriela-z-chile-sdili-sve-dojmy-z-dosavadniho-pobytu-v-cr\/#primaryimage\",\"url\":\"http:\/\/czechrepublic.afssite.afs.org\/wp-content\/uploads\/sites\/84\/2017\/12\/20171117_124920-600x450.jpg\",\"contentUrl\":\"http:\/\/czechrepublic.afssite.afs.org\/wp-content\/uploads\/sites\/84\/2017\/12\/20171117_124920-600x450.jpg\"},{\"@type\":\"BreadcrumbList\",\"@id\":\"https:\/\/www.afs.cz\/en\/2017\/12\/gabriela-z-chile-sdili-sve-dojmy-z-dosavadniho-pobytu-v-cr\/#breadcrumb\",\"itemListElement\":[{\"@type\":\"ListItem\",\"position\":1,\"name\":\"Home\",\"item\":\"https:\/\/czechrepublic.afssite.afs.org\/en\/\"},{\"@type\":\"ListItem\",\"position\":2,\"name\":\"Gabriela z Chile sd\u00edl\u00ed sv\u00e9 dojmy z dosavadn\u00edho pobytu v \u010cR\"}]},{\"@type\":\"WebSite\",\"@id\":\"https:\/\/www.afs.cz\/en\/#website\",\"url\":\"https:\/\/www.afs.cz\/en\/\",\"name\":\"Mezikulturn\u00ed programy\",\"description\":\"Studium v zahrani\u010d\u00ed, hostitelsk\u00fd program, vzd\u011bl\u00e1vac\u00ed programy, dobrovolnictv\u00ed a mnoho dal\u0161\u00edho.\",\"potentialAction\":[{\"@type\":\"SearchAction\",\"target\":{\"@type\":\"EntryPoint\",\"urlTemplate\":\"https:\/\/www.afs.cz\/en\/?s={search_term_string}\"},\"query-input\":{\"@type\":\"PropertyValueSpecification\",\"valueRequired\":true,\"valueName\":\"search_term_string\"}}],\"inLanguage\":\"en-US\"},{\"@type\":\"Person\",\"@id\":\"https:\/\/www.afs.cz\/en\/#\/schema\/person\/bc52da0be76098030e75baeb919827ff\",\"name\":\"afscesko\",\"image\":{\"@type\":\"ImageObject\",\"inLanguage\":\"en-US\",\"@id\":\"https:\/\/www.afs.cz\/en\/#\/schema\/person\/image\/\",\"url\":\"https:\/\/secure.gravatar.com\/avatar\/eda270bfa745d003b9a210dc384a8c22e1a05bc41e5280645d3e2968a117c931?s=96&d=mm&r=g\",\"contentUrl\":\"https:\/\/secure.gravatar.com\/avatar\/eda270bfa745d003b9a210dc384a8c22e1a05bc41e5280645d3e2968a117c931?s=96&d=mm&r=g\",\"caption\":\"afscesko\"},\"url\":\"https:\/\/www.afs.cz\/en\/author\/afscesko\/\"}]}<\/script>\n<!-- \/ Yoast SEO Premium plugin. -->","yoast_head_json":{"title":"Gabriela z Chile sd\u00edl\u00ed sv\u00e9 dojmy z dosavadn\u00edho pobytu v \u010cR - Mezikulturn\u00ed programy","robots":{"index":"index","follow":"follow","max-snippet":"max-snippet:-1","max-image-preview":"max-image-preview:large","max-video-preview":"max-video-preview:-1"},"canonical":"https:\/\/www.afs.cz\/en\/2017\/12\/gabriela-z-chile-sdili-sve-dojmy-z-dosavadniho-pobytu-v-cr\/","og_locale":"en_US","og_type":"article","og_title":"Gabriela z Chile sd\u00edl\u00ed sv\u00e9 dojmy z dosavadn\u00edho pobytu v \u010cR","og_description":"Gabriela je studentka z Chile, kter\u00e1 d\u00edky AFS tr\u00e1v\u00ed \u0161koln\u00ed rok 2017\/18 v \u010cesk\u00e9 republice, v okrese Praha-z\u00e1pad. Toto o&hellip;","og_url":"https:\/\/www.afs.cz\/en\/2017\/12\/gabriela-z-chile-sdili-sve-dojmy-z-dosavadniho-pobytu-v-cr\/","og_site_name":"Mezikulturn\u00ed programy","article_published_time":"2017-12-14T18:00:40+00:00","article_modified_time":"2019-10-29T19:47:52+00:00","og_image":[{"url":"http:\/\/czechrepublic.afssite.afs.org\/wp-content\/uploads\/sites\/84\/2017\/12\/20171117_124920-600x450.jpg","type":"","width":"","height":""}],"author":"afscesko","twitter_card":"summary_large_image","twitter_misc":{"Written by":"afscesko","Est. reading time":"1 minute"},"schema":{"@context":"https:\/\/schema.org","@graph":[{"@type":"WebPage","@id":"https:\/\/www.afs.cz\/en\/2017\/12\/gabriela-z-chile-sdili-sve-dojmy-z-dosavadniho-pobytu-v-cr\/","url":"https:\/\/www.afs.cz\/en\/2017\/12\/gabriela-z-chile-sdili-sve-dojmy-z-dosavadniho-pobytu-v-cr\/","name":"Gabriela z Chile sd\u00edl\u00ed sv\u00e9 dojmy z dosavadn\u00edho pobytu v \u010cR - Mezikulturn\u00ed programy","isPartOf":{"@id":"https:\/\/www.afs.cz\/en\/#website"},"primaryImageOfPage":{"@id":"https:\/\/www.afs.cz\/en\/2017\/12\/gabriela-z-chile-sdili-sve-dojmy-z-dosavadniho-pobytu-v-cr\/#primaryimage"},"image":{"@id":"https:\/\/www.afs.cz\/en\/2017\/12\/gabriela-z-chile-sdili-sve-dojmy-z-dosavadniho-pobytu-v-cr\/#primaryimage"},"thumbnailUrl":"http:\/\/czechrepublic.afssite.afs.org\/wp-content\/uploads\/sites\/84\/2017\/12\/20171117_124920-600x450.jpg","datePublished":"2017-12-14T18:00:40+00:00","dateModified":"2019-10-29T19:47:52+00:00","author":{"@id":"https:\/\/www.afs.cz\/en\/#\/schema\/person\/bc52da0be76098030e75baeb919827ff"},"breadcrumb":{"@id":"https:\/\/www.afs.cz\/en\/2017\/12\/gabriela-z-chile-sdili-sve-dojmy-z-dosavadniho-pobytu-v-cr\/#breadcrumb"},"inLanguage":"en-US","potentialAction":[{"@type":"ReadAction","target":["https:\/\/www.afs.cz\/en\/2017\/12\/gabriela-z-chile-sdili-sve-dojmy-z-dosavadniho-pobytu-v-cr\/"]}]},{"@type":"ImageObject","inLanguage":"en-US","@id":"https:\/\/www.afs.cz\/en\/2017\/12\/gabriela-z-chile-sdili-sve-dojmy-z-dosavadniho-pobytu-v-cr\/#primaryimage","url":"http:\/\/czechrepublic.afssite.afs.org\/wp-content\/uploads\/sites\/84\/2017\/12\/20171117_124920-600x450.jpg","contentUrl":"http:\/\/czechrepublic.afssite.afs.org\/wp-content\/uploads\/sites\/84\/2017\/12\/20171117_124920-600x450.jpg"},{"@type":"BreadcrumbList","@id":"https:\/\/www.afs.cz\/en\/2017\/12\/gabriela-z-chile-sdili-sve-dojmy-z-dosavadniho-pobytu-v-cr\/#breadcrumb","itemListElement":[{"@type":"ListItem","position":1,"name":"Home","item":"https:\/\/czechrepublic.afssite.afs.org\/en\/"},{"@type":"ListItem","position":2,"name":"Gabriela z Chile sd\u00edl\u00ed sv\u00e9 dojmy z dosavadn\u00edho pobytu v \u010cR"}]},{"@type":"WebSite","@id":"https:\/\/www.afs.cz\/en\/#website","url":"https:\/\/www.afs.cz\/en\/","name":"Mezikulturn\u00ed programy","description":"Studium v zahrani\u010d\u00ed, hostitelsk\u00fd program, vzd\u011bl\u00e1vac\u00ed programy, dobrovolnictv\u00ed a mnoho dal\u0161\u00edho.","potentialAction":[{"@type":"SearchAction","target":{"@type":"EntryPoint","urlTemplate":"https:\/\/www.afs.cz\/en\/?s={search_term_string}"},"query-input":{"@type":"PropertyValueSpecification","valueRequired":true,"valueName":"search_term_string"}}],"inLanguage":"en-US"},{"@type":"Person","@id":"https:\/\/www.afs.cz\/en\/#\/schema\/person\/bc52da0be76098030e75baeb919827ff","name":"afscesko","image":{"@type":"ImageObject","inLanguage":"en-US","@id":"https:\/\/www.afs.cz\/en\/#\/schema\/person\/image\/","url":"https:\/\/secure.gravatar.com\/avatar\/eda270bfa745d003b9a210dc384a8c22e1a05bc41e5280645d3e2968a117c931?s=96&d=mm&r=g","contentUrl":"https:\/\/secure.gravatar.com\/avatar\/eda270bfa745d003b9a210dc384a8c22e1a05bc41e5280645d3e2968a117c931?s=96&d=mm&r=g","caption":"afscesko"},"url":"https:\/\/www.afs.cz\/en\/author\/afscesko\/"}]}},"_links":{"self":[{"href":"https:\/\/www.afs.cz\/en\/wp-json\/wp\/v2\/posts\/5656","targetHints":{"allow":["GET"]}}],"collection":[{"href":"https:\/\/www.afs.cz\/en\/wp-json\/wp\/v2\/posts"}],"about":[{"href":"https:\/\/www.afs.cz\/en\/wp-json\/wp\/v2\/types\/post"}],"author":[{"embeddable":true,"href":"https:\/\/www.afs.cz\/en\/wp-json\/wp\/v2\/users\/351"}],"replies":[{"embeddable":true,"href":"https:\/\/www.afs.cz\/en\/wp-json\/wp\/v2\/comments?post=5656"}],"version-history":[{"count":2,"href":"https:\/\/www.afs.cz\/en\/wp-json\/wp\/v2\/posts\/5656\/revisions"}],"predecessor-version":[{"id":9429,"href":"https:\/\/www.afs.cz\/en\/wp-json\/wp\/v2\/posts\/5656\/revisions\/9429"}],"wp:attachment":[{"href":"https:\/\/www.afs.cz\/en\/wp-json\/wp\/v2\/media?parent=5656"}],"wp:term":[{"taxonomy":"category","embeddable":true,"href":"https:\/\/www.afs.cz\/en\/wp-json\/wp\/v2\/categories?post=5656"},{"taxonomy":"post_tag","embeddable":true,"href":"https:\/\/www.afs.cz\/en\/wp-json\/wp\/v2\/tags?post=5656"}],"curies":[{"name":"wp","href":"https:\/\/api.w.org\/{rel}","templated":true}]}}