{"id":5341,"date":"2017-10-02T22:05:39","date_gmt":"2017-10-02T21:05:39","guid":{"rendered":"http:\/\/czechrepublic.afssite.afs.org\/?p=5341"},"modified":"2024-06-05T12:53:48","modified_gmt":"2024-06-05T11:53:48","slug":"ponavratove-soustredeni-ceskych-studentu-ze-skolniho-roku-201617-v-ceskem-sternberku","status":"publish","type":"post","link":"https:\/\/www.afs.cz\/en\/2017\/10\/ponavratove-soustredeni-ceskych-studentu-ze-skolniho-roku-201617-v-ceskem-sternberku\/","title":{"rendered":"Pon\u00e1vratov\u00e9 soust\u0159ed\u011bn\u00ed \u010desk\u00fdch student\u016f ze \u0161koln\u00edho roku 2016\/17 v \u010cesk\u00e9m \u0160ternberku"},"content":{"rendered":"<p>Soust\u0159ed\u011bn\u00ed prob\u011bhlo 19.-21.8.2017. Setk\u00e1n\u00ed prov\u00e1zela neb\u00fdvale velk\u00e1 \u00fa\u010dast, pozitivn\u00ed nalad\u011bn\u00ed v\u0161ech student\u016f a p\u0159\u00edv\u011btiv\u00e9 po\u010das\u00ed. Studenti je\u0161t\u011b plni z\u00e1\u017eitk\u016f se ochotn\u011b zapojovali do aktivit a diskuz\u00ed. V\u011b\u0159\u00edm, \u017ee jak navr\u00e1tilci, tak i dobrovoln\u00edci, kte\u0159\u00ed setk\u00e1n\u00ed organiza\u010dn\u011b zaji\u0161\u0165uj\u00ed, si to skv\u011ble u\u017eili. Z t\u00e9hle \u201ev\u00e1rky\u201c by se mohlo ur\u010dit\u011b narodit n\u011bkolik nov\u00fdch dobrovoln\u00edk\u016f! Pod\u00edvejme se na setk\u00e1n\u00ed o\u010dima na\u0161ich navr\u00e1tilc\u016f a dobrovoln\u00edk\u016f.<\/p>\n<h3>Lucka, kter\u00e1 se vr\u00e1tila z Argentiny:<\/h3>\n<p>\u201eP\u0159edposledn\u00ed v\u00edkend v srpnu se \u010cesk\u00fd \u0160ternberk zaplnil v\u00fdm\u011bnn\u00fdmi studenty. Tentokr\u00e1t \u0161lo o navr\u00e1tilce, kte\u0159\u00ed se brzy po p\u0159\u00edjezdu ze sv\u00fdch program\u016f, plni energie a nad\u0161en\u00ed, p\u0159i\u0161li pod\u011blit o z\u00e1\u017eitky z deseti nebo p\u011bti m\u011bs\u00edc\u016f, kter\u00e9 str\u00e1vili roztrou\u0161eni po cel\u00e9m sv\u011bt\u011b. Studenti, kter\u00fdch letos dorazilo neb\u00fdvale mnoho, m\u011bli mo\u017enost porovnat sv\u00e9 programy a tak\u00e9 celou mezikulturn\u00ed zku\u0161enost \u0159\u00e1dn\u011b zakon\u010dit. B\u011bhem t\u0159\u00ed dn\u016f se z\u00fa\u010dastnili velk\u00e9ho mno\u017estv\u00ed aktivit, kter\u00e9 jim pomohly zhodnotit cel\u00fd AFS program, ale i si cel\u00e9 soust\u0159ed\u011bn\u00ed po\u0159\u00e1dn\u011b u\u017e\u00edt. Nesm\u011bl samoz\u0159ejm\u011b chyb\u011bt v\u0161emi obl\u00edben\u00fd t\u00e1bor\u00e1k, proslul\u00e1 hra Na bl\u00e1zna (v norsk\u00e9 verzi Na vikinga) a do\u010dkali jsme se dokonce i zpracov\u00e1n\u00ed nejslavn\u011bj\u0161\u00ed p\u00edsn\u011b z filmu Titanic, kde v rol\u00edch herc\u016f a zp\u011bv\u00e1k\u016f stanuli samotn\u00ed studenti a dobrovoln\u00edci. Dom\u016f se v\u0161ichni vraceli plni nov\u00e9 energie a chuti pozn\u00e1vat. Nav\u00edc se spoustou nov\u00fdch p\u0159\u00e1tel, kte\u0159\u00ed se z\u00fa\u010dastnili program\u016f nap\u0159\u00ed\u010d kontinenty.\u201c<\/p>\n<h3>Vojta, dobrovoln\u00edk:<\/h3>\n<p>\u201eLeto\u0161n\u00ed pon\u00e1vratov\u00e9 soust\u0159ed\u011bn\u00ed p\u0159ed\u010dilo m\u00e9 o\u010dek\u00e1v\u00e1n\u00ed. P\u0159ijelo mnohem v\u00edce student\u016f, ne\u017e jezd\u00ed obvykle, co\u017e dodalo akci unik\u00e1tn\u00ed charakter. V\u0161ichni byli v\u00edce ne\u017e nad\u0161eni p\u0159i sd\u011blov\u00e1n\u00ed z\u00e1\u017eitk\u016f ze sv\u00fdch pobyt\u016f a porovn\u00e1v\u00e1n\u00ed sv\u00fdch zku\u0161enost\u00ed s ostatn\u00edmi \u00fa\u010dastn\u00edky. V\u011b\u0159\u00edm, \u017ee si v\u0161ichni \u00fa\u010dastn\u00edci i organiz\u00e1to\u0159i u\u017eili soust\u0159ed\u011bn\u00ed stejn\u011b jako j\u00e1 a douf\u00e1m, \u017ee n\u00e1sleduj\u00edc\u00ed roky budou stejn\u011b poveden\u00e9.\u201c<\/p>\n<h3>Mirek, dobrovoln\u00edk:<\/h3>\n<p>&#8220;Na leto\u0161n\u00edm pon\u00e1vratov\u00e9m soust\u0159ed\u011bn\u00ed jsem se pod\u00edlel jako dobrovoln\u00edk poprv\u00e9 a rozhodn\u011b t\u00e9to zku\u0161enosti nelituji. Nejv\u00edce m\u011b zaujala aktivita Kulturn\u00ed d\u0159e\u0148, kdy jsem byl moc p\u0159ekvapen ochotou v\u0161ech navr\u00e1tilc\u016f sd\u00edlet svoje zku\u0161enosti z programu, a\u0165 u\u017e byly pozitivn\u00ed \u010di negativn\u00ed. Ka\u017ed\u00fd m\u011bl z\u00e1jem si vyslechnout toho druh\u00e9ho, co\u017e n\u00e1sledn\u011b pomohlo k utvo\u0159en\u00ed v\u00fdborn\u00e9 atmosf\u00e9ry a stmelen\u00ed \u00fa\u017easn\u00e9 party lid\u00ed, jak\u00e1 na soust\u0159ed\u011bn\u00ed byla.&#8221;<\/p>\n","protected":false},"excerpt":{"rendered":"<p>Soust\u0159ed\u011bn\u00ed prob\u011bhlo 19.-21.8.2017. Setk\u00e1n\u00ed prov\u00e1zela neb\u00fdvale velk\u00e1 \u00fa\u010dast, pozitivn\u00ed nalad\u011bn\u00ed v\u0161ech student\u016f a p\u0159\u00edv\u011btiv\u00e9 po\u010das\u00ed. Studenti je\u0161t\u011b plni z\u00e1\u017eitk\u016f se&hellip;<\/p>\n","protected":false},"author":351,"featured_media":0,"comment_status":"open","ping_status":"open","sticky":false,"template":"","format":"standard","meta":{"footnotes":""},"categories":[188],"tags":[],"class_list":["post-5341","post","type-post","status-publish","format-standard","hentry","category-archiv"],"yoast_head":"<!-- This site is optimized with the Yoast SEO Premium plugin v26.6 (Yoast SEO v26.6) - https:\/\/yoast.com\/wordpress\/plugins\/seo\/ -->\n<title>Pon\u00e1vratov\u00e9 soust\u0159ed\u011bn\u00ed \u010desk\u00fdch student\u016f ze \u0161koln\u00edho roku 2016\/17 v \u010cesk\u00e9m \u0160ternberku - Mezikulturn\u00ed programy<\/title>\n<meta name=\"robots\" content=\"index, follow, max-snippet:-1, max-image-preview:large, max-video-preview:-1\" \/>\n<link rel=\"canonical\" href=\"https:\/\/www.afs.cz\/en\/2017\/10\/ponavratove-soustredeni-ceskych-studentu-ze-skolniho-roku-201617-v-ceskem-sternberku\/\" \/>\n<meta property=\"og:locale\" content=\"en_US\" \/>\n<meta property=\"og:type\" content=\"article\" \/>\n<meta property=\"og:title\" content=\"Pon\u00e1vratov\u00e9 soust\u0159ed\u011bn\u00ed \u010desk\u00fdch student\u016f ze \u0161koln\u00edho roku 2016\/17 v \u010cesk\u00e9m \u0160ternberku\" \/>\n<meta property=\"og:description\" content=\"Soust\u0159ed\u011bn\u00ed prob\u011bhlo 19.-21.8.2017. Setk\u00e1n\u00ed prov\u00e1zela neb\u00fdvale velk\u00e1 \u00fa\u010dast, pozitivn\u00ed nalad\u011bn\u00ed v\u0161ech student\u016f a p\u0159\u00edv\u011btiv\u00e9 po\u010das\u00ed. Studenti je\u0161t\u011b plni z\u00e1\u017eitk\u016f se&hellip;\" \/>\n<meta property=\"og:url\" content=\"https:\/\/www.afs.cz\/en\/2017\/10\/ponavratove-soustredeni-ceskych-studentu-ze-skolniho-roku-201617-v-ceskem-sternberku\/\" \/>\n<meta property=\"og:site_name\" content=\"Mezikulturn\u00ed programy\" \/>\n<meta property=\"article:published_time\" content=\"2017-10-02T21:05:39+00:00\" \/>\n<meta property=\"article:modified_time\" content=\"2024-06-05T11:53:48+00:00\" \/>\n<meta name=\"author\" content=\"afscesko\" \/>\n<meta name=\"twitter:card\" content=\"summary_large_image\" \/>\n<meta name=\"twitter:label1\" content=\"Written by\" \/>\n\t<meta name=\"twitter:data1\" content=\"afscesko\" \/>\n\t<meta name=\"twitter:label2\" content=\"Est. reading time\" \/>\n\t<meta name=\"twitter:data2\" content=\"2 minutes\" \/>\n<script type=\"application\/ld+json\" class=\"yoast-schema-graph\">{\"@context\":\"https:\/\/schema.org\",\"@graph\":[{\"@type\":\"WebPage\",\"@id\":\"https:\/\/www.afs.cz\/en\/2017\/10\/ponavratove-soustredeni-ceskych-studentu-ze-skolniho-roku-201617-v-ceskem-sternberku\/\",\"url\":\"https:\/\/www.afs.cz\/en\/2017\/10\/ponavratove-soustredeni-ceskych-studentu-ze-skolniho-roku-201617-v-ceskem-sternberku\/\",\"name\":\"Pon\u00e1vratov\u00e9 soust\u0159ed\u011bn\u00ed \u010desk\u00fdch student\u016f ze \u0161koln\u00edho roku 2016\/17 v \u010cesk\u00e9m \u0160ternberku - Mezikulturn\u00ed programy\",\"isPartOf\":{\"@id\":\"https:\/\/www.afs.cz\/en\/#website\"},\"datePublished\":\"2017-10-02T21:05:39+00:00\",\"dateModified\":\"2024-06-05T11:53:48+00:00\",\"author\":{\"@id\":\"https:\/\/www.afs.cz\/en\/#\/schema\/person\/bc52da0be76098030e75baeb919827ff\"},\"breadcrumb\":{\"@id\":\"https:\/\/www.afs.cz\/en\/2017\/10\/ponavratove-soustredeni-ceskych-studentu-ze-skolniho-roku-201617-v-ceskem-sternberku\/#breadcrumb\"},\"inLanguage\":\"en-US\",\"potentialAction\":[{\"@type\":\"ReadAction\",\"target\":[\"https:\/\/www.afs.cz\/en\/2017\/10\/ponavratove-soustredeni-ceskych-studentu-ze-skolniho-roku-201617-v-ceskem-sternberku\/\"]}]},{\"@type\":\"BreadcrumbList\",\"@id\":\"https:\/\/www.afs.cz\/en\/2017\/10\/ponavratove-soustredeni-ceskych-studentu-ze-skolniho-roku-201617-v-ceskem-sternberku\/#breadcrumb\",\"itemListElement\":[{\"@type\":\"ListItem\",\"position\":1,\"name\":\"Home\",\"item\":\"https:\/\/czechrepublic.afssite.afs.org\/en\/\"},{\"@type\":\"ListItem\",\"position\":2,\"name\":\"Pon\u00e1vratov\u00e9 soust\u0159ed\u011bn\u00ed \u010desk\u00fdch student\u016f ze \u0161koln\u00edho roku 2016\/17 v \u010cesk\u00e9m \u0160ternberku\"}]},{\"@type\":\"WebSite\",\"@id\":\"https:\/\/www.afs.cz\/en\/#website\",\"url\":\"https:\/\/www.afs.cz\/en\/\",\"name\":\"Mezikulturn\u00ed programy\",\"description\":\"Studium v zahrani\u010d\u00ed, hostitelsk\u00fd program, vzd\u011bl\u00e1vac\u00ed programy, dobrovolnictv\u00ed a mnoho dal\u0161\u00edho.\",\"potentialAction\":[{\"@type\":\"SearchAction\",\"target\":{\"@type\":\"EntryPoint\",\"urlTemplate\":\"https:\/\/www.afs.cz\/en\/?s={search_term_string}\"},\"query-input\":{\"@type\":\"PropertyValueSpecification\",\"valueRequired\":true,\"valueName\":\"search_term_string\"}}],\"inLanguage\":\"en-US\"},{\"@type\":\"Person\",\"@id\":\"https:\/\/www.afs.cz\/en\/#\/schema\/person\/bc52da0be76098030e75baeb919827ff\",\"name\":\"afscesko\",\"image\":{\"@type\":\"ImageObject\",\"inLanguage\":\"en-US\",\"@id\":\"https:\/\/www.afs.cz\/en\/#\/schema\/person\/image\/\",\"url\":\"https:\/\/secure.gravatar.com\/avatar\/eda270bfa745d003b9a210dc384a8c22e1a05bc41e5280645d3e2968a117c931?s=96&d=mm&r=g\",\"contentUrl\":\"https:\/\/secure.gravatar.com\/avatar\/eda270bfa745d003b9a210dc384a8c22e1a05bc41e5280645d3e2968a117c931?s=96&d=mm&r=g\",\"caption\":\"afscesko\"},\"url\":\"https:\/\/www.afs.cz\/en\/author\/afscesko\/\"}]}<\/script>\n<!-- \/ Yoast SEO Premium plugin. -->","yoast_head_json":{"title":"Pon\u00e1vratov\u00e9 soust\u0159ed\u011bn\u00ed \u010desk\u00fdch student\u016f ze \u0161koln\u00edho roku 2016\/17 v \u010cesk\u00e9m \u0160ternberku - Mezikulturn\u00ed programy","robots":{"index":"index","follow":"follow","max-snippet":"max-snippet:-1","max-image-preview":"max-image-preview:large","max-video-preview":"max-video-preview:-1"},"canonical":"https:\/\/www.afs.cz\/en\/2017\/10\/ponavratove-soustredeni-ceskych-studentu-ze-skolniho-roku-201617-v-ceskem-sternberku\/","og_locale":"en_US","og_type":"article","og_title":"Pon\u00e1vratov\u00e9 soust\u0159ed\u011bn\u00ed \u010desk\u00fdch student\u016f ze \u0161koln\u00edho roku 2016\/17 v \u010cesk\u00e9m \u0160ternberku","og_description":"Soust\u0159ed\u011bn\u00ed prob\u011bhlo 19.-21.8.2017. Setk\u00e1n\u00ed prov\u00e1zela neb\u00fdvale velk\u00e1 \u00fa\u010dast, pozitivn\u00ed nalad\u011bn\u00ed v\u0161ech student\u016f a p\u0159\u00edv\u011btiv\u00e9 po\u010das\u00ed. Studenti je\u0161t\u011b plni z\u00e1\u017eitk\u016f se&hellip;","og_url":"https:\/\/www.afs.cz\/en\/2017\/10\/ponavratove-soustredeni-ceskych-studentu-ze-skolniho-roku-201617-v-ceskem-sternberku\/","og_site_name":"Mezikulturn\u00ed programy","article_published_time":"2017-10-02T21:05:39+00:00","article_modified_time":"2024-06-05T11:53:48+00:00","author":"afscesko","twitter_card":"summary_large_image","twitter_misc":{"Written by":"afscesko","Est. reading time":"2 minutes"},"schema":{"@context":"https:\/\/schema.org","@graph":[{"@type":"WebPage","@id":"https:\/\/www.afs.cz\/en\/2017\/10\/ponavratove-soustredeni-ceskych-studentu-ze-skolniho-roku-201617-v-ceskem-sternberku\/","url":"https:\/\/www.afs.cz\/en\/2017\/10\/ponavratove-soustredeni-ceskych-studentu-ze-skolniho-roku-201617-v-ceskem-sternberku\/","name":"Pon\u00e1vratov\u00e9 soust\u0159ed\u011bn\u00ed \u010desk\u00fdch student\u016f ze \u0161koln\u00edho roku 2016\/17 v \u010cesk\u00e9m \u0160ternberku - Mezikulturn\u00ed programy","isPartOf":{"@id":"https:\/\/www.afs.cz\/en\/#website"},"datePublished":"2017-10-02T21:05:39+00:00","dateModified":"2024-06-05T11:53:48+00:00","author":{"@id":"https:\/\/www.afs.cz\/en\/#\/schema\/person\/bc52da0be76098030e75baeb919827ff"},"breadcrumb":{"@id":"https:\/\/www.afs.cz\/en\/2017\/10\/ponavratove-soustredeni-ceskych-studentu-ze-skolniho-roku-201617-v-ceskem-sternberku\/#breadcrumb"},"inLanguage":"en-US","potentialAction":[{"@type":"ReadAction","target":["https:\/\/www.afs.cz\/en\/2017\/10\/ponavratove-soustredeni-ceskych-studentu-ze-skolniho-roku-201617-v-ceskem-sternberku\/"]}]},{"@type":"BreadcrumbList","@id":"https:\/\/www.afs.cz\/en\/2017\/10\/ponavratove-soustredeni-ceskych-studentu-ze-skolniho-roku-201617-v-ceskem-sternberku\/#breadcrumb","itemListElement":[{"@type":"ListItem","position":1,"name":"Home","item":"https:\/\/czechrepublic.afssite.afs.org\/en\/"},{"@type":"ListItem","position":2,"name":"Pon\u00e1vratov\u00e9 soust\u0159ed\u011bn\u00ed \u010desk\u00fdch student\u016f ze \u0161koln\u00edho roku 2016\/17 v \u010cesk\u00e9m \u0160ternberku"}]},{"@type":"WebSite","@id":"https:\/\/www.afs.cz\/en\/#website","url":"https:\/\/www.afs.cz\/en\/","name":"Mezikulturn\u00ed programy","description":"Studium v zahrani\u010d\u00ed, hostitelsk\u00fd program, vzd\u011bl\u00e1vac\u00ed programy, dobrovolnictv\u00ed a mnoho dal\u0161\u00edho.","potentialAction":[{"@type":"SearchAction","target":{"@type":"EntryPoint","urlTemplate":"https:\/\/www.afs.cz\/en\/?s={search_term_string}"},"query-input":{"@type":"PropertyValueSpecification","valueRequired":true,"valueName":"search_term_string"}}],"inLanguage":"en-US"},{"@type":"Person","@id":"https:\/\/www.afs.cz\/en\/#\/schema\/person\/bc52da0be76098030e75baeb919827ff","name":"afscesko","image":{"@type":"ImageObject","inLanguage":"en-US","@id":"https:\/\/www.afs.cz\/en\/#\/schema\/person\/image\/","url":"https:\/\/secure.gravatar.com\/avatar\/eda270bfa745d003b9a210dc384a8c22e1a05bc41e5280645d3e2968a117c931?s=96&d=mm&r=g","contentUrl":"https:\/\/secure.gravatar.com\/avatar\/eda270bfa745d003b9a210dc384a8c22e1a05bc41e5280645d3e2968a117c931?s=96&d=mm&r=g","caption":"afscesko"},"url":"https:\/\/www.afs.cz\/en\/author\/afscesko\/"}]}},"_links":{"self":[{"href":"https:\/\/www.afs.cz\/en\/wp-json\/wp\/v2\/posts\/5341","targetHints":{"allow":["GET"]}}],"collection":[{"href":"https:\/\/www.afs.cz\/en\/wp-json\/wp\/v2\/posts"}],"about":[{"href":"https:\/\/www.afs.cz\/en\/wp-json\/wp\/v2\/types\/post"}],"author":[{"embeddable":true,"href":"https:\/\/www.afs.cz\/en\/wp-json\/wp\/v2\/users\/351"}],"replies":[{"embeddable":true,"href":"https:\/\/www.afs.cz\/en\/wp-json\/wp\/v2\/comments?post=5341"}],"version-history":[{"count":5,"href":"https:\/\/www.afs.cz\/en\/wp-json\/wp\/v2\/posts\/5341\/revisions"}],"predecessor-version":[{"id":21950,"href":"https:\/\/www.afs.cz\/en\/wp-json\/wp\/v2\/posts\/5341\/revisions\/21950"}],"wp:attachment":[{"href":"https:\/\/www.afs.cz\/en\/wp-json\/wp\/v2\/media?parent=5341"}],"wp:term":[{"taxonomy":"category","embeddable":true,"href":"https:\/\/www.afs.cz\/en\/wp-json\/wp\/v2\/categories?post=5341"},{"taxonomy":"post_tag","embeddable":true,"href":"https:\/\/www.afs.cz\/en\/wp-json\/wp\/v2\/tags?post=5341"}],"curies":[{"name":"wp","href":"https:\/\/api.w.org\/{rel}","templated":true}]}}