{"id":5332,"date":"2017-10-02T22:00:35","date_gmt":"2017-10-02T21:00:35","guid":{"rendered":"http:\/\/czechrepublic.afssite.afs.org\/?p=5332"},"modified":"2024-06-05T12:54:54","modified_gmt":"2024-06-05T11:54:54","slug":"zprava-z-priletu-novych-hostenych-studentu-do-ceska-a-jejich-zacatcich-v-nove-zemi","status":"publish","type":"post","link":"https:\/\/www.afs.cz\/en\/2017\/10\/zprava-z-priletu-novych-hostenych-studentu-do-ceska-a-jejich-zacatcich-v-nove-zemi\/","title":{"rendered":"Zpr\u00e1va z p\u0159\u00edletu nov\u00fdch ho\u0161t\u011bn\u00fdch student\u016f do \u010ceska a jejich za\u010d\u00e1tk\u016f v nov\u00e9 zemi"},"content":{"rendered":"<p>Vra\u0165me se trochu v \u010dase: je 25. srpna 2017, den, kdy o\u010dek\u00e1v\u00e1me p\u0159\u00edlet 61 student\u016f z 22 zem\u00ed (t\u0159i studentky z USA p\u0159icestovaly o t\u00fdden d\u0159\u00edve). Osm student\u016f p\u0159il\u00e9t\u00e1 na t\u0159i m\u011bs\u00edce, dva studenti na p\u011bt m\u011bs\u00edc\u016f a nejpo\u010detn\u011bj\u0161\u00ed skupina chce u n\u00e1s v \u010cesk\u00e9 republice str\u00e1vit cel\u00fd \u0161koln\u00ed rok. Bohu\u017eel t\u0159i studenti nedostali v\u010das v\u00edzum a p\u0159icestuj\u00ed pozd\u011bji.<\/p>\n<p>Na leti\u0161ti jsou studenti o\u010dek\u00e1v\u00e1ni na\u0161imi dobrovoln\u00edky. Po skupink\u00e1ch cestuj\u00ed d\u00e1le na prvn\u00ed kr\u00e1tk\u00e9 soust\u0159ed\u011bn\u00ed do \u010cesk\u00e9ho \u0160ternberka. Nast\u00e1vaj\u00ed mal\u00e9 komplikace v podob\u011b zpo\u017ed\u011bn\u00ed let\u016f, jednoho zran\u011bn\u00ed, nevolnosti. Ale postupn\u011b se poda\u0159\u00ed v\u0161echny studenty dopravit do Hotelu s n\u00e1dhern\u00fdm v\u00fdhledem na hrad \u0160ternberk a skv\u011blou kuchyn\u00ed. Ve dve\u0159\u00edch se sna\u017e\u00ed Monika Janovsk\u00e1 (koordin\u00e1torka hostitelsk\u00e9ho programu) uh\u00e1dnout, kdo je kdo. P\u0159ihl\u00e1\u0161ky student\u016f j\u00ed pro\u0161ly rukama snad tis\u00edckr\u00e1t, \u00fasp\u011b\u0161nost je tedy t\u00e9m\u011b\u0159 100%.<\/p>\n<p>Program je velmi intenzivn\u00ed a\u017e do p\u00e1te\u010dn\u00edch pozdn\u00edch no\u010dn\u00edch hodin, v sobotu za\u010d\u00edn\u00e1me s rozb\u0159eskem. Nakolik studenti pochop\u00ed to, co se jim sna\u017e\u00edme v ucelen\u00fdch bloc\u00edch vysv\u011btlit, uk\u00e1\u017e\u00ed prvn\u00ed t\u00fddny v rodin\u00e1ch. Nejkr\u00e1sn\u011bj\u0161\u00ed \u010d\u00e1st cel\u00e9ho v\u00edkendu nast\u00e1v\u00e1 v sobotu odpoledne. Za\u010d\u00edn\u00e1 b\u00fdt horko. P\u0159ij\u00ed\u017ed\u011bj\u00ed prvn\u00ed rodiny. Parkovi\u0161t\u011b za\u010d\u00edn\u00e1 b\u00fdt p\u0159epln\u011bn\u00e9. Venkovn\u00ed stan je pln\u00fd lid\u00ed, kte\u0159\u00ed se t\u011b\u0161\u00ed na prvn\u00ed setk\u00e1n\u00ed se sv\u00fdm studentem nebo studentkou. Kr\u00e1tk\u00e1 emotivn\u00ed \u0159e\u010d pan\u00ed \u0159editelky a pak u\u017e p\u0159iv\u00e1d\u00edme studenty vst\u0159\u00edc rodin\u00e1m. N\u011bkter\u00e1 prvn\u00ed objet\u00ed jsou zat\u00edm nesm\u011bl\u00e1, n\u011bkde ji\u017e velmi srde\u010dn\u00e1. Projevuj\u00ed se prvn\u00ed patrn\u00e9 kulturn\u00ed rozd\u00edly. Tat\u00ednci ochotn\u011b organizuj\u00ed vypro\u0161t\u011bn\u00ed mnoha kil zavazadel ze zadn\u00ed m\u00edstnosti. Sbalit se na rok je t\u011b\u017ek\u00e9.<\/p>\n<p>Hostitelsk\u00e9 dobrodru\u017estv\u00ed za\u010d\u00edn\u00e1\u2026<\/p>\n","protected":false},"excerpt":{"rendered":"<p>Vra\u0165me se trochu v \u010dase: je 25. srpna 2017, den, kdy o\u010dek\u00e1v\u00e1me p\u0159\u00edlet 61 student\u016f z 22 zem\u00ed (t\u0159i studentky&hellip;<\/p>\n","protected":false},"author":351,"featured_media":0,"comment_status":"open","ping_status":"open","sticky":false,"template":"","format":"standard","meta":{"footnotes":""},"categories":[188,49],"tags":[],"class_list":["post-5332","post","type-post","status-publish","format-standard","hentry","category-archiv","category-hostitelsky-program"],"yoast_head":"<!-- This site is optimized with the Yoast SEO Premium plugin v26.6 (Yoast SEO v26.6) - https:\/\/yoast.com\/wordpress\/plugins\/seo\/ -->\n<title>Zpr\u00e1va z p\u0159\u00edletu nov\u00fdch ho\u0161t\u011bn\u00fdch student\u016f do \u010ceska a jejich za\u010d\u00e1tk\u016f v nov\u00e9 zemi - Mezikulturn\u00ed programy<\/title>\n<meta name=\"robots\" content=\"index, follow, max-snippet:-1, max-image-preview:large, max-video-preview:-1\" \/>\n<link rel=\"canonical\" href=\"https:\/\/www.afs.cz\/en\/2017\/10\/zprava-z-priletu-novych-hostenych-studentu-do-ceska-a-jejich-zacatcich-v-nove-zemi\/\" \/>\n<meta property=\"og:locale\" content=\"en_US\" \/>\n<meta property=\"og:type\" content=\"article\" \/>\n<meta property=\"og:title\" content=\"Zpr\u00e1va z p\u0159\u00edletu nov\u00fdch ho\u0161t\u011bn\u00fdch student\u016f do \u010ceska a jejich za\u010d\u00e1tk\u016f v nov\u00e9 zemi\" \/>\n<meta property=\"og:description\" content=\"Vra\u0165me se trochu v \u010dase: je 25. srpna 2017, den, kdy o\u010dek\u00e1v\u00e1me p\u0159\u00edlet 61 student\u016f z 22 zem\u00ed (t\u0159i studentky&hellip;\" \/>\n<meta property=\"og:url\" content=\"https:\/\/www.afs.cz\/en\/2017\/10\/zprava-z-priletu-novych-hostenych-studentu-do-ceska-a-jejich-zacatcich-v-nove-zemi\/\" \/>\n<meta property=\"og:site_name\" content=\"Mezikulturn\u00ed programy\" \/>\n<meta property=\"article:published_time\" content=\"2017-10-02T21:00:35+00:00\" \/>\n<meta property=\"article:modified_time\" content=\"2024-06-05T11:54:54+00:00\" \/>\n<meta name=\"author\" content=\"afscesko\" \/>\n<meta name=\"twitter:card\" content=\"summary_large_image\" \/>\n<meta name=\"twitter:label1\" content=\"Written by\" \/>\n\t<meta name=\"twitter:data1\" content=\"afscesko\" \/>\n\t<meta name=\"twitter:label2\" content=\"Est. reading time\" \/>\n\t<meta name=\"twitter:data2\" content=\"2 minutes\" \/>\n<script type=\"application\/ld+json\" class=\"yoast-schema-graph\">{\"@context\":\"https:\/\/schema.org\",\"@graph\":[{\"@type\":\"WebPage\",\"@id\":\"https:\/\/www.afs.cz\/en\/2017\/10\/zprava-z-priletu-novych-hostenych-studentu-do-ceska-a-jejich-zacatcich-v-nove-zemi\/\",\"url\":\"https:\/\/www.afs.cz\/en\/2017\/10\/zprava-z-priletu-novych-hostenych-studentu-do-ceska-a-jejich-zacatcich-v-nove-zemi\/\",\"name\":\"Zpr\u00e1va z p\u0159\u00edletu nov\u00fdch ho\u0161t\u011bn\u00fdch student\u016f do \u010ceska a jejich za\u010d\u00e1tk\u016f v nov\u00e9 zemi - Mezikulturn\u00ed programy\",\"isPartOf\":{\"@id\":\"https:\/\/www.afs.cz\/en\/#website\"},\"datePublished\":\"2017-10-02T21:00:35+00:00\",\"dateModified\":\"2024-06-05T11:54:54+00:00\",\"author\":{\"@id\":\"https:\/\/www.afs.cz\/en\/#\/schema\/person\/bc52da0be76098030e75baeb919827ff\"},\"breadcrumb\":{\"@id\":\"https:\/\/www.afs.cz\/en\/2017\/10\/zprava-z-priletu-novych-hostenych-studentu-do-ceska-a-jejich-zacatcich-v-nove-zemi\/#breadcrumb\"},\"inLanguage\":\"en-US\",\"potentialAction\":[{\"@type\":\"ReadAction\",\"target\":[\"https:\/\/www.afs.cz\/en\/2017\/10\/zprava-z-priletu-novych-hostenych-studentu-do-ceska-a-jejich-zacatcich-v-nove-zemi\/\"]}]},{\"@type\":\"BreadcrumbList\",\"@id\":\"https:\/\/www.afs.cz\/en\/2017\/10\/zprava-z-priletu-novych-hostenych-studentu-do-ceska-a-jejich-zacatcich-v-nove-zemi\/#breadcrumb\",\"itemListElement\":[{\"@type\":\"ListItem\",\"position\":1,\"name\":\"Home\",\"item\":\"https:\/\/czechrepublic.afssite.afs.org\/en\/\"},{\"@type\":\"ListItem\",\"position\":2,\"name\":\"Zpr\u00e1va z p\u0159\u00edletu nov\u00fdch ho\u0161t\u011bn\u00fdch student\u016f do \u010ceska a jejich za\u010d\u00e1tk\u016f v nov\u00e9 zemi\"}]},{\"@type\":\"WebSite\",\"@id\":\"https:\/\/www.afs.cz\/en\/#website\",\"url\":\"https:\/\/www.afs.cz\/en\/\",\"name\":\"Mezikulturn\u00ed programy\",\"description\":\"Studium v zahrani\u010d\u00ed, hostitelsk\u00fd program, vzd\u011bl\u00e1vac\u00ed programy, dobrovolnictv\u00ed a mnoho dal\u0161\u00edho.\",\"potentialAction\":[{\"@type\":\"SearchAction\",\"target\":{\"@type\":\"EntryPoint\",\"urlTemplate\":\"https:\/\/www.afs.cz\/en\/?s={search_term_string}\"},\"query-input\":{\"@type\":\"PropertyValueSpecification\",\"valueRequired\":true,\"valueName\":\"search_term_string\"}}],\"inLanguage\":\"en-US\"},{\"@type\":\"Person\",\"@id\":\"https:\/\/www.afs.cz\/en\/#\/schema\/person\/bc52da0be76098030e75baeb919827ff\",\"name\":\"afscesko\",\"image\":{\"@type\":\"ImageObject\",\"inLanguage\":\"en-US\",\"@id\":\"https:\/\/www.afs.cz\/en\/#\/schema\/person\/image\/\",\"url\":\"https:\/\/secure.gravatar.com\/avatar\/eda270bfa745d003b9a210dc384a8c22e1a05bc41e5280645d3e2968a117c931?s=96&d=mm&r=g\",\"contentUrl\":\"https:\/\/secure.gravatar.com\/avatar\/eda270bfa745d003b9a210dc384a8c22e1a05bc41e5280645d3e2968a117c931?s=96&d=mm&r=g\",\"caption\":\"afscesko\"},\"url\":\"https:\/\/www.afs.cz\/en\/author\/afscesko\/\"}]}<\/script>\n<!-- \/ Yoast SEO Premium plugin. -->","yoast_head_json":{"title":"Zpr\u00e1va z p\u0159\u00edletu nov\u00fdch ho\u0161t\u011bn\u00fdch student\u016f do \u010ceska a jejich za\u010d\u00e1tk\u016f v nov\u00e9 zemi - Mezikulturn\u00ed programy","robots":{"index":"index","follow":"follow","max-snippet":"max-snippet:-1","max-image-preview":"max-image-preview:large","max-video-preview":"max-video-preview:-1"},"canonical":"https:\/\/www.afs.cz\/en\/2017\/10\/zprava-z-priletu-novych-hostenych-studentu-do-ceska-a-jejich-zacatcich-v-nove-zemi\/","og_locale":"en_US","og_type":"article","og_title":"Zpr\u00e1va z p\u0159\u00edletu nov\u00fdch ho\u0161t\u011bn\u00fdch student\u016f do \u010ceska a jejich za\u010d\u00e1tk\u016f v nov\u00e9 zemi","og_description":"Vra\u0165me se trochu v \u010dase: je 25. srpna 2017, den, kdy o\u010dek\u00e1v\u00e1me p\u0159\u00edlet 61 student\u016f z 22 zem\u00ed (t\u0159i studentky&hellip;","og_url":"https:\/\/www.afs.cz\/en\/2017\/10\/zprava-z-priletu-novych-hostenych-studentu-do-ceska-a-jejich-zacatcich-v-nove-zemi\/","og_site_name":"Mezikulturn\u00ed programy","article_published_time":"2017-10-02T21:00:35+00:00","article_modified_time":"2024-06-05T11:54:54+00:00","author":"afscesko","twitter_card":"summary_large_image","twitter_misc":{"Written by":"afscesko","Est. reading time":"2 minutes"},"schema":{"@context":"https:\/\/schema.org","@graph":[{"@type":"WebPage","@id":"https:\/\/www.afs.cz\/en\/2017\/10\/zprava-z-priletu-novych-hostenych-studentu-do-ceska-a-jejich-zacatcich-v-nove-zemi\/","url":"https:\/\/www.afs.cz\/en\/2017\/10\/zprava-z-priletu-novych-hostenych-studentu-do-ceska-a-jejich-zacatcich-v-nove-zemi\/","name":"Zpr\u00e1va z p\u0159\u00edletu nov\u00fdch ho\u0161t\u011bn\u00fdch student\u016f do \u010ceska a jejich za\u010d\u00e1tk\u016f v nov\u00e9 zemi - Mezikulturn\u00ed programy","isPartOf":{"@id":"https:\/\/www.afs.cz\/en\/#website"},"datePublished":"2017-10-02T21:00:35+00:00","dateModified":"2024-06-05T11:54:54+00:00","author":{"@id":"https:\/\/www.afs.cz\/en\/#\/schema\/person\/bc52da0be76098030e75baeb919827ff"},"breadcrumb":{"@id":"https:\/\/www.afs.cz\/en\/2017\/10\/zprava-z-priletu-novych-hostenych-studentu-do-ceska-a-jejich-zacatcich-v-nove-zemi\/#breadcrumb"},"inLanguage":"en-US","potentialAction":[{"@type":"ReadAction","target":["https:\/\/www.afs.cz\/en\/2017\/10\/zprava-z-priletu-novych-hostenych-studentu-do-ceska-a-jejich-zacatcich-v-nove-zemi\/"]}]},{"@type":"BreadcrumbList","@id":"https:\/\/www.afs.cz\/en\/2017\/10\/zprava-z-priletu-novych-hostenych-studentu-do-ceska-a-jejich-zacatcich-v-nove-zemi\/#breadcrumb","itemListElement":[{"@type":"ListItem","position":1,"name":"Home","item":"https:\/\/czechrepublic.afssite.afs.org\/en\/"},{"@type":"ListItem","position":2,"name":"Zpr\u00e1va z p\u0159\u00edletu nov\u00fdch ho\u0161t\u011bn\u00fdch student\u016f do \u010ceska a jejich za\u010d\u00e1tk\u016f v nov\u00e9 zemi"}]},{"@type":"WebSite","@id":"https:\/\/www.afs.cz\/en\/#website","url":"https:\/\/www.afs.cz\/en\/","name":"Mezikulturn\u00ed programy","description":"Studium v zahrani\u010d\u00ed, hostitelsk\u00fd program, vzd\u011bl\u00e1vac\u00ed programy, dobrovolnictv\u00ed a mnoho dal\u0161\u00edho.","potentialAction":[{"@type":"SearchAction","target":{"@type":"EntryPoint","urlTemplate":"https:\/\/www.afs.cz\/en\/?s={search_term_string}"},"query-input":{"@type":"PropertyValueSpecification","valueRequired":true,"valueName":"search_term_string"}}],"inLanguage":"en-US"},{"@type":"Person","@id":"https:\/\/www.afs.cz\/en\/#\/schema\/person\/bc52da0be76098030e75baeb919827ff","name":"afscesko","image":{"@type":"ImageObject","inLanguage":"en-US","@id":"https:\/\/www.afs.cz\/en\/#\/schema\/person\/image\/","url":"https:\/\/secure.gravatar.com\/avatar\/eda270bfa745d003b9a210dc384a8c22e1a05bc41e5280645d3e2968a117c931?s=96&d=mm&r=g","contentUrl":"https:\/\/secure.gravatar.com\/avatar\/eda270bfa745d003b9a210dc384a8c22e1a05bc41e5280645d3e2968a117c931?s=96&d=mm&r=g","caption":"afscesko"},"url":"https:\/\/www.afs.cz\/en\/author\/afscesko\/"}]}},"_links":{"self":[{"href":"https:\/\/www.afs.cz\/en\/wp-json\/wp\/v2\/posts\/5332","targetHints":{"allow":["GET"]}}],"collection":[{"href":"https:\/\/www.afs.cz\/en\/wp-json\/wp\/v2\/posts"}],"about":[{"href":"https:\/\/www.afs.cz\/en\/wp-json\/wp\/v2\/types\/post"}],"author":[{"embeddable":true,"href":"https:\/\/www.afs.cz\/en\/wp-json\/wp\/v2\/users\/351"}],"replies":[{"embeddable":true,"href":"https:\/\/www.afs.cz\/en\/wp-json\/wp\/v2\/comments?post=5332"}],"version-history":[{"count":6,"href":"https:\/\/www.afs.cz\/en\/wp-json\/wp\/v2\/posts\/5332\/revisions"}],"predecessor-version":[{"id":21954,"href":"https:\/\/www.afs.cz\/en\/wp-json\/wp\/v2\/posts\/5332\/revisions\/21954"}],"wp:attachment":[{"href":"https:\/\/www.afs.cz\/en\/wp-json\/wp\/v2\/media?parent=5332"}],"wp:term":[{"taxonomy":"category","embeddable":true,"href":"https:\/\/www.afs.cz\/en\/wp-json\/wp\/v2\/categories?post=5332"},{"taxonomy":"post_tag","embeddable":true,"href":"https:\/\/www.afs.cz\/en\/wp-json\/wp\/v2\/tags?post=5332"}],"curies":[{"name":"wp","href":"https:\/\/api.w.org\/{rel}","templated":true}]}}