{"id":4679,"date":"2017-06-28T11:14:07","date_gmt":"2017-06-28T10:14:07","guid":{"rendered":"http:\/\/czechrepublic.afssite.afs.org\/?p=4679"},"modified":"2024-06-05T12:56:23","modified_gmt":"2024-06-05T11:56:23","slug":"lucie-sajnarova-zprava-z-pulky-pobytu-v-argentine","status":"publish","type":"post","link":"https:\/\/www.afs.cz\/en\/2017\/06\/lucie-sajnarova-zprava-z-pulky-pobytu-v-argentine\/","title":{"rendered":"Lucie \u0160ajnarov\u00e1 \u2013 zpr\u00e1va z p\u016flky pobytu v Argentin\u011b"},"content":{"rendered":"<p>Jmenuji se Lucka, je mi sedmn\u00e1ct let a posledn\u00ed t\u0159i m\u011bs\u00edce jsem str\u00e1vila v\u00a0Argentin\u011b na st\u0159edo\u0161kolsk\u00e9m programu d\u00edky AFS. A je\u0161t\u011b snad necel\u00e9 dva str\u00e1v\u00edm. Ano, opravdu je to tady, u\u017e jsem za p\u016flkou sv\u00e9ho programu. Kdy\u017e jsem se rozhodla vyjet na p\u016fl roku, zd\u00e1lo se mi to jako v\u011b\u010dnost, te\u010f si \u0159\u00edk\u00e1m, \u017ee to ut\u00edk\u00e1 n\u011bjak rychle. Mo\u017en\u00e1, \u017ee ani v\u00fdb\u011br moj\u00ed destinace se v\u00e1m nezd\u00e1 nejtradi\u010dn\u011bj\u0161\u00ed, ale v\u00a0dne\u0161n\u00ed dob\u011b u\u017e nen\u00ed probl\u00e9m jet na program do Hondurasu nebo na Filip\u00edny, tak\u017ee jsem p\u0159eci jenom nezvolila takovou exotiku.<\/p>\n<p>\u017diji tu v\u00a0jednom provin\u010dn\u00edm m\u011bst\u011b na \u00fapln\u00e9m z\u00e1pad\u011b zem\u011b, vkl\u00edn\u011bn\u00e9m mezi vrcholky And a obrovskou pou\u0161\u0165. P\u0159esto\u017ee San Juan m\u00e1 t\u00e9m\u011b\u0159 p\u016fl milionu obyvatel, m\u00edstn\u00ed r\u00e1di \u0159\u00edkaj\u00ed, \u017ee je to jedna velk\u00e1 vesnice, jeliko\u017e se v\u0161ichni znaj\u00ed. Zpo\u010d\u00e1tku jsem tomu necht\u011bla uv\u011b\u0159it, ale p\u0159esto\u017ee tu nejsem dlouho, ka\u017ed\u00fd, koho potk\u00e1m, zn\u00e1 n\u011bkoho, kdo zn\u00e1 n\u011bkoho, koho zn\u00e1m j\u00e1. P\u0159izn\u00e1m se, \u017ee kdy\u017e jsem se poprv\u00e9 dozv\u011bd\u011bla, \u017ee budu bydlet ve m\u011bst\u011b San Juan, netu\u0161ila jsem ani, \u017ee takov\u00e1 provincie v\u00a0Argentin\u011b je. Stejn\u011b jako pro v\u011bt\u0161inu ostatn\u00edch cizinc\u016f pro m\u011b Argentina byla Buenos Aires, steaky, ledovce, tango a vodop\u00e1dy. Na\u0161t\u011bst\u00ed jsem ale dostala mo\u017enost poznat i tu dal\u0161\u00ed \u010d\u00e1st, mo\u017en\u00e1 ne tak zn\u00e1mou, ale o to zaj\u00edmav\u011bj\u0161\u00ed\u2026<\/p>\n<p>Proto\u017ee Argentina samoz\u0159ejm\u011b nen\u00ed jenom to, \u010d\u00edm se proslavila ve sv\u011bt\u011b, ale tak\u00e9 spousta v\u011bc\u00ed, kter\u00e9 se tak trochu skr\u00fdvaj\u00ed a uk\u00e1\u017eou se, a\u017e kdy\u017e si na n\u011b n\u011bjakou tu chv\u00edli po\u010dk\u00e1te. Rozhodn\u011b to ale nen\u00ed ztracen\u00fd \u010das. Naopak, je to spousta podn\u011bt\u016f, nov\u00ed kamar\u00e1di, nov\u00e1 rodina, \u0161kola, jazyk, ale t\u0159eba i ka\u017edodenn\u00ed zvyky, u kter\u00fdch jsem si d\u0159\u00edve ani neuv\u011bdomovala, \u017ee by se n\u011bkde jinde ve sv\u011bt\u011b mohli d\u011blat jinak. V\u011bd\u011bli jste, \u017ee v\u00a0San Juan se na v\u00e1s v\u0161ichni budou d\u00edvat p\u0159ekvapen\u011b, kdy\u017e budete j\u00edst broskev se \u0161lupkou? Argentinci si mysl\u00ed, \u017ee ty \u201evl\u00e1sky\u201c jsou naprosto odporn\u00e9. Nebo \u017ee kdy\u017e si d\u00e1te s\u00a0n\u011bk\u00fdm sch\u016fzku, b\u011b\u017en\u011b se chod\u00ed o p\u016fl hodiny a\u017e hodinu pozd\u011bji? N\u011bkter\u00e9 v\u011bci zkr\u00e1tka pova\u017eujeme za naprosto samoz\u0159ejm\u00e9, ale j\u00e1 jsem si na programu uv\u011bdomila, \u017ee spousta b\u011b\u017en\u00fdch v\u011bc\u00ed je b\u011b\u017en\u00e1 jenom pro n\u00e1s a jin\u00e9 n\u00e1rody jim t\u0159eba v\u016fbec nerozum\u00ed, stejn\u011b jako j\u00e1 nerozum\u00edm t\u011bm jejich\u2026 Nyn\u00ed m\u00e1m ale neuv\u011b\u0159itelnou p\u0159\u00edle\u017eitost jim porozum\u011bt a t\u0159eba si z\u00a0nich i to nejlep\u0161\u00ed p\u0159iv\u00e9st s\u00a0sebou dom\u016f\u2026<\/p>\n<p>Kdy\u017e jsem p\u0159ij\u00ed\u017ed\u011bla, m\u011bla jsem spoustu obav, ale ty se postupn\u011b rozplynuly. P\u0159ekvapiv\u011b jsem se nesetkala s \u017e\u00e1dn\u00fdm velk\u00fdm probl\u00e9mem s\u00a0jazykem, stra\u0161\u00e1kem v\u0161ech zahrani\u010dn\u00edch student\u016f, ale moje \u0161koln\u00ed \u0161pan\u011bl\u0161tina byla p\u0159ekvapiv\u011b dob\u0159e pou\u017eiteln\u00e1, tak\u017ee sta\u010dilo nau\u010dit se p\u00e1r typicky argentinsk\u00fdch fr\u00e1z\u00ed, naposlouchat p\u0159\u00edzvuk a u\u017e vypr\u00e1v\u00edm o \u010desk\u00e9 historii. Nejd\u016fle\u017eit\u011bj\u0161\u00ed je nem\u00edt strach a mluvit. Kdy\u017e jsem p\u0159ijela, moje rodina se m\u011b zeptala, jestli chci komunikovat anglicky nebo \u0161pan\u011blsky, ale j\u00e1 m\u011bla od za\u010d\u00e1tku jasno.\u00a0 Jsem p\u0159eci v\u00a0Argentin\u011b, tak co by tu d\u011blala angli\u010dtina?<\/p>\n<p>Tak\u00e9 jsem z\u00edskala \u00fa\u017easnou druhou rodinu, jist\u011b, zpo\u010d\u00e1tku to bylo trochu rozpa\u010dit\u00e9, koneckonc\u016f to byli n\u011bjac\u00ed lid\u00e9, co jsem je znala jenom z\u00a0fotek, ale to se rychle zm\u011bnilo. A nez\u00edskala jsem tak jenom rodinu, kter\u00e1 m\u011b host\u00ed, ale tak\u00e9 v\u0161echny ostatn\u00ed, babi\u010dky, teti\u010dky, str\u00fd\u010dky, bratrance a sest\u0159enice, kte\u0159\u00ed m\u011b p\u0159ijali mezi sebe a otev\u0159eli mi svou n\u00e1ru\u010d.<\/p>\n<p>Za ty t\u0159i m\u011bs\u00edce jsem toho za\u017eila mnoho. Zm\u011bnila jsem se z \u010dlov\u011bka, kter\u00e9mu se rozt\u0159\u00e1sla kolena u\u017e p\u0159i pomy\u0161len\u00ed na m\u00edstn\u00ed hromadnou dopravu, na osobu, kter\u00e1 j\u00ed pou\u017e\u00edv\u00e1 ka\u017ed\u00fd den a v\u00ed p\u0159esn\u011b, kdy m\u00e1 zm\u00e1\u010dknout ten knofl\u00edk, aby autobus zastavil tam, kde chce on. Byla jsem na v\u00fdlet\u011b v\u00a0Buenos Aires, poprv\u00e9 v\u00a0\u017eivot\u011b jsem vystoupala a\u017e do p\u011bti tis\u00edc metr\u016f, vid\u011bla lamu ve voln\u00e9 p\u0159\u00edrod\u011b, ochutnala to nejlep\u0161\u00ed hov\u011bz\u00ed na sv\u011bt\u011b a rozto\u010dila si sukni v\u00a0rytmu tanga. A p\u0159esto to nejsou ty v\u011bci, kter\u00e9 bych pova\u017eovala za ty nejd\u016fle\u017eit\u011bj\u0161\u00ed. Je to prost\u00e9, miluji ty lidi\u2026<\/p>\n<p>A te\u010f nemysl\u00edm svoji hostitelskou rodinu, kamar\u00e1dy ani lidi z AFS. Ne, mluv\u00edm o v\u0161ech t\u011bch, kter\u00e9 potk\u00e1v\u00e1m dennodenn\u011b na ulici. Vzhledem k\u00a0tomu, \u017ee tady t\u00e9m\u011b\u0159 neexistuje n\u011bco jako j\u00edzdn\u00ed \u0159\u00e1dy nebo informa\u010dn\u00ed cedule, nezb\u00fdv\u00e1 mi ne\u017e se pt\u00e1t. A tak se pt\u00e1m a hodn\u011b. P\u0159esto se mi je\u0161t\u011b nikdy nestalo, \u017ee by mi n\u011bkdo neodpov\u011bd\u011b, nebo se dokonce tv\u00e1\u0159il otr\u00e1ven\u011b. Nez\u00e1le\u017e\u00ed na tom, kde ty lidi potk\u00e1m, co zrovna d\u011blaj\u00ed nebo kdo jsou, ale poka\u017ed\u00e9 maj\u00ed p\u0159ipraven\u00fd \u00fasm\u011bv a pusu, kterou v\u00e1m vlep\u00ed na tv\u00e1\u0159. V\u017edycky se v\u00e1m pokus\u00ed poradit a cht\u011bj\u00ed v\u011bd\u011bt, co nejv\u00edce o v\u00e1s. Zaj\u00edmaj\u00ed se a b\u011bhem deseti minut je snadn\u00e9 ud\u011blat si nov\u00e9 p\u0159\u00e1tele. P\u0159ijdu za nimi s\u00a0ot\u00e1zkou, jestli u\u017e jel autobus, a nakonec jsem nesm\u00edrn\u011b vd\u011b\u010dn\u00e1, \u017ee mohu na zast\u00e1vce str\u00e1vit o dvacet minut v\u00edc. Takov\u00ed jsou Argentinci, otev\u0159en\u00ed a p\u0159\u00e1tel\u0161t\u00ed, trochu drz\u00ed rebelov\u00e9, kte\u0159\u00ed si um\u011bj\u00ed u\u017e\u00edvat \u017eivota bez ohledu na to, \u017ee se mnohdy maj\u00ed mnohem h\u016f\u0159e ne\u017e my v\u00a0\u010cesku\u2026<\/p>\n<p>Tak\u017ee se sna\u017e\u00edm seznamovat s\u00a0ka\u017ed\u00fdm, s\u00a0k\u00fdm je to jen mo\u017en\u00e9, a ud\u011blat si \u00a0spoustu nov\u00fdch p\u0159\u00e1tel.\u00a0 A\u00a0 tak\u00e9 zkou\u0161et spoustu nov\u00fdch v\u011bc\u00ed, abych toho za\u017eila, co nejv\u00edce, jeliko\u017e nen\u00ed p\u0159\u00edli\u0161 pravd\u011bpodobn\u00e9, \u017ee bych v\u00a0t\u00e9hle \u00fa\u017easn\u00e9 zemi n\u011bkdy v\u00a0budoucnu str\u00e1vila tolik \u010dasu najednou. I kdy\u017e kdov\u00ed\u2026<\/p>\n<p>Co bych cht\u011bla napsat na z\u00e1v\u011br? St\u0159edo\u0161kolsk\u00fd program je \u00fa\u017easn\u00e1 v\u011bc a Argentina je \u00fa\u017easn\u00e1 zem\u011b. Tak\u017ee pokud m\u00e1te mo\u017enost, je\u010fte!!! Kamkoliv jen chcete, hlavn\u011b se nebojte pozn\u00e1vat a nas\u00e1knout novou kulturu a lidi. Za m\u011b u\u017e to ale v\u017edycky bude Argentina!!!<\/p>\n","protected":false},"excerpt":{"rendered":"<p>Jmenuji se Lucka, je mi sedmn\u00e1ct let a posledn\u00ed t\u0159i m\u011bs\u00edce jsem str\u00e1vila v\u00a0Argentin\u011b na st\u0159edo\u0161kolsk\u00e9m programu d\u00edky AFS. A&hellip;<\/p>\n","protected":false},"author":351,"featured_media":0,"comment_status":"open","ping_status":"open","sticky":false,"template":"","format":"standard","meta":{"footnotes":""},"categories":[188,50],"tags":[],"class_list":["post-4679","post","type-post","status-publish","format-standard","hentry","category-archiv","category-studium-v-zahranici"],"yoast_head":"<!-- This site is optimized with the Yoast SEO Premium plugin v26.6 (Yoast SEO v26.6) - https:\/\/yoast.com\/wordpress\/plugins\/seo\/ -->\n<title>Lucie \u0160ajnarov\u00e1 \u2013 zpr\u00e1va z p\u016flky pobytu v Argentin\u011b - Mezikulturn\u00ed programy<\/title>\n<meta name=\"robots\" content=\"index, follow, max-snippet:-1, max-image-preview:large, max-video-preview:-1\" \/>\n<link rel=\"canonical\" href=\"https:\/\/www.afs.cz\/en\/2017\/06\/lucie-sajnarova-zprava-z-pulky-pobytu-v-argentine\/\" \/>\n<meta property=\"og:locale\" content=\"en_US\" \/>\n<meta property=\"og:type\" content=\"article\" \/>\n<meta property=\"og:title\" content=\"Lucie \u0160ajnarov\u00e1 \u2013 zpr\u00e1va z p\u016flky pobytu v Argentin\u011b\" \/>\n<meta property=\"og:description\" content=\"Jmenuji se Lucka, je mi sedmn\u00e1ct let a posledn\u00ed t\u0159i m\u011bs\u00edce jsem str\u00e1vila v\u00a0Argentin\u011b na st\u0159edo\u0161kolsk\u00e9m programu d\u00edky AFS. A&hellip;\" \/>\n<meta property=\"og:url\" content=\"https:\/\/www.afs.cz\/en\/2017\/06\/lucie-sajnarova-zprava-z-pulky-pobytu-v-argentine\/\" \/>\n<meta property=\"og:site_name\" content=\"Mezikulturn\u00ed programy\" \/>\n<meta property=\"article:published_time\" content=\"2017-06-28T10:14:07+00:00\" \/>\n<meta property=\"article:modified_time\" content=\"2024-06-05T11:56:23+00:00\" \/>\n<meta name=\"author\" content=\"afscesko\" \/>\n<meta name=\"twitter:card\" content=\"summary_large_image\" \/>\n<meta name=\"twitter:label1\" content=\"Written by\" \/>\n\t<meta name=\"twitter:data1\" content=\"afscesko\" \/>\n\t<meta name=\"twitter:label2\" content=\"Est. reading time\" \/>\n\t<meta name=\"twitter:data2\" content=\"6 minutes\" \/>\n<script type=\"application\/ld+json\" class=\"yoast-schema-graph\">{\"@context\":\"https:\/\/schema.org\",\"@graph\":[{\"@type\":\"WebPage\",\"@id\":\"https:\/\/www.afs.cz\/en\/2017\/06\/lucie-sajnarova-zprava-z-pulky-pobytu-v-argentine\/\",\"url\":\"https:\/\/www.afs.cz\/en\/2017\/06\/lucie-sajnarova-zprava-z-pulky-pobytu-v-argentine\/\",\"name\":\"Lucie \u0160ajnarov\u00e1 \u2013 zpr\u00e1va z p\u016flky pobytu v Argentin\u011b - Mezikulturn\u00ed programy\",\"isPartOf\":{\"@id\":\"https:\/\/www.afs.cz\/en\/#website\"},\"datePublished\":\"2017-06-28T10:14:07+00:00\",\"dateModified\":\"2024-06-05T11:56:23+00:00\",\"author\":{\"@id\":\"https:\/\/www.afs.cz\/en\/#\/schema\/person\/bc52da0be76098030e75baeb919827ff\"},\"breadcrumb\":{\"@id\":\"https:\/\/www.afs.cz\/en\/2017\/06\/lucie-sajnarova-zprava-z-pulky-pobytu-v-argentine\/#breadcrumb\"},\"inLanguage\":\"en-US\",\"potentialAction\":[{\"@type\":\"ReadAction\",\"target\":[\"https:\/\/www.afs.cz\/en\/2017\/06\/lucie-sajnarova-zprava-z-pulky-pobytu-v-argentine\/\"]}]},{\"@type\":\"BreadcrumbList\",\"@id\":\"https:\/\/www.afs.cz\/en\/2017\/06\/lucie-sajnarova-zprava-z-pulky-pobytu-v-argentine\/#breadcrumb\",\"itemListElement\":[{\"@type\":\"ListItem\",\"position\":1,\"name\":\"Home\",\"item\":\"https:\/\/czechrepublic.afssite.afs.org\/en\/\"},{\"@type\":\"ListItem\",\"position\":2,\"name\":\"Lucie \u0160ajnarov\u00e1 \u2013 zpr\u00e1va z p\u016flky pobytu v Argentin\u011b\"}]},{\"@type\":\"WebSite\",\"@id\":\"https:\/\/www.afs.cz\/en\/#website\",\"url\":\"https:\/\/www.afs.cz\/en\/\",\"name\":\"Mezikulturn\u00ed programy\",\"description\":\"Studium v zahrani\u010d\u00ed, hostitelsk\u00fd program, vzd\u011bl\u00e1vac\u00ed programy, dobrovolnictv\u00ed a mnoho dal\u0161\u00edho.\",\"potentialAction\":[{\"@type\":\"SearchAction\",\"target\":{\"@type\":\"EntryPoint\",\"urlTemplate\":\"https:\/\/www.afs.cz\/en\/?s={search_term_string}\"},\"query-input\":{\"@type\":\"PropertyValueSpecification\",\"valueRequired\":true,\"valueName\":\"search_term_string\"}}],\"inLanguage\":\"en-US\"},{\"@type\":\"Person\",\"@id\":\"https:\/\/www.afs.cz\/en\/#\/schema\/person\/bc52da0be76098030e75baeb919827ff\",\"name\":\"afscesko\",\"image\":{\"@type\":\"ImageObject\",\"inLanguage\":\"en-US\",\"@id\":\"https:\/\/www.afs.cz\/en\/#\/schema\/person\/image\/\",\"url\":\"https:\/\/secure.gravatar.com\/avatar\/eda270bfa745d003b9a210dc384a8c22e1a05bc41e5280645d3e2968a117c931?s=96&d=mm&r=g\",\"contentUrl\":\"https:\/\/secure.gravatar.com\/avatar\/eda270bfa745d003b9a210dc384a8c22e1a05bc41e5280645d3e2968a117c931?s=96&d=mm&r=g\",\"caption\":\"afscesko\"},\"url\":\"https:\/\/www.afs.cz\/en\/author\/afscesko\/\"}]}<\/script>\n<!-- \/ Yoast SEO Premium plugin. -->","yoast_head_json":{"title":"Lucie \u0160ajnarov\u00e1 \u2013 zpr\u00e1va z p\u016flky pobytu v Argentin\u011b - Mezikulturn\u00ed programy","robots":{"index":"index","follow":"follow","max-snippet":"max-snippet:-1","max-image-preview":"max-image-preview:large","max-video-preview":"max-video-preview:-1"},"canonical":"https:\/\/www.afs.cz\/en\/2017\/06\/lucie-sajnarova-zprava-z-pulky-pobytu-v-argentine\/","og_locale":"en_US","og_type":"article","og_title":"Lucie \u0160ajnarov\u00e1 \u2013 zpr\u00e1va z p\u016flky pobytu v Argentin\u011b","og_description":"Jmenuji se Lucka, je mi sedmn\u00e1ct let a posledn\u00ed t\u0159i m\u011bs\u00edce jsem str\u00e1vila v\u00a0Argentin\u011b na st\u0159edo\u0161kolsk\u00e9m programu d\u00edky AFS. A&hellip;","og_url":"https:\/\/www.afs.cz\/en\/2017\/06\/lucie-sajnarova-zprava-z-pulky-pobytu-v-argentine\/","og_site_name":"Mezikulturn\u00ed programy","article_published_time":"2017-06-28T10:14:07+00:00","article_modified_time":"2024-06-05T11:56:23+00:00","author":"afscesko","twitter_card":"summary_large_image","twitter_misc":{"Written by":"afscesko","Est. reading time":"6 minutes"},"schema":{"@context":"https:\/\/schema.org","@graph":[{"@type":"WebPage","@id":"https:\/\/www.afs.cz\/en\/2017\/06\/lucie-sajnarova-zprava-z-pulky-pobytu-v-argentine\/","url":"https:\/\/www.afs.cz\/en\/2017\/06\/lucie-sajnarova-zprava-z-pulky-pobytu-v-argentine\/","name":"Lucie \u0160ajnarov\u00e1 \u2013 zpr\u00e1va z p\u016flky pobytu v Argentin\u011b - Mezikulturn\u00ed programy","isPartOf":{"@id":"https:\/\/www.afs.cz\/en\/#website"},"datePublished":"2017-06-28T10:14:07+00:00","dateModified":"2024-06-05T11:56:23+00:00","author":{"@id":"https:\/\/www.afs.cz\/en\/#\/schema\/person\/bc52da0be76098030e75baeb919827ff"},"breadcrumb":{"@id":"https:\/\/www.afs.cz\/en\/2017\/06\/lucie-sajnarova-zprava-z-pulky-pobytu-v-argentine\/#breadcrumb"},"inLanguage":"en-US","potentialAction":[{"@type":"ReadAction","target":["https:\/\/www.afs.cz\/en\/2017\/06\/lucie-sajnarova-zprava-z-pulky-pobytu-v-argentine\/"]}]},{"@type":"BreadcrumbList","@id":"https:\/\/www.afs.cz\/en\/2017\/06\/lucie-sajnarova-zprava-z-pulky-pobytu-v-argentine\/#breadcrumb","itemListElement":[{"@type":"ListItem","position":1,"name":"Home","item":"https:\/\/czechrepublic.afssite.afs.org\/en\/"},{"@type":"ListItem","position":2,"name":"Lucie \u0160ajnarov\u00e1 \u2013 zpr\u00e1va z p\u016flky pobytu v Argentin\u011b"}]},{"@type":"WebSite","@id":"https:\/\/www.afs.cz\/en\/#website","url":"https:\/\/www.afs.cz\/en\/","name":"Mezikulturn\u00ed programy","description":"Studium v zahrani\u010d\u00ed, hostitelsk\u00fd program, vzd\u011bl\u00e1vac\u00ed programy, dobrovolnictv\u00ed a mnoho dal\u0161\u00edho.","potentialAction":[{"@type":"SearchAction","target":{"@type":"EntryPoint","urlTemplate":"https:\/\/www.afs.cz\/en\/?s={search_term_string}"},"query-input":{"@type":"PropertyValueSpecification","valueRequired":true,"valueName":"search_term_string"}}],"inLanguage":"en-US"},{"@type":"Person","@id":"https:\/\/www.afs.cz\/en\/#\/schema\/person\/bc52da0be76098030e75baeb919827ff","name":"afscesko","image":{"@type":"ImageObject","inLanguage":"en-US","@id":"https:\/\/www.afs.cz\/en\/#\/schema\/person\/image\/","url":"https:\/\/secure.gravatar.com\/avatar\/eda270bfa745d003b9a210dc384a8c22e1a05bc41e5280645d3e2968a117c931?s=96&d=mm&r=g","contentUrl":"https:\/\/secure.gravatar.com\/avatar\/eda270bfa745d003b9a210dc384a8c22e1a05bc41e5280645d3e2968a117c931?s=96&d=mm&r=g","caption":"afscesko"},"url":"https:\/\/www.afs.cz\/en\/author\/afscesko\/"}]}},"_links":{"self":[{"href":"https:\/\/www.afs.cz\/en\/wp-json\/wp\/v2\/posts\/4679","targetHints":{"allow":["GET"]}}],"collection":[{"href":"https:\/\/www.afs.cz\/en\/wp-json\/wp\/v2\/posts"}],"about":[{"href":"https:\/\/www.afs.cz\/en\/wp-json\/wp\/v2\/types\/post"}],"author":[{"embeddable":true,"href":"https:\/\/www.afs.cz\/en\/wp-json\/wp\/v2\/users\/351"}],"replies":[{"embeddable":true,"href":"https:\/\/www.afs.cz\/en\/wp-json\/wp\/v2\/comments?post=4679"}],"version-history":[{"count":4,"href":"https:\/\/www.afs.cz\/en\/wp-json\/wp\/v2\/posts\/4679\/revisions"}],"predecessor-version":[{"id":21961,"href":"https:\/\/www.afs.cz\/en\/wp-json\/wp\/v2\/posts\/4679\/revisions\/21961"}],"wp:attachment":[{"href":"https:\/\/www.afs.cz\/en\/wp-json\/wp\/v2\/media?parent=4679"}],"wp:term":[{"taxonomy":"category","embeddable":true,"href":"https:\/\/www.afs.cz\/en\/wp-json\/wp\/v2\/categories?post=4679"},{"taxonomy":"post_tag","embeddable":true,"href":"https:\/\/www.afs.cz\/en\/wp-json\/wp\/v2\/tags?post=4679"}],"curies":[{"name":"wp","href":"https:\/\/api.w.org\/{rel}","templated":true}]}}