{"id":4663,"date":"2017-06-28T10:46:48","date_gmt":"2017-06-28T09:46:48","guid":{"rendered":"http:\/\/czechrepublic.afssite.afs.org\/?p=4663"},"modified":"2024-06-05T12:57:34","modified_gmt":"2024-06-05T11:57:34","slug":"ohlednuti-do-sveta-dobrovolniku-v-prvni-polovine-roku-2017","status":"publish","type":"post","link":"https:\/\/www.afs.cz\/en\/2017\/06\/ohlednuti-do-sveta-dobrovolniku-v-prvni-polovine-roku-2017\/","title":{"rendered":"Ohl\u00e9dnut\u00ed do sv\u011bta dobrovoln\u00edk\u016f v prvn\u00ed polovin\u011b roku 2017"},"content":{"rendered":"<p>M\u00e1me radost, \u017ee prvn\u00ed polovina roku 2017 byla velice produktivn\u00ed a pln\u00e1 akc\u00ed, kter\u00fdch se dobrovoln\u00edci AFS mohli z\u00fa\u010dastnit. Jako ka\u017ed\u00fd rok se jednalo o akce vzd\u011bl\u00e1vac\u00ed, kulturn\u00ed i odpo\u010dinkov\u00e9. Prob\u011bhlo celkem 14 dobrovolnick\u00fdch \u0161kolen\u00ed, v\u010detn\u011b zbrusu nov\u00e9ho \u0161kolen\u00ed pro management dobrovolnick\u00fdch skupin. V\u00a0b\u0159eznu se strategicky pl\u00e1novalo a sd\u00edlelo na DOS\u00edm hn\u00edzd\u011b, kam dorazili \u010dlenov\u00e9 veden\u00ed dobrovolnick\u00fdch skupin z cel\u00e9 \u010cR. V\u00a0dubnu jsme o\u0161erpovali zahrani\u010dn\u00ed studenty a spole\u010dn\u011b s\u00a0hostitelsk\u00fdmi rodinami jsme si s\u00a0nimi zatan\u010dili na AFS plese (viz foto). Tak\u00e9 jsme nov\u011b zavedli pravideln\u00e1 oce\u0148ov\u00e1n\u00ed dobrovoln\u00edk\u016f. Od leto\u0161n\u00edho roku se bude v lednu vyhla\u0161ovat DOS\u00ed dobrovoln\u00edk roku, kter\u00e9ho za jednotliv\u00e9 regiony zvol\u00ed DOS\u00ed management. Dal\u0161\u00ed pravideln\u00e1 ocen\u011bn\u00ed, na kter\u00e1 budou moci nominovat v\u0161ichni, budou vyhl\u00e1\u0161ena na dubnov\u00e9m V\u00fdro\u010dn\u00edm shrom\u00e1\u017ed\u011bn\u00ed AFS.\u00a0 Jsou to ocen\u011bn\u00ed \u201eAFS lajk\u201c, kter\u00e9 letos z\u00edskal projekt Prahaton a \u201eCena Jaroslavy Moserov\u00e9\u201c, \u00fapln\u011b nejvy\u0161\u0161\u00ed ocen\u011bn\u00ed v\u00a0s\u00edti AFS, kter\u00e9 z\u00edskal mnohalet\u00fd dobrovoln\u00edk Adam Hanka. Za odm\u011bnu Adam v\u00a0srpnu vyjede na Island na mezin\u00e1rodn\u00ed Volunteer Summer Summit. \u010cerven se ji\u017e nesl v\u00a0duchu p\u0159\u00edjemn\u00fdch z\u00e1v\u011bre\u010dn\u00fdch akc\u00ed p\u0159ed koncem \u0161koln\u00edho roku, nap\u0159. grilov\u00e1n\u00ed, v\u00fdlety, pikniky a rozlu\u010dkov\u00e9 akce pro zahrani\u010dn\u00ed studenty, kte\u0159\u00ed se ji\u017e vrac\u00ed do sv\u00fdch domov\u016f.<\/p>\n","protected":false},"excerpt":{"rendered":"<p>M\u00e1me radost, \u017ee prvn\u00ed polovina roku 2017 byla velice produktivn\u00ed a pln\u00e1 akc\u00ed, kter\u00fdch se dobrovoln\u00edci AFS mohli z\u00fa\u010dastnit. Jako&hellip;<\/p>\n","protected":false},"author":351,"featured_media":0,"comment_status":"open","ping_status":"open","sticky":false,"template":"","format":"standard","meta":{"footnotes":""},"categories":[188,51],"tags":[],"class_list":["post-4663","post","type-post","status-publish","format-standard","hentry","category-archiv","category-dobrovolnictvi"],"yoast_head":"<!-- This site is optimized with the Yoast SEO Premium plugin v26.6 (Yoast SEO v26.6) - https:\/\/yoast.com\/wordpress\/plugins\/seo\/ -->\n<title>Ohl\u00e9dnut\u00ed do sv\u011bta dobrovoln\u00edk\u016f v prvn\u00ed polovin\u011b roku 2017 - Mezikulturn\u00ed programy<\/title>\n<meta name=\"robots\" content=\"index, follow, max-snippet:-1, max-image-preview:large, max-video-preview:-1\" \/>\n<link rel=\"canonical\" href=\"https:\/\/www.afs.cz\/en\/2017\/06\/ohlednuti-do-sveta-dobrovolniku-v-prvni-polovine-roku-2017\/\" \/>\n<meta property=\"og:locale\" content=\"en_US\" \/>\n<meta property=\"og:type\" content=\"article\" \/>\n<meta property=\"og:title\" content=\"Ohl\u00e9dnut\u00ed do sv\u011bta dobrovoln\u00edk\u016f v prvn\u00ed polovin\u011b roku 2017\" \/>\n<meta property=\"og:description\" content=\"M\u00e1me radost, \u017ee prvn\u00ed polovina roku 2017 byla velice produktivn\u00ed a pln\u00e1 akc\u00ed, kter\u00fdch se dobrovoln\u00edci AFS mohli z\u00fa\u010dastnit. Jako&hellip;\" \/>\n<meta property=\"og:url\" content=\"https:\/\/www.afs.cz\/en\/2017\/06\/ohlednuti-do-sveta-dobrovolniku-v-prvni-polovine-roku-2017\/\" \/>\n<meta property=\"og:site_name\" content=\"Mezikulturn\u00ed programy\" \/>\n<meta property=\"article:published_time\" content=\"2017-06-28T09:46:48+00:00\" \/>\n<meta property=\"article:modified_time\" content=\"2024-06-05T11:57:34+00:00\" \/>\n<meta name=\"author\" content=\"afscesko\" \/>\n<meta name=\"twitter:card\" content=\"summary_large_image\" \/>\n<meta name=\"twitter:label1\" content=\"Written by\" \/>\n\t<meta name=\"twitter:data1\" content=\"afscesko\" \/>\n\t<meta name=\"twitter:label2\" content=\"Est. reading time\" \/>\n\t<meta name=\"twitter:data2\" content=\"1 minute\" \/>\n<script type=\"application\/ld+json\" class=\"yoast-schema-graph\">{\"@context\":\"https:\/\/schema.org\",\"@graph\":[{\"@type\":\"WebPage\",\"@id\":\"https:\/\/www.afs.cz\/en\/2017\/06\/ohlednuti-do-sveta-dobrovolniku-v-prvni-polovine-roku-2017\/\",\"url\":\"https:\/\/www.afs.cz\/en\/2017\/06\/ohlednuti-do-sveta-dobrovolniku-v-prvni-polovine-roku-2017\/\",\"name\":\"Ohl\u00e9dnut\u00ed do sv\u011bta dobrovoln\u00edk\u016f v prvn\u00ed polovin\u011b roku 2017 - Mezikulturn\u00ed programy\",\"isPartOf\":{\"@id\":\"https:\/\/www.afs.cz\/en\/#website\"},\"datePublished\":\"2017-06-28T09:46:48+00:00\",\"dateModified\":\"2024-06-05T11:57:34+00:00\",\"author\":{\"@id\":\"https:\/\/www.afs.cz\/en\/#\/schema\/person\/bc52da0be76098030e75baeb919827ff\"},\"breadcrumb\":{\"@id\":\"https:\/\/www.afs.cz\/en\/2017\/06\/ohlednuti-do-sveta-dobrovolniku-v-prvni-polovine-roku-2017\/#breadcrumb\"},\"inLanguage\":\"en-US\",\"potentialAction\":[{\"@type\":\"ReadAction\",\"target\":[\"https:\/\/www.afs.cz\/en\/2017\/06\/ohlednuti-do-sveta-dobrovolniku-v-prvni-polovine-roku-2017\/\"]}]},{\"@type\":\"BreadcrumbList\",\"@id\":\"https:\/\/www.afs.cz\/en\/2017\/06\/ohlednuti-do-sveta-dobrovolniku-v-prvni-polovine-roku-2017\/#breadcrumb\",\"itemListElement\":[{\"@type\":\"ListItem\",\"position\":1,\"name\":\"Home\",\"item\":\"https:\/\/czechrepublic.afssite.afs.org\/en\/\"},{\"@type\":\"ListItem\",\"position\":2,\"name\":\"Ohl\u00e9dnut\u00ed do sv\u011bta dobrovoln\u00edk\u016f v prvn\u00ed polovin\u011b roku 2017\"}]},{\"@type\":\"WebSite\",\"@id\":\"https:\/\/www.afs.cz\/en\/#website\",\"url\":\"https:\/\/www.afs.cz\/en\/\",\"name\":\"Mezikulturn\u00ed programy\",\"description\":\"Studium v zahrani\u010d\u00ed, hostitelsk\u00fd program, vzd\u011bl\u00e1vac\u00ed programy, dobrovolnictv\u00ed a mnoho dal\u0161\u00edho.\",\"potentialAction\":[{\"@type\":\"SearchAction\",\"target\":{\"@type\":\"EntryPoint\",\"urlTemplate\":\"https:\/\/www.afs.cz\/en\/?s={search_term_string}\"},\"query-input\":{\"@type\":\"PropertyValueSpecification\",\"valueRequired\":true,\"valueName\":\"search_term_string\"}}],\"inLanguage\":\"en-US\"},{\"@type\":\"Person\",\"@id\":\"https:\/\/www.afs.cz\/en\/#\/schema\/person\/bc52da0be76098030e75baeb919827ff\",\"name\":\"afscesko\",\"image\":{\"@type\":\"ImageObject\",\"inLanguage\":\"en-US\",\"@id\":\"https:\/\/www.afs.cz\/en\/#\/schema\/person\/image\/\",\"url\":\"https:\/\/secure.gravatar.com\/avatar\/eda270bfa745d003b9a210dc384a8c22e1a05bc41e5280645d3e2968a117c931?s=96&d=mm&r=g\",\"contentUrl\":\"https:\/\/secure.gravatar.com\/avatar\/eda270bfa745d003b9a210dc384a8c22e1a05bc41e5280645d3e2968a117c931?s=96&d=mm&r=g\",\"caption\":\"afscesko\"},\"url\":\"https:\/\/www.afs.cz\/en\/author\/afscesko\/\"}]}<\/script>\n<!-- \/ Yoast SEO Premium plugin. -->","yoast_head_json":{"title":"Ohl\u00e9dnut\u00ed do sv\u011bta dobrovoln\u00edk\u016f v prvn\u00ed polovin\u011b roku 2017 - Mezikulturn\u00ed programy","robots":{"index":"index","follow":"follow","max-snippet":"max-snippet:-1","max-image-preview":"max-image-preview:large","max-video-preview":"max-video-preview:-1"},"canonical":"https:\/\/www.afs.cz\/en\/2017\/06\/ohlednuti-do-sveta-dobrovolniku-v-prvni-polovine-roku-2017\/","og_locale":"en_US","og_type":"article","og_title":"Ohl\u00e9dnut\u00ed do sv\u011bta dobrovoln\u00edk\u016f v prvn\u00ed polovin\u011b roku 2017","og_description":"M\u00e1me radost, \u017ee prvn\u00ed polovina roku 2017 byla velice produktivn\u00ed a pln\u00e1 akc\u00ed, kter\u00fdch se dobrovoln\u00edci AFS mohli z\u00fa\u010dastnit. Jako&hellip;","og_url":"https:\/\/www.afs.cz\/en\/2017\/06\/ohlednuti-do-sveta-dobrovolniku-v-prvni-polovine-roku-2017\/","og_site_name":"Mezikulturn\u00ed programy","article_published_time":"2017-06-28T09:46:48+00:00","article_modified_time":"2024-06-05T11:57:34+00:00","author":"afscesko","twitter_card":"summary_large_image","twitter_misc":{"Written by":"afscesko","Est. reading time":"1 minute"},"schema":{"@context":"https:\/\/schema.org","@graph":[{"@type":"WebPage","@id":"https:\/\/www.afs.cz\/en\/2017\/06\/ohlednuti-do-sveta-dobrovolniku-v-prvni-polovine-roku-2017\/","url":"https:\/\/www.afs.cz\/en\/2017\/06\/ohlednuti-do-sveta-dobrovolniku-v-prvni-polovine-roku-2017\/","name":"Ohl\u00e9dnut\u00ed do sv\u011bta dobrovoln\u00edk\u016f v prvn\u00ed polovin\u011b roku 2017 - Mezikulturn\u00ed programy","isPartOf":{"@id":"https:\/\/www.afs.cz\/en\/#website"},"datePublished":"2017-06-28T09:46:48+00:00","dateModified":"2024-06-05T11:57:34+00:00","author":{"@id":"https:\/\/www.afs.cz\/en\/#\/schema\/person\/bc52da0be76098030e75baeb919827ff"},"breadcrumb":{"@id":"https:\/\/www.afs.cz\/en\/2017\/06\/ohlednuti-do-sveta-dobrovolniku-v-prvni-polovine-roku-2017\/#breadcrumb"},"inLanguage":"en-US","potentialAction":[{"@type":"ReadAction","target":["https:\/\/www.afs.cz\/en\/2017\/06\/ohlednuti-do-sveta-dobrovolniku-v-prvni-polovine-roku-2017\/"]}]},{"@type":"BreadcrumbList","@id":"https:\/\/www.afs.cz\/en\/2017\/06\/ohlednuti-do-sveta-dobrovolniku-v-prvni-polovine-roku-2017\/#breadcrumb","itemListElement":[{"@type":"ListItem","position":1,"name":"Home","item":"https:\/\/czechrepublic.afssite.afs.org\/en\/"},{"@type":"ListItem","position":2,"name":"Ohl\u00e9dnut\u00ed do sv\u011bta dobrovoln\u00edk\u016f v prvn\u00ed polovin\u011b roku 2017"}]},{"@type":"WebSite","@id":"https:\/\/www.afs.cz\/en\/#website","url":"https:\/\/www.afs.cz\/en\/","name":"Mezikulturn\u00ed programy","description":"Studium v zahrani\u010d\u00ed, hostitelsk\u00fd program, vzd\u011bl\u00e1vac\u00ed programy, dobrovolnictv\u00ed a mnoho dal\u0161\u00edho.","potentialAction":[{"@type":"SearchAction","target":{"@type":"EntryPoint","urlTemplate":"https:\/\/www.afs.cz\/en\/?s={search_term_string}"},"query-input":{"@type":"PropertyValueSpecification","valueRequired":true,"valueName":"search_term_string"}}],"inLanguage":"en-US"},{"@type":"Person","@id":"https:\/\/www.afs.cz\/en\/#\/schema\/person\/bc52da0be76098030e75baeb919827ff","name":"afscesko","image":{"@type":"ImageObject","inLanguage":"en-US","@id":"https:\/\/www.afs.cz\/en\/#\/schema\/person\/image\/","url":"https:\/\/secure.gravatar.com\/avatar\/eda270bfa745d003b9a210dc384a8c22e1a05bc41e5280645d3e2968a117c931?s=96&d=mm&r=g","contentUrl":"https:\/\/secure.gravatar.com\/avatar\/eda270bfa745d003b9a210dc384a8c22e1a05bc41e5280645d3e2968a117c931?s=96&d=mm&r=g","caption":"afscesko"},"url":"https:\/\/www.afs.cz\/en\/author\/afscesko\/"}]}},"_links":{"self":[{"href":"https:\/\/www.afs.cz\/en\/wp-json\/wp\/v2\/posts\/4663","targetHints":{"allow":["GET"]}}],"collection":[{"href":"https:\/\/www.afs.cz\/en\/wp-json\/wp\/v2\/posts"}],"about":[{"href":"https:\/\/www.afs.cz\/en\/wp-json\/wp\/v2\/types\/post"}],"author":[{"embeddable":true,"href":"https:\/\/www.afs.cz\/en\/wp-json\/wp\/v2\/users\/351"}],"replies":[{"embeddable":true,"href":"https:\/\/www.afs.cz\/en\/wp-json\/wp\/v2\/comments?post=4663"}],"version-history":[{"count":4,"href":"https:\/\/www.afs.cz\/en\/wp-json\/wp\/v2\/posts\/4663\/revisions"}],"predecessor-version":[{"id":21966,"href":"https:\/\/www.afs.cz\/en\/wp-json\/wp\/v2\/posts\/4663\/revisions\/21966"}],"wp:attachment":[{"href":"https:\/\/www.afs.cz\/en\/wp-json\/wp\/v2\/media?parent=4663"}],"wp:term":[{"taxonomy":"category","embeddable":true,"href":"https:\/\/www.afs.cz\/en\/wp-json\/wp\/v2\/categories?post=4663"},{"taxonomy":"post_tag","embeddable":true,"href":"https:\/\/www.afs.cz\/en\/wp-json\/wp\/v2\/tags?post=4663"}],"curies":[{"name":"wp","href":"https:\/\/api.w.org\/{rel}","templated":true}]}}