{"id":4660,"date":"2017-06-28T10:45:28","date_gmt":"2017-06-28T09:45:28","guid":{"rendered":"http:\/\/czechrepublic.afssite.afs.org\/?p=4660"},"modified":"2024-06-05T12:57:48","modified_gmt":"2024-06-05T11:57:48","slug":"dobrovolnice-milana-byla-na-praxi-v-kancelari-afs","status":"publish","type":"post","link":"https:\/\/www.afs.cz\/en\/2017\/06\/dobrovolnice-milana-byla-na-praxi-v-kancelari-afs\/","title":{"rendered":"Dobrovolnice Milana byla na praxi v kancel\u00e1\u0159i AFS"},"content":{"rendered":"<p>Jmenuji se Milana, jsem z\u00a0Ruska, je mi 18 let a \u017eiji v\u00a0Praze. Dobrovolni\u010d\u00edm pro AFS u\u017e 2 roky. AFS jsem na\u0161la p\u0159es Facebook sv\u00e9 st\u0159edn\u00ed \u0161koly, klikla jsem na odkaz a zobrazily se mi r\u016fzn\u00e9 nab\u00eddky program\u016f do zahrani\u010d\u00ed a tak\u00e9 mo\u017enost dobrovolnictv\u00ed. Zaujalo m\u011b pr\u00e1v\u011b to posledn\u00ed. Za\u010dala jsem chodit na r\u016fzn\u00e9 aktivity, srazy a \u0161kolen\u00ed. Dobrovolnictv\u00ed m\u011b hodn\u011b motivuje v seberozvoji a seberealizaci, tak\u00e9 jsem se nau\u010dila naslouchat lidem a zjistila jsem, jac\u00ed jsou v\u00a0AFS pozitivn\u00ed a inteligentn\u00ed lid\u00e9. Z\u00edskala jsem mnoho nov\u00fdch informac\u00ed a znalost\u00ed s r\u016fzn\u00fdm zam\u011b\u0159en\u00edm.<\/p>\n<p>Ve \u0161kole m\u00e1me povinnou odbornou praxi, musela jsem si ji naj\u00edt sama, tak jsem oslovila AFS kancel\u00e1\u0159, kter\u00e1 mne s\u00a0radost\u00ed p\u0159ijala.<\/p>\n<p>Pracovn\u00ed st\u00e1\u017e prob\u00edhala cel\u00fd kv\u011bten, denn\u011b jsem v\u00a0kancel\u00e1\u0159i tr\u00e1vila okolo \u0161esti hodin. Rychle jsem zapadla do kolektivu. Mimo jin\u00e9 jsem m\u011bla mo\u017enost z\u00fa\u010dastnit se pravideln\u00fdch pracovn\u00edch porad, kde v\u0161ichni zam\u011bstnanci sd\u00edlej\u00ed sv\u00e9 agendy, kter\u00e9 jsou navz\u00e1jem velmi propojen\u00e9. I j\u00e1 jsem dostala p\u0159\u00edle\u017eitost vyj\u00e1d\u0159it sv\u016fj n\u00e1zor k\u00a0relevantn\u00edm v\u011bcem, nap\u0159. ke studiu v\u00a0zahrani\u010d\u00ed. B\u011bhem sv\u00e9 st\u00e1\u017ee jsem se pod\u00edlela p\u0159edev\u0161\u00edm na organiza\u010dn\u00ed a administrativn\u00ed \u010dinnosti, jako nap\u0159\u00edklad vytv\u00e1\u0159en\u00ed dohod, smluv, certifik\u00e1t\u016f pro \u0161koly, karti\u010dek zdravotn\u00edho poji\u0161t\u011bn\u00ed student\u016f, zpracov\u00e1v\u00e1n\u00ed \u017eivotopis\u016f, dohled\u00e1v\u00e1n\u00ed informaci ohledn\u011b v\u00edz pro studenty; pracovala jsem s intern\u00ed datab\u00e1z\u00ed Globalink, vyhled\u00e1vala jsem kontakty do region\u00e1ln\u00edch novin, apod. Tak\u00e9 jsem m\u011bla mo\u017enost z\u00fa\u010dastnit se \u017div\u00e9 knihovny v Ji\u010d\u00edn\u011b a propagovat AFS na festivalu asijsk\u00e9 kultury v Praze.<\/p>\n<p>Za tuto mo\u017enost jsem velmi vd\u011b\u010dn\u00e1. Co mi to dalo? Z\u00edskala jsem v\u0161eobecn\u00fd p\u0159ehled o tom, jak m\u016f\u017ee vypadat chod kancel\u00e1\u0159e a ud\u011blala jsem si p\u0159edstavu, zda bych podobnou pr\u00e1ci cht\u011bla d\u011blat.<\/p>\n<p>&nbsp;<\/p>\n<p>Hled\u00e1te mo\u017enost vyzkou\u0161et si pr\u00e1ci v\u00a0kancel\u00e1\u0159i i Vy? Nev\u00e1hejte se p\u0159ihl\u00e1sit na st\u00e1\u017e do centr\u00e1ly AFS. V\u00edce informac\u00ed u Sandry Hamissov\u00e9, <a href=\"mailto:sandra.hamissova@afs.org\">sandra.hamissova@afs.org<\/a>.<\/p>\n","protected":false},"excerpt":{"rendered":"<p>Jmenuji se Milana, jsem z\u00a0Ruska, je mi 18 let a \u017eiji v\u00a0Praze. Dobrovolni\u010d\u00edm pro AFS u\u017e 2 roky. AFS jsem&hellip;<\/p>\n","protected":false},"author":351,"featured_media":0,"comment_status":"open","ping_status":"open","sticky":false,"template":"","format":"standard","meta":{"footnotes":""},"categories":[188,51],"tags":[],"class_list":["post-4660","post","type-post","status-publish","format-standard","hentry","category-archiv","category-dobrovolnictvi"],"yoast_head":"<!-- This site is optimized with the Yoast SEO Premium plugin v26.6 (Yoast SEO v26.6) - https:\/\/yoast.com\/wordpress\/plugins\/seo\/ -->\n<title>Dobrovolnice Milana byla na praxi v kancel\u00e1\u0159i AFS - Mezikulturn\u00ed programy<\/title>\n<meta name=\"robots\" content=\"index, follow, max-snippet:-1, max-image-preview:large, max-video-preview:-1\" \/>\n<link rel=\"canonical\" href=\"https:\/\/www.afs.cz\/en\/2017\/06\/dobrovolnice-milana-byla-na-praxi-v-kancelari-afs\/\" \/>\n<meta property=\"og:locale\" content=\"en_US\" \/>\n<meta property=\"og:type\" content=\"article\" \/>\n<meta property=\"og:title\" content=\"Dobrovolnice Milana byla na praxi v kancel\u00e1\u0159i AFS\" \/>\n<meta property=\"og:description\" content=\"Jmenuji se Milana, jsem z\u00a0Ruska, je mi 18 let a \u017eiji v\u00a0Praze. Dobrovolni\u010d\u00edm pro AFS u\u017e 2 roky. AFS jsem&hellip;\" \/>\n<meta property=\"og:url\" content=\"https:\/\/www.afs.cz\/en\/2017\/06\/dobrovolnice-milana-byla-na-praxi-v-kancelari-afs\/\" \/>\n<meta property=\"og:site_name\" content=\"Mezikulturn\u00ed programy\" \/>\n<meta property=\"article:published_time\" content=\"2017-06-28T09:45:28+00:00\" \/>\n<meta property=\"article:modified_time\" content=\"2024-06-05T11:57:48+00:00\" \/>\n<meta name=\"author\" content=\"afscesko\" \/>\n<meta name=\"twitter:card\" content=\"summary_large_image\" \/>\n<meta name=\"twitter:label1\" content=\"Written by\" \/>\n\t<meta name=\"twitter:data1\" content=\"afscesko\" \/>\n\t<meta name=\"twitter:label2\" content=\"Est. reading time\" \/>\n\t<meta name=\"twitter:data2\" content=\"2 minutes\" \/>\n<script type=\"application\/ld+json\" class=\"yoast-schema-graph\">{\"@context\":\"https:\/\/schema.org\",\"@graph\":[{\"@type\":\"WebPage\",\"@id\":\"https:\/\/www.afs.cz\/en\/2017\/06\/dobrovolnice-milana-byla-na-praxi-v-kancelari-afs\/\",\"url\":\"https:\/\/www.afs.cz\/en\/2017\/06\/dobrovolnice-milana-byla-na-praxi-v-kancelari-afs\/\",\"name\":\"Dobrovolnice Milana byla na praxi v kancel\u00e1\u0159i AFS - Mezikulturn\u00ed programy\",\"isPartOf\":{\"@id\":\"https:\/\/www.afs.cz\/en\/#website\"},\"datePublished\":\"2017-06-28T09:45:28+00:00\",\"dateModified\":\"2024-06-05T11:57:48+00:00\",\"author\":{\"@id\":\"https:\/\/www.afs.cz\/en\/#\/schema\/person\/bc52da0be76098030e75baeb919827ff\"},\"breadcrumb\":{\"@id\":\"https:\/\/www.afs.cz\/en\/2017\/06\/dobrovolnice-milana-byla-na-praxi-v-kancelari-afs\/#breadcrumb\"},\"inLanguage\":\"en-US\",\"potentialAction\":[{\"@type\":\"ReadAction\",\"target\":[\"https:\/\/www.afs.cz\/en\/2017\/06\/dobrovolnice-milana-byla-na-praxi-v-kancelari-afs\/\"]}]},{\"@type\":\"BreadcrumbList\",\"@id\":\"https:\/\/www.afs.cz\/en\/2017\/06\/dobrovolnice-milana-byla-na-praxi-v-kancelari-afs\/#breadcrumb\",\"itemListElement\":[{\"@type\":\"ListItem\",\"position\":1,\"name\":\"Home\",\"item\":\"https:\/\/czechrepublic.afssite.afs.org\/en\/\"},{\"@type\":\"ListItem\",\"position\":2,\"name\":\"Dobrovolnice Milana byla na praxi v kancel\u00e1\u0159i AFS\"}]},{\"@type\":\"WebSite\",\"@id\":\"https:\/\/www.afs.cz\/en\/#website\",\"url\":\"https:\/\/www.afs.cz\/en\/\",\"name\":\"Mezikulturn\u00ed programy\",\"description\":\"Studium v zahrani\u010d\u00ed, hostitelsk\u00fd program, vzd\u011bl\u00e1vac\u00ed programy, dobrovolnictv\u00ed a mnoho dal\u0161\u00edho.\",\"potentialAction\":[{\"@type\":\"SearchAction\",\"target\":{\"@type\":\"EntryPoint\",\"urlTemplate\":\"https:\/\/www.afs.cz\/en\/?s={search_term_string}\"},\"query-input\":{\"@type\":\"PropertyValueSpecification\",\"valueRequired\":true,\"valueName\":\"search_term_string\"}}],\"inLanguage\":\"en-US\"},{\"@type\":\"Person\",\"@id\":\"https:\/\/www.afs.cz\/en\/#\/schema\/person\/bc52da0be76098030e75baeb919827ff\",\"name\":\"afscesko\",\"image\":{\"@type\":\"ImageObject\",\"inLanguage\":\"en-US\",\"@id\":\"https:\/\/www.afs.cz\/en\/#\/schema\/person\/image\/\",\"url\":\"https:\/\/secure.gravatar.com\/avatar\/eda270bfa745d003b9a210dc384a8c22e1a05bc41e5280645d3e2968a117c931?s=96&d=mm&r=g\",\"contentUrl\":\"https:\/\/secure.gravatar.com\/avatar\/eda270bfa745d003b9a210dc384a8c22e1a05bc41e5280645d3e2968a117c931?s=96&d=mm&r=g\",\"caption\":\"afscesko\"},\"url\":\"https:\/\/www.afs.cz\/en\/author\/afscesko\/\"}]}<\/script>\n<!-- \/ Yoast SEO Premium plugin. -->","yoast_head_json":{"title":"Dobrovolnice Milana byla na praxi v kancel\u00e1\u0159i AFS - Mezikulturn\u00ed programy","robots":{"index":"index","follow":"follow","max-snippet":"max-snippet:-1","max-image-preview":"max-image-preview:large","max-video-preview":"max-video-preview:-1"},"canonical":"https:\/\/www.afs.cz\/en\/2017\/06\/dobrovolnice-milana-byla-na-praxi-v-kancelari-afs\/","og_locale":"en_US","og_type":"article","og_title":"Dobrovolnice Milana byla na praxi v kancel\u00e1\u0159i AFS","og_description":"Jmenuji se Milana, jsem z\u00a0Ruska, je mi 18 let a \u017eiji v\u00a0Praze. Dobrovolni\u010d\u00edm pro AFS u\u017e 2 roky. AFS jsem&hellip;","og_url":"https:\/\/www.afs.cz\/en\/2017\/06\/dobrovolnice-milana-byla-na-praxi-v-kancelari-afs\/","og_site_name":"Mezikulturn\u00ed programy","article_published_time":"2017-06-28T09:45:28+00:00","article_modified_time":"2024-06-05T11:57:48+00:00","author":"afscesko","twitter_card":"summary_large_image","twitter_misc":{"Written by":"afscesko","Est. reading time":"2 minutes"},"schema":{"@context":"https:\/\/schema.org","@graph":[{"@type":"WebPage","@id":"https:\/\/www.afs.cz\/en\/2017\/06\/dobrovolnice-milana-byla-na-praxi-v-kancelari-afs\/","url":"https:\/\/www.afs.cz\/en\/2017\/06\/dobrovolnice-milana-byla-na-praxi-v-kancelari-afs\/","name":"Dobrovolnice Milana byla na praxi v kancel\u00e1\u0159i AFS - Mezikulturn\u00ed programy","isPartOf":{"@id":"https:\/\/www.afs.cz\/en\/#website"},"datePublished":"2017-06-28T09:45:28+00:00","dateModified":"2024-06-05T11:57:48+00:00","author":{"@id":"https:\/\/www.afs.cz\/en\/#\/schema\/person\/bc52da0be76098030e75baeb919827ff"},"breadcrumb":{"@id":"https:\/\/www.afs.cz\/en\/2017\/06\/dobrovolnice-milana-byla-na-praxi-v-kancelari-afs\/#breadcrumb"},"inLanguage":"en-US","potentialAction":[{"@type":"ReadAction","target":["https:\/\/www.afs.cz\/en\/2017\/06\/dobrovolnice-milana-byla-na-praxi-v-kancelari-afs\/"]}]},{"@type":"BreadcrumbList","@id":"https:\/\/www.afs.cz\/en\/2017\/06\/dobrovolnice-milana-byla-na-praxi-v-kancelari-afs\/#breadcrumb","itemListElement":[{"@type":"ListItem","position":1,"name":"Home","item":"https:\/\/czechrepublic.afssite.afs.org\/en\/"},{"@type":"ListItem","position":2,"name":"Dobrovolnice Milana byla na praxi v kancel\u00e1\u0159i AFS"}]},{"@type":"WebSite","@id":"https:\/\/www.afs.cz\/en\/#website","url":"https:\/\/www.afs.cz\/en\/","name":"Mezikulturn\u00ed programy","description":"Studium v zahrani\u010d\u00ed, hostitelsk\u00fd program, vzd\u011bl\u00e1vac\u00ed programy, dobrovolnictv\u00ed a mnoho dal\u0161\u00edho.","potentialAction":[{"@type":"SearchAction","target":{"@type":"EntryPoint","urlTemplate":"https:\/\/www.afs.cz\/en\/?s={search_term_string}"},"query-input":{"@type":"PropertyValueSpecification","valueRequired":true,"valueName":"search_term_string"}}],"inLanguage":"en-US"},{"@type":"Person","@id":"https:\/\/www.afs.cz\/en\/#\/schema\/person\/bc52da0be76098030e75baeb919827ff","name":"afscesko","image":{"@type":"ImageObject","inLanguage":"en-US","@id":"https:\/\/www.afs.cz\/en\/#\/schema\/person\/image\/","url":"https:\/\/secure.gravatar.com\/avatar\/eda270bfa745d003b9a210dc384a8c22e1a05bc41e5280645d3e2968a117c931?s=96&d=mm&r=g","contentUrl":"https:\/\/secure.gravatar.com\/avatar\/eda270bfa745d003b9a210dc384a8c22e1a05bc41e5280645d3e2968a117c931?s=96&d=mm&r=g","caption":"afscesko"},"url":"https:\/\/www.afs.cz\/en\/author\/afscesko\/"}]}},"_links":{"self":[{"href":"https:\/\/www.afs.cz\/en\/wp-json\/wp\/v2\/posts\/4660","targetHints":{"allow":["GET"]}}],"collection":[{"href":"https:\/\/www.afs.cz\/en\/wp-json\/wp\/v2\/posts"}],"about":[{"href":"https:\/\/www.afs.cz\/en\/wp-json\/wp\/v2\/types\/post"}],"author":[{"embeddable":true,"href":"https:\/\/www.afs.cz\/en\/wp-json\/wp\/v2\/users\/351"}],"replies":[{"embeddable":true,"href":"https:\/\/www.afs.cz\/en\/wp-json\/wp\/v2\/comments?post=4660"}],"version-history":[{"count":4,"href":"https:\/\/www.afs.cz\/en\/wp-json\/wp\/v2\/posts\/4660\/revisions"}],"predecessor-version":[{"id":21967,"href":"https:\/\/www.afs.cz\/en\/wp-json\/wp\/v2\/posts\/4660\/revisions\/21967"}],"wp:attachment":[{"href":"https:\/\/www.afs.cz\/en\/wp-json\/wp\/v2\/media?parent=4660"}],"wp:term":[{"taxonomy":"category","embeddable":true,"href":"https:\/\/www.afs.cz\/en\/wp-json\/wp\/v2\/categories?post=4660"},{"taxonomy":"post_tag","embeddable":true,"href":"https:\/\/www.afs.cz\/en\/wp-json\/wp\/v2\/tags?post=4660"}],"curies":[{"name":"wp","href":"https:\/\/api.w.org\/{rel}","templated":true}]}}