{"id":3908,"date":"2016-08-31T12:39:34","date_gmt":"2016-08-31T11:39:34","guid":{"rendered":"http:\/\/czechrepublic.afssite.afs.org\/?p=3908"},"modified":"2017-06-05T08:56:56","modified_gmt":"2017-06-05T07:56:56","slug":"20-let-pote-aneb-co-odhalila-studie","status":"publish","type":"post","link":"https:\/\/www.afs.cz\/en\/2016\/08\/20-let-pote-aneb-co-odhalila-studie\/","title":{"rendered":"20 let pot\u00e9 aneb Co odhalila studie"},"content":{"rendered":"<p><figure class=\"wp-image-wrap\"><img loading=\"lazy\" decoding=\"async\" class=\"alignnone size-full wp-image-3909\" src=\"http:\/\/czechrepublic.afssite.afs.org\/wp-content\/uploads\/sites\/84\/2017\/03\/Notable_AFS_alumni.jpg\" alt=\"Notable_AFS_alumni\" width=\"339\" height=\"347\" \/><\/figure><\/p>\n<p>Od jejich zahrani\u010dn\u00edho programu uplynulo nejm\u00e9n\u011b dvacet let. V porovn\u00e1n\u00ed se sv\u00fdmi vrstevn\u00edky \u010dast\u011bji plynn\u011b hovo\u0159\u00ed v\u00edce ciz\u00edmi jazyky. Dosahuj\u00ed vy\u0161\u0161\u00edho stupn\u011b vzd\u011bl\u00e1n\u00ed. V pracovn\u00edm i osobn\u00edm \u017eivot\u011b se c\u00edt\u00ed dob\u0159e p\u0159i styku s lidmi z odli\u0161n\u00e9ho kulturn\u00edho prost\u0159ed\u00ed. Tu\u0161\u00edte, o kom je \u0159e\u010d? Absolventi zahrani\u010dn\u00edch program\u016f AFS.<\/p>\n<p>Pokud st\u00e1le je\u0161t\u011b nem\u00e1te jasno v tom, co v\u00e1m nebo va\u0161im d\u011btem m\u016f\u017ee zahrani\u010dn\u00ed zku\u0161enost p\u0159in\u00e9st do \u017eivota, pr\u00e1v\u011b v\u00e1m je ur\u010den tento \u010dl\u00e1nek. A \u017ee jasno m\u00e1te? Pak v\u00e1s ur\u010dit\u011b pot\u011b\u0161\u00ed v\u00fdsledky studie, kterou mezi lety 2007-2008 provedlo AFS na v\u00edce ne\u017e 2 000 absolventech zahrani\u010dn\u00edch program\u016f z 15 zem\u00ed a zhruba 500 jejich vrstevn\u00edc\u00edch z kontroln\u00ed skupiny.<\/p>\n<p>Jedn\u00edm z nejv\u011bt\u0161\u00edch dlouhodob\u00fdch dopad\u016f zahrani\u010dn\u00edch program\u016f na jejich \u00fa\u010dastn\u00edky je schopnost hovo\u0159it plynn\u011b ciz\u00edm jazykem. Ka\u017edodenn\u00ed situace, do kter\u00fdch se \u00fa\u010dastn\u00edci v ciz\u00ed zemi dost\u00e1vaj\u00ed, ani jinou mo\u017enost nep\u0159ipou\u0161t\u011bj\u00ed. T\u00edm sp\u00ed\u0161, je-li va\u0161\u00ed mate\u0159\u0161tinou \u010de\u0161tina. Ve srovn\u00e1n\u00ed se sv\u00fdmi vrstevn\u00edky ale \u00fa\u010dastn\u00edci zahrani\u010dn\u00edch program\u016f AFS plynn\u011b hovo\u0159\u00ed v\u00edce ne\u017e jedn\u00edm ciz\u00edm jazykem. Krom\u011b toho, p\u0159esto\u017ee \u010dast\u011bji vn\u00edmaj\u00ed a rozli\u0161uj\u00ed mezikulturn\u00ed rozd\u00edly, jsou schopni vn\u00edmat i prvky v\u0161em kultur\u00e1m spole\u010dn\u00e9. V\u00fdrok jednoho z respondent\u016f je dostate\u010dn\u011b v\u00fdmluvn\u00fd: \u201eUv\u011bdomil jsem si, \u017ee p\u0159esto\u017ee n\u00e1s odli\u0161uje barva k\u016f\u017ee, n\u00e1bo\u017eensk\u00e9 vyzn\u00e1n\u00ed nebo rozd\u011bluj\u00ed politick\u00e9 n\u00e1zory, v\u0161ichni jsme lid\u00e9 s velmi podobn\u00fdmi city a z\u00e1jmy a je jen n\u00e1hoda, v jak\u00e9 kultu\u0159e nebo rodin\u011b jsme se narodili.\u201c<\/p>\n<p>I po skon\u010den\u00ed programu \u00fa\u010dastn\u00edci vyhled\u00e1vaj\u00ed p\u0159\u00e1telstv\u00ed se z\u00e1stupci rozd\u00edln\u00fdch kultur, zahrani\u010dn\u00ed studijn\u00ed zku\u0161enosti, zam\u011bstn\u00e1n\u00ed zahrnuj\u00edc\u00ed pr\u00e1ci s odli\u0161n\u00fdmi kulturami, \u010dast\u011bji \u017eij\u00ed v zahrani\u010d\u00ed, st\u00e1vaj\u00ed se dobrovoln\u00edky pro mezin\u00e1rodn\u00ed organizace a uzav\u00edraj\u00ed mezikulturn\u00ed man\u017eelstv\u00ed. I d\u00edky zahrani\u010dn\u00ed studijn\u00ed zku\u0161enosti jsou \u010dast\u011bji ne\u017e kontroln\u00ed skupina motivov\u00e1ni k dal\u0161\u00edmu studiu a dosahuj\u00ed tak v pr\u016fm\u011bru vy\u0161\u0161\u00edho vzd\u011bl\u00e1n\u00ed.<\/p>\n<p>Krist\u00fdna Pol\u00e1\u0161kov\u00e1, Koordin\u00e1torka spolupr\u00e1ce se \u0161kolami<\/p>\n","protected":false},"excerpt":{"rendered":"<p>Od jejich zahrani\u010dn\u00edho programu uplynulo nejm\u00e9n\u011b dvacet let. V porovn\u00e1n\u00ed se sv\u00fdmi vrstevn\u00edky \u010dast\u011bji plynn\u011b hovo\u0159\u00ed v\u00edce ciz\u00edmi jazyky. Dosahuj\u00ed&hellip;<\/p>\n","protected":false},"author":362,"featured_media":3909,"comment_status":"open","ping_status":"open","sticky":false,"template":"","format":"standard","meta":{"footnotes":""},"categories":[54,52],"tags":[],"class_list":["post-3908","post","type-post","status-publish","format-standard","has-post-thumbnail","hentry","category-mezikulturni-vzdelavani","category-spoluprace-se-skolami"],"yoast_head":"<!-- This site is optimized with the Yoast SEO Premium plugin v26.6 (Yoast SEO v26.6) - https:\/\/yoast.com\/wordpress\/plugins\/seo\/ -->\n<title>20 let pot\u00e9 aneb Co odhalila studie - Mezikulturn\u00ed programy<\/title>\n<meta name=\"description\" content=\"Od jejich zahrani\u010dn\u00edho programu uplynulo nejm\u00e9n\u011b dvacet let. V porovn\u00e1n\u00ed se sv\u00fdmi vrstevn\u00edky \u010dast\u011bji plynn\u011b hovo\u0159\u00ed v\u00edce ciz\u00edmi jazyky. Dosahuj\u00ed vy\u0161\u0161\u00edho stupn\u011b vzd\u011bl\u00e1n\u00ed.\" \/>\n<meta name=\"robots\" content=\"index, follow, max-snippet:-1, max-image-preview:large, max-video-preview:-1\" \/>\n<link rel=\"canonical\" href=\"https:\/\/www.afs.cz\/en\/2016\/08\/20-let-pote-aneb-co-odhalila-studie\/\" \/>\n<meta property=\"og:locale\" content=\"en_US\" \/>\n<meta property=\"og:type\" content=\"article\" \/>\n<meta property=\"og:title\" content=\"20 let pot\u00e9 aneb Co odhalila studie\" \/>\n<meta property=\"og:description\" content=\"Od jejich zahrani\u010dn\u00edho programu uplynulo nejm\u00e9n\u011b dvacet let. V porovn\u00e1n\u00ed se sv\u00fdmi vrstevn\u00edky \u010dast\u011bji plynn\u011b hovo\u0159\u00ed v\u00edce ciz\u00edmi jazyky. Dosahuj\u00ed vy\u0161\u0161\u00edho stupn\u011b vzd\u011bl\u00e1n\u00ed.\" \/>\n<meta property=\"og:url\" content=\"https:\/\/www.afs.cz\/en\/2016\/08\/20-let-pote-aneb-co-odhalila-studie\/\" \/>\n<meta property=\"og:site_name\" content=\"Mezikulturn\u00ed programy\" \/>\n<meta property=\"article:published_time\" content=\"2016-08-31T11:39:34+00:00\" \/>\n<meta property=\"article:modified_time\" content=\"2017-06-05T07:56:56+00:00\" \/>\n<meta property=\"og:image\" content=\"https:\/\/d22dvihj4pfop3.cloudfront.net\/wp-content\/uploads\/sites\/84\/2017\/03\/31123905\/Notable_AFS_alumni.jpg\" \/>\n\t<meta property=\"og:image:width\" content=\"339\" \/>\n\t<meta property=\"og:image:height\" content=\"347\" \/>\n\t<meta property=\"og:image:type\" content=\"image\/jpeg\" \/>\n<meta name=\"author\" content=\"Anton\u00edn\" \/>\n<meta name=\"twitter:card\" content=\"summary_large_image\" \/>\n<meta name=\"twitter:label1\" content=\"Written by\" \/>\n\t<meta name=\"twitter:data1\" content=\"Anton\u00edn\" \/>\n\t<meta name=\"twitter:label2\" content=\"Est. reading time\" \/>\n\t<meta name=\"twitter:data2\" content=\"2 minutes\" \/>\n<script type=\"application\/ld+json\" class=\"yoast-schema-graph\">{\"@context\":\"https:\/\/schema.org\",\"@graph\":[{\"@type\":\"WebPage\",\"@id\":\"https:\/\/www.afs.cz\/en\/2016\/08\/20-let-pote-aneb-co-odhalila-studie\/\",\"url\":\"https:\/\/www.afs.cz\/en\/2016\/08\/20-let-pote-aneb-co-odhalila-studie\/\",\"name\":\"20 let pot\u00e9 aneb Co odhalila studie - Mezikulturn\u00ed programy\",\"isPartOf\":{\"@id\":\"https:\/\/www.afs.cz\/en\/#website\"},\"primaryImageOfPage\":{\"@id\":\"https:\/\/www.afs.cz\/en\/2016\/08\/20-let-pote-aneb-co-odhalila-studie\/#primaryimage\"},\"image\":{\"@id\":\"https:\/\/www.afs.cz\/en\/2016\/08\/20-let-pote-aneb-co-odhalila-studie\/#primaryimage\"},\"thumbnailUrl\":\"https:\/\/d22dvihj4pfop3.cloudfront.net\/wp-content\/uploads\/sites\/84\/2017\/03\/31123905\/Notable_AFS_alumni.jpg\",\"datePublished\":\"2016-08-31T11:39:34+00:00\",\"dateModified\":\"2017-06-05T07:56:56+00:00\",\"author\":{\"@id\":\"https:\/\/www.afs.cz\/en\/#\/schema\/person\/ea24b587e17a7b917c6adf304d22231b\"},\"description\":\"Od jejich zahrani\u010dn\u00edho programu uplynulo nejm\u00e9n\u011b dvacet let. V porovn\u00e1n\u00ed se sv\u00fdmi vrstevn\u00edky \u010dast\u011bji plynn\u011b hovo\u0159\u00ed v\u00edce ciz\u00edmi jazyky. Dosahuj\u00ed vy\u0161\u0161\u00edho stupn\u011b vzd\u011bl\u00e1n\u00ed.\",\"breadcrumb\":{\"@id\":\"https:\/\/www.afs.cz\/en\/2016\/08\/20-let-pote-aneb-co-odhalila-studie\/#breadcrumb\"},\"inLanguage\":\"en-US\",\"potentialAction\":[{\"@type\":\"ReadAction\",\"target\":[\"https:\/\/www.afs.cz\/en\/2016\/08\/20-let-pote-aneb-co-odhalila-studie\/\"]}]},{\"@type\":\"ImageObject\",\"inLanguage\":\"en-US\",\"@id\":\"https:\/\/www.afs.cz\/en\/2016\/08\/20-let-pote-aneb-co-odhalila-studie\/#primaryimage\",\"url\":\"https:\/\/d22dvihj4pfop3.cloudfront.net\/wp-content\/uploads\/sites\/84\/2017\/03\/31123905\/Notable_AFS_alumni.jpg\",\"contentUrl\":\"https:\/\/d22dvihj4pfop3.cloudfront.net\/wp-content\/uploads\/sites\/84\/2017\/03\/31123905\/Notable_AFS_alumni.jpg\",\"width\":339,\"height\":347},{\"@type\":\"BreadcrumbList\",\"@id\":\"https:\/\/www.afs.cz\/en\/2016\/08\/20-let-pote-aneb-co-odhalila-studie\/#breadcrumb\",\"itemListElement\":[{\"@type\":\"ListItem\",\"position\":1,\"name\":\"Home\",\"item\":\"https:\/\/czechrepublic.afssite.afs.org\/en\/\"},{\"@type\":\"ListItem\",\"position\":2,\"name\":\"20 let pot\u00e9 aneb Co odhalila studie\"}]},{\"@type\":\"WebSite\",\"@id\":\"https:\/\/www.afs.cz\/en\/#website\",\"url\":\"https:\/\/www.afs.cz\/en\/\",\"name\":\"Mezikulturn\u00ed programy\",\"description\":\"Studium v zahrani\u010d\u00ed, hostitelsk\u00fd program, vzd\u011bl\u00e1vac\u00ed programy, dobrovolnictv\u00ed a mnoho dal\u0161\u00edho.\",\"potentialAction\":[{\"@type\":\"SearchAction\",\"target\":{\"@type\":\"EntryPoint\",\"urlTemplate\":\"https:\/\/www.afs.cz\/en\/?s={search_term_string}\"},\"query-input\":{\"@type\":\"PropertyValueSpecification\",\"valueRequired\":true,\"valueName\":\"search_term_string\"}}],\"inLanguage\":\"en-US\"},{\"@type\":\"Person\",\"@id\":\"https:\/\/www.afs.cz\/en\/#\/schema\/person\/ea24b587e17a7b917c6adf304d22231b\",\"name\":\"Anton\u00edn\",\"image\":{\"@type\":\"ImageObject\",\"inLanguage\":\"en-US\",\"@id\":\"https:\/\/www.afs.cz\/en\/#\/schema\/person\/image\/\",\"url\":\"https:\/\/secure.gravatar.com\/avatar\/170edf6c3be86476c6ff9c0f287e41733ed9b746686ef87738bde1bcb52866e4?s=96&d=mm&r=g\",\"contentUrl\":\"https:\/\/secure.gravatar.com\/avatar\/170edf6c3be86476c6ff9c0f287e41733ed9b746686ef87738bde1bcb52866e4?s=96&d=mm&r=g\",\"caption\":\"Anton\u00edn\"},\"url\":\"https:\/\/www.afs.cz\/en\/author\/teichmaa\/\"}]}<\/script>\n<!-- \/ Yoast SEO Premium plugin. -->","yoast_head_json":{"title":"20 let pot\u00e9 aneb Co odhalila studie - Mezikulturn\u00ed programy","description":"Od jejich zahrani\u010dn\u00edho programu uplynulo nejm\u00e9n\u011b dvacet let. V porovn\u00e1n\u00ed se sv\u00fdmi vrstevn\u00edky \u010dast\u011bji plynn\u011b hovo\u0159\u00ed v\u00edce ciz\u00edmi jazyky. Dosahuj\u00ed vy\u0161\u0161\u00edho stupn\u011b vzd\u011bl\u00e1n\u00ed.","robots":{"index":"index","follow":"follow","max-snippet":"max-snippet:-1","max-image-preview":"max-image-preview:large","max-video-preview":"max-video-preview:-1"},"canonical":"https:\/\/www.afs.cz\/en\/2016\/08\/20-let-pote-aneb-co-odhalila-studie\/","og_locale":"en_US","og_type":"article","og_title":"20 let pot\u00e9 aneb Co odhalila studie","og_description":"Od jejich zahrani\u010dn\u00edho programu uplynulo nejm\u00e9n\u011b dvacet let. V porovn\u00e1n\u00ed se sv\u00fdmi vrstevn\u00edky \u010dast\u011bji plynn\u011b hovo\u0159\u00ed v\u00edce ciz\u00edmi jazyky. Dosahuj\u00ed vy\u0161\u0161\u00edho stupn\u011b vzd\u011bl\u00e1n\u00ed.","og_url":"https:\/\/www.afs.cz\/en\/2016\/08\/20-let-pote-aneb-co-odhalila-studie\/","og_site_name":"Mezikulturn\u00ed programy","article_published_time":"2016-08-31T11:39:34+00:00","article_modified_time":"2017-06-05T07:56:56+00:00","og_image":[{"url":"https:\/\/d22dvihj4pfop3.cloudfront.net\/wp-content\/uploads\/sites\/84\/2017\/03\/31123905\/Notable_AFS_alumni.jpg","width":339,"height":347,"type":"image\/jpeg"}],"author":"Anton\u00edn","twitter_card":"summary_large_image","twitter_misc":{"Written by":"Anton\u00edn","Est. reading time":"2 minutes"},"schema":{"@context":"https:\/\/schema.org","@graph":[{"@type":"WebPage","@id":"https:\/\/www.afs.cz\/en\/2016\/08\/20-let-pote-aneb-co-odhalila-studie\/","url":"https:\/\/www.afs.cz\/en\/2016\/08\/20-let-pote-aneb-co-odhalila-studie\/","name":"20 let pot\u00e9 aneb Co odhalila studie - Mezikulturn\u00ed programy","isPartOf":{"@id":"https:\/\/www.afs.cz\/en\/#website"},"primaryImageOfPage":{"@id":"https:\/\/www.afs.cz\/en\/2016\/08\/20-let-pote-aneb-co-odhalila-studie\/#primaryimage"},"image":{"@id":"https:\/\/www.afs.cz\/en\/2016\/08\/20-let-pote-aneb-co-odhalila-studie\/#primaryimage"},"thumbnailUrl":"https:\/\/d22dvihj4pfop3.cloudfront.net\/wp-content\/uploads\/sites\/84\/2017\/03\/31123905\/Notable_AFS_alumni.jpg","datePublished":"2016-08-31T11:39:34+00:00","dateModified":"2017-06-05T07:56:56+00:00","author":{"@id":"https:\/\/www.afs.cz\/en\/#\/schema\/person\/ea24b587e17a7b917c6adf304d22231b"},"description":"Od jejich zahrani\u010dn\u00edho programu uplynulo nejm\u00e9n\u011b dvacet let. V porovn\u00e1n\u00ed se sv\u00fdmi vrstevn\u00edky \u010dast\u011bji plynn\u011b hovo\u0159\u00ed v\u00edce ciz\u00edmi jazyky. Dosahuj\u00ed vy\u0161\u0161\u00edho stupn\u011b vzd\u011bl\u00e1n\u00ed.","breadcrumb":{"@id":"https:\/\/www.afs.cz\/en\/2016\/08\/20-let-pote-aneb-co-odhalila-studie\/#breadcrumb"},"inLanguage":"en-US","potentialAction":[{"@type":"ReadAction","target":["https:\/\/www.afs.cz\/en\/2016\/08\/20-let-pote-aneb-co-odhalila-studie\/"]}]},{"@type":"ImageObject","inLanguage":"en-US","@id":"https:\/\/www.afs.cz\/en\/2016\/08\/20-let-pote-aneb-co-odhalila-studie\/#primaryimage","url":"https:\/\/d22dvihj4pfop3.cloudfront.net\/wp-content\/uploads\/sites\/84\/2017\/03\/31123905\/Notable_AFS_alumni.jpg","contentUrl":"https:\/\/d22dvihj4pfop3.cloudfront.net\/wp-content\/uploads\/sites\/84\/2017\/03\/31123905\/Notable_AFS_alumni.jpg","width":339,"height":347},{"@type":"BreadcrumbList","@id":"https:\/\/www.afs.cz\/en\/2016\/08\/20-let-pote-aneb-co-odhalila-studie\/#breadcrumb","itemListElement":[{"@type":"ListItem","position":1,"name":"Home","item":"https:\/\/czechrepublic.afssite.afs.org\/en\/"},{"@type":"ListItem","position":2,"name":"20 let pot\u00e9 aneb Co odhalila studie"}]},{"@type":"WebSite","@id":"https:\/\/www.afs.cz\/en\/#website","url":"https:\/\/www.afs.cz\/en\/","name":"Mezikulturn\u00ed programy","description":"Studium v zahrani\u010d\u00ed, hostitelsk\u00fd program, vzd\u011bl\u00e1vac\u00ed programy, dobrovolnictv\u00ed a mnoho dal\u0161\u00edho.","potentialAction":[{"@type":"SearchAction","target":{"@type":"EntryPoint","urlTemplate":"https:\/\/www.afs.cz\/en\/?s={search_term_string}"},"query-input":{"@type":"PropertyValueSpecification","valueRequired":true,"valueName":"search_term_string"}}],"inLanguage":"en-US"},{"@type":"Person","@id":"https:\/\/www.afs.cz\/en\/#\/schema\/person\/ea24b587e17a7b917c6adf304d22231b","name":"Anton\u00edn","image":{"@type":"ImageObject","inLanguage":"en-US","@id":"https:\/\/www.afs.cz\/en\/#\/schema\/person\/image\/","url":"https:\/\/secure.gravatar.com\/avatar\/170edf6c3be86476c6ff9c0f287e41733ed9b746686ef87738bde1bcb52866e4?s=96&d=mm&r=g","contentUrl":"https:\/\/secure.gravatar.com\/avatar\/170edf6c3be86476c6ff9c0f287e41733ed9b746686ef87738bde1bcb52866e4?s=96&d=mm&r=g","caption":"Anton\u00edn"},"url":"https:\/\/www.afs.cz\/en\/author\/teichmaa\/"}]}},"_links":{"self":[{"href":"https:\/\/www.afs.cz\/en\/wp-json\/wp\/v2\/posts\/3908","targetHints":{"allow":["GET"]}}],"collection":[{"href":"https:\/\/www.afs.cz\/en\/wp-json\/wp\/v2\/posts"}],"about":[{"href":"https:\/\/www.afs.cz\/en\/wp-json\/wp\/v2\/types\/post"}],"author":[{"embeddable":true,"href":"https:\/\/www.afs.cz\/en\/wp-json\/wp\/v2\/users\/362"}],"replies":[{"embeddable":true,"href":"https:\/\/www.afs.cz\/en\/wp-json\/wp\/v2\/comments?post=3908"}],"version-history":[{"count":3,"href":"https:\/\/www.afs.cz\/en\/wp-json\/wp\/v2\/posts\/3908\/revisions"}],"predecessor-version":[{"id":4530,"href":"https:\/\/www.afs.cz\/en\/wp-json\/wp\/v2\/posts\/3908\/revisions\/4530"}],"wp:featuredmedia":[{"embeddable":true,"href":"https:\/\/www.afs.cz\/en\/wp-json\/wp\/v2\/media\/3909"}],"wp:attachment":[{"href":"https:\/\/www.afs.cz\/en\/wp-json\/wp\/v2\/media?parent=3908"}],"wp:term":[{"taxonomy":"category","embeddable":true,"href":"https:\/\/www.afs.cz\/en\/wp-json\/wp\/v2\/categories?post=3908"},{"taxonomy":"post_tag","embeddable":true,"href":"https:\/\/www.afs.cz\/en\/wp-json\/wp\/v2\/tags?post=3908"}],"curies":[{"name":"wp","href":"https:\/\/api.w.org\/{rel}","templated":true}]}}