{"id":3888,"date":"2016-11-19T12:32:16","date_gmt":"2016-11-19T11:32:16","guid":{"rendered":"http:\/\/czechrepublic.afssite.afs.org\/?p=3888"},"modified":"2017-06-05T08:54:28","modified_gmt":"2017-06-05T07:54:28","slug":"cesti-ucitele-na-mezinarodni-konferenci-spectrum-of-education-v-istanbulu","status":"publish","type":"post","link":"https:\/\/www.afs.cz\/en\/2016\/11\/cesti-ucitele-na-mezinarodni-konferenci-spectrum-of-education-v-istanbulu\/","title":{"rendered":"\u010ce\u0161t\u00ed u\u010ditel\u00e9 na Mezin\u00e1rodn\u00ed konferenci Spectrum of Education v Istanbulu"},"content":{"rendered":"<p>Ve dnech 22. \u2013 27. dubna 2015 prob\u011bhlo v tureck\u00e9m Istanbulu ji\u017e \u010dtvrt\u00e9 setk\u00e1n\u00ed u\u010ditel\u016f, jeho\u017e sou\u010d\u00e1st\u00ed byla i konference Spectrum of Education. Jej\u00edm leto\u0161n\u00edm t\u00e9matem byla Kari\u00e9ra.<\/p>\n<p>Organizace AFS, kter\u00e1 se dlouhodob\u011b zab\u00fdv\u00e1 mezikulturn\u00edmi programy a jej\u00ed\u017e hlavn\u00ed n\u00e1pln\u00ed je organizace studentsk\u00fdch pobyt\u016f v zahrani\u010d\u00ed, m\u011b vybrala jako \u00fa\u010dastn\u00edka tohoto setk\u00e1n\u00ed. M\u011bl jsem tak jedine\u010dnou mo\u017enost poznat v\u00edce ne\u017e 40 u\u010ditel\u016f z nejr\u016fzn\u011bj\u0161\u00edch kout\u016f na\u0161\u00ed planety. Vedle z\u00e1stupc\u016f \u010cesk\u00e9 republiky nav\u0161t\u00edvili Istanbul kolegov\u00e9 z Holandska, Belgie, Slovenska, Srbska, Rakouska, Ma\u010farska, It\u00e1lie, ale tak\u00e9 z Indie, Islandu, USA, Argentiny, Kolumbie, Filip\u00edn a Malajsie. P\u0159edstavitele n\u011bkter\u00fdch n\u00e1rodnost\u00ed jsem vid\u011bl v\u016fbec poprv\u00e9 v \u017eivot\u011b.<\/p>\n<p><figure class=\"wp-image-wrap\"><img loading=\"lazy\" decoding=\"async\" class=\"alignnone size-full wp-image-3891\" src=\"http:\/\/czechrepublic.afssite.afs.org\/wp-content\/uploads\/sites\/84\/2017\/03\/Clipboard02.jpg\" alt=\"Clipboard02\" width=\"380\" height=\"215\" \/><\/figure><\/p>\n<p>Nabit\u00fd program \u010dty\u0159 dn\u016f m\u011bl \u010d\u00e1st spole\u010denskou i pracovn\u00ed. Samotn\u00e1 konference, kter\u00e1 prob\u011bhla v sobotu a v ned\u011bli, nab\u00eddla mnoho zaj\u00edmav\u00fdch pohled\u016f na vzd\u011bl\u00e1v\u00e1n\u00ed a kari\u00e9ru. Osobn\u011b m\u011b velice zaujala p\u0159edn\u00e1\u0161ka tureck\u00e9ho l\u00e9ka\u0159e Prof. Dr. Yanki Yazgana, kter\u00fd ve sv\u00e9m p\u0159\u00edsp\u011bvku mimo jin\u00e9 velmi odborn\u011b popsal funkci mozku a jeho \u010dinnost b\u011bhem procesu vzd\u011bl\u00e1v\u00e1n\u00ed. K zaj\u00edmav\u00fdm my\u0161lenk\u00e1m dal\u0161\u00edch p\u0159edn\u00e1\u0161ej\u00edc\u00edch pat\u0159ilo nap\u0159. zamy\u0161len\u00ed nad t\u00edm:<br \/>\na) Pro\u010d dne\u0161n\u00ed mlad\u00ed lid\u00e9 nemaj\u00ed v \u0159ad\u011b p\u0159\u00edpad\u016f svoji kari\u00e9rn\u00ed budoucnost spojenou\u00a0se vzd\u011bl\u00e1v\u00e1n\u00edm nebo<br \/>\nb) Pro\u010d syst\u00e9m, hodnoty a normy vzd\u011bl\u00e1v\u00e1n\u00ed st\u00e1le tvo\u0159\u00ed hlavn\u011b dosp\u011bl\u00ed.<\/p>\n<p>Vedle pracovn\u00ed n\u00e1pln\u011b pobytu jsme m\u011bli mo\u017enost absolvovat v\u00fdlet lod\u00ed \u00fa\u017einou Bosporu a celodenn\u00ed prohl\u00eddku nejzn\u00e1m\u011bj\u0161\u00edch pam\u011btihodnost\u00ed Istanbulu. M\u011bsto v\u00e1s uchv\u00e1t\u00ed mimo jin\u00e9 svoj\u00ed velikost\u00ed \u2013 s 20 miliony obyvatel se \u0159ad\u00ed na prvn\u00ed m\u00edsto v Evrop\u011b. Velmi p\u016fsobiv\u00e1 byla tak\u00e9 n\u00e1v\u0161t\u011bva v tureck\u00fdch rodin\u00e1ch spojen\u00e1 s ve\u010de\u0159\u00ed v typicky tureck\u00e9m stylu.<\/p>\n<p>Z\u00e1v\u011brem bych velice r\u00e1d ocenil obrovskou ochotu a nad\u0161enou pr\u00e1ci v\u0161ech dobrovoln\u00edk\u016f z \u0159ad AFS, kte\u0159\u00ed se o n\u00e1s po celou dobu vzorn\u011b starali. I pohostinnost\u00a0a p\u0159\u00edv\u011btivost tureck\u00fdch hostitel\u016f byla nadstandardn\u00ed. V tu chv\u00edli si uv\u011bdom\u00edte, jak\u00fd skok sv\u011bt ud\u011blal od \u0160vejkova: \u201eVojna s Turkem mus\u00ed bejt!\u201c<\/p>\n<p>Z Istanbulu si odv\u00e1\u017e\u00edm nejen spoustu kontakt\u016f pro budouc\u00ed spolupr\u00e1ci, ale\u00a0i pocit, \u017ee mo\u017enosti, kter\u00e9 AFS nab\u00edz\u00ed, jsou pro mlad\u00e9 lidi neopakovatelnou p\u0159\u00edle\u017eitost\u00ed,\u00a0jak poznat jin\u00fd, t\u0159eba i hodn\u011b vzd\u00e1len\u00fd, kout Zem\u011b. V\u017edy\u0165 sv\u011bt je tak bl\u00edzko\u2026<\/p>\n<p>RNDr. Ji\u0159\u00ed \u0160ulc<br \/>\n<figure class=\"wp-image-wrap\"><img loading=\"lazy\" decoding=\"async\" class=\"alignnone size-full wp-image-3890\" src=\"http:\/\/czechrepublic.afssite.afs.org\/wp-content\/uploads\/sites\/84\/2017\/03\/Clipboard03.jpg\" alt=\"Clipboard03\" width=\"254\" height=\"420\" \/><\/figure><\/p>\n","protected":false},"excerpt":{"rendered":"<p>Ve dnech 22. \u2013 27. dubna 2015 prob\u011bhlo v tureck\u00e9m Istanbulu ji\u017e \u010dtvrt\u00e9 setk\u00e1n\u00ed u\u010ditel\u016f, jeho\u017e sou\u010d\u00e1st\u00ed byla i konference&hellip;<\/p>\n","protected":false},"author":362,"featured_media":3889,"comment_status":"open","ping_status":"open","sticky":false,"template":"","format":"standard","meta":{"footnotes":""},"categories":[54,52],"tags":[],"class_list":["post-3888","post","type-post","status-publish","format-standard","has-post-thumbnail","hentry","category-mezikulturni-vzdelavani","category-spoluprace-se-skolami"],"yoast_head":"<!-- This site is optimized with the Yoast SEO Premium plugin v26.6 (Yoast SEO v26.6) - https:\/\/yoast.com\/wordpress\/plugins\/seo\/ -->\n<title>\u010ce\u0161t\u00ed u\u010ditel\u00e9 na Mezin\u00e1rodn\u00ed konferenci Spectrum of Education v Istanbulu - Mezikulturn\u00ed programy<\/title>\n<meta name=\"description\" content=\"Ve dnech 22. \u2013 27. dubna 2015 prob\u011bhlo v tureck\u00e9m Istanbulu ji\u017e \u010dtvrt\u00e9 setk\u00e1n\u00ed u\u010ditel\u016f, jeho\u017e sou\u010d\u00e1st\u00ed byla i konference Spectrum of Education. Jej\u00edm leto\u0161n\u00edm t\u00e9matem byla Kari\u00e9ra.\" \/>\n<meta name=\"robots\" content=\"index, follow, max-snippet:-1, max-image-preview:large, max-video-preview:-1\" \/>\n<link rel=\"canonical\" href=\"https:\/\/www.afs.cz\/en\/2016\/11\/cesti-ucitele-na-mezinarodni-konferenci-spectrum-of-education-v-istanbulu\/\" \/>\n<meta property=\"og:locale\" content=\"en_US\" \/>\n<meta property=\"og:type\" content=\"article\" \/>\n<meta property=\"og:title\" content=\"\u010ce\u0161t\u00ed u\u010ditel\u00e9 na Mezin\u00e1rodn\u00ed konferenci Spectrum of Education v Istanbulu\" \/>\n<meta property=\"og:description\" content=\"Ve dnech 22. \u2013 27. dubna 2015 prob\u011bhlo v tureck\u00e9m Istanbulu ji\u017e \u010dtvrt\u00e9 setk\u00e1n\u00ed u\u010ditel\u016f, jeho\u017e sou\u010d\u00e1st\u00ed byla i konference Spectrum of Education. Jej\u00edm leto\u0161n\u00edm t\u00e9matem byla Kari\u00e9ra.\" \/>\n<meta property=\"og:url\" content=\"https:\/\/www.afs.cz\/en\/2016\/11\/cesti-ucitele-na-mezinarodni-konferenci-spectrum-of-education-v-istanbulu\/\" \/>\n<meta property=\"og:site_name\" content=\"Mezikulturn\u00ed programy\" \/>\n<meta property=\"article:published_time\" content=\"2016-11-19T11:32:16+00:00\" \/>\n<meta property=\"article:modified_time\" content=\"2017-06-05T07:54:28+00:00\" \/>\n<meta property=\"og:image\" content=\"https:\/\/d22dvihj4pfop3.cloudfront.net\/wp-content\/uploads\/sites\/84\/2017\/03\/31123120\/Clipboard01.jpg\" \/>\n\t<meta property=\"og:image:width\" content=\"399\" \/>\n\t<meta property=\"og:image:height\" content=\"226\" \/>\n\t<meta property=\"og:image:type\" content=\"image\/jpeg\" \/>\n<meta name=\"author\" content=\"Anton\u00edn\" \/>\n<meta name=\"twitter:card\" content=\"summary_large_image\" \/>\n<meta name=\"twitter:label1\" content=\"Written by\" \/>\n\t<meta name=\"twitter:data1\" content=\"Anton\u00edn\" \/>\n\t<meta name=\"twitter:label2\" content=\"Est. reading time\" \/>\n\t<meta name=\"twitter:data2\" content=\"2 minutes\" \/>\n<script type=\"application\/ld+json\" class=\"yoast-schema-graph\">{\"@context\":\"https:\/\/schema.org\",\"@graph\":[{\"@type\":\"WebPage\",\"@id\":\"https:\/\/www.afs.cz\/en\/2016\/11\/cesti-ucitele-na-mezinarodni-konferenci-spectrum-of-education-v-istanbulu\/\",\"url\":\"https:\/\/www.afs.cz\/en\/2016\/11\/cesti-ucitele-na-mezinarodni-konferenci-spectrum-of-education-v-istanbulu\/\",\"name\":\"\u010ce\u0161t\u00ed u\u010ditel\u00e9 na Mezin\u00e1rodn\u00ed konferenci Spectrum of Education v Istanbulu - Mezikulturn\u00ed programy\",\"isPartOf\":{\"@id\":\"https:\/\/www.afs.cz\/en\/#website\"},\"primaryImageOfPage\":{\"@id\":\"https:\/\/www.afs.cz\/en\/2016\/11\/cesti-ucitele-na-mezinarodni-konferenci-spectrum-of-education-v-istanbulu\/#primaryimage\"},\"image\":{\"@id\":\"https:\/\/www.afs.cz\/en\/2016\/11\/cesti-ucitele-na-mezinarodni-konferenci-spectrum-of-education-v-istanbulu\/#primaryimage\"},\"thumbnailUrl\":\"https:\/\/d22dvihj4pfop3.cloudfront.net\/wp-content\/uploads\/sites\/84\/2017\/03\/31123120\/Clipboard01.jpg\",\"datePublished\":\"2016-11-19T11:32:16+00:00\",\"dateModified\":\"2017-06-05T07:54:28+00:00\",\"author\":{\"@id\":\"https:\/\/www.afs.cz\/en\/#\/schema\/person\/ea24b587e17a7b917c6adf304d22231b\"},\"description\":\"Ve dnech 22. \u2013 27. dubna 2015 prob\u011bhlo v tureck\u00e9m Istanbulu ji\u017e \u010dtvrt\u00e9 setk\u00e1n\u00ed u\u010ditel\u016f, jeho\u017e sou\u010d\u00e1st\u00ed byla i konference Spectrum of Education. Jej\u00edm leto\u0161n\u00edm t\u00e9matem byla Kari\u00e9ra.\",\"breadcrumb\":{\"@id\":\"https:\/\/www.afs.cz\/en\/2016\/11\/cesti-ucitele-na-mezinarodni-konferenci-spectrum-of-education-v-istanbulu\/#breadcrumb\"},\"inLanguage\":\"en-US\",\"potentialAction\":[{\"@type\":\"ReadAction\",\"target\":[\"https:\/\/www.afs.cz\/en\/2016\/11\/cesti-ucitele-na-mezinarodni-konferenci-spectrum-of-education-v-istanbulu\/\"]}]},{\"@type\":\"ImageObject\",\"inLanguage\":\"en-US\",\"@id\":\"https:\/\/www.afs.cz\/en\/2016\/11\/cesti-ucitele-na-mezinarodni-konferenci-spectrum-of-education-v-istanbulu\/#primaryimage\",\"url\":\"https:\/\/d22dvihj4pfop3.cloudfront.net\/wp-content\/uploads\/sites\/84\/2017\/03\/31123120\/Clipboard01.jpg\",\"contentUrl\":\"https:\/\/d22dvihj4pfop3.cloudfront.net\/wp-content\/uploads\/sites\/84\/2017\/03\/31123120\/Clipboard01.jpg\",\"width\":399,\"height\":226},{\"@type\":\"BreadcrumbList\",\"@id\":\"https:\/\/www.afs.cz\/en\/2016\/11\/cesti-ucitele-na-mezinarodni-konferenci-spectrum-of-education-v-istanbulu\/#breadcrumb\",\"itemListElement\":[{\"@type\":\"ListItem\",\"position\":1,\"name\":\"Home\",\"item\":\"https:\/\/czechrepublic.afssite.afs.org\/en\/\"},{\"@type\":\"ListItem\",\"position\":2,\"name\":\"\u010ce\u0161t\u00ed u\u010ditel\u00e9 na Mezin\u00e1rodn\u00ed konferenci Spectrum of Education v Istanbulu\"}]},{\"@type\":\"WebSite\",\"@id\":\"https:\/\/www.afs.cz\/en\/#website\",\"url\":\"https:\/\/www.afs.cz\/en\/\",\"name\":\"Mezikulturn\u00ed programy\",\"description\":\"Studium v zahrani\u010d\u00ed, hostitelsk\u00fd program, vzd\u011bl\u00e1vac\u00ed programy, dobrovolnictv\u00ed a mnoho dal\u0161\u00edho.\",\"potentialAction\":[{\"@type\":\"SearchAction\",\"target\":{\"@type\":\"EntryPoint\",\"urlTemplate\":\"https:\/\/www.afs.cz\/en\/?s={search_term_string}\"},\"query-input\":{\"@type\":\"PropertyValueSpecification\",\"valueRequired\":true,\"valueName\":\"search_term_string\"}}],\"inLanguage\":\"en-US\"},{\"@type\":\"Person\",\"@id\":\"https:\/\/www.afs.cz\/en\/#\/schema\/person\/ea24b587e17a7b917c6adf304d22231b\",\"name\":\"Anton\u00edn\",\"image\":{\"@type\":\"ImageObject\",\"inLanguage\":\"en-US\",\"@id\":\"https:\/\/www.afs.cz\/en\/#\/schema\/person\/image\/\",\"url\":\"https:\/\/secure.gravatar.com\/avatar\/170edf6c3be86476c6ff9c0f287e41733ed9b746686ef87738bde1bcb52866e4?s=96&d=mm&r=g\",\"contentUrl\":\"https:\/\/secure.gravatar.com\/avatar\/170edf6c3be86476c6ff9c0f287e41733ed9b746686ef87738bde1bcb52866e4?s=96&d=mm&r=g\",\"caption\":\"Anton\u00edn\"},\"url\":\"https:\/\/www.afs.cz\/en\/author\/teichmaa\/\"}]}<\/script>\n<!-- \/ Yoast SEO Premium plugin. -->","yoast_head_json":{"title":"\u010ce\u0161t\u00ed u\u010ditel\u00e9 na Mezin\u00e1rodn\u00ed konferenci Spectrum of Education v Istanbulu - Mezikulturn\u00ed programy","description":"Ve dnech 22. \u2013 27. dubna 2015 prob\u011bhlo v tureck\u00e9m Istanbulu ji\u017e \u010dtvrt\u00e9 setk\u00e1n\u00ed u\u010ditel\u016f, jeho\u017e sou\u010d\u00e1st\u00ed byla i konference Spectrum of Education. Jej\u00edm leto\u0161n\u00edm t\u00e9matem byla Kari\u00e9ra.","robots":{"index":"index","follow":"follow","max-snippet":"max-snippet:-1","max-image-preview":"max-image-preview:large","max-video-preview":"max-video-preview:-1"},"canonical":"https:\/\/www.afs.cz\/en\/2016\/11\/cesti-ucitele-na-mezinarodni-konferenci-spectrum-of-education-v-istanbulu\/","og_locale":"en_US","og_type":"article","og_title":"\u010ce\u0161t\u00ed u\u010ditel\u00e9 na Mezin\u00e1rodn\u00ed konferenci Spectrum of Education v Istanbulu","og_description":"Ve dnech 22. \u2013 27. dubna 2015 prob\u011bhlo v tureck\u00e9m Istanbulu ji\u017e \u010dtvrt\u00e9 setk\u00e1n\u00ed u\u010ditel\u016f, jeho\u017e sou\u010d\u00e1st\u00ed byla i konference Spectrum of Education. Jej\u00edm leto\u0161n\u00edm t\u00e9matem byla Kari\u00e9ra.","og_url":"https:\/\/www.afs.cz\/en\/2016\/11\/cesti-ucitele-na-mezinarodni-konferenci-spectrum-of-education-v-istanbulu\/","og_site_name":"Mezikulturn\u00ed programy","article_published_time":"2016-11-19T11:32:16+00:00","article_modified_time":"2017-06-05T07:54:28+00:00","og_image":[{"url":"https:\/\/d22dvihj4pfop3.cloudfront.net\/wp-content\/uploads\/sites\/84\/2017\/03\/31123120\/Clipboard01.jpg","width":399,"height":226,"type":"image\/jpeg"}],"author":"Anton\u00edn","twitter_card":"summary_large_image","twitter_misc":{"Written by":"Anton\u00edn","Est. reading time":"2 minutes"},"schema":{"@context":"https:\/\/schema.org","@graph":[{"@type":"WebPage","@id":"https:\/\/www.afs.cz\/en\/2016\/11\/cesti-ucitele-na-mezinarodni-konferenci-spectrum-of-education-v-istanbulu\/","url":"https:\/\/www.afs.cz\/en\/2016\/11\/cesti-ucitele-na-mezinarodni-konferenci-spectrum-of-education-v-istanbulu\/","name":"\u010ce\u0161t\u00ed u\u010ditel\u00e9 na Mezin\u00e1rodn\u00ed konferenci Spectrum of Education v Istanbulu - Mezikulturn\u00ed programy","isPartOf":{"@id":"https:\/\/www.afs.cz\/en\/#website"},"primaryImageOfPage":{"@id":"https:\/\/www.afs.cz\/en\/2016\/11\/cesti-ucitele-na-mezinarodni-konferenci-spectrum-of-education-v-istanbulu\/#primaryimage"},"image":{"@id":"https:\/\/www.afs.cz\/en\/2016\/11\/cesti-ucitele-na-mezinarodni-konferenci-spectrum-of-education-v-istanbulu\/#primaryimage"},"thumbnailUrl":"https:\/\/d22dvihj4pfop3.cloudfront.net\/wp-content\/uploads\/sites\/84\/2017\/03\/31123120\/Clipboard01.jpg","datePublished":"2016-11-19T11:32:16+00:00","dateModified":"2017-06-05T07:54:28+00:00","author":{"@id":"https:\/\/www.afs.cz\/en\/#\/schema\/person\/ea24b587e17a7b917c6adf304d22231b"},"description":"Ve dnech 22. \u2013 27. dubna 2015 prob\u011bhlo v tureck\u00e9m Istanbulu ji\u017e \u010dtvrt\u00e9 setk\u00e1n\u00ed u\u010ditel\u016f, jeho\u017e sou\u010d\u00e1st\u00ed byla i konference Spectrum of Education. Jej\u00edm leto\u0161n\u00edm t\u00e9matem byla Kari\u00e9ra.","breadcrumb":{"@id":"https:\/\/www.afs.cz\/en\/2016\/11\/cesti-ucitele-na-mezinarodni-konferenci-spectrum-of-education-v-istanbulu\/#breadcrumb"},"inLanguage":"en-US","potentialAction":[{"@type":"ReadAction","target":["https:\/\/www.afs.cz\/en\/2016\/11\/cesti-ucitele-na-mezinarodni-konferenci-spectrum-of-education-v-istanbulu\/"]}]},{"@type":"ImageObject","inLanguage":"en-US","@id":"https:\/\/www.afs.cz\/en\/2016\/11\/cesti-ucitele-na-mezinarodni-konferenci-spectrum-of-education-v-istanbulu\/#primaryimage","url":"https:\/\/d22dvihj4pfop3.cloudfront.net\/wp-content\/uploads\/sites\/84\/2017\/03\/31123120\/Clipboard01.jpg","contentUrl":"https:\/\/d22dvihj4pfop3.cloudfront.net\/wp-content\/uploads\/sites\/84\/2017\/03\/31123120\/Clipboard01.jpg","width":399,"height":226},{"@type":"BreadcrumbList","@id":"https:\/\/www.afs.cz\/en\/2016\/11\/cesti-ucitele-na-mezinarodni-konferenci-spectrum-of-education-v-istanbulu\/#breadcrumb","itemListElement":[{"@type":"ListItem","position":1,"name":"Home","item":"https:\/\/czechrepublic.afssite.afs.org\/en\/"},{"@type":"ListItem","position":2,"name":"\u010ce\u0161t\u00ed u\u010ditel\u00e9 na Mezin\u00e1rodn\u00ed konferenci Spectrum of Education v Istanbulu"}]},{"@type":"WebSite","@id":"https:\/\/www.afs.cz\/en\/#website","url":"https:\/\/www.afs.cz\/en\/","name":"Mezikulturn\u00ed programy","description":"Studium v zahrani\u010d\u00ed, hostitelsk\u00fd program, vzd\u011bl\u00e1vac\u00ed programy, dobrovolnictv\u00ed a mnoho dal\u0161\u00edho.","potentialAction":[{"@type":"SearchAction","target":{"@type":"EntryPoint","urlTemplate":"https:\/\/www.afs.cz\/en\/?s={search_term_string}"},"query-input":{"@type":"PropertyValueSpecification","valueRequired":true,"valueName":"search_term_string"}}],"inLanguage":"en-US"},{"@type":"Person","@id":"https:\/\/www.afs.cz\/en\/#\/schema\/person\/ea24b587e17a7b917c6adf304d22231b","name":"Anton\u00edn","image":{"@type":"ImageObject","inLanguage":"en-US","@id":"https:\/\/www.afs.cz\/en\/#\/schema\/person\/image\/","url":"https:\/\/secure.gravatar.com\/avatar\/170edf6c3be86476c6ff9c0f287e41733ed9b746686ef87738bde1bcb52866e4?s=96&d=mm&r=g","contentUrl":"https:\/\/secure.gravatar.com\/avatar\/170edf6c3be86476c6ff9c0f287e41733ed9b746686ef87738bde1bcb52866e4?s=96&d=mm&r=g","caption":"Anton\u00edn"},"url":"https:\/\/www.afs.cz\/en\/author\/teichmaa\/"}]}},"_links":{"self":[{"href":"https:\/\/www.afs.cz\/en\/wp-json\/wp\/v2\/posts\/3888","targetHints":{"allow":["GET"]}}],"collection":[{"href":"https:\/\/www.afs.cz\/en\/wp-json\/wp\/v2\/posts"}],"about":[{"href":"https:\/\/www.afs.cz\/en\/wp-json\/wp\/v2\/types\/post"}],"author":[{"embeddable":true,"href":"https:\/\/www.afs.cz\/en\/wp-json\/wp\/v2\/users\/362"}],"replies":[{"embeddable":true,"href":"https:\/\/www.afs.cz\/en\/wp-json\/wp\/v2\/comments?post=3888"}],"version-history":[{"count":2,"href":"https:\/\/www.afs.cz\/en\/wp-json\/wp\/v2\/posts\/3888\/revisions"}],"predecessor-version":[{"id":4527,"href":"https:\/\/www.afs.cz\/en\/wp-json\/wp\/v2\/posts\/3888\/revisions\/4527"}],"wp:featuredmedia":[{"embeddable":true,"href":"https:\/\/www.afs.cz\/en\/wp-json\/wp\/v2\/media\/3889"}],"wp:attachment":[{"href":"https:\/\/www.afs.cz\/en\/wp-json\/wp\/v2\/media?parent=3888"}],"wp:term":[{"taxonomy":"category","embeddable":true,"href":"https:\/\/www.afs.cz\/en\/wp-json\/wp\/v2\/categories?post=3888"},{"taxonomy":"post_tag","embeddable":true,"href":"https:\/\/www.afs.cz\/en\/wp-json\/wp\/v2\/tags?post=3888"}],"curies":[{"name":"wp","href":"https:\/\/api.w.org\/{rel}","templated":true}]}}