{"id":3828,"date":"2016-11-15T12:10:04","date_gmt":"2016-11-15T11:10:04","guid":{"rendered":"http:\/\/czechrepublic.afssite.afs.org\/?p=3828"},"modified":"2017-06-05T09:00:41","modified_gmt":"2017-06-05T08:00:41","slug":"namestek-ministryne-skolstvi-stech-vystoupil-na-konferenci-pro-pedagogy","status":"publish","type":"post","link":"https:\/\/www.afs.cz\/en\/2016\/11\/namestek-ministryne-skolstvi-stech-vystoupil-na-konferenci-pro-pedagogy\/","title":{"rendered":"N\u00e1m\u011bstek ministryn\u011b \u0161kolstv\u00ed \u0160tech vystoupil na konferenci pro pedagogy"},"content":{"rendered":"<p><figure class=\"wp-image-wrap\"><img loading=\"lazy\" decoding=\"async\" class=\"alignnone size-full wp-image-3832\" src=\"http:\/\/czechrepublic.afssite.afs.org\/wp-content\/uploads\/sites\/84\/2017\/03\/\u0160tech.png\" alt=\"\u0160tech\" width=\"480\" height=\"480\" \/><\/figure><\/p>\n<p>V r\u00e1mci oslav v\u00fdro\u010d\u00ed 20 let AFS v \u010cesk\u00e9 republice vystoupil na konferenci (nejen) pro pedagogy n\u00e1m\u011bstek ministryn\u011b \u0161kolstv\u00ed Stanislav \u0160tech s p\u0159\u00edsp\u011bvkem o sv\u00e9 zahrani\u010dn\u00ed zku\u0161enosti.<\/p>\n<p>\u201cMezikulturn\u00ed u\u010den\u00ed se obvykle spojuje s mimo\u0161koln\u00edmi aktivitami a s neform\u00e1ln\u00edm u\u010den\u00edm. V tomto procesu je ale velice d\u016fle\u017eit\u00e1 tak\u00e9 \u0161kola se sv\u00fdmi vzd\u011bl\u00e1vac\u00edmi postupy,\u201c \u0159ekl ve sv\u00e9m p\u0159\u00edsp\u011bvku n\u00e1m\u011bstek \u0160techa pokra\u010doval: \u201eBez neform\u00e1ln\u00edch aktivit toti\u017e chyb\u00ed d\u016fle\u017eit\u00fd zdroj, kter\u00fdm je osobn\u00ed zku\u0161enost, a bez form\u00e1ln\u00edho u\u010den\u00ed lze naopak jen m\u00e1lokdy dosp\u011bt ke skute\u010dn\u00e9mu pozn\u00e1n\u00ed, kter\u00e9 p\u0159ekra\u010duje pro\u017eit\u00e9 situace,\u201c dodal n\u00e1m\u011bstek \u0160tech.<\/p>\n<p>Cel\u00fd \u010dl\u00e1nek si m\u016f\u017eete p\u0159e\u010d\u00edst na webu M\u0160MT <a href=\"http:\/\/www.msmt.cz\/ministerstvo\/novinar\/namestek-stech-na-konferenci-vzdelani-pro-zivot?highlightWords=AFS\">zde<\/a>.<\/p>\n","protected":false},"excerpt":{"rendered":"<p>V r\u00e1mci oslav v\u00fdro\u010d\u00ed 20 let AFS v \u010cesk\u00e9 republice vystoupil na konferenci (nejen) pro pedagogy n\u00e1m\u011bstek ministryn\u011b \u0161kolstv\u00ed Stanislav&hellip;<\/p>\n","protected":false},"author":362,"featured_media":4531,"comment_status":"open","ping_status":"open","sticky":false,"template":"","format":"standard","meta":{"footnotes":""},"categories":[54,52],"tags":[],"class_list":["post-3828","post","type-post","status-publish","format-standard","has-post-thumbnail","hentry","category-mezikulturni-vzdelavani","category-spoluprace-se-skolami"],"yoast_head":"<!-- This site is optimized with the Yoast SEO Premium plugin v26.6 (Yoast SEO v26.6) - https:\/\/yoast.com\/wordpress\/plugins\/seo\/ -->\n<title>N\u00e1m\u011bstek ministryn\u011b \u0161kolstv\u00ed \u0160tech vystoupil na konferenci pro pedagogy - Mezikulturn\u00ed programy<\/title>\n<meta name=\"description\" content=\"Konference (nejen) pro pedagogy se konala u p\u0159\u00edle\u017eitosti Oslav 20 let AFS v \u010cesk\u00e9 republice\" \/>\n<meta name=\"robots\" content=\"index, follow, max-snippet:-1, max-image-preview:large, max-video-preview:-1\" \/>\n<link rel=\"canonical\" href=\"https:\/\/www.afs.cz\/en\/2016\/11\/namestek-ministryne-skolstvi-stech-vystoupil-na-konferenci-pro-pedagogy\/\" \/>\n<meta property=\"og:locale\" content=\"en_US\" \/>\n<meta property=\"og:type\" content=\"article\" \/>\n<meta property=\"og:title\" content=\"N\u00e1m\u011bstek ministryn\u011b \u0161kolstv\u00ed \u0160tech vystoupil na konferenci pro pedagogy\" \/>\n<meta property=\"og:description\" content=\"Konference (nejen) pro pedagogy se konala u p\u0159\u00edle\u017eitosti Oslav 20 let AFS v \u010cesk\u00e9 republice\" \/>\n<meta property=\"og:url\" content=\"https:\/\/www.afs.cz\/en\/2016\/11\/namestek-ministryne-skolstvi-stech-vystoupil-na-konferenci-pro-pedagogy\/\" \/>\n<meta property=\"og:site_name\" content=\"Mezikulturn\u00ed programy\" \/>\n<meta property=\"article:published_time\" content=\"2016-11-15T11:10:04+00:00\" \/>\n<meta property=\"article:modified_time\" content=\"2017-06-05T08:00:41+00:00\" \/>\n<meta property=\"og:image\" content=\"https:\/\/d22dvihj4pfop3.cloudfront.net\/wp-content\/uploads\/sites\/84\/2016\/11\/05090018\/ELE5ba51e_162531_53885841.jpg\" \/>\n\t<meta property=\"og:image:width\" content=\"460\" \/>\n\t<meta property=\"og:image:height\" content=\"300\" \/>\n\t<meta property=\"og:image:type\" content=\"image\/jpeg\" \/>\n<meta name=\"author\" content=\"Anton\u00edn\" \/>\n<meta name=\"twitter:card\" content=\"summary_large_image\" \/>\n<meta name=\"twitter:label1\" content=\"Written by\" \/>\n\t<meta name=\"twitter:data1\" content=\"Anton\u00edn\" \/>\n\t<meta name=\"twitter:label2\" content=\"Est. reading time\" \/>\n\t<meta name=\"twitter:data2\" content=\"1 minute\" \/>\n<script type=\"application\/ld+json\" class=\"yoast-schema-graph\">{\"@context\":\"https:\/\/schema.org\",\"@graph\":[{\"@type\":\"WebPage\",\"@id\":\"https:\/\/www.afs.cz\/en\/2016\/11\/namestek-ministryne-skolstvi-stech-vystoupil-na-konferenci-pro-pedagogy\/\",\"url\":\"https:\/\/www.afs.cz\/en\/2016\/11\/namestek-ministryne-skolstvi-stech-vystoupil-na-konferenci-pro-pedagogy\/\",\"name\":\"N\u00e1m\u011bstek ministryn\u011b \u0161kolstv\u00ed \u0160tech vystoupil na konferenci pro pedagogy - Mezikulturn\u00ed programy\",\"isPartOf\":{\"@id\":\"https:\/\/www.afs.cz\/en\/#website\"},\"primaryImageOfPage\":{\"@id\":\"https:\/\/www.afs.cz\/en\/2016\/11\/namestek-ministryne-skolstvi-stech-vystoupil-na-konferenci-pro-pedagogy\/#primaryimage\"},\"image\":{\"@id\":\"https:\/\/www.afs.cz\/en\/2016\/11\/namestek-ministryne-skolstvi-stech-vystoupil-na-konferenci-pro-pedagogy\/#primaryimage\"},\"thumbnailUrl\":\"https:\/\/d22dvihj4pfop3.cloudfront.net\/wp-content\/uploads\/sites\/84\/2016\/11\/05090018\/ELE5ba51e_162531_53885841.jpg\",\"datePublished\":\"2016-11-15T11:10:04+00:00\",\"dateModified\":\"2017-06-05T08:00:41+00:00\",\"author\":{\"@id\":\"https:\/\/www.afs.cz\/en\/#\/schema\/person\/ea24b587e17a7b917c6adf304d22231b\"},\"description\":\"Konference (nejen) pro pedagogy se konala u p\u0159\u00edle\u017eitosti Oslav 20 let AFS v \u010cesk\u00e9 republice\",\"breadcrumb\":{\"@id\":\"https:\/\/www.afs.cz\/en\/2016\/11\/namestek-ministryne-skolstvi-stech-vystoupil-na-konferenci-pro-pedagogy\/#breadcrumb\"},\"inLanguage\":\"en-US\",\"potentialAction\":[{\"@type\":\"ReadAction\",\"target\":[\"https:\/\/www.afs.cz\/en\/2016\/11\/namestek-ministryne-skolstvi-stech-vystoupil-na-konferenci-pro-pedagogy\/\"]}]},{\"@type\":\"ImageObject\",\"inLanguage\":\"en-US\",\"@id\":\"https:\/\/www.afs.cz\/en\/2016\/11\/namestek-ministryne-skolstvi-stech-vystoupil-na-konferenci-pro-pedagogy\/#primaryimage\",\"url\":\"https:\/\/d22dvihj4pfop3.cloudfront.net\/wp-content\/uploads\/sites\/84\/2016\/11\/05090018\/ELE5ba51e_162531_53885841.jpg\",\"contentUrl\":\"https:\/\/d22dvihj4pfop3.cloudfront.net\/wp-content\/uploads\/sites\/84\/2016\/11\/05090018\/ELE5ba51e_162531_53885841.jpg\",\"width\":460,\"height\":300},{\"@type\":\"BreadcrumbList\",\"@id\":\"https:\/\/www.afs.cz\/en\/2016\/11\/namestek-ministryne-skolstvi-stech-vystoupil-na-konferenci-pro-pedagogy\/#breadcrumb\",\"itemListElement\":[{\"@type\":\"ListItem\",\"position\":1,\"name\":\"Home\",\"item\":\"https:\/\/czechrepublic.afssite.afs.org\/en\/\"},{\"@type\":\"ListItem\",\"position\":2,\"name\":\"N\u00e1m\u011bstek ministryn\u011b \u0161kolstv\u00ed \u0160tech vystoupil na konferenci pro pedagogy\"}]},{\"@type\":\"WebSite\",\"@id\":\"https:\/\/www.afs.cz\/en\/#website\",\"url\":\"https:\/\/www.afs.cz\/en\/\",\"name\":\"Mezikulturn\u00ed programy\",\"description\":\"Studium v zahrani\u010d\u00ed, hostitelsk\u00fd program, vzd\u011bl\u00e1vac\u00ed programy, dobrovolnictv\u00ed a mnoho dal\u0161\u00edho.\",\"potentialAction\":[{\"@type\":\"SearchAction\",\"target\":{\"@type\":\"EntryPoint\",\"urlTemplate\":\"https:\/\/www.afs.cz\/en\/?s={search_term_string}\"},\"query-input\":{\"@type\":\"PropertyValueSpecification\",\"valueRequired\":true,\"valueName\":\"search_term_string\"}}],\"inLanguage\":\"en-US\"},{\"@type\":\"Person\",\"@id\":\"https:\/\/www.afs.cz\/en\/#\/schema\/person\/ea24b587e17a7b917c6adf304d22231b\",\"name\":\"Anton\u00edn\",\"image\":{\"@type\":\"ImageObject\",\"inLanguage\":\"en-US\",\"@id\":\"https:\/\/www.afs.cz\/en\/#\/schema\/person\/image\/\",\"url\":\"https:\/\/secure.gravatar.com\/avatar\/170edf6c3be86476c6ff9c0f287e41733ed9b746686ef87738bde1bcb52866e4?s=96&d=mm&r=g\",\"contentUrl\":\"https:\/\/secure.gravatar.com\/avatar\/170edf6c3be86476c6ff9c0f287e41733ed9b746686ef87738bde1bcb52866e4?s=96&d=mm&r=g\",\"caption\":\"Anton\u00edn\"},\"url\":\"https:\/\/www.afs.cz\/en\/author\/teichmaa\/\"}]}<\/script>\n<!-- \/ Yoast SEO Premium plugin. -->","yoast_head_json":{"title":"N\u00e1m\u011bstek ministryn\u011b \u0161kolstv\u00ed \u0160tech vystoupil na konferenci pro pedagogy - Mezikulturn\u00ed programy","description":"Konference (nejen) pro pedagogy se konala u p\u0159\u00edle\u017eitosti Oslav 20 let AFS v \u010cesk\u00e9 republice","robots":{"index":"index","follow":"follow","max-snippet":"max-snippet:-1","max-image-preview":"max-image-preview:large","max-video-preview":"max-video-preview:-1"},"canonical":"https:\/\/www.afs.cz\/en\/2016\/11\/namestek-ministryne-skolstvi-stech-vystoupil-na-konferenci-pro-pedagogy\/","og_locale":"en_US","og_type":"article","og_title":"N\u00e1m\u011bstek ministryn\u011b \u0161kolstv\u00ed \u0160tech vystoupil na konferenci pro pedagogy","og_description":"Konference (nejen) pro pedagogy se konala u p\u0159\u00edle\u017eitosti Oslav 20 let AFS v \u010cesk\u00e9 republice","og_url":"https:\/\/www.afs.cz\/en\/2016\/11\/namestek-ministryne-skolstvi-stech-vystoupil-na-konferenci-pro-pedagogy\/","og_site_name":"Mezikulturn\u00ed programy","article_published_time":"2016-11-15T11:10:04+00:00","article_modified_time":"2017-06-05T08:00:41+00:00","og_image":[{"url":"https:\/\/d22dvihj4pfop3.cloudfront.net\/wp-content\/uploads\/sites\/84\/2016\/11\/05090018\/ELE5ba51e_162531_53885841.jpg","width":460,"height":300,"type":"image\/jpeg"}],"author":"Anton\u00edn","twitter_card":"summary_large_image","twitter_misc":{"Written by":"Anton\u00edn","Est. reading time":"1 minute"},"schema":{"@context":"https:\/\/schema.org","@graph":[{"@type":"WebPage","@id":"https:\/\/www.afs.cz\/en\/2016\/11\/namestek-ministryne-skolstvi-stech-vystoupil-na-konferenci-pro-pedagogy\/","url":"https:\/\/www.afs.cz\/en\/2016\/11\/namestek-ministryne-skolstvi-stech-vystoupil-na-konferenci-pro-pedagogy\/","name":"N\u00e1m\u011bstek ministryn\u011b \u0161kolstv\u00ed \u0160tech vystoupil na konferenci pro pedagogy - Mezikulturn\u00ed programy","isPartOf":{"@id":"https:\/\/www.afs.cz\/en\/#website"},"primaryImageOfPage":{"@id":"https:\/\/www.afs.cz\/en\/2016\/11\/namestek-ministryne-skolstvi-stech-vystoupil-na-konferenci-pro-pedagogy\/#primaryimage"},"image":{"@id":"https:\/\/www.afs.cz\/en\/2016\/11\/namestek-ministryne-skolstvi-stech-vystoupil-na-konferenci-pro-pedagogy\/#primaryimage"},"thumbnailUrl":"https:\/\/d22dvihj4pfop3.cloudfront.net\/wp-content\/uploads\/sites\/84\/2016\/11\/05090018\/ELE5ba51e_162531_53885841.jpg","datePublished":"2016-11-15T11:10:04+00:00","dateModified":"2017-06-05T08:00:41+00:00","author":{"@id":"https:\/\/www.afs.cz\/en\/#\/schema\/person\/ea24b587e17a7b917c6adf304d22231b"},"description":"Konference (nejen) pro pedagogy se konala u p\u0159\u00edle\u017eitosti Oslav 20 let AFS v \u010cesk\u00e9 republice","breadcrumb":{"@id":"https:\/\/www.afs.cz\/en\/2016\/11\/namestek-ministryne-skolstvi-stech-vystoupil-na-konferenci-pro-pedagogy\/#breadcrumb"},"inLanguage":"en-US","potentialAction":[{"@type":"ReadAction","target":["https:\/\/www.afs.cz\/en\/2016\/11\/namestek-ministryne-skolstvi-stech-vystoupil-na-konferenci-pro-pedagogy\/"]}]},{"@type":"ImageObject","inLanguage":"en-US","@id":"https:\/\/www.afs.cz\/en\/2016\/11\/namestek-ministryne-skolstvi-stech-vystoupil-na-konferenci-pro-pedagogy\/#primaryimage","url":"https:\/\/d22dvihj4pfop3.cloudfront.net\/wp-content\/uploads\/sites\/84\/2016\/11\/05090018\/ELE5ba51e_162531_53885841.jpg","contentUrl":"https:\/\/d22dvihj4pfop3.cloudfront.net\/wp-content\/uploads\/sites\/84\/2016\/11\/05090018\/ELE5ba51e_162531_53885841.jpg","width":460,"height":300},{"@type":"BreadcrumbList","@id":"https:\/\/www.afs.cz\/en\/2016\/11\/namestek-ministryne-skolstvi-stech-vystoupil-na-konferenci-pro-pedagogy\/#breadcrumb","itemListElement":[{"@type":"ListItem","position":1,"name":"Home","item":"https:\/\/czechrepublic.afssite.afs.org\/en\/"},{"@type":"ListItem","position":2,"name":"N\u00e1m\u011bstek ministryn\u011b \u0161kolstv\u00ed \u0160tech vystoupil na konferenci pro pedagogy"}]},{"@type":"WebSite","@id":"https:\/\/www.afs.cz\/en\/#website","url":"https:\/\/www.afs.cz\/en\/","name":"Mezikulturn\u00ed programy","description":"Studium v zahrani\u010d\u00ed, hostitelsk\u00fd program, vzd\u011bl\u00e1vac\u00ed programy, dobrovolnictv\u00ed a mnoho dal\u0161\u00edho.","potentialAction":[{"@type":"SearchAction","target":{"@type":"EntryPoint","urlTemplate":"https:\/\/www.afs.cz\/en\/?s={search_term_string}"},"query-input":{"@type":"PropertyValueSpecification","valueRequired":true,"valueName":"search_term_string"}}],"inLanguage":"en-US"},{"@type":"Person","@id":"https:\/\/www.afs.cz\/en\/#\/schema\/person\/ea24b587e17a7b917c6adf304d22231b","name":"Anton\u00edn","image":{"@type":"ImageObject","inLanguage":"en-US","@id":"https:\/\/www.afs.cz\/en\/#\/schema\/person\/image\/","url":"https:\/\/secure.gravatar.com\/avatar\/170edf6c3be86476c6ff9c0f287e41733ed9b746686ef87738bde1bcb52866e4?s=96&d=mm&r=g","contentUrl":"https:\/\/secure.gravatar.com\/avatar\/170edf6c3be86476c6ff9c0f287e41733ed9b746686ef87738bde1bcb52866e4?s=96&d=mm&r=g","caption":"Anton\u00edn"},"url":"https:\/\/www.afs.cz\/en\/author\/teichmaa\/"}]}},"_links":{"self":[{"href":"https:\/\/www.afs.cz\/en\/wp-json\/wp\/v2\/posts\/3828","targetHints":{"allow":["GET"]}}],"collection":[{"href":"https:\/\/www.afs.cz\/en\/wp-json\/wp\/v2\/posts"}],"about":[{"href":"https:\/\/www.afs.cz\/en\/wp-json\/wp\/v2\/types\/post"}],"author":[{"embeddable":true,"href":"https:\/\/www.afs.cz\/en\/wp-json\/wp\/v2\/users\/362"}],"replies":[{"embeddable":true,"href":"https:\/\/www.afs.cz\/en\/wp-json\/wp\/v2\/comments?post=3828"}],"version-history":[{"count":4,"href":"https:\/\/www.afs.cz\/en\/wp-json\/wp\/v2\/posts\/3828\/revisions"}],"predecessor-version":[{"id":4526,"href":"https:\/\/www.afs.cz\/en\/wp-json\/wp\/v2\/posts\/3828\/revisions\/4526"}],"wp:featuredmedia":[{"embeddable":true,"href":"https:\/\/www.afs.cz\/en\/wp-json\/wp\/v2\/media\/4531"}],"wp:attachment":[{"href":"https:\/\/www.afs.cz\/en\/wp-json\/wp\/v2\/media?parent=3828"}],"wp:term":[{"taxonomy":"category","embeddable":true,"href":"https:\/\/www.afs.cz\/en\/wp-json\/wp\/v2\/categories?post=3828"},{"taxonomy":"post_tag","embeddable":true,"href":"https:\/\/www.afs.cz\/en\/wp-json\/wp\/v2\/tags?post=3828"}],"curies":[{"name":"wp","href":"https:\/\/api.w.org\/{rel}","templated":true}]}}