{"id":3776,"date":"2017-03-31T11:47:46","date_gmt":"2017-03-31T10:47:46","guid":{"rendered":"http:\/\/czechrepublic.afssite.afs.org\/?p=3776"},"modified":"2023-01-11T13:41:50","modified_gmt":"2023-01-11T12:41:50","slug":"proc-prave-brazilie","status":"publish","type":"post","link":"https:\/\/www.afs.cz\/en\/2017\/03\/proc-prave-brazilie\/","title":{"rendered":"Pro\u010d pr\u00e1v\u011b Braz\u00edlie?"},"content":{"rendered":"<p>Co si p\u0159edstav\u00edte, kdy\u017e se \u0159ekne Braz\u00edlie? Fotbal, kter\u00fd tady m\u00e1 r\u00e1d opravdu skoro ka\u017ed\u00fd a ur\u010dit\u011b karneval, kter\u00fd je hodn\u011b proslul\u00fd a obl\u00edben\u00fd. Z mnoha vide\u00ed jsem se dozv\u011bd\u011bl, \u017ee se v ka\u017ed\u00e9m m\u011bst\u011b slav\u00ed jinak. Pl\u00e1\u017ee, teplo po cel\u00fd rok, n\u00e1dhern\u00e1 p\u0159\u00edroda, kter\u00e1 je mimochodem opravdu \u00fa\u017easn\u00e1, samba a nav\u00edc nejv\u0159elej\u0161\u00ed n\u00e1rod, jak\u00fd jsem kdy v \u017eivot\u011b m\u011bl mo\u017enost poznat.\u00a0 Pro mnoho lid\u00ed tady jsme my Evropani \u201estuden\u00ed\u201c. Toto jsou d\u016fvody, pro\u010d jsem si vybral na studijn\u00ed pobyt zrovna Braz\u00edlii. A kdybych m\u011bl znovu na vybranou, ur\u010dit\u011b bych nev\u00e1hal a zvolil bych Braz\u00edlii znovu!<\/p>\n<p><figure class=\"wp-image-wrap\"><img loading=\"lazy\" decoding=\"async\" class=\"alignnone size-medium wp-image-16374\" src=\"https:\/\/d22dvihj4pfop3.cloudfront.net\/wp-content\/uploads\/sites\/84\/2017\/03\/11133701\/rio-de-janeiro-g8b747d741_1920-600x288.jpg\" alt=\"\" width=\"600\" height=\"288\" \/><\/figure><\/p>\n<p>Ve \u0161kole je to \u00fapln\u011b jin\u00e9, hlavn\u011b d\u00edky profesor\u016fm, kte\u0159\u00ed jsou vtipn\u00ed a sna\u017e\u00ed se ud\u011blat hodinu co nejv\u00edce z\u00e1bavnou a z\u00e1rove\u0148 mi se v\u0161\u00edm hodn\u011b pom\u00e1haj\u00ed. Bydl\u00edm ve m\u011bst\u011b Campo Grande, co\u017e je hlavn\u00ed m\u011bsto oblasti Matto Grosso do Sul. M\u00e1 osm set tis\u00edc obyvatel, tak\u017ee je tu po\u0159\u00e1d co d\u011blat. M\u00e1m tady skv\u011blou rodinu, kterou m\u00e1m opravdu r\u00e1d &#8211; hostitelsk\u00e9ho otce, mamku a dv\u011b sestry. Podnik\u00e1m s nimi spousty v\u011bc\u00ed. Ka\u017edou ned\u011bli t\u0159eba grilujeme, Brazilci tomu \u0159\u00edkaj\u00ed \u201eChurrasco.\u201c Je to brazilsk\u00fd styl grilov\u00e1n\u00ed, kdy se sejde mnoho \u010dlen\u016f z rodiny, do kter\u00e9 te\u010f pat\u0159\u00edm.\u00a0 S hostitelsk\u00fdmi sestrami chod\u00edme do parku, kter\u00fd je obrovsk\u00fd a moc p\u011bkn\u00fd, do kina, do obchodn\u00edho centra, do restaurac\u00ed a tak\u00e9 hodn\u011b do posilovny. M\u00e1m nabit\u00fd program od pond\u011bl\u00ed do ned\u011ble, a to je to, co m\u011b na tom stra\u0161n\u011b bav\u00ed.<\/p>\n<p>\u2013 V\u00e1clav M., ro\u010dn\u00ed program v Braz\u00edlii ve \u0161koln\u00edm roce 2013\/2014<\/p>\n<hr \/>\n<h3><strong>Za\u017eij st\u0159edn\u00ed \u0161kolu v zahrani\u010d\u00ed<\/strong><\/h3>\n<p>L\u00e1k\u00e1 t\u011b pro\u017e\u00edt podobn\u00e9 dobrodru\u017estv\u00ed jako Va\u0161ka? Nau\u010dit se nov\u00fd ciz\u00ed jazyk na druh\u00e9 stran\u011b sv\u011bta? V\u00fdm\u011bnn\u00fd studijn\u00ed program je z\u00e1\u017eitek, kter\u00fd ka\u017ed\u00e9mu studentovi p\u0159inese zku\u0161enosti a nadhled pot\u0159ebn\u00e9 pro sou\u010dasn\u00fd sv\u011bt. Pokud i tebe l\u00e1k\u00e1 my\u0161lenka st\u0159edn\u00ed \u0161koly za hranicemi \u010cesk\u00e9 republiky, nev\u00e1hej a kontaktuj na\u0161i koordin\u00e1torku Zuzanu. Ji\u017e z\u00edtra m\u016f\u017ee\u0161 b\u00fdt o krok bl\u00ed\u017e sv\u00e9mu snu! V\u00edce informac\u00ed o AFS studijn\u00edch programech a konkr\u00e9tn\u00ed nab\u00eddku mo\u017en\u00fdch destinac\u00ed nalezne\u0161 zde: <a href=\"https:\/\/www.afs.cz\/studium-v-zahranici\/?utm_source=web&amp;utm_medium=blog&amp;utm_campaign=sending_clanky&amp;utm_term=brazilie\">www.afs.cz\/studium-v-zahranici\/<\/a><\/p>\n<p>Spojit se s n\u00e1mi m\u016f\u017ee\u0161 tak\u00e9 p\u0159es kontaktn\u00ed formul\u00e1\u0159 a my se ti ozveme do t\u0159\u00ed pracovn\u00edch dn\u00ed:\u00a0<a href=\"https:\/\/www.afs.cz\/kontaktni-formular\/?utm_source=web&amp;utm_medium=blog&amp;utm_campaign=sending_clanky&amp;utm_term=brazilie\">www.afs.cz\/kontaktni-formular\/<\/a><\/p>\n<h3 class=\"panel-wysiwyg__column-title h3\" data-name=\"title\" data-livetext=\"\"><strong>Zuzana \u010cu\u010dkov\u00e1<\/strong><\/h3>\n<div class=\"panel-wysiwyg__column-content\">\n<div class=\"context-content\" data-name=\"content\" data-livetext=\"\">\n<p>AFS koordin\u00e1torka studia v zahrani\u010d\u00ed<br \/>\nE:\u00a0<a href=\"mailto:zuzana.cuckova@afs.org\">zuzana.cuckova@afs.org<br \/>\n<\/a>M: 606 704 100<\/p>\n<\/div>\n<\/div>\n","protected":false},"excerpt":{"rendered":"<p>Co si p\u0159edstav\u00edte, kdy\u017e se \u0159ekne Braz\u00edlie? Fotbal, kter\u00fd tady m\u00e1 r\u00e1d opravdu skoro ka\u017ed\u00fd a ur\u010dit\u011b karneval, kter\u00fd je&hellip;<\/p>\n","protected":false},"author":351,"featured_media":3781,"comment_status":"open","ping_status":"open","sticky":false,"template":"","format":"standard","meta":{"footnotes":""},"categories":[50],"tags":[],"class_list":["post-3776","post","type-post","status-publish","format-standard","has-post-thumbnail","hentry","category-studium-v-zahranici"],"yoast_head":"<!-- This site is optimized with the Yoast SEO Premium plugin v26.6 (Yoast SEO v26.6) - https:\/\/yoast.com\/wordpress\/plugins\/seo\/ -->\n<title>Pro\u010d pr\u00e1v\u011b Braz\u00edlie? - Mezikulturn\u00ed programy<\/title>\n<meta name=\"description\" content=\"Va\u0161ek se z\u00fa\u010dastnil ro\u010dn\u00edho stipendijn\u00edho programu ve m\u011bst\u011b Campo Grande ve \u0161koln\u00edm roce 2013\/2014.\" \/>\n<meta name=\"robots\" content=\"index, follow, max-snippet:-1, max-image-preview:large, max-video-preview:-1\" \/>\n<link rel=\"canonical\" href=\"https:\/\/www.afs.cz\/en\/2017\/03\/proc-prave-brazilie\/\" \/>\n<meta property=\"og:locale\" content=\"en_US\" \/>\n<meta property=\"og:type\" content=\"article\" \/>\n<meta property=\"og:title\" content=\"Pro\u010d pr\u00e1v\u011b Braz\u00edlie?\" \/>\n<meta property=\"og:description\" content=\"Va\u0161ek se z\u00fa\u010dastnil ro\u010dn\u00edho stipendijn\u00edho programu ve m\u011bst\u011b Campo Grande ve \u0161koln\u00edm roce 2013\/2014.\" \/>\n<meta property=\"og:url\" content=\"https:\/\/www.afs.cz\/en\/2017\/03\/proc-prave-brazilie\/\" \/>\n<meta property=\"og:site_name\" content=\"Mezikulturn\u00ed programy\" \/>\n<meta property=\"article:published_time\" content=\"2017-03-31T10:47:46+00:00\" \/>\n<meta property=\"article:modified_time\" content=\"2023-01-11T12:41:50+00:00\" \/>\n<meta property=\"og:image\" content=\"https:\/\/d22dvihj4pfop3.cloudfront.net\/wp-content\/uploads\/sites\/84\/2017\/03\/31114715\/mecir-e1673440226872.jpg\" \/>\n\t<meta property=\"og:image:width\" content=\"500\" \/>\n\t<meta property=\"og:image:height\" content=\"285\" \/>\n\t<meta property=\"og:image:type\" content=\"image\/jpeg\" \/>\n<meta name=\"author\" content=\"afscesko\" \/>\n<meta name=\"twitter:card\" content=\"summary_large_image\" \/>\n<meta name=\"twitter:label1\" content=\"Written by\" \/>\n\t<meta name=\"twitter:data1\" content=\"afscesko\" \/>\n\t<meta name=\"twitter:label2\" content=\"Est. reading time\" \/>\n\t<meta name=\"twitter:data2\" content=\"2 minutes\" \/>\n<script type=\"application\/ld+json\" class=\"yoast-schema-graph\">{\"@context\":\"https:\/\/schema.org\",\"@graph\":[{\"@type\":\"WebPage\",\"@id\":\"https:\/\/www.afs.cz\/en\/2017\/03\/proc-prave-brazilie\/\",\"url\":\"https:\/\/www.afs.cz\/en\/2017\/03\/proc-prave-brazilie\/\",\"name\":\"Pro\u010d pr\u00e1v\u011b Braz\u00edlie? - Mezikulturn\u00ed programy\",\"isPartOf\":{\"@id\":\"https:\/\/www.afs.cz\/en\/#website\"},\"primaryImageOfPage\":{\"@id\":\"https:\/\/www.afs.cz\/en\/2017\/03\/proc-prave-brazilie\/#primaryimage\"},\"image\":{\"@id\":\"https:\/\/www.afs.cz\/en\/2017\/03\/proc-prave-brazilie\/#primaryimage\"},\"thumbnailUrl\":\"https:\/\/d22dvihj4pfop3.cloudfront.net\/wp-content\/uploads\/sites\/84\/2017\/03\/31114715\/mecir-e1673440226872.jpg\",\"datePublished\":\"2017-03-31T10:47:46+00:00\",\"dateModified\":\"2023-01-11T12:41:50+00:00\",\"author\":{\"@id\":\"https:\/\/www.afs.cz\/en\/#\/schema\/person\/bc52da0be76098030e75baeb919827ff\"},\"description\":\"Va\u0161ek se z\u00fa\u010dastnil ro\u010dn\u00edho stipendijn\u00edho programu ve m\u011bst\u011b Campo Grande ve \u0161koln\u00edm roce 2013\/2014.\",\"breadcrumb\":{\"@id\":\"https:\/\/www.afs.cz\/en\/2017\/03\/proc-prave-brazilie\/#breadcrumb\"},\"inLanguage\":\"en-US\",\"potentialAction\":[{\"@type\":\"ReadAction\",\"target\":[\"https:\/\/www.afs.cz\/en\/2017\/03\/proc-prave-brazilie\/\"]}]},{\"@type\":\"ImageObject\",\"inLanguage\":\"en-US\",\"@id\":\"https:\/\/www.afs.cz\/en\/2017\/03\/proc-prave-brazilie\/#primaryimage\",\"url\":\"https:\/\/d22dvihj4pfop3.cloudfront.net\/wp-content\/uploads\/sites\/84\/2017\/03\/31114715\/mecir-e1673440226872.jpg\",\"contentUrl\":\"https:\/\/d22dvihj4pfop3.cloudfront.net\/wp-content\/uploads\/sites\/84\/2017\/03\/31114715\/mecir-e1673440226872.jpg\",\"width\":500,\"height\":285},{\"@type\":\"BreadcrumbList\",\"@id\":\"https:\/\/www.afs.cz\/en\/2017\/03\/proc-prave-brazilie\/#breadcrumb\",\"itemListElement\":[{\"@type\":\"ListItem\",\"position\":1,\"name\":\"Home\",\"item\":\"https:\/\/czechrepublic.afssite.afs.org\/en\/\"},{\"@type\":\"ListItem\",\"position\":2,\"name\":\"Pro\u010d pr\u00e1v\u011b Braz\u00edlie?\"}]},{\"@type\":\"WebSite\",\"@id\":\"https:\/\/www.afs.cz\/en\/#website\",\"url\":\"https:\/\/www.afs.cz\/en\/\",\"name\":\"Mezikulturn\u00ed programy\",\"description\":\"Studium v zahrani\u010d\u00ed, hostitelsk\u00fd program, vzd\u011bl\u00e1vac\u00ed programy, dobrovolnictv\u00ed a mnoho dal\u0161\u00edho.\",\"potentialAction\":[{\"@type\":\"SearchAction\",\"target\":{\"@type\":\"EntryPoint\",\"urlTemplate\":\"https:\/\/www.afs.cz\/en\/?s={search_term_string}\"},\"query-input\":{\"@type\":\"PropertyValueSpecification\",\"valueRequired\":true,\"valueName\":\"search_term_string\"}}],\"inLanguage\":\"en-US\"},{\"@type\":\"Person\",\"@id\":\"https:\/\/www.afs.cz\/en\/#\/schema\/person\/bc52da0be76098030e75baeb919827ff\",\"name\":\"afscesko\",\"image\":{\"@type\":\"ImageObject\",\"inLanguage\":\"en-US\",\"@id\":\"https:\/\/www.afs.cz\/en\/#\/schema\/person\/image\/\",\"url\":\"https:\/\/secure.gravatar.com\/avatar\/eda270bfa745d003b9a210dc384a8c22e1a05bc41e5280645d3e2968a117c931?s=96&d=mm&r=g\",\"contentUrl\":\"https:\/\/secure.gravatar.com\/avatar\/eda270bfa745d003b9a210dc384a8c22e1a05bc41e5280645d3e2968a117c931?s=96&d=mm&r=g\",\"caption\":\"afscesko\"},\"url\":\"https:\/\/www.afs.cz\/en\/author\/afscesko\/\"}]}<\/script>\n<!-- \/ Yoast SEO Premium plugin. -->","yoast_head_json":{"title":"Pro\u010d pr\u00e1v\u011b Braz\u00edlie? - Mezikulturn\u00ed programy","description":"Va\u0161ek se z\u00fa\u010dastnil ro\u010dn\u00edho stipendijn\u00edho programu ve m\u011bst\u011b Campo Grande ve \u0161koln\u00edm roce 2013\/2014.","robots":{"index":"index","follow":"follow","max-snippet":"max-snippet:-1","max-image-preview":"max-image-preview:large","max-video-preview":"max-video-preview:-1"},"canonical":"https:\/\/www.afs.cz\/en\/2017\/03\/proc-prave-brazilie\/","og_locale":"en_US","og_type":"article","og_title":"Pro\u010d pr\u00e1v\u011b Braz\u00edlie?","og_description":"Va\u0161ek se z\u00fa\u010dastnil ro\u010dn\u00edho stipendijn\u00edho programu ve m\u011bst\u011b Campo Grande ve \u0161koln\u00edm roce 2013\/2014.","og_url":"https:\/\/www.afs.cz\/en\/2017\/03\/proc-prave-brazilie\/","og_site_name":"Mezikulturn\u00ed programy","article_published_time":"2017-03-31T10:47:46+00:00","article_modified_time":"2023-01-11T12:41:50+00:00","og_image":[{"url":"https:\/\/d22dvihj4pfop3.cloudfront.net\/wp-content\/uploads\/sites\/84\/2017\/03\/31114715\/mecir-e1673440226872.jpg","width":500,"height":285,"type":"image\/jpeg"}],"author":"afscesko","twitter_card":"summary_large_image","twitter_misc":{"Written by":"afscesko","Est. reading time":"2 minutes"},"schema":{"@context":"https:\/\/schema.org","@graph":[{"@type":"WebPage","@id":"https:\/\/www.afs.cz\/en\/2017\/03\/proc-prave-brazilie\/","url":"https:\/\/www.afs.cz\/en\/2017\/03\/proc-prave-brazilie\/","name":"Pro\u010d pr\u00e1v\u011b Braz\u00edlie? - Mezikulturn\u00ed programy","isPartOf":{"@id":"https:\/\/www.afs.cz\/en\/#website"},"primaryImageOfPage":{"@id":"https:\/\/www.afs.cz\/en\/2017\/03\/proc-prave-brazilie\/#primaryimage"},"image":{"@id":"https:\/\/www.afs.cz\/en\/2017\/03\/proc-prave-brazilie\/#primaryimage"},"thumbnailUrl":"https:\/\/d22dvihj4pfop3.cloudfront.net\/wp-content\/uploads\/sites\/84\/2017\/03\/31114715\/mecir-e1673440226872.jpg","datePublished":"2017-03-31T10:47:46+00:00","dateModified":"2023-01-11T12:41:50+00:00","author":{"@id":"https:\/\/www.afs.cz\/en\/#\/schema\/person\/bc52da0be76098030e75baeb919827ff"},"description":"Va\u0161ek se z\u00fa\u010dastnil ro\u010dn\u00edho stipendijn\u00edho programu ve m\u011bst\u011b Campo Grande ve \u0161koln\u00edm roce 2013\/2014.","breadcrumb":{"@id":"https:\/\/www.afs.cz\/en\/2017\/03\/proc-prave-brazilie\/#breadcrumb"},"inLanguage":"en-US","potentialAction":[{"@type":"ReadAction","target":["https:\/\/www.afs.cz\/en\/2017\/03\/proc-prave-brazilie\/"]}]},{"@type":"ImageObject","inLanguage":"en-US","@id":"https:\/\/www.afs.cz\/en\/2017\/03\/proc-prave-brazilie\/#primaryimage","url":"https:\/\/d22dvihj4pfop3.cloudfront.net\/wp-content\/uploads\/sites\/84\/2017\/03\/31114715\/mecir-e1673440226872.jpg","contentUrl":"https:\/\/d22dvihj4pfop3.cloudfront.net\/wp-content\/uploads\/sites\/84\/2017\/03\/31114715\/mecir-e1673440226872.jpg","width":500,"height":285},{"@type":"BreadcrumbList","@id":"https:\/\/www.afs.cz\/en\/2017\/03\/proc-prave-brazilie\/#breadcrumb","itemListElement":[{"@type":"ListItem","position":1,"name":"Home","item":"https:\/\/czechrepublic.afssite.afs.org\/en\/"},{"@type":"ListItem","position":2,"name":"Pro\u010d pr\u00e1v\u011b Braz\u00edlie?"}]},{"@type":"WebSite","@id":"https:\/\/www.afs.cz\/en\/#website","url":"https:\/\/www.afs.cz\/en\/","name":"Mezikulturn\u00ed programy","description":"Studium v zahrani\u010d\u00ed, hostitelsk\u00fd program, vzd\u011bl\u00e1vac\u00ed programy, dobrovolnictv\u00ed a mnoho dal\u0161\u00edho.","potentialAction":[{"@type":"SearchAction","target":{"@type":"EntryPoint","urlTemplate":"https:\/\/www.afs.cz\/en\/?s={search_term_string}"},"query-input":{"@type":"PropertyValueSpecification","valueRequired":true,"valueName":"search_term_string"}}],"inLanguage":"en-US"},{"@type":"Person","@id":"https:\/\/www.afs.cz\/en\/#\/schema\/person\/bc52da0be76098030e75baeb919827ff","name":"afscesko","image":{"@type":"ImageObject","inLanguage":"en-US","@id":"https:\/\/www.afs.cz\/en\/#\/schema\/person\/image\/","url":"https:\/\/secure.gravatar.com\/avatar\/eda270bfa745d003b9a210dc384a8c22e1a05bc41e5280645d3e2968a117c931?s=96&d=mm&r=g","contentUrl":"https:\/\/secure.gravatar.com\/avatar\/eda270bfa745d003b9a210dc384a8c22e1a05bc41e5280645d3e2968a117c931?s=96&d=mm&r=g","caption":"afscesko"},"url":"https:\/\/www.afs.cz\/en\/author\/afscesko\/"}]}},"_links":{"self":[{"href":"https:\/\/www.afs.cz\/en\/wp-json\/wp\/v2\/posts\/3776","targetHints":{"allow":["GET"]}}],"collection":[{"href":"https:\/\/www.afs.cz\/en\/wp-json\/wp\/v2\/posts"}],"about":[{"href":"https:\/\/www.afs.cz\/en\/wp-json\/wp\/v2\/types\/post"}],"author":[{"embeddable":true,"href":"https:\/\/www.afs.cz\/en\/wp-json\/wp\/v2\/users\/351"}],"replies":[{"embeddable":true,"href":"https:\/\/www.afs.cz\/en\/wp-json\/wp\/v2\/comments?post=3776"}],"version-history":[{"count":12,"href":"https:\/\/www.afs.cz\/en\/wp-json\/wp\/v2\/posts\/3776\/revisions"}],"predecessor-version":[{"id":16380,"href":"https:\/\/www.afs.cz\/en\/wp-json\/wp\/v2\/posts\/3776\/revisions\/16380"}],"wp:featuredmedia":[{"embeddable":true,"href":"https:\/\/www.afs.cz\/en\/wp-json\/wp\/v2\/media\/3781"}],"wp:attachment":[{"href":"https:\/\/www.afs.cz\/en\/wp-json\/wp\/v2\/media?parent=3776"}],"wp:term":[{"taxonomy":"category","embeddable":true,"href":"https:\/\/www.afs.cz\/en\/wp-json\/wp\/v2\/categories?post=3776"},{"taxonomy":"post_tag","embeddable":true,"href":"https:\/\/www.afs.cz\/en\/wp-json\/wp\/v2\/tags?post=3776"}],"curies":[{"name":"wp","href":"https:\/\/api.w.org\/{rel}","templated":true}]}}