{"id":3726,"date":"2017-03-31T11:27:59","date_gmt":"2017-03-31T10:27:59","guid":{"rendered":"http:\/\/czechrepublic.afssite.afs.org\/?p=3726"},"modified":"2023-01-11T12:10:04","modified_gmt":"2023-01-11T11:10:04","slug":"pulrocni-pobyt-v-argetine","status":"publish","type":"post","link":"https:\/\/www.afs.cz\/en\/2017\/03\/pulrocni-pobyt-v-argetine\/","title":{"rendered":"P\u016flro\u010dn\u00ed pobyt v Argentin\u011b"},"content":{"rendered":"<p>M\u016fj AFS p\u0159\u00edb\u011bh za\u010dal p\u0159ed dv\u011bma lety, kdy jsem byla v\u00a0\u0161est\u00e9m ro\u010dn\u00edku na v\u00edcelet\u00e9m gymn\u00e1ziu\u00a0 a prohl\u00ed\u017eela jsem si na internetu mo\u017enosti str\u00e1ven\u00ed l\u00e9ta v\u00a0zahrani\u010d\u00ed. Tou\u017eila jsem vyrazit do Argentiny a p\u0159em\u00fd\u0161lela jsem o tom, \u017ee letn\u00ed jazykov\u00fd kurz v\u00a0Buenos Aires by mohl b\u00fdt dobr\u00e1 volba. Tehdy jsem narazila i na str\u00e1nky AFS, kde nab\u00edzeli stipendium z\u00a0fondu Jaroslavy Moserov\u00e9 na semestr\u00e1ln\u00ed pobyt na st\u0159edn\u00ed \u0161kole pr\u00e1v\u011b v\u00a0Argentin\u011b.\u00a0 Do t\u00e9 doby jsem o programech AFS nikdy nesly\u0161ela a ani nem\u011bla tu\u0161en\u00ed, \u017ee se d\u00e1 vyjet na st\u0159edn\u00ed \u0161kolu i n\u011bkam jinam ne\u017e do Spojen\u00fdch st\u00e1t\u016f. \u010c\u00edm v\u00edce jsem si toho ale o stipendiu i programech zji\u0161\u0165ovala, t\u00edm v\u00edce se mi zd\u00e1lo, \u017ee to je to prav\u00e9 pro m\u011b.<\/p>\n<p>Ne\u017e jsem se v\u016fbec rozhodla do v\u00fdb\u011brov\u00e9ho \u0159\u00edzen\u00ed p\u0159ihl\u00e1sit, musela jsem p\u0159esv\u011bd\u010dit sv\u00e9 rodi\u010de, \u017ee by mi m\u011bli dovolit str\u00e1vit p\u011bt m\u011bs\u00edc\u016f v\u00a0zahrani\u010d\u00ed. K\u00a0tomu mi ur\u010dit\u011b pomohlo i stipendium, jeliko\u017e svou snahou ho z\u00edskat jsem sv\u00fdm rodi\u010d\u016fm uk\u00e1zala, jak moc o program v\u00a0Argentin\u011b stoj\u00edm. P\u0159esv\u011bd\u010dit jsem musela i sama sebe, p\u0159eci jenom u\u010dinit ono rozhodnut\u00ed, odhodlat se ud\u011blat krok do nezn\u00e1ma a vydat se na druhou stranu na\u0161\u00ed planety a do domu k\u00a0ciz\u00edm lidem, nen\u00ed nic snadn\u00e9ho. Nakonec jsem si uv\u011bdomila, jak neuv\u011b\u0159iteln\u00e1 p\u0159\u00edle\u017eitost to je, a p\u0159ihl\u00e1sila se na stipendium. Sepsala jsem esej, absolvovala jsem n\u011bkolik test\u016f a pohovor, a\u017e jednoho dne byla ruka v\u00a0ruk\u00e1v\u011b. Pojedu! Za oce\u00e1nem na m\u011b \u010dekal m\u016fj sen, Argentina.<\/p>\n<p>Je\u0161t\u011b p\u0159ed odjezdem na program jsem dostala informace o m\u00e9 hostitelsk\u00e9 rodin\u011b, co\u017e m\u011b uklidnilo a za\u010dala jsem se doopravdy t\u011b\u0161it. Tak\u00e9 jsem se z\u00fa\u010dastnila p\u0159edodjezdov\u00e9ho soust\u0159ed\u011bn\u00ed AFS, kde jsem se nejen sezn\u00e1mila s\u00a0dal\u0161\u00edmi mlad\u00fdmi lidmi, kte\u0159\u00ed se vyd\u00e1vali do cel\u00e9ho sv\u011bta, ale tak\u00e9 jsem poznala n\u011bkter\u00e9 dobrovoln\u00edky, jejich\u017e nad\u0161en\u00ed m\u011b p\u0159esv\u011bd\u010dilo u\u017e tehdy o tom, \u017ee i po n\u00e1vratu budu cht\u00edt z\u016fstat s\u00a0AFS v\u00a0kontaktu.<\/p>\n<p>Loni v\u00a0\u00fanoru jsem zabalila kufry a nasedla do letadla, sm\u011b\u0159uj\u00edc\u00edho za velkou lou\u017ei. P\u0159esn\u011b si vzpom\u00edn\u00e1m na tu chv\u00edli, kdy jsem pod sebou poprv\u00e9 uvid\u011bla Argentinu. Byla tam, vytou\u017een\u00e1 zem\u011b steak\u016f a tanga. M\u00e9 kroky sm\u011b\u0159ovaly do provin\u010dn\u00edho m\u011bsta San Juan na pomez\u00ed nekone\u010dn\u00e9 pou\u0161t\u011b a velik\u00e1n\u016f jihoamerick\u00fdch And. Pr\u00e1v\u011b tam jsem b\u011bhem p\u016fl roku z\u00edskala argentinskou rodinu, p\u0159\u00e1tele, chodila na kurzy tanga, nav\u0161t\u00edvila tradi\u010dn\u00ed oslavy slunce, vystoupala a\u017e nad mraky, do p\u011bti tis\u00edc metr\u016f, a p\u0159edev\u0161\u00edm poznala spoustu neuv\u011b\u0159iteln\u00fdch lid\u00ed.\u00a0 T\u011bch p\u011bt m\u011bs\u00edc\u016f bylo pln\u00fdch skv\u011bl\u00fdch z\u00e1\u017eitk\u016f a impulz\u016f ze v\u0161ech stran. Nebylo to v\u017edy lehk\u00e9, ale p\u0159esto bych sv\u016fj pobyt za oce\u00e1nem za nic nevym\u011bnila. Chodila jsem do m\u00edstn\u00ed \u0161koly a nau\u010dila se plynn\u011b \u0161pan\u011blsky. Mohla jsem si vyzkou\u0161et, jak se \u017eije na jihu Latinsk\u00e9 Ameriky, poznat argentinskou kulturu v\u00edce do hloubky a prozkoumat tuto kr\u00e1snou zemi opravdu podrobn\u011b.<\/p>\n<p>Te\u010f u\u017e uplynul rok od m\u00e9ho velk\u00e9ho dobrodru\u017estv\u00ed. P\u0159ede mnou jsou nyn\u00ed jin\u00e9 v\u011bci, ale p\u0159eci jenom si jeho \u010d\u00e1st nesu s\u00a0sebou. Argentina se mnou u\u017e bude m\u00edt v\u017edycky n\u011bco spole\u010dn\u00e9ho a j\u00e1 s\u00a0n\u00ed, jeliko\u017e pobyt tam m\u011b p\u0159im\u011bl k\u00a0tomu, abych se na sv\u011bt d\u00edvala trochu jinak. Ur\u010dit\u011b se tam jednoho dne chyst\u00e1m vr\u00e1tit a v\u00edm, \u017ee v\u00a0San Juan m\u011b budou v\u017edycky o\u010dek\u00e1vat s\u00a0otev\u0159enou n\u00e1ru\u010d\u00ed. Ovlivnilo m\u011b i AFS, kter\u00e9 mi poskytlo p\u0159\u00edle\u017eitost za\u017e\u00edt n\u011bco, co se po\u0161t\u011bst\u00ed jen m\u00e1lo lidem v\u00a0m\u00e9m v\u011bku. Mo\u017en\u00e1 i proto, \u017ee jsem tou\u017eila z\u016fstat sou\u010d\u00e1st\u00ed t\u00e9to komunity pln\u00e9 skv\u011bl\u00fdch lid\u00ed, jsem se stala dobrovolnic\u00ed. Nyn\u00ed se setk\u00e1v\u00e1m s\u00a0dal\u0161\u00edmi st\u0159edo\u0161kol\u00e1ky, kte\u0159\u00ed se chystaj\u00ed na sv\u016fj program, i s\u00a0v\u00fdm\u011bnn\u00fdmi studenty tady u n\u00e1s a to \u010din\u00ed ka\u017ed\u00fd m\u016fj den o n\u011bco zaj\u00edmav\u011bj\u0161\u00edm. Z\u00e1rove\u0148 se mohu pod\u00edlet na tom, aby i jejich program byl o trochu lep\u0161\u00ed a aby se stejn\u00e9 p\u0159\u00edle\u017eitosti jako mn\u011b dostalo v\u00edce mlad\u00fdm lidem z\u00a0na\u0161\u00ed zem\u011b. A jeliko\u017e pr\u00e1v\u011b d\u00edky fondu Jaroslavy Moserov\u00e9 jsem mohla pro\u017e\u00edt p\u011bt m\u011bs\u00edc\u016f za oce\u00e1nem, r\u00e1da vid\u00edm, \u017ee pom\u00e1h\u00e1 vyjet dal\u0161\u00edm \u010desk\u00fdm st\u0159edo\u0161kol\u00e1k\u016fm.<\/p>\n<p>\u2013 Lucie \u0160., semestr\u00e1ln\u00ed program v Argentin\u011b ve \u0161koln\u00edm roce 2016\/2017<\/p>\n<hr \/>\n<h3><strong>Za\u017eij st\u0159edn\u00ed \u0161kolu v zahrani\u010d\u00ed<\/strong><\/h3>\n<p>L\u00e1k\u00e1 t\u011b pro\u017e\u00edt podobn\u00e9 dobrodru\u017estv\u00ed jako Lucka? Nau\u010dit se nov\u00fd ciz\u00ed jazyk na druh\u00e9 stran\u011b sv\u011bta? V\u00fdm\u011bnn\u00fd studijn\u00ed program je z\u00e1\u017eitek, kter\u00fd ka\u017ed\u00e9mu studentovi p\u0159inese zku\u0161enosti a nadhled pot\u0159ebn\u00e9 pro sou\u010dasn\u00fd sv\u011bt. Pokud i tebe l\u00e1k\u00e1 my\u0161lenka st\u0159edn\u00ed \u0161koly za hranicemi \u010cesk\u00e9 republiky, nev\u00e1hej a kontaktuj na\u0161i koordin\u00e1torku Zuzanu. Ji\u017e z\u00edtra m\u016f\u017ee\u0161 b\u00fdt o krok bl\u00ed\u017e sv\u00e9mu snu! V\u00edce informac\u00ed o AFS studijn\u00edch programech a konkr\u00e9tn\u00ed nab\u00eddku mo\u017en\u00fdch destinac\u00ed nalezne\u0161 zde: <a href=\"https:\/\/www.afs.cz\/studium-v-zahranici\/?utm_source=web&amp;utm_medium=blog&amp;utm_campaign=sending_clanky&amp;utm_term=argentina\">www.afs.cz\/studium-v-zahranici\/<\/a><\/p>\n<p>Spojit se s n\u00e1mi m\u016f\u017ee\u0161 tak\u00e9 p\u0159es kontaktn\u00ed formul\u00e1\u0159 a my se ti ozveme do t\u0159\u00ed pracovn\u00edch dn\u00ed:\u00a0<a href=\"https:\/\/www.afs.cz\/kontaktni-formular\/?utm_source=web&amp;utm_medium=blog&amp;utm_campaign=sending_clanky&amp;utm_term=argentina\">www.afs.cz\/kontaktni-formular\/<\/a><\/p>\n<h3 class=\"panel-wysiwyg__column-title h3\" data-name=\"title\" data-livetext=\"\"><strong>Zuzana \u010cu\u010dkov\u00e1<\/strong><\/h3>\n<div class=\"panel-wysiwyg__column-content\">\n<div class=\"context-content\" data-name=\"content\" data-livetext=\"\">\n<p>AFS koordin\u00e1torka studia v zahrani\u010d\u00ed<br \/>\nE:\u00a0<a href=\"mailto:zuzana.cuckova@afs.org\">zuzana.cuckova@afs.org<br \/>\n<\/a>M: 606 704 100<\/p>\n<\/div>\n<\/div>\n","protected":false},"excerpt":{"rendered":"<p>M\u016fj AFS p\u0159\u00edb\u011bh za\u010dal p\u0159ed dv\u011bma lety, kdy jsem byla v\u00a0\u0161est\u00e9m ro\u010dn\u00edku na v\u00edcelet\u00e9m gymn\u00e1ziu\u00a0 a prohl\u00ed\u017eela jsem si na&hellip;<\/p>\n","protected":false},"author":351,"featured_media":4680,"comment_status":"open","ping_status":"open","sticky":false,"template":"","format":"standard","meta":{"footnotes":""},"categories":[50],"tags":[],"class_list":["post-3726","post","type-post","status-publish","format-standard","has-post-thumbnail","hentry","category-studium-v-zahranici"],"yoast_head":"<!-- This site is optimized with the Yoast SEO Premium plugin v26.6 (Yoast SEO v26.6) - https:\/\/yoast.com\/wordpress\/plugins\/seo\/ -->\n<title>P\u016flro\u010dn\u00ed pobyt v Argentin\u011b - Mezikulturn\u00ed programy<\/title>\n<meta name=\"robots\" content=\"index, follow, max-snippet:-1, max-image-preview:large, max-video-preview:-1\" \/>\n<link rel=\"canonical\" href=\"https:\/\/www.afs.cz\/en\/2017\/03\/pulrocni-pobyt-v-argetine\/\" \/>\n<meta property=\"og:locale\" content=\"en_US\" \/>\n<meta property=\"og:type\" content=\"article\" \/>\n<meta property=\"og:title\" content=\"P\u016flro\u010dn\u00ed pobyt v Argentin\u011b\" \/>\n<meta property=\"og:description\" content=\"M\u016fj AFS p\u0159\u00edb\u011bh za\u010dal p\u0159ed dv\u011bma lety, kdy jsem byla v\u00a0\u0161est\u00e9m ro\u010dn\u00edku na v\u00edcelet\u00e9m gymn\u00e1ziu\u00a0 a prohl\u00ed\u017eela jsem si na&hellip;\" \/>\n<meta property=\"og:url\" content=\"https:\/\/www.afs.cz\/en\/2017\/03\/pulrocni-pobyt-v-argetine\/\" \/>\n<meta property=\"og:site_name\" content=\"Mezikulturn\u00ed programy\" \/>\n<meta property=\"article:published_time\" content=\"2017-03-31T10:27:59+00:00\" \/>\n<meta property=\"article:modified_time\" content=\"2023-01-11T11:10:04+00:00\" \/>\n<meta property=\"og:image\" content=\"https:\/\/d22dvihj4pfop3.cloudfront.net\/wp-content\/uploads\/sites\/84\/2017\/06\/28111346\/AFS_foto_%C5%A0ajnarov%C3%A1-%C3%BApln%C4%9B-vlevo-s-celou-host-family-1024x630.png\" \/>\n\t<meta property=\"og:image:width\" content=\"1024\" \/>\n\t<meta property=\"og:image:height\" content=\"630\" \/>\n\t<meta property=\"og:image:type\" content=\"image\/png\" \/>\n<meta name=\"author\" content=\"afscesko\" \/>\n<meta name=\"twitter:card\" content=\"summary_large_image\" \/>\n<meta name=\"twitter:label1\" content=\"Written by\" \/>\n\t<meta name=\"twitter:data1\" content=\"afscesko\" \/>\n\t<meta name=\"twitter:label2\" content=\"Est. reading time\" \/>\n\t<meta name=\"twitter:data2\" content=\"5 minutes\" \/>\n<script type=\"application\/ld+json\" class=\"yoast-schema-graph\">{\"@context\":\"https:\/\/schema.org\",\"@graph\":[{\"@type\":\"WebPage\",\"@id\":\"https:\/\/www.afs.cz\/en\/2017\/03\/pulrocni-pobyt-v-argetine\/\",\"url\":\"https:\/\/www.afs.cz\/en\/2017\/03\/pulrocni-pobyt-v-argetine\/\",\"name\":\"P\u016flro\u010dn\u00ed pobyt v Argentin\u011b - Mezikulturn\u00ed programy\",\"isPartOf\":{\"@id\":\"https:\/\/www.afs.cz\/en\/#website\"},\"primaryImageOfPage\":{\"@id\":\"https:\/\/www.afs.cz\/en\/2017\/03\/pulrocni-pobyt-v-argetine\/#primaryimage\"},\"image\":{\"@id\":\"https:\/\/www.afs.cz\/en\/2017\/03\/pulrocni-pobyt-v-argetine\/#primaryimage\"},\"thumbnailUrl\":\"https:\/\/d22dvihj4pfop3.cloudfront.net\/wp-content\/uploads\/sites\/84\/2017\/06\/28111346\/AFS_foto_%C5%A0ajnarov%C3%A1-%C3%BApln%C4%9B-vlevo-s-celou-host-family.png\",\"datePublished\":\"2017-03-31T10:27:59+00:00\",\"dateModified\":\"2023-01-11T11:10:04+00:00\",\"author\":{\"@id\":\"https:\/\/www.afs.cz\/en\/#\/schema\/person\/bc52da0be76098030e75baeb919827ff\"},\"breadcrumb\":{\"@id\":\"https:\/\/www.afs.cz\/en\/2017\/03\/pulrocni-pobyt-v-argetine\/#breadcrumb\"},\"inLanguage\":\"en-US\",\"potentialAction\":[{\"@type\":\"ReadAction\",\"target\":[\"https:\/\/www.afs.cz\/en\/2017\/03\/pulrocni-pobyt-v-argetine\/\"]}]},{\"@type\":\"ImageObject\",\"inLanguage\":\"en-US\",\"@id\":\"https:\/\/www.afs.cz\/en\/2017\/03\/pulrocni-pobyt-v-argetine\/#primaryimage\",\"url\":\"https:\/\/d22dvihj4pfop3.cloudfront.net\/wp-content\/uploads\/sites\/84\/2017\/06\/28111346\/AFS_foto_%C5%A0ajnarov%C3%A1-%C3%BApln%C4%9B-vlevo-s-celou-host-family.png\",\"contentUrl\":\"https:\/\/d22dvihj4pfop3.cloudfront.net\/wp-content\/uploads\/sites\/84\/2017\/06\/28111346\/AFS_foto_%C5%A0ajnarov%C3%A1-%C3%BApln%C4%9B-vlevo-s-celou-host-family.png\",\"width\":1024,\"height\":768},{\"@type\":\"BreadcrumbList\",\"@id\":\"https:\/\/www.afs.cz\/en\/2017\/03\/pulrocni-pobyt-v-argetine\/#breadcrumb\",\"itemListElement\":[{\"@type\":\"ListItem\",\"position\":1,\"name\":\"Home\",\"item\":\"https:\/\/czechrepublic.afssite.afs.org\/en\/\"},{\"@type\":\"ListItem\",\"position\":2,\"name\":\"P\u016flro\u010dn\u00ed pobyt v Argentin\u011b\"}]},{\"@type\":\"WebSite\",\"@id\":\"https:\/\/www.afs.cz\/en\/#website\",\"url\":\"https:\/\/www.afs.cz\/en\/\",\"name\":\"Mezikulturn\u00ed programy\",\"description\":\"Studium v zahrani\u010d\u00ed, hostitelsk\u00fd program, vzd\u011bl\u00e1vac\u00ed programy, dobrovolnictv\u00ed a mnoho dal\u0161\u00edho.\",\"potentialAction\":[{\"@type\":\"SearchAction\",\"target\":{\"@type\":\"EntryPoint\",\"urlTemplate\":\"https:\/\/www.afs.cz\/en\/?s={search_term_string}\"},\"query-input\":{\"@type\":\"PropertyValueSpecification\",\"valueRequired\":true,\"valueName\":\"search_term_string\"}}],\"inLanguage\":\"en-US\"},{\"@type\":\"Person\",\"@id\":\"https:\/\/www.afs.cz\/en\/#\/schema\/person\/bc52da0be76098030e75baeb919827ff\",\"name\":\"afscesko\",\"image\":{\"@type\":\"ImageObject\",\"inLanguage\":\"en-US\",\"@id\":\"https:\/\/www.afs.cz\/en\/#\/schema\/person\/image\/\",\"url\":\"https:\/\/secure.gravatar.com\/avatar\/eda270bfa745d003b9a210dc384a8c22e1a05bc41e5280645d3e2968a117c931?s=96&d=mm&r=g\",\"contentUrl\":\"https:\/\/secure.gravatar.com\/avatar\/eda270bfa745d003b9a210dc384a8c22e1a05bc41e5280645d3e2968a117c931?s=96&d=mm&r=g\",\"caption\":\"afscesko\"},\"url\":\"https:\/\/www.afs.cz\/en\/author\/afscesko\/\"}]}<\/script>\n<!-- \/ Yoast SEO Premium plugin. -->","yoast_head_json":{"title":"P\u016flro\u010dn\u00ed pobyt v Argentin\u011b - Mezikulturn\u00ed programy","robots":{"index":"index","follow":"follow","max-snippet":"max-snippet:-1","max-image-preview":"max-image-preview:large","max-video-preview":"max-video-preview:-1"},"canonical":"https:\/\/www.afs.cz\/en\/2017\/03\/pulrocni-pobyt-v-argetine\/","og_locale":"en_US","og_type":"article","og_title":"P\u016flro\u010dn\u00ed pobyt v Argentin\u011b","og_description":"M\u016fj AFS p\u0159\u00edb\u011bh za\u010dal p\u0159ed dv\u011bma lety, kdy jsem byla v\u00a0\u0161est\u00e9m ro\u010dn\u00edku na v\u00edcelet\u00e9m gymn\u00e1ziu\u00a0 a prohl\u00ed\u017eela jsem si na&hellip;","og_url":"https:\/\/www.afs.cz\/en\/2017\/03\/pulrocni-pobyt-v-argetine\/","og_site_name":"Mezikulturn\u00ed programy","article_published_time":"2017-03-31T10:27:59+00:00","article_modified_time":"2023-01-11T11:10:04+00:00","og_image":[{"width":1024,"height":630,"url":"https:\/\/d22dvihj4pfop3.cloudfront.net\/wp-content\/uploads\/sites\/84\/2017\/06\/28111346\/AFS_foto_%C5%A0ajnarov%C3%A1-%C3%BApln%C4%9B-vlevo-s-celou-host-family-1024x630.png","type":"image\/png"}],"author":"afscesko","twitter_card":"summary_large_image","twitter_misc":{"Written by":"afscesko","Est. reading time":"5 minutes"},"schema":{"@context":"https:\/\/schema.org","@graph":[{"@type":"WebPage","@id":"https:\/\/www.afs.cz\/en\/2017\/03\/pulrocni-pobyt-v-argetine\/","url":"https:\/\/www.afs.cz\/en\/2017\/03\/pulrocni-pobyt-v-argetine\/","name":"P\u016flro\u010dn\u00ed pobyt v Argentin\u011b - Mezikulturn\u00ed programy","isPartOf":{"@id":"https:\/\/www.afs.cz\/en\/#website"},"primaryImageOfPage":{"@id":"https:\/\/www.afs.cz\/en\/2017\/03\/pulrocni-pobyt-v-argetine\/#primaryimage"},"image":{"@id":"https:\/\/www.afs.cz\/en\/2017\/03\/pulrocni-pobyt-v-argetine\/#primaryimage"},"thumbnailUrl":"https:\/\/d22dvihj4pfop3.cloudfront.net\/wp-content\/uploads\/sites\/84\/2017\/06\/28111346\/AFS_foto_%C5%A0ajnarov%C3%A1-%C3%BApln%C4%9B-vlevo-s-celou-host-family.png","datePublished":"2017-03-31T10:27:59+00:00","dateModified":"2023-01-11T11:10:04+00:00","author":{"@id":"https:\/\/www.afs.cz\/en\/#\/schema\/person\/bc52da0be76098030e75baeb919827ff"},"breadcrumb":{"@id":"https:\/\/www.afs.cz\/en\/2017\/03\/pulrocni-pobyt-v-argetine\/#breadcrumb"},"inLanguage":"en-US","potentialAction":[{"@type":"ReadAction","target":["https:\/\/www.afs.cz\/en\/2017\/03\/pulrocni-pobyt-v-argetine\/"]}]},{"@type":"ImageObject","inLanguage":"en-US","@id":"https:\/\/www.afs.cz\/en\/2017\/03\/pulrocni-pobyt-v-argetine\/#primaryimage","url":"https:\/\/d22dvihj4pfop3.cloudfront.net\/wp-content\/uploads\/sites\/84\/2017\/06\/28111346\/AFS_foto_%C5%A0ajnarov%C3%A1-%C3%BApln%C4%9B-vlevo-s-celou-host-family.png","contentUrl":"https:\/\/d22dvihj4pfop3.cloudfront.net\/wp-content\/uploads\/sites\/84\/2017\/06\/28111346\/AFS_foto_%C5%A0ajnarov%C3%A1-%C3%BApln%C4%9B-vlevo-s-celou-host-family.png","width":1024,"height":768},{"@type":"BreadcrumbList","@id":"https:\/\/www.afs.cz\/en\/2017\/03\/pulrocni-pobyt-v-argetine\/#breadcrumb","itemListElement":[{"@type":"ListItem","position":1,"name":"Home","item":"https:\/\/czechrepublic.afssite.afs.org\/en\/"},{"@type":"ListItem","position":2,"name":"P\u016flro\u010dn\u00ed pobyt v Argentin\u011b"}]},{"@type":"WebSite","@id":"https:\/\/www.afs.cz\/en\/#website","url":"https:\/\/www.afs.cz\/en\/","name":"Mezikulturn\u00ed programy","description":"Studium v zahrani\u010d\u00ed, hostitelsk\u00fd program, vzd\u011bl\u00e1vac\u00ed programy, dobrovolnictv\u00ed a mnoho dal\u0161\u00edho.","potentialAction":[{"@type":"SearchAction","target":{"@type":"EntryPoint","urlTemplate":"https:\/\/www.afs.cz\/en\/?s={search_term_string}"},"query-input":{"@type":"PropertyValueSpecification","valueRequired":true,"valueName":"search_term_string"}}],"inLanguage":"en-US"},{"@type":"Person","@id":"https:\/\/www.afs.cz\/en\/#\/schema\/person\/bc52da0be76098030e75baeb919827ff","name":"afscesko","image":{"@type":"ImageObject","inLanguage":"en-US","@id":"https:\/\/www.afs.cz\/en\/#\/schema\/person\/image\/","url":"https:\/\/secure.gravatar.com\/avatar\/eda270bfa745d003b9a210dc384a8c22e1a05bc41e5280645d3e2968a117c931?s=96&d=mm&r=g","contentUrl":"https:\/\/secure.gravatar.com\/avatar\/eda270bfa745d003b9a210dc384a8c22e1a05bc41e5280645d3e2968a117c931?s=96&d=mm&r=g","caption":"afscesko"},"url":"https:\/\/www.afs.cz\/en\/author\/afscesko\/"}]}},"_links":{"self":[{"href":"https:\/\/www.afs.cz\/en\/wp-json\/wp\/v2\/posts\/3726","targetHints":{"allow":["GET"]}}],"collection":[{"href":"https:\/\/www.afs.cz\/en\/wp-json\/wp\/v2\/posts"}],"about":[{"href":"https:\/\/www.afs.cz\/en\/wp-json\/wp\/v2\/types\/post"}],"author":[{"embeddable":true,"href":"https:\/\/www.afs.cz\/en\/wp-json\/wp\/v2\/users\/351"}],"replies":[{"embeddable":true,"href":"https:\/\/www.afs.cz\/en\/wp-json\/wp\/v2\/comments?post=3726"}],"version-history":[{"count":5,"href":"https:\/\/www.afs.cz\/en\/wp-json\/wp\/v2\/posts\/3726\/revisions"}],"predecessor-version":[{"id":16324,"href":"https:\/\/www.afs.cz\/en\/wp-json\/wp\/v2\/posts\/3726\/revisions\/16324"}],"wp:featuredmedia":[{"embeddable":true,"href":"https:\/\/www.afs.cz\/en\/wp-json\/wp\/v2\/media\/4680"}],"wp:attachment":[{"href":"https:\/\/www.afs.cz\/en\/wp-json\/wp\/v2\/media?parent=3726"}],"wp:term":[{"taxonomy":"category","embeddable":true,"href":"https:\/\/www.afs.cz\/en\/wp-json\/wp\/v2\/categories?post=3726"},{"taxonomy":"post_tag","embeddable":true,"href":"https:\/\/www.afs.cz\/en\/wp-json\/wp\/v2\/tags?post=3726"}],"curies":[{"name":"wp","href":"https:\/\/api.w.org\/{rel}","templated":true}]}}