{"id":3721,"date":"2017-03-31T11:25:39","date_gmt":"2017-03-31T10:25:39","guid":{"rendered":"http:\/\/czechrepublic.afssite.afs.org\/?p=3721"},"modified":"2019-10-29T20:48:47","modified_gmt":"2019-10-29T19:48:47","slug":"kotaro-z-japonska-rakovnik-student-20132014","status":"publish","type":"post","link":"https:\/\/www.afs.cz\/en\/2017\/03\/kotaro-z-japonska-rakovnik-student-20132014\/","title":{"rendered":"Kotaro z Japonska, Rakovn\u00edk (student 2013\/2014)"},"content":{"rendered":"<p>O tom, jak se u n\u00e1s Kotarovi da\u0159\u00ed se do\u010dtete v \u010dl\u00e1nku z 25. \u0159\u00edjna 2013 v <a href=\"http:\/\/rakovnicky.denik.cz\/zpravy_region\/kotaro-otova-maminka-vari-skvele-oblibene-mam-knedliky-20131025.html\">Rakovnick\u00e9m den\u00edku<\/a>.<\/p>\n<p><strong>Kotaro: Otova maminka va\u0159\u00ed skv\u011ble. Obl\u00edben\u00e9 m\u00e1m knedl\u00edky<\/strong><\/p>\n<p>Sedmn\u00e1ctilet\u00fd Kotaro Takahashi z dalek\u00e9ho Japonska bude rok \u017e\u00edt a studovat na Rakovnicku.\u00a0Je studentem rakovnick\u00e9ho gymn\u00e1zia (t\u0159et\u00ed ro\u010dn\u00edk) a do\u010dasn\u00fd, druh\u00fd domov na\u0161el v rodin\u011b K\u0161\u00edrov\u00fdch z Pavl\u00edkova.<\/p>\n<p>P\u0159irozen\u011b n\u00e1s zaj\u00edmalo, jak zvl\u00e1d\u00e1 tuto velkou \u017eivotn\u00ed zm\u011bnu. Se\u0161li jsme se v kancel\u00e1\u0159i \u0159editelky gymn\u00e1zia i s jeho mlad\u0161\u00edm spolu\u017e\u00e1kem, \u010dtrn\u00e1ctilet\u00fdm Otou K\u0161\u00edrem, kter\u00fd zvl\u00e1dl na jedni\u010dku roli p\u0159ekladatele z angli\u010dtiny do \u010de\u0161tiny.<\/p>\n<p>A jak vypad\u00e1 v\u00fduka Japonce na \u010desk\u00e9m gymn\u00e1ziu?<br \/>\n\u201eJe to hodn\u011b t\u011b\u017ek\u00e9,&#8221; p\u0159izn\u00e1v\u00e1 Kotaro. D\u016fvod je nasnad\u011b, p\u0159ek\u00e1\u017ekou je zat\u00edm \u010de\u0161tina.<br \/>\n\u201eAle hodiny angli\u010dtiny jsou v pohod\u011b. Ale proto\u017ee chod\u00edm krom\u011b angli\u010dtiny u\u017e jen na matiku, fyziku a chemii, tak se to d\u00e1 zvl\u00e1dnout. Rozum\u00edm tomu, co je na tabuli, proto\u017ee jsme hodn\u011b z toho brali u\u017e v Japonsku,&#8221; upozornil Kotaro. Nejv\u00edce se mu l\u00edb\u00ed hodiny angli\u010dtiny s Nicholasem Cusackem. Hodn\u011b pr\u00fd nau\u010d\u00ed a jeho vyu\u010dov\u00e1n\u00ed je zaj\u00edmav\u00e9.<\/p>\n<p>Pochopiteln\u011b jsem se zeptala na jeho prvn\u00ed dojmy z \u010cesk\u00e9 republiky pota\u017emo z Pavl\u00edkova a dozv\u011bd\u011bla jsem se, \u017ee se zde Kotaro c\u00edt\u00ed velice p\u0159\u00edjemn\u011b. \u201eJe to tu hodn\u011b jin\u00e9 ne\u017e v Japonsku, ale c\u00edt\u00edm se tu moc dob\u0159e. L\u00edb\u00ed se mi ten otev\u0159en\u00fd prostor, v\u0161udyp\u0159\u00edtomn\u00e1 p\u0159\u00edroda. M\u00e1me z domu hezk\u00fd v\u00fdhled a p\u0159edev\u0161\u00edm tam nen\u00ed \u017e\u00e1dn\u00fd hluk,&#8221; popisuje pozitiva \u017eivota na rakovnick\u00e9m venkov\u011b Kotaro. Pokoj sd\u00edl\u00ed s Otou.<\/p>\n<p>Moje dal\u0161\u00ed ot\u00e1zka tedy z\u00e1konit\u011b m\u00ed\u0159\u00ed k n\u011bmu a t\u00fdk\u00e1 se toho, zda a jak spolu tr\u00e1v\u00ed kluci voln\u00fd \u010das po \u0161kole.<br \/>\n\u201eHrajeme hry na po\u010d\u00edta\u010di. Uk\u00e1zal m\u011b ty, kter\u00e9 hraje doma. Tak\u00e9 se spolu u\u010d\u00edme. T\u0159eba se sna\u017e\u00edme vylep\u0161it jeho angli\u010dtinu. On \u010dte a j\u00e1 ho opravuji, kdy\u017e m\u00e1 \u0161patnou v\u00fdslovnost. P\u016fj\u010duje si anglick\u00e9 knihy od na\u0161eho u\u010ditele angli\u010dtiny. A proto\u017ee miluji japonsk\u00e9 seri\u00e1ly, tak je sledujeme spolu,&#8221; nast\u00ednil Ota. Spole\u010dn\u011b s celou jeho novou \u010deskou rodinu pak pr\u00fd jezd\u00ed na v\u00fdlety.<\/p>\n<p>Krom\u011b toho pr\u00fd Kotaro miluje volejbal. \u201eJ\u00e1 jedu do Z\u00e1kladn\u00ed um\u011bleck\u00e9 \u0161koly v Rakovn\u00edku a on hr\u00e1t volejbal do rakovnick\u00e9 sokolovny. Na to se poka\u017ed\u00e9 hodn\u011b t\u011b\u0161\u00ed. P\u016fl hodiny p\u0159edt\u00edm, ne\u017eli volejbal za\u010d\u00edn\u00e1, n\u00e1s zburcuje, abychom u\u017e jeli,&#8221; sm\u011bje se Ota. Krom\u011b toho si Kotaro dle sv\u00fdch slov ve voln\u00fdch chv\u00edl\u00edch r\u00e1d \u010dte a d\u00edv\u00e1 na sportovn\u00ed p\u0159enosy, a jako ka\u017ed\u00fd mlad\u00fd \u010dlov\u011bk chod\u00ed komunikovat na Facebook a Twitter. A hodn\u011b programuje.<\/p>\n<p>R\u00e1d by jednou tvo\u0159il elektronick\u00e9 u\u010debnice. Hodn\u011b ho zaj\u00edm\u00e1 informatika, matematika a programov\u00e1n\u00ed. T\u00edmto sm\u011brem by jednou m\u011blo sm\u011b\u0159ovat i moje studium a pr\u00e1ce. R\u00e1d bych se dostal ke spole\u010dnosti, kter\u00e1 se zab\u00fdv\u00e1 programov\u00e1n\u00edm nebo pr\u00e1v\u011b t\u011bmi elektronick\u00fdmi u\u010debnicemi,&#8221; prozrazuje sv\u00e9 sny Kotaro.<br \/>\nDo \u010cesk\u00e9 republiky p\u0159ijel na zku\u0161enou ze zn\u00e1m\u00e9ho japonsk\u00e9ho m\u011bsta Tsushima. \u201e Je tam hodn\u011b aut a vysok\u00fdch budov. Skoro \u017e\u00e1dn\u00e1 p\u0159\u00edroda. Pr\u00e1v\u011b proto se mi tady tak l\u00edb\u00ed,&#8221; p\u0159ipomn\u011bl Kotaro.<\/p>\n<p>Jeho rodinu je\u0161t\u011b tvo\u0159\u00ed rodi\u010de, p\u0159i\u010dem\u017e jeho otec je v sou\u010dasn\u00e9 dob\u011b v Indii. D\u00e1le bratr a babi\u010dka.<br \/>\nSedmn\u00e1ctilet\u00fd Kotaro p\u016fsob\u00ed velice vysp\u011bl\u00fdm dojmem mu\u017ee na prahu dosp\u011blosti, kter\u00fd dob\u0159e v\u00ed, co od \u017eivota chce. P\u0159esto se ho pt\u00e1m: \u201eJsi tady sice kr\u00e1tce, ale p\u0159esto by m\u011b zaj\u00edmalo, zda se ti po domov\u011b nest\u00fdsk\u00e1?&#8221; Odpov\u011b\u010f p\u0159ich\u00e1z\u00ed od Kotara po velice kr\u00e1tk\u00e9m zamy\u0161len\u00ed: \u201eZat\u00edm ne. S\u017e\u00edv\u00e1m se s nov\u00fdm prost\u0159ed\u00edm, sb\u00edr\u00e1m informace, zpracov\u00e1v\u00e1m dojmy a st\u00e1le m\u00e1m co d\u011blat.&#8221; Co vedlo Kotara k rozhodnut\u00ed studovat \u010cech\u00e1ch, je moje dal\u0161\u00ed ot\u00e1zka. \u201eM\u00e1m r\u00e1d historii. Cht\u011bl jsem zaprv\u00e9 vid\u011bt na vlastn\u00ed o\u010di star\u00e9 historick\u00e9 budovy jako jsou t\u0159eba v Praze. Zadruh\u00e9 va\u0161\u00ed zem\u00ed pro\u0161lo, u\u017e za dobu jej\u00ed existence, hodn\u011b re\u017eim\u016f. Bylo tu t\u0159eba Rakousko\u2013Uhersko, demokracie i komunismus. Cht\u011bl jsem v\u011bd\u011bt a vid\u011bt, jak to tady u v\u00e1s, po takov\u00fdch zku\u0161enostech dnes vypad\u00e1, poc\u00edtit d\u011bjiny na vlastn\u00ed k\u016f\u017ei. A do t\u0159etice jsem si \u0159ekl, \u017ee je to ur\u010dit\u011b dobr\u00e9 pro \u017eivot studovat v zahrani\u010d\u00ed,&#8221; vysv\u011btlil Kotaro.<\/p>\n<p>Probl\u00e9m m\u00e1 zat\u00edm jen v komunikaci se spolu\u017e\u00e1ky. \u010ce\u0161tin\u011b nerozum\u00ed, ale v\u011b\u0159\u00ed, \u017ee se to za p\u00e1r m\u011bs\u00edc\u016f zlep\u0161\u00ed. Stejn\u011b jako se tomu stalo p\u0159es prvn\u00ed po\u010d\u00e1te\u010dn\u00ed drobn\u00e1, sp\u00ed\u0161e \u00fasm\u011bvn\u00e1 nedorozum\u011bn\u00ed v sou\u017eit\u00ed s jeho hostitelskou rodinou v Pavl\u00edkov\u011b. A Ota upozor\u0148uje: \u201eTe\u010f u\u017e je to jen lep\u0161\u00ed a lep\u0161\u00ed.&#8221;<\/p>\n<p>Mlad\u00e9ho hosta z Japonska v Pavl\u00edkov\u011b p\u0159ijali Otovy rodi\u010de a p\u011btilet\u00e1 sest\u0159i\u010dka Zuzanka.&#8221; Je\u0161t\u011b m\u00e1m star\u0161\u00edho bratra, ale bydl\u00ed v Praze,&#8221; up\u0159esnil Ota. Nejak\u010dn\u011bj\u0161\u00ed v u\u010den\u00ed Kotara \u010desk\u00e9mu jazyku je pr\u00e1v\u011b mal\u00e1 Zuzanka: \u201ePopisuje mu v\u0161echny p\u0159edm\u011bty, kter\u00e9 doma m\u00e1me. Ukazuje na n\u011b a \u0159\u00edk\u00e1, tady je st\u016fl, tady \u017eidle \u2026 Moc ji tohle u\u010den\u00ed Kotara bav\u00ed,&#8221; vypr\u00e1v\u00ed Ota. Nem\u016f\u017ee nepadnout ot\u00e1zka, jak mu chutn\u00e1 \u010desk\u00e1 kuchyn\u011b a Kotaro si libuje nad knedl\u00edky a dod\u00e1v\u00e1, \u017ee maminka Oty je skv\u011bl\u00e1 kucha\u0159ka.<\/p>\n<p>A je\u0161t\u011b na z\u00e1v\u011br objasn\u011bme ot\u00e1zku jak se vlastn\u011b Kotaro ocitl u rodiny K\u0161\u00edrov\u00fdch. \u201eP\u0159i\u0161la s t\u00edm m\u00e1ma, \u017ee bychom si k sob\u011b mohli n\u011bkoho vz\u00edt na studijn\u00ed pobyt. A j\u00e1 souhlasil.T\u00e1ta zpo\u010d\u00e1tku v\u00e1hal. Pak jsem odjel na t\u00e1bor a mezit\u00edm se asi rodi\u010de domluvili, proto\u017ee mi p\u0159i\u0161la p\u0159ekvapuj\u00edc\u00ed esemeska, \u017ee si tedy n\u011bjak\u00e9ho studenta k sob\u011b vezmeme. To m\u011b nadchlo. M\u00e1m r\u00e1d Japonsko. \u0158ekl jsem si, \u017ee budu m\u00edt k sob\u011b par\u0165\u00e1ka, se kter\u00fdm bychom se mohli d\u00edvat spole\u010dn\u011b na jejich seri\u00e1ly. Co\u017e stalo a u\u017e jsme dohromady zhl\u00e9dli hodn\u011b s\u00e9ri\u00ed,&#8221; konstatuje je\u0161t\u011b spokojen\u011b Ota K\u0161\u00edr a Kotaro p\u0159ikyvuje.<\/p>\n<p>Autor: Jana Elznicov\u00e1<\/p>\n","protected":false},"excerpt":{"rendered":"<p>O tom, jak se u n\u00e1s Kotarovi da\u0159\u00ed se do\u010dtete v \u010dl\u00e1nku z 25. \u0159\u00edjna 2013 v Rakovnick\u00e9m den\u00edku. Kotaro:&hellip;<\/p>\n","protected":false},"author":362,"featured_media":3724,"comment_status":"open","ping_status":"open","sticky":false,"template":"","format":"standard","meta":{"footnotes":""},"categories":[49],"tags":[],"class_list":["post-3721","post","type-post","status-publish","format-standard","has-post-thumbnail","hentry","category-hostitelsky-program"],"yoast_head":"<!-- This site is optimized with the Yoast SEO Premium plugin v26.6 (Yoast SEO v26.6) - https:\/\/yoast.com\/wordpress\/plugins\/seo\/ -->\n<title>Kotaro z Japonska, Rakovn\u00edk (student 2013\/2014) - Mezikulturn\u00ed programy<\/title>\n<meta name=\"description\" content=\"K\u0161\u00edrovi z Rakovnicka host\u00ed na \u0161koln\u00ed rok 2013\/2014 studenta Kotaro z Japonska.\" \/>\n<meta name=\"robots\" content=\"index, follow, max-snippet:-1, max-image-preview:large, max-video-preview:-1\" \/>\n<link rel=\"canonical\" href=\"https:\/\/www.afs.cz\/en\/2017\/03\/kotaro-z-japonska-rakovnik-student-20132014\/\" \/>\n<meta property=\"og:locale\" content=\"en_US\" \/>\n<meta property=\"og:type\" content=\"article\" \/>\n<meta property=\"og:title\" content=\"Kotaro z Japonska, Rakovn\u00edk (student 2013\/2014)\" \/>\n<meta property=\"og:description\" content=\"K\u0161\u00edrovi z Rakovnicka host\u00ed na \u0161koln\u00ed rok 2013\/2014 studenta Kotaro z Japonska.\" \/>\n<meta property=\"og:url\" content=\"https:\/\/www.afs.cz\/en\/2017\/03\/kotaro-z-japonska-rakovnik-student-20132014\/\" \/>\n<meta property=\"og:site_name\" content=\"Mezikulturn\u00ed programy\" \/>\n<meta property=\"article:published_time\" content=\"2017-03-31T10:25:39+00:00\" \/>\n<meta property=\"article:modified_time\" content=\"2019-10-29T19:48:47+00:00\" \/>\n<meta property=\"og:image\" content=\"https:\/\/d22dvihj4pfop3.cloudfront.net\/wp-content\/uploads\/sites\/84\/2017\/03\/31112521\/Kotaro_JPN_H13.jpg\" \/>\n\t<meta property=\"og:image:width\" content=\"380\" \/>\n\t<meta property=\"og:image:height\" content=\"285\" \/>\n\t<meta property=\"og:image:type\" content=\"image\/jpeg\" \/>\n<meta name=\"author\" content=\"Anton\u00edn\" \/>\n<meta name=\"twitter:card\" content=\"summary_large_image\" \/>\n<meta name=\"twitter:label1\" content=\"Written by\" \/>\n\t<meta name=\"twitter:data1\" content=\"Anton\u00edn\" \/>\n\t<meta name=\"twitter:label2\" content=\"Est. reading time\" \/>\n\t<meta name=\"twitter:data2\" content=\"6 minutes\" \/>\n<script type=\"application\/ld+json\" class=\"yoast-schema-graph\">{\"@context\":\"https:\/\/schema.org\",\"@graph\":[{\"@type\":\"WebPage\",\"@id\":\"https:\/\/www.afs.cz\/en\/2017\/03\/kotaro-z-japonska-rakovnik-student-20132014\/\",\"url\":\"https:\/\/www.afs.cz\/en\/2017\/03\/kotaro-z-japonska-rakovnik-student-20132014\/\",\"name\":\"Kotaro z Japonska, Rakovn\u00edk (student 2013\/2014) - Mezikulturn\u00ed programy\",\"isPartOf\":{\"@id\":\"https:\/\/www.afs.cz\/en\/#website\"},\"primaryImageOfPage\":{\"@id\":\"https:\/\/www.afs.cz\/en\/2017\/03\/kotaro-z-japonska-rakovnik-student-20132014\/#primaryimage\"},\"image\":{\"@id\":\"https:\/\/www.afs.cz\/en\/2017\/03\/kotaro-z-japonska-rakovnik-student-20132014\/#primaryimage\"},\"thumbnailUrl\":\"https:\/\/d22dvihj4pfop3.cloudfront.net\/wp-content\/uploads\/sites\/84\/2017\/03\/31112521\/Kotaro_JPN_H13.jpg\",\"datePublished\":\"2017-03-31T10:25:39+00:00\",\"dateModified\":\"2019-10-29T19:48:47+00:00\",\"author\":{\"@id\":\"https:\/\/www.afs.cz\/en\/#\/schema\/person\/ea24b587e17a7b917c6adf304d22231b\"},\"description\":\"K\u0161\u00edrovi z Rakovnicka host\u00ed na \u0161koln\u00ed rok 2013\/2014 studenta Kotaro z Japonska.\",\"breadcrumb\":{\"@id\":\"https:\/\/www.afs.cz\/en\/2017\/03\/kotaro-z-japonska-rakovnik-student-20132014\/#breadcrumb\"},\"inLanguage\":\"en-US\",\"potentialAction\":[{\"@type\":\"ReadAction\",\"target\":[\"https:\/\/www.afs.cz\/en\/2017\/03\/kotaro-z-japonska-rakovnik-student-20132014\/\"]}]},{\"@type\":\"ImageObject\",\"inLanguage\":\"en-US\",\"@id\":\"https:\/\/www.afs.cz\/en\/2017\/03\/kotaro-z-japonska-rakovnik-student-20132014\/#primaryimage\",\"url\":\"https:\/\/d22dvihj4pfop3.cloudfront.net\/wp-content\/uploads\/sites\/84\/2017\/03\/31112521\/Kotaro_JPN_H13.jpg\",\"contentUrl\":\"https:\/\/d22dvihj4pfop3.cloudfront.net\/wp-content\/uploads\/sites\/84\/2017\/03\/31112521\/Kotaro_JPN_H13.jpg\",\"width\":380,\"height\":285},{\"@type\":\"BreadcrumbList\",\"@id\":\"https:\/\/www.afs.cz\/en\/2017\/03\/kotaro-z-japonska-rakovnik-student-20132014\/#breadcrumb\",\"itemListElement\":[{\"@type\":\"ListItem\",\"position\":1,\"name\":\"Home\",\"item\":\"https:\/\/czechrepublic.afssite.afs.org\/en\/\"},{\"@type\":\"ListItem\",\"position\":2,\"name\":\"Kotaro z Japonska, Rakovn\u00edk (student 2013\/2014)\"}]},{\"@type\":\"WebSite\",\"@id\":\"https:\/\/www.afs.cz\/en\/#website\",\"url\":\"https:\/\/www.afs.cz\/en\/\",\"name\":\"Mezikulturn\u00ed programy\",\"description\":\"Studium v zahrani\u010d\u00ed, hostitelsk\u00fd program, vzd\u011bl\u00e1vac\u00ed programy, dobrovolnictv\u00ed a mnoho dal\u0161\u00edho.\",\"potentialAction\":[{\"@type\":\"SearchAction\",\"target\":{\"@type\":\"EntryPoint\",\"urlTemplate\":\"https:\/\/www.afs.cz\/en\/?s={search_term_string}\"},\"query-input\":{\"@type\":\"PropertyValueSpecification\",\"valueRequired\":true,\"valueName\":\"search_term_string\"}}],\"inLanguage\":\"en-US\"},{\"@type\":\"Person\",\"@id\":\"https:\/\/www.afs.cz\/en\/#\/schema\/person\/ea24b587e17a7b917c6adf304d22231b\",\"name\":\"Anton\u00edn\",\"image\":{\"@type\":\"ImageObject\",\"inLanguage\":\"en-US\",\"@id\":\"https:\/\/www.afs.cz\/en\/#\/schema\/person\/image\/\",\"url\":\"https:\/\/secure.gravatar.com\/avatar\/170edf6c3be86476c6ff9c0f287e41733ed9b746686ef87738bde1bcb52866e4?s=96&d=mm&r=g\",\"contentUrl\":\"https:\/\/secure.gravatar.com\/avatar\/170edf6c3be86476c6ff9c0f287e41733ed9b746686ef87738bde1bcb52866e4?s=96&d=mm&r=g\",\"caption\":\"Anton\u00edn\"},\"url\":\"https:\/\/www.afs.cz\/en\/author\/teichmaa\/\"}]}<\/script>\n<!-- \/ Yoast SEO Premium plugin. -->","yoast_head_json":{"title":"Kotaro z Japonska, Rakovn\u00edk (student 2013\/2014) - Mezikulturn\u00ed programy","description":"K\u0161\u00edrovi z Rakovnicka host\u00ed na \u0161koln\u00ed rok 2013\/2014 studenta Kotaro z Japonska.","robots":{"index":"index","follow":"follow","max-snippet":"max-snippet:-1","max-image-preview":"max-image-preview:large","max-video-preview":"max-video-preview:-1"},"canonical":"https:\/\/www.afs.cz\/en\/2017\/03\/kotaro-z-japonska-rakovnik-student-20132014\/","og_locale":"en_US","og_type":"article","og_title":"Kotaro z Japonska, Rakovn\u00edk (student 2013\/2014)","og_description":"K\u0161\u00edrovi z Rakovnicka host\u00ed na \u0161koln\u00ed rok 2013\/2014 studenta Kotaro z Japonska.","og_url":"https:\/\/www.afs.cz\/en\/2017\/03\/kotaro-z-japonska-rakovnik-student-20132014\/","og_site_name":"Mezikulturn\u00ed programy","article_published_time":"2017-03-31T10:25:39+00:00","article_modified_time":"2019-10-29T19:48:47+00:00","og_image":[{"url":"https:\/\/d22dvihj4pfop3.cloudfront.net\/wp-content\/uploads\/sites\/84\/2017\/03\/31112521\/Kotaro_JPN_H13.jpg","width":380,"height":285,"type":"image\/jpeg"}],"author":"Anton\u00edn","twitter_card":"summary_large_image","twitter_misc":{"Written by":"Anton\u00edn","Est. reading time":"6 minutes"},"schema":{"@context":"https:\/\/schema.org","@graph":[{"@type":"WebPage","@id":"https:\/\/www.afs.cz\/en\/2017\/03\/kotaro-z-japonska-rakovnik-student-20132014\/","url":"https:\/\/www.afs.cz\/en\/2017\/03\/kotaro-z-japonska-rakovnik-student-20132014\/","name":"Kotaro z Japonska, Rakovn\u00edk (student 2013\/2014) - Mezikulturn\u00ed programy","isPartOf":{"@id":"https:\/\/www.afs.cz\/en\/#website"},"primaryImageOfPage":{"@id":"https:\/\/www.afs.cz\/en\/2017\/03\/kotaro-z-japonska-rakovnik-student-20132014\/#primaryimage"},"image":{"@id":"https:\/\/www.afs.cz\/en\/2017\/03\/kotaro-z-japonska-rakovnik-student-20132014\/#primaryimage"},"thumbnailUrl":"https:\/\/d22dvihj4pfop3.cloudfront.net\/wp-content\/uploads\/sites\/84\/2017\/03\/31112521\/Kotaro_JPN_H13.jpg","datePublished":"2017-03-31T10:25:39+00:00","dateModified":"2019-10-29T19:48:47+00:00","author":{"@id":"https:\/\/www.afs.cz\/en\/#\/schema\/person\/ea24b587e17a7b917c6adf304d22231b"},"description":"K\u0161\u00edrovi z Rakovnicka host\u00ed na \u0161koln\u00ed rok 2013\/2014 studenta Kotaro z Japonska.","breadcrumb":{"@id":"https:\/\/www.afs.cz\/en\/2017\/03\/kotaro-z-japonska-rakovnik-student-20132014\/#breadcrumb"},"inLanguage":"en-US","potentialAction":[{"@type":"ReadAction","target":["https:\/\/www.afs.cz\/en\/2017\/03\/kotaro-z-japonska-rakovnik-student-20132014\/"]}]},{"@type":"ImageObject","inLanguage":"en-US","@id":"https:\/\/www.afs.cz\/en\/2017\/03\/kotaro-z-japonska-rakovnik-student-20132014\/#primaryimage","url":"https:\/\/d22dvihj4pfop3.cloudfront.net\/wp-content\/uploads\/sites\/84\/2017\/03\/31112521\/Kotaro_JPN_H13.jpg","contentUrl":"https:\/\/d22dvihj4pfop3.cloudfront.net\/wp-content\/uploads\/sites\/84\/2017\/03\/31112521\/Kotaro_JPN_H13.jpg","width":380,"height":285},{"@type":"BreadcrumbList","@id":"https:\/\/www.afs.cz\/en\/2017\/03\/kotaro-z-japonska-rakovnik-student-20132014\/#breadcrumb","itemListElement":[{"@type":"ListItem","position":1,"name":"Home","item":"https:\/\/czechrepublic.afssite.afs.org\/en\/"},{"@type":"ListItem","position":2,"name":"Kotaro z Japonska, Rakovn\u00edk (student 2013\/2014)"}]},{"@type":"WebSite","@id":"https:\/\/www.afs.cz\/en\/#website","url":"https:\/\/www.afs.cz\/en\/","name":"Mezikulturn\u00ed programy","description":"Studium v zahrani\u010d\u00ed, hostitelsk\u00fd program, vzd\u011bl\u00e1vac\u00ed programy, dobrovolnictv\u00ed a mnoho dal\u0161\u00edho.","potentialAction":[{"@type":"SearchAction","target":{"@type":"EntryPoint","urlTemplate":"https:\/\/www.afs.cz\/en\/?s={search_term_string}"},"query-input":{"@type":"PropertyValueSpecification","valueRequired":true,"valueName":"search_term_string"}}],"inLanguage":"en-US"},{"@type":"Person","@id":"https:\/\/www.afs.cz\/en\/#\/schema\/person\/ea24b587e17a7b917c6adf304d22231b","name":"Anton\u00edn","image":{"@type":"ImageObject","inLanguage":"en-US","@id":"https:\/\/www.afs.cz\/en\/#\/schema\/person\/image\/","url":"https:\/\/secure.gravatar.com\/avatar\/170edf6c3be86476c6ff9c0f287e41733ed9b746686ef87738bde1bcb52866e4?s=96&d=mm&r=g","contentUrl":"https:\/\/secure.gravatar.com\/avatar\/170edf6c3be86476c6ff9c0f287e41733ed9b746686ef87738bde1bcb52866e4?s=96&d=mm&r=g","caption":"Anton\u00edn"},"url":"https:\/\/www.afs.cz\/en\/author\/teichmaa\/"}]}},"_links":{"self":[{"href":"https:\/\/www.afs.cz\/en\/wp-json\/wp\/v2\/posts\/3721","targetHints":{"allow":["GET"]}}],"collection":[{"href":"https:\/\/www.afs.cz\/en\/wp-json\/wp\/v2\/posts"}],"about":[{"href":"https:\/\/www.afs.cz\/en\/wp-json\/wp\/v2\/types\/post"}],"author":[{"embeddable":true,"href":"https:\/\/www.afs.cz\/en\/wp-json\/wp\/v2\/users\/362"}],"replies":[{"embeddable":true,"href":"https:\/\/www.afs.cz\/en\/wp-json\/wp\/v2\/comments?post=3721"}],"version-history":[{"count":2,"href":"https:\/\/www.afs.cz\/en\/wp-json\/wp\/v2\/posts\/3721\/revisions"}],"predecessor-version":[{"id":9482,"href":"https:\/\/www.afs.cz\/en\/wp-json\/wp\/v2\/posts\/3721\/revisions\/9482"}],"wp:featuredmedia":[{"embeddable":true,"href":"https:\/\/www.afs.cz\/en\/wp-json\/wp\/v2\/media\/3724"}],"wp:attachment":[{"href":"https:\/\/www.afs.cz\/en\/wp-json\/wp\/v2\/media?parent=3721"}],"wp:term":[{"taxonomy":"category","embeddable":true,"href":"https:\/\/www.afs.cz\/en\/wp-json\/wp\/v2\/categories?post=3721"},{"taxonomy":"post_tag","embeddable":true,"href":"https:\/\/www.afs.cz\/en\/wp-json\/wp\/v2\/tags?post=3721"}],"curies":[{"name":"wp","href":"https:\/\/api.w.org\/{rel}","templated":true}]}}