{"id":3713,"date":"2017-03-31T11:22:57","date_gmt":"2017-03-31T10:22:57","guid":{"rendered":"http:\/\/czechrepublic.afssite.afs.org\/?p=3713"},"modified":"2019-10-29T20:48:47","modified_gmt":"2019-10-29T19:48:47","slug":"rangel-z-brazilie-rousinov-u-brna-student-20132014","status":"publish","type":"post","link":"https:\/\/www.afs.cz\/en\/2017\/03\/rangel-z-brazilie-rousinov-u-brna-student-20132014\/","title":{"rendered":"Rangel z Braz\u00edlie, Rous\u00ednov u Brna (student 2013\/2014)"},"content":{"rendered":"<p>Ahoj, jmenuju se Rangel a jsem z Braz\u00edlii.<\/p>\n<p>In 2012, AFS Brazil offered a full scholarship to a year-long program in the Czech Republic. As I always desired to come here and deeply immerse in its culture, I applied for the scholarship. After a selection process I was informed that I was the chosen to spend a year in this amazing country!<\/p>\n<p>It has been 7 months since I left my life in Brazil and got to meet lots of people over here and, consequently, many different points of view. I feel so lucky about it! All the different stories I\u2019ve heard, many unlike life styles, all of that introduces something new, something that I probably would never have if I did not come here. It must be obvious I do miss my family and friends in Brazil, but they are happy I am having this awesome opportunity and I am glad, as well.<\/p>\n<p>Czech Republic is a country full of history and culture, what has caught my attention since I was younger. I am an architecture passionate and this small piece of land in Central Europe is a museum in the open. These are only some reason by which I am here.<\/p>\n<p>But, as everything has a however, not everything is all good. There are few things I dislike, for example, buses drivers. It may seem a bit stupid to mention them, but it is extremely unpleasant to say \u201cdobr\u00fd den\u201d for them and not even receive a response. Sometimes they barely even look at you. Another thing I do not like is the system they use in schools. Students take so many exams in a week that they usually find themselves lost with the grade. And, of course, it makes them have a kind of \u201caversion\/loathing\u201d to school.\u00a0 Sometimes it is also hard to make friends there (at school I mean). These are the chief facts which I am not fond of with.<\/p>\n<p>I have a host-family here, as all the other AFS students, and it helps loads to feel connected to the culture and mores. Sometimes we travel to know more of the country, to visit interesting places and have a time together. In addition to very good friends, I also found a family here. I have 3 months left and I cannot imagine how I will say bye for all these people here, how I will live without them.<\/p>\n<p>At school I try to do the best I can, but, as Czech language is not easy at all, I do not understand all so that I mainly study mathematics and sometimes physics, since they are number-based subjects. For the other subjects I usually make presentations, in English or in Czech. After school I go back home or hang out with a friend, what is important to keep me focused.<\/p>\n<p>Moreover, I have done bunches of presentations about Brazil in schools or AFS events. It is such a pleasure to disclosure my country abroad and to create friendships bond with another nation. I just feel blessed!<\/p>\n<p>Thanks very much AFS BRA and AFS CZE for making it possible. I will be always thankful for it and I hope many more youth will have the opportunity I am having now. Thanks for all the friends I\u2019ve made, all the places I have visited, all the new things I have added to myself.<\/p>\n<p>D\u00edky moc!!!<\/p>\n<p>Rangel Rodrigues de Amorim, Braz\u00edlie<\/p>\n<p>&nbsp;<\/p>\n<p><em><figure class=\"wp-image-wrap\"><img loading=\"lazy\" decoding=\"async\" class=\"alignnone size-full wp-image-3715\" src=\"http:\/\/czechrepublic.afssite.afs.org\/wp-content\/uploads\/sites\/84\/2017\/03\/Rangel_na_ly\u017e\u00edch_NH13.jpg\" alt=\"Rangel_na_ly\u017e\u00edch_NH13\" width=\"960\" height=\"539\" \/><\/figure><\/em><\/p>\n","protected":false},"excerpt":{"rendered":"<p>Ahoj, jmenuju se Rangel a jsem z Braz\u00edlii. In 2012, AFS Brazil offered a full scholarship to a year-long program&hellip;<\/p>\n","protected":false},"author":362,"featured_media":3716,"comment_status":"open","ping_status":"open","sticky":false,"template":"","format":"standard","meta":{"footnotes":""},"categories":[49],"tags":[],"class_list":["post-3713","post","type-post","status-publish","format-standard","has-post-thumbnail","hentry","category-hostitelsky-program"],"yoast_head":"<!-- This site is optimized with the Yoast SEO Premium plugin v26.6 (Yoast SEO v26.6) - https:\/\/yoast.com\/wordpress\/plugins\/seo\/ -->\n<title>Rangel z Braz\u00edlie, Rous\u00ednov u Brna (student 2013\/2014) - Mezikulturn\u00ed programy<\/title>\n<meta name=\"robots\" content=\"index, follow, max-snippet:-1, max-image-preview:large, max-video-preview:-1\" \/>\n<link rel=\"canonical\" href=\"https:\/\/www.afs.cz\/en\/2017\/03\/rangel-z-brazilie-rousinov-u-brna-student-20132014\/\" \/>\n<meta property=\"og:locale\" content=\"en_US\" \/>\n<meta property=\"og:type\" content=\"article\" \/>\n<meta property=\"og:title\" content=\"Rangel z Braz\u00edlie, Rous\u00ednov u Brna (student 2013\/2014)\" \/>\n<meta property=\"og:description\" content=\"Ahoj, jmenuju se Rangel a jsem z Braz\u00edlii. In 2012, AFS Brazil offered a full scholarship to a year-long program&hellip;\" \/>\n<meta property=\"og:url\" content=\"https:\/\/www.afs.cz\/en\/2017\/03\/rangel-z-brazilie-rousinov-u-brna-student-20132014\/\" \/>\n<meta property=\"og:site_name\" content=\"Mezikulturn\u00ed programy\" \/>\n<meta property=\"article:published_time\" content=\"2017-03-31T10:22:57+00:00\" \/>\n<meta property=\"article:modified_time\" content=\"2019-10-29T19:48:47+00:00\" \/>\n<meta property=\"og:image\" content=\"https:\/\/d22dvihj4pfop3.cloudfront.net\/wp-content\/uploads\/sites\/84\/2017\/03\/31112141\/Havlovi___Rangel_NH13.jpg\" \/>\n\t<meta property=\"og:image:width\" content=\"500\" \/>\n\t<meta property=\"og:image:height\" content=\"333\" \/>\n\t<meta property=\"og:image:type\" content=\"image\/jpeg\" \/>\n<meta name=\"author\" content=\"Anton\u00edn\" \/>\n<meta name=\"twitter:card\" content=\"summary_large_image\" \/>\n<meta name=\"twitter:label1\" content=\"Written by\" \/>\n\t<meta name=\"twitter:data1\" content=\"Anton\u00edn\" \/>\n\t<meta name=\"twitter:label2\" content=\"Est. reading time\" \/>\n\t<meta name=\"twitter:data2\" content=\"3 minutes\" \/>\n<script type=\"application\/ld+json\" class=\"yoast-schema-graph\">{\"@context\":\"https:\/\/schema.org\",\"@graph\":[{\"@type\":\"WebPage\",\"@id\":\"https:\/\/www.afs.cz\/en\/2017\/03\/rangel-z-brazilie-rousinov-u-brna-student-20132014\/\",\"url\":\"https:\/\/www.afs.cz\/en\/2017\/03\/rangel-z-brazilie-rousinov-u-brna-student-20132014\/\",\"name\":\"Rangel z Braz\u00edlie, Rous\u00ednov u Brna (student 2013\/2014) - Mezikulturn\u00ed programy\",\"isPartOf\":{\"@id\":\"https:\/\/www.afs.cz\/en\/#website\"},\"primaryImageOfPage\":{\"@id\":\"https:\/\/www.afs.cz\/en\/2017\/03\/rangel-z-brazilie-rousinov-u-brna-student-20132014\/#primaryimage\"},\"image\":{\"@id\":\"https:\/\/www.afs.cz\/en\/2017\/03\/rangel-z-brazilie-rousinov-u-brna-student-20132014\/#primaryimage\"},\"thumbnailUrl\":\"https:\/\/d22dvihj4pfop3.cloudfront.net\/wp-content\/uploads\/sites\/84\/2017\/03\/31112141\/Havlovi___Rangel_NH13.jpg\",\"datePublished\":\"2017-03-31T10:22:57+00:00\",\"dateModified\":\"2019-10-29T19:48:47+00:00\",\"author\":{\"@id\":\"https:\/\/www.afs.cz\/en\/#\/schema\/person\/ea24b587e17a7b917c6adf304d22231b\"},\"breadcrumb\":{\"@id\":\"https:\/\/www.afs.cz\/en\/2017\/03\/rangel-z-brazilie-rousinov-u-brna-student-20132014\/#breadcrumb\"},\"inLanguage\":\"en-US\",\"potentialAction\":[{\"@type\":\"ReadAction\",\"target\":[\"https:\/\/www.afs.cz\/en\/2017\/03\/rangel-z-brazilie-rousinov-u-brna-student-20132014\/\"]}]},{\"@type\":\"ImageObject\",\"inLanguage\":\"en-US\",\"@id\":\"https:\/\/www.afs.cz\/en\/2017\/03\/rangel-z-brazilie-rousinov-u-brna-student-20132014\/#primaryimage\",\"url\":\"https:\/\/d22dvihj4pfop3.cloudfront.net\/wp-content\/uploads\/sites\/84\/2017\/03\/31112141\/Havlovi___Rangel_NH13.jpg\",\"contentUrl\":\"https:\/\/d22dvihj4pfop3.cloudfront.net\/wp-content\/uploads\/sites\/84\/2017\/03\/31112141\/Havlovi___Rangel_NH13.jpg\",\"width\":500,\"height\":333},{\"@type\":\"BreadcrumbList\",\"@id\":\"https:\/\/www.afs.cz\/en\/2017\/03\/rangel-z-brazilie-rousinov-u-brna-student-20132014\/#breadcrumb\",\"itemListElement\":[{\"@type\":\"ListItem\",\"position\":1,\"name\":\"Home\",\"item\":\"https:\/\/czechrepublic.afssite.afs.org\/en\/\"},{\"@type\":\"ListItem\",\"position\":2,\"name\":\"Rangel z Braz\u00edlie, Rous\u00ednov u Brna (student 2013\/2014)\"}]},{\"@type\":\"WebSite\",\"@id\":\"https:\/\/www.afs.cz\/en\/#website\",\"url\":\"https:\/\/www.afs.cz\/en\/\",\"name\":\"Mezikulturn\u00ed programy\",\"description\":\"Studium v zahrani\u010d\u00ed, hostitelsk\u00fd program, vzd\u011bl\u00e1vac\u00ed programy, dobrovolnictv\u00ed a mnoho dal\u0161\u00edho.\",\"potentialAction\":[{\"@type\":\"SearchAction\",\"target\":{\"@type\":\"EntryPoint\",\"urlTemplate\":\"https:\/\/www.afs.cz\/en\/?s={search_term_string}\"},\"query-input\":{\"@type\":\"PropertyValueSpecification\",\"valueRequired\":true,\"valueName\":\"search_term_string\"}}],\"inLanguage\":\"en-US\"},{\"@type\":\"Person\",\"@id\":\"https:\/\/www.afs.cz\/en\/#\/schema\/person\/ea24b587e17a7b917c6adf304d22231b\",\"name\":\"Anton\u00edn\",\"image\":{\"@type\":\"ImageObject\",\"inLanguage\":\"en-US\",\"@id\":\"https:\/\/www.afs.cz\/en\/#\/schema\/person\/image\/\",\"url\":\"https:\/\/secure.gravatar.com\/avatar\/170edf6c3be86476c6ff9c0f287e41733ed9b746686ef87738bde1bcb52866e4?s=96&d=mm&r=g\",\"contentUrl\":\"https:\/\/secure.gravatar.com\/avatar\/170edf6c3be86476c6ff9c0f287e41733ed9b746686ef87738bde1bcb52866e4?s=96&d=mm&r=g\",\"caption\":\"Anton\u00edn\"},\"url\":\"https:\/\/www.afs.cz\/en\/author\/teichmaa\/\"}]}<\/script>\n<!-- \/ Yoast SEO Premium plugin. -->","yoast_head_json":{"title":"Rangel z Braz\u00edlie, Rous\u00ednov u Brna (student 2013\/2014) - Mezikulturn\u00ed programy","robots":{"index":"index","follow":"follow","max-snippet":"max-snippet:-1","max-image-preview":"max-image-preview:large","max-video-preview":"max-video-preview:-1"},"canonical":"https:\/\/www.afs.cz\/en\/2017\/03\/rangel-z-brazilie-rousinov-u-brna-student-20132014\/","og_locale":"en_US","og_type":"article","og_title":"Rangel z Braz\u00edlie, Rous\u00ednov u Brna (student 2013\/2014)","og_description":"Ahoj, jmenuju se Rangel a jsem z Braz\u00edlii. In 2012, AFS Brazil offered a full scholarship to a year-long program&hellip;","og_url":"https:\/\/www.afs.cz\/en\/2017\/03\/rangel-z-brazilie-rousinov-u-brna-student-20132014\/","og_site_name":"Mezikulturn\u00ed programy","article_published_time":"2017-03-31T10:22:57+00:00","article_modified_time":"2019-10-29T19:48:47+00:00","og_image":[{"url":"https:\/\/d22dvihj4pfop3.cloudfront.net\/wp-content\/uploads\/sites\/84\/2017\/03\/31112141\/Havlovi___Rangel_NH13.jpg","width":500,"height":333,"type":"image\/jpeg"}],"author":"Anton\u00edn","twitter_card":"summary_large_image","twitter_misc":{"Written by":"Anton\u00edn","Est. reading time":"3 minutes"},"schema":{"@context":"https:\/\/schema.org","@graph":[{"@type":"WebPage","@id":"https:\/\/www.afs.cz\/en\/2017\/03\/rangel-z-brazilie-rousinov-u-brna-student-20132014\/","url":"https:\/\/www.afs.cz\/en\/2017\/03\/rangel-z-brazilie-rousinov-u-brna-student-20132014\/","name":"Rangel z Braz\u00edlie, Rous\u00ednov u Brna (student 2013\/2014) - Mezikulturn\u00ed programy","isPartOf":{"@id":"https:\/\/www.afs.cz\/en\/#website"},"primaryImageOfPage":{"@id":"https:\/\/www.afs.cz\/en\/2017\/03\/rangel-z-brazilie-rousinov-u-brna-student-20132014\/#primaryimage"},"image":{"@id":"https:\/\/www.afs.cz\/en\/2017\/03\/rangel-z-brazilie-rousinov-u-brna-student-20132014\/#primaryimage"},"thumbnailUrl":"https:\/\/d22dvihj4pfop3.cloudfront.net\/wp-content\/uploads\/sites\/84\/2017\/03\/31112141\/Havlovi___Rangel_NH13.jpg","datePublished":"2017-03-31T10:22:57+00:00","dateModified":"2019-10-29T19:48:47+00:00","author":{"@id":"https:\/\/www.afs.cz\/en\/#\/schema\/person\/ea24b587e17a7b917c6adf304d22231b"},"breadcrumb":{"@id":"https:\/\/www.afs.cz\/en\/2017\/03\/rangel-z-brazilie-rousinov-u-brna-student-20132014\/#breadcrumb"},"inLanguage":"en-US","potentialAction":[{"@type":"ReadAction","target":["https:\/\/www.afs.cz\/en\/2017\/03\/rangel-z-brazilie-rousinov-u-brna-student-20132014\/"]}]},{"@type":"ImageObject","inLanguage":"en-US","@id":"https:\/\/www.afs.cz\/en\/2017\/03\/rangel-z-brazilie-rousinov-u-brna-student-20132014\/#primaryimage","url":"https:\/\/d22dvihj4pfop3.cloudfront.net\/wp-content\/uploads\/sites\/84\/2017\/03\/31112141\/Havlovi___Rangel_NH13.jpg","contentUrl":"https:\/\/d22dvihj4pfop3.cloudfront.net\/wp-content\/uploads\/sites\/84\/2017\/03\/31112141\/Havlovi___Rangel_NH13.jpg","width":500,"height":333},{"@type":"BreadcrumbList","@id":"https:\/\/www.afs.cz\/en\/2017\/03\/rangel-z-brazilie-rousinov-u-brna-student-20132014\/#breadcrumb","itemListElement":[{"@type":"ListItem","position":1,"name":"Home","item":"https:\/\/czechrepublic.afssite.afs.org\/en\/"},{"@type":"ListItem","position":2,"name":"Rangel z Braz\u00edlie, Rous\u00ednov u Brna (student 2013\/2014)"}]},{"@type":"WebSite","@id":"https:\/\/www.afs.cz\/en\/#website","url":"https:\/\/www.afs.cz\/en\/","name":"Mezikulturn\u00ed programy","description":"Studium v zahrani\u010d\u00ed, hostitelsk\u00fd program, vzd\u011bl\u00e1vac\u00ed programy, dobrovolnictv\u00ed a mnoho dal\u0161\u00edho.","potentialAction":[{"@type":"SearchAction","target":{"@type":"EntryPoint","urlTemplate":"https:\/\/www.afs.cz\/en\/?s={search_term_string}"},"query-input":{"@type":"PropertyValueSpecification","valueRequired":true,"valueName":"search_term_string"}}],"inLanguage":"en-US"},{"@type":"Person","@id":"https:\/\/www.afs.cz\/en\/#\/schema\/person\/ea24b587e17a7b917c6adf304d22231b","name":"Anton\u00edn","image":{"@type":"ImageObject","inLanguage":"en-US","@id":"https:\/\/www.afs.cz\/en\/#\/schema\/person\/image\/","url":"https:\/\/secure.gravatar.com\/avatar\/170edf6c3be86476c6ff9c0f287e41733ed9b746686ef87738bde1bcb52866e4?s=96&d=mm&r=g","contentUrl":"https:\/\/secure.gravatar.com\/avatar\/170edf6c3be86476c6ff9c0f287e41733ed9b746686ef87738bde1bcb52866e4?s=96&d=mm&r=g","caption":"Anton\u00edn"},"url":"https:\/\/www.afs.cz\/en\/author\/teichmaa\/"}]}},"_links":{"self":[{"href":"https:\/\/www.afs.cz\/en\/wp-json\/wp\/v2\/posts\/3713","targetHints":{"allow":["GET"]}}],"collection":[{"href":"https:\/\/www.afs.cz\/en\/wp-json\/wp\/v2\/posts"}],"about":[{"href":"https:\/\/www.afs.cz\/en\/wp-json\/wp\/v2\/types\/post"}],"author":[{"embeddable":true,"href":"https:\/\/www.afs.cz\/en\/wp-json\/wp\/v2\/users\/362"}],"replies":[{"embeddable":true,"href":"https:\/\/www.afs.cz\/en\/wp-json\/wp\/v2\/comments?post=3713"}],"version-history":[{"count":3,"href":"https:\/\/www.afs.cz\/en\/wp-json\/wp\/v2\/posts\/3713\/revisions"}],"predecessor-version":[{"id":9483,"href":"https:\/\/www.afs.cz\/en\/wp-json\/wp\/v2\/posts\/3713\/revisions\/9483"}],"wp:featuredmedia":[{"embeddable":true,"href":"https:\/\/www.afs.cz\/en\/wp-json\/wp\/v2\/media\/3716"}],"wp:attachment":[{"href":"https:\/\/www.afs.cz\/en\/wp-json\/wp\/v2\/media?parent=3713"}],"wp:term":[{"taxonomy":"category","embeddable":true,"href":"https:\/\/www.afs.cz\/en\/wp-json\/wp\/v2\/categories?post=3713"},{"taxonomy":"post_tag","embeddable":true,"href":"https:\/\/www.afs.cz\/en\/wp-json\/wp\/v2\/tags?post=3713"}],"curies":[{"name":"wp","href":"https:\/\/api.w.org\/{rel}","templated":true}]}}