{"id":3694,"date":"2017-03-31T11:16:21","date_gmt":"2017-03-31T10:16:21","guid":{"rendered":"http:\/\/czechrepublic.afssite.afs.org\/?p=3694"},"modified":"2017-03-31T11:16:21","modified_gmt":"2017-03-31T10:16:21","slug":"leonel-z-mexika-vrchlabi-student-20142015","status":"publish","type":"post","link":"https:\/\/www.afs.cz\/en\/2017\/03\/leonel-z-mexika-vrchlabi-student-20142015\/","title":{"rendered":"Leonel z Mexika, Vrchlab\u00ed (student 2014\/2015)"},"content":{"rendered":"<p>Hello, my name is Leonel Leyva Ortiz; I have 17 years old and I\u00b4m from Mexico.<\/p>\n<p>First of all when I had to choose one country, in my head was Germany, France, Norway. All of those weren\u2019t available, so I was going to go to Hungary. In 2 week I received a phone call from AFS Mexico that they have Czech Republic available, I didn\u2019t know anything about Czech Republic, so I did my research and agreed.<\/p>\n<p>When I arrived to the Czech Republic, I was felling nervous, we saw AFS volunteers with posters, balloons, etc. then we met everyone from all countries and I felt like we where a big family, because everyone was in the same situation as me.<\/p>\n<p>When my host family came to pick me up I was so nervous that I didn\u2019t even recognize them.<br \/>\nWhen they present me to them I wanted to hug them, and I tried but they denied, at the beginning it was kind of awkward and sad for me but then I understand that they don\u2019t really give much affection to each other, it is normal and I needed to understand it.<\/p>\n<p>The first months were so many different feelings. The first day of school when I arrived in class and the teacher present me to the everyone, nobody talked to me. I remember the AFS camps back in Mexico \u201cthey will not come and talk to you. You need to take the initiative, otherwise they will be interested in you but they will not show it\u201d. It was so difficult for me because back in Mexico we are very social, kind and talkative. So the first 2 hours nobody talk to me and then I decided to get up and talk. They were so kind and nice, I didn\u2019t notice it but \u00a0I realized all Vrchlab\u00ed (my town) knew who I was \u201cthe Mexi\u010dan\u201d. And from that day till now all kids, girls, boys from all ages said at least\u00a0 \u201cAHOJ\u201d.<\/p>\n<p>With my Czech family it was a little more difficult, I had problems at the beginning but with help of my contact person and my family back in Mexico, we figured all things out, and now we have a very good relationship, even though most of the time you miss your biological family.<\/p>\n<p>Live here is so different, from my normal life, here I live in a very small town, that make me appreciate all the thing I don\u2019t have back in Mexico, the nature, the sports,etc.<br \/>\nAnd the most amazing things are the little details, those details that makes your year the best and they are the most simple things, such as walking from home to school and watching a beautiful sunrise or watching the snow falling in your face\u2026 things that I could never have in Mexico.<\/p>\n<p>I wish I could tell you all my experiences here, but I need to fill up only one page.<br \/>\nIf you are planning to go in a exchange year THINK NO MORE AND GO. You will realize that the world is huge, filled with different kind of people, you will grow emotionally, you will be more mature, and you will know that life isn\u2019t about\u00a0 mom and dad helping you always, you will be self-dependent.<\/p>\n<p>Yes the language is an extra, but I think that the real goal of an exchange year, is to find yourself, learn about other culture, experience the life of others, with different family and appreciate everything you have back in home. Now I can\u2019t imagine my life in another place, Czech Republic was the best decision I ever made.<\/p>\n<p>Always live to a 100% because those experience are once in a life time and always live the moment, because the moment is what matters, not the past, not the future&#8230;NOW!<\/p>\n<p>Leonel Leyva Ortiz, Mexiko<\/p>\n","protected":false},"excerpt":{"rendered":"<p>Hello, my name is Leonel Leyva Ortiz; I have 17 years old and I\u00b4m from Mexico. First of all when&hellip;<\/p>\n","protected":false},"author":362,"featured_media":3695,"comment_status":"open","ping_status":"open","sticky":false,"template":"","format":"standard","meta":{"footnotes":""},"categories":[49],"tags":[],"class_list":["post-3694","post","type-post","status-publish","format-standard","has-post-thumbnail","hentry","category-hostitelsky-program"],"yoast_head":"<!-- This site is optimized with the Yoast SEO Premium plugin v26.6 (Yoast SEO v26.6) - https:\/\/yoast.com\/wordpress\/plugins\/seo\/ -->\n<title>Leonel z Mexika, Vrchlab\u00ed (student 2014\/2015) - Mezikulturn\u00ed programy<\/title>\n<meta name=\"description\" content=\"My year in the Czech Republic.\" \/>\n<meta name=\"robots\" content=\"index, follow, max-snippet:-1, max-image-preview:large, max-video-preview:-1\" \/>\n<link rel=\"canonical\" href=\"https:\/\/www.afs.cz\/en\/2017\/03\/leonel-z-mexika-vrchlabi-student-20142015\/\" \/>\n<meta property=\"og:locale\" content=\"en_US\" \/>\n<meta property=\"og:type\" content=\"article\" \/>\n<meta property=\"og:title\" content=\"Leonel z Mexika, Vrchlab\u00ed (student 2014\/2015)\" \/>\n<meta property=\"og:description\" content=\"My year in the Czech Republic.\" \/>\n<meta property=\"og:url\" content=\"https:\/\/www.afs.cz\/en\/2017\/03\/leonel-z-mexika-vrchlabi-student-20142015\/\" \/>\n<meta property=\"og:site_name\" content=\"Mezikulturn\u00ed programy\" \/>\n<meta property=\"article:published_time\" content=\"2017-03-31T10:16:21+00:00\" \/>\n<meta property=\"og:image\" content=\"https:\/\/d22dvihj4pfop3.cloudfront.net\/wp-content\/uploads\/sites\/84\/2017\/03\/31111600\/Leonel_1.jpg\" \/>\n\t<meta property=\"og:image:width\" content=\"375\" \/>\n\t<meta property=\"og:image:height\" content=\"500\" \/>\n\t<meta property=\"og:image:type\" content=\"image\/jpeg\" \/>\n<meta name=\"author\" content=\"Anton\u00edn\" \/>\n<meta name=\"twitter:card\" content=\"summary_large_image\" \/>\n<meta name=\"twitter:label1\" content=\"Written by\" \/>\n\t<meta name=\"twitter:data1\" content=\"Anton\u00edn\" \/>\n\t<meta name=\"twitter:label2\" content=\"Est. reading time\" \/>\n\t<meta name=\"twitter:data2\" content=\"3 minutes\" \/>\n<script type=\"application\/ld+json\" class=\"yoast-schema-graph\">{\"@context\":\"https:\/\/schema.org\",\"@graph\":[{\"@type\":\"WebPage\",\"@id\":\"https:\/\/www.afs.cz\/en\/2017\/03\/leonel-z-mexika-vrchlabi-student-20142015\/\",\"url\":\"https:\/\/www.afs.cz\/en\/2017\/03\/leonel-z-mexika-vrchlabi-student-20142015\/\",\"name\":\"Leonel z Mexika, Vrchlab\u00ed (student 2014\/2015) - Mezikulturn\u00ed programy\",\"isPartOf\":{\"@id\":\"https:\/\/www.afs.cz\/en\/#website\"},\"primaryImageOfPage\":{\"@id\":\"https:\/\/www.afs.cz\/en\/2017\/03\/leonel-z-mexika-vrchlabi-student-20142015\/#primaryimage\"},\"image\":{\"@id\":\"https:\/\/www.afs.cz\/en\/2017\/03\/leonel-z-mexika-vrchlabi-student-20142015\/#primaryimage\"},\"thumbnailUrl\":\"https:\/\/d22dvihj4pfop3.cloudfront.net\/wp-content\/uploads\/sites\/84\/2017\/03\/31111600\/Leonel_1.jpg\",\"datePublished\":\"2017-03-31T10:16:21+00:00\",\"author\":{\"@id\":\"https:\/\/www.afs.cz\/en\/#\/schema\/person\/ea24b587e17a7b917c6adf304d22231b\"},\"description\":\"My year in the Czech Republic.\",\"breadcrumb\":{\"@id\":\"https:\/\/www.afs.cz\/en\/2017\/03\/leonel-z-mexika-vrchlabi-student-20142015\/#breadcrumb\"},\"inLanguage\":\"en-US\",\"potentialAction\":[{\"@type\":\"ReadAction\",\"target\":[\"https:\/\/www.afs.cz\/en\/2017\/03\/leonel-z-mexika-vrchlabi-student-20142015\/\"]}]},{\"@type\":\"ImageObject\",\"inLanguage\":\"en-US\",\"@id\":\"https:\/\/www.afs.cz\/en\/2017\/03\/leonel-z-mexika-vrchlabi-student-20142015\/#primaryimage\",\"url\":\"https:\/\/d22dvihj4pfop3.cloudfront.net\/wp-content\/uploads\/sites\/84\/2017\/03\/31111600\/Leonel_1.jpg\",\"contentUrl\":\"https:\/\/d22dvihj4pfop3.cloudfront.net\/wp-content\/uploads\/sites\/84\/2017\/03\/31111600\/Leonel_1.jpg\",\"width\":375,\"height\":500},{\"@type\":\"BreadcrumbList\",\"@id\":\"https:\/\/www.afs.cz\/en\/2017\/03\/leonel-z-mexika-vrchlabi-student-20142015\/#breadcrumb\",\"itemListElement\":[{\"@type\":\"ListItem\",\"position\":1,\"name\":\"Home\",\"item\":\"https:\/\/czechrepublic.afssite.afs.org\/en\/\"},{\"@type\":\"ListItem\",\"position\":2,\"name\":\"Leonel z Mexika, Vrchlab\u00ed (student 2014\/2015)\"}]},{\"@type\":\"WebSite\",\"@id\":\"https:\/\/www.afs.cz\/en\/#website\",\"url\":\"https:\/\/www.afs.cz\/en\/\",\"name\":\"Mezikulturn\u00ed programy\",\"description\":\"Studium v zahrani\u010d\u00ed, hostitelsk\u00fd program, vzd\u011bl\u00e1vac\u00ed programy, dobrovolnictv\u00ed a mnoho dal\u0161\u00edho.\",\"potentialAction\":[{\"@type\":\"SearchAction\",\"target\":{\"@type\":\"EntryPoint\",\"urlTemplate\":\"https:\/\/www.afs.cz\/en\/?s={search_term_string}\"},\"query-input\":{\"@type\":\"PropertyValueSpecification\",\"valueRequired\":true,\"valueName\":\"search_term_string\"}}],\"inLanguage\":\"en-US\"},{\"@type\":\"Person\",\"@id\":\"https:\/\/www.afs.cz\/en\/#\/schema\/person\/ea24b587e17a7b917c6adf304d22231b\",\"name\":\"Anton\u00edn\",\"image\":{\"@type\":\"ImageObject\",\"inLanguage\":\"en-US\",\"@id\":\"https:\/\/www.afs.cz\/en\/#\/schema\/person\/image\/\",\"url\":\"https:\/\/secure.gravatar.com\/avatar\/170edf6c3be86476c6ff9c0f287e41733ed9b746686ef87738bde1bcb52866e4?s=96&d=mm&r=g\",\"contentUrl\":\"https:\/\/secure.gravatar.com\/avatar\/170edf6c3be86476c6ff9c0f287e41733ed9b746686ef87738bde1bcb52866e4?s=96&d=mm&r=g\",\"caption\":\"Anton\u00edn\"},\"url\":\"https:\/\/www.afs.cz\/en\/author\/teichmaa\/\"}]}<\/script>\n<!-- \/ Yoast SEO Premium plugin. -->","yoast_head_json":{"title":"Leonel z Mexika, Vrchlab\u00ed (student 2014\/2015) - Mezikulturn\u00ed programy","description":"My year in the Czech Republic.","robots":{"index":"index","follow":"follow","max-snippet":"max-snippet:-1","max-image-preview":"max-image-preview:large","max-video-preview":"max-video-preview:-1"},"canonical":"https:\/\/www.afs.cz\/en\/2017\/03\/leonel-z-mexika-vrchlabi-student-20142015\/","og_locale":"en_US","og_type":"article","og_title":"Leonel z Mexika, Vrchlab\u00ed (student 2014\/2015)","og_description":"My year in the Czech Republic.","og_url":"https:\/\/www.afs.cz\/en\/2017\/03\/leonel-z-mexika-vrchlabi-student-20142015\/","og_site_name":"Mezikulturn\u00ed programy","article_published_time":"2017-03-31T10:16:21+00:00","og_image":[{"url":"https:\/\/d22dvihj4pfop3.cloudfront.net\/wp-content\/uploads\/sites\/84\/2017\/03\/31111600\/Leonel_1.jpg","width":375,"height":500,"type":"image\/jpeg"}],"author":"Anton\u00edn","twitter_card":"summary_large_image","twitter_misc":{"Written by":"Anton\u00edn","Est. reading time":"3 minutes"},"schema":{"@context":"https:\/\/schema.org","@graph":[{"@type":"WebPage","@id":"https:\/\/www.afs.cz\/en\/2017\/03\/leonel-z-mexika-vrchlabi-student-20142015\/","url":"https:\/\/www.afs.cz\/en\/2017\/03\/leonel-z-mexika-vrchlabi-student-20142015\/","name":"Leonel z Mexika, Vrchlab\u00ed (student 2014\/2015) - Mezikulturn\u00ed programy","isPartOf":{"@id":"https:\/\/www.afs.cz\/en\/#website"},"primaryImageOfPage":{"@id":"https:\/\/www.afs.cz\/en\/2017\/03\/leonel-z-mexika-vrchlabi-student-20142015\/#primaryimage"},"image":{"@id":"https:\/\/www.afs.cz\/en\/2017\/03\/leonel-z-mexika-vrchlabi-student-20142015\/#primaryimage"},"thumbnailUrl":"https:\/\/d22dvihj4pfop3.cloudfront.net\/wp-content\/uploads\/sites\/84\/2017\/03\/31111600\/Leonel_1.jpg","datePublished":"2017-03-31T10:16:21+00:00","author":{"@id":"https:\/\/www.afs.cz\/en\/#\/schema\/person\/ea24b587e17a7b917c6adf304d22231b"},"description":"My year in the Czech Republic.","breadcrumb":{"@id":"https:\/\/www.afs.cz\/en\/2017\/03\/leonel-z-mexika-vrchlabi-student-20142015\/#breadcrumb"},"inLanguage":"en-US","potentialAction":[{"@type":"ReadAction","target":["https:\/\/www.afs.cz\/en\/2017\/03\/leonel-z-mexika-vrchlabi-student-20142015\/"]}]},{"@type":"ImageObject","inLanguage":"en-US","@id":"https:\/\/www.afs.cz\/en\/2017\/03\/leonel-z-mexika-vrchlabi-student-20142015\/#primaryimage","url":"https:\/\/d22dvihj4pfop3.cloudfront.net\/wp-content\/uploads\/sites\/84\/2017\/03\/31111600\/Leonel_1.jpg","contentUrl":"https:\/\/d22dvihj4pfop3.cloudfront.net\/wp-content\/uploads\/sites\/84\/2017\/03\/31111600\/Leonel_1.jpg","width":375,"height":500},{"@type":"BreadcrumbList","@id":"https:\/\/www.afs.cz\/en\/2017\/03\/leonel-z-mexika-vrchlabi-student-20142015\/#breadcrumb","itemListElement":[{"@type":"ListItem","position":1,"name":"Home","item":"https:\/\/czechrepublic.afssite.afs.org\/en\/"},{"@type":"ListItem","position":2,"name":"Leonel z Mexika, Vrchlab\u00ed (student 2014\/2015)"}]},{"@type":"WebSite","@id":"https:\/\/www.afs.cz\/en\/#website","url":"https:\/\/www.afs.cz\/en\/","name":"Mezikulturn\u00ed programy","description":"Studium v zahrani\u010d\u00ed, hostitelsk\u00fd program, vzd\u011bl\u00e1vac\u00ed programy, dobrovolnictv\u00ed a mnoho dal\u0161\u00edho.","potentialAction":[{"@type":"SearchAction","target":{"@type":"EntryPoint","urlTemplate":"https:\/\/www.afs.cz\/en\/?s={search_term_string}"},"query-input":{"@type":"PropertyValueSpecification","valueRequired":true,"valueName":"search_term_string"}}],"inLanguage":"en-US"},{"@type":"Person","@id":"https:\/\/www.afs.cz\/en\/#\/schema\/person\/ea24b587e17a7b917c6adf304d22231b","name":"Anton\u00edn","image":{"@type":"ImageObject","inLanguage":"en-US","@id":"https:\/\/www.afs.cz\/en\/#\/schema\/person\/image\/","url":"https:\/\/secure.gravatar.com\/avatar\/170edf6c3be86476c6ff9c0f287e41733ed9b746686ef87738bde1bcb52866e4?s=96&d=mm&r=g","contentUrl":"https:\/\/secure.gravatar.com\/avatar\/170edf6c3be86476c6ff9c0f287e41733ed9b746686ef87738bde1bcb52866e4?s=96&d=mm&r=g","caption":"Anton\u00edn"},"url":"https:\/\/www.afs.cz\/en\/author\/teichmaa\/"}]}},"_links":{"self":[{"href":"https:\/\/www.afs.cz\/en\/wp-json\/wp\/v2\/posts\/3694","targetHints":{"allow":["GET"]}}],"collection":[{"href":"https:\/\/www.afs.cz\/en\/wp-json\/wp\/v2\/posts"}],"about":[{"href":"https:\/\/www.afs.cz\/en\/wp-json\/wp\/v2\/types\/post"}],"author":[{"embeddable":true,"href":"https:\/\/www.afs.cz\/en\/wp-json\/wp\/v2\/users\/362"}],"replies":[{"embeddable":true,"href":"https:\/\/www.afs.cz\/en\/wp-json\/wp\/v2\/comments?post=3694"}],"version-history":[{"count":1,"href":"https:\/\/www.afs.cz\/en\/wp-json\/wp\/v2\/posts\/3694\/revisions"}],"predecessor-version":[{"id":3696,"href":"https:\/\/www.afs.cz\/en\/wp-json\/wp\/v2\/posts\/3694\/revisions\/3696"}],"wp:featuredmedia":[{"embeddable":true,"href":"https:\/\/www.afs.cz\/en\/wp-json\/wp\/v2\/media\/3695"}],"wp:attachment":[{"href":"https:\/\/www.afs.cz\/en\/wp-json\/wp\/v2\/media?parent=3694"}],"wp:term":[{"taxonomy":"category","embeddable":true,"href":"https:\/\/www.afs.cz\/en\/wp-json\/wp\/v2\/categories?post=3694"},{"taxonomy":"post_tag","embeddable":true,"href":"https:\/\/www.afs.cz\/en\/wp-json\/wp\/v2\/tags?post=3694"}],"curies":[{"name":"wp","href":"https:\/\/api.w.org\/{rel}","templated":true}]}}