{"id":3679,"date":"2017-03-31T11:11:24","date_gmt":"2017-03-31T10:11:24","guid":{"rendered":"http:\/\/czechrepublic.afssite.afs.org\/?p=3679"},"modified":"2017-03-31T11:11:24","modified_gmt":"2017-03-31T10:11:24","slug":"alexandra-z-noveho-zelandu-senomaty-studentka-201516","status":"publish","type":"post","link":"https:\/\/www.afs.cz\/en\/2017\/03\/alexandra-z-noveho-zelandu-senomaty-studentka-201516\/","title":{"rendered":"Alexandra z Nov\u00e9ho Z\u00e9landu, Senomaty (studentka 2015\/16)"},"content":{"rendered":"<p>On my first glimpse at my home for the next year, I noticed how different the landscape was when I compared it to New Zealand. It was at that point I realised that over the next months I would experience so many new and different things that I had never even imagined. Living in New Zealand, and being fairly separate from the rest of the world, I had minimal experience with another culture or language. So, over my first few days in the Czech Republic, I was overwhelmed (in a good way) with new and exciting things!<\/p>\n<p>Of course, the biggest thing, though, was the language. It was strange for me not to understand at first however, as the days went on I began learning and understanding more and more. Immediately I began learning in the hope that I would speak as soon as possible. Honestly, it is a lot harder than I first expected as English is my only language although; I am pleased with my progress so far.<\/p>\n<p>The start of school was great. My classmates were really welcoming, eager to learn about New Zealand and to show me around the town. The classes however, have been challenging and also boring at times with my limited understanding. But the teachers are very understanding and patient!<\/p>\n<p>The food is another big change. In New Zealand it is common to eat a lot of fresh fruit and vegetables however, in the Czech Republic, I have been eating more bread and meat. This took some getting used to, but I really like the Czech food- particularly bakery!<\/p>\n<p>Both the natural landscape (trees, hills, animals etc) and cultural landscape (buildings and people) in the Czech Republic is very different to the landscape in New Zealand. The biggest difference being the houses in which people live. In New Zealand most people live in a house with a garden, both inside and outside of the city. However, here I have noticed that in the city it is more common for people to live in a flat. It is only in smaller towns that people live in houses.<\/p>\n<p>These are the most prominent differences I have noticed in my time here so far. I am looking forward to the rest of my exchange here where I will continue to learn Czech and explore the country. This exchange has already given me so many opportunities and experiences! I can\u2019t wait for the last half!<\/p>\n<p>Alex,<br \/>\nNew Zealand<\/p>\n<figure id=\"attachment_3680\" aria-describedby=\"caption-attachment-3680\" style=\"width: 2256px\" class=\"wp-caption alignnone\"><img loading=\"lazy\" decoding=\"async\" class=\"wp-image-3680 size-full\" src=\"http:\/\/d22dvihj4pfop3.cloudfront.net\/wp-content\/uploads\/sites\/84\/2017\/03\/31111025\/DSC_0445.jpg\" alt=\"DSC_0445\" width=\"2256\" height=\"1496\" \/><figcaption id=\"caption-attachment-3680\" class=\"wp-caption-text\">Alex se svoj\u00ed hostitelskou rodinou<\/figcaption><\/figure>\n","protected":false},"excerpt":{"rendered":"<p>On my first glimpse at my home for the next year, I noticed how different the landscape was when I&hellip;<\/p>\n","protected":false},"author":362,"featured_media":3681,"comment_status":"open","ping_status":"open","sticky":false,"template":"","format":"standard","meta":{"footnotes":""},"categories":[49],"tags":[],"class_list":["post-3679","post","type-post","status-publish","format-standard","has-post-thumbnail","hentry","category-hostitelsky-program"],"yoast_head":"<!-- This site is optimized with the Yoast SEO Premium plugin v26.6 (Yoast SEO v26.6) - https:\/\/yoast.com\/wordpress\/plugins\/seo\/ -->\n<title>Alexandra z Nov\u00e9ho Z\u00e9landu, Senomaty (studentka 2015\/16) - Mezikulturn\u00ed programy<\/title>\n<meta name=\"description\" content=\"Alex si v \u010cR ze v\u0161eho nejd\u0159\u00edve v\u0161imla, jak moc rozd\u00edln\u00e1 je krajina uprost\u0159ed Evropy a v jej\u00ed domovin\u011b - vzd\u00e1len\u00e9m Nov\u00e9m Z\u00e9landu.\" \/>\n<meta name=\"robots\" content=\"index, follow, max-snippet:-1, max-image-preview:large, max-video-preview:-1\" \/>\n<link rel=\"canonical\" href=\"https:\/\/www.afs.cz\/en\/2017\/03\/alexandra-z-noveho-zelandu-senomaty-studentka-201516\/\" \/>\n<meta property=\"og:locale\" content=\"en_US\" \/>\n<meta property=\"og:type\" content=\"article\" \/>\n<meta property=\"og:title\" content=\"Alexandra z Nov\u00e9ho Z\u00e9landu, Senomaty (studentka 2015\/16)\" \/>\n<meta property=\"og:description\" content=\"Alex si v \u010cR ze v\u0161eho nejd\u0159\u00edve v\u0161imla, jak moc rozd\u00edln\u00e1 je krajina uprost\u0159ed Evropy a v jej\u00ed domovin\u011b - vzd\u00e1len\u00e9m Nov\u00e9m Z\u00e9landu.\" \/>\n<meta property=\"og:url\" content=\"https:\/\/www.afs.cz\/en\/2017\/03\/alexandra-z-noveho-zelandu-senomaty-studentka-201516\/\" \/>\n<meta property=\"og:site_name\" content=\"Mezikulturn\u00ed programy\" \/>\n<meta property=\"article:published_time\" content=\"2017-03-31T10:11:24+00:00\" \/>\n<meta property=\"og:image\" content=\"https:\/\/d22dvihj4pfop3.cloudfront.net\/wp-content\/uploads\/sites\/84\/2017\/03\/31111035\/DSC_0499.jpg\" \/>\n\t<meta property=\"og:image:width\" content=\"500\" \/>\n\t<meta property=\"og:image:height\" content=\"332\" \/>\n\t<meta property=\"og:image:type\" content=\"image\/jpeg\" \/>\n<meta name=\"author\" content=\"Anton\u00edn\" \/>\n<meta name=\"twitter:card\" content=\"summary_large_image\" \/>\n<meta name=\"twitter:label1\" content=\"Written by\" \/>\n\t<meta name=\"twitter:data1\" content=\"Anton\u00edn\" \/>\n\t<meta name=\"twitter:label2\" content=\"Est. reading time\" \/>\n\t<meta name=\"twitter:data2\" content=\"2 minutes\" \/>\n<script type=\"application\/ld+json\" class=\"yoast-schema-graph\">{\"@context\":\"https:\/\/schema.org\",\"@graph\":[{\"@type\":\"WebPage\",\"@id\":\"https:\/\/www.afs.cz\/en\/2017\/03\/alexandra-z-noveho-zelandu-senomaty-studentka-201516\/\",\"url\":\"https:\/\/www.afs.cz\/en\/2017\/03\/alexandra-z-noveho-zelandu-senomaty-studentka-201516\/\",\"name\":\"Alexandra z Nov\u00e9ho Z\u00e9landu, Senomaty (studentka 2015\/16) - Mezikulturn\u00ed programy\",\"isPartOf\":{\"@id\":\"https:\/\/www.afs.cz\/en\/#website\"},\"primaryImageOfPage\":{\"@id\":\"https:\/\/www.afs.cz\/en\/2017\/03\/alexandra-z-noveho-zelandu-senomaty-studentka-201516\/#primaryimage\"},\"image\":{\"@id\":\"https:\/\/www.afs.cz\/en\/2017\/03\/alexandra-z-noveho-zelandu-senomaty-studentka-201516\/#primaryimage\"},\"thumbnailUrl\":\"https:\/\/d22dvihj4pfop3.cloudfront.net\/wp-content\/uploads\/sites\/84\/2017\/03\/31111035\/DSC_0499.jpg\",\"datePublished\":\"2017-03-31T10:11:24+00:00\",\"author\":{\"@id\":\"https:\/\/www.afs.cz\/en\/#\/schema\/person\/ea24b587e17a7b917c6adf304d22231b\"},\"description\":\"Alex si v \u010cR ze v\u0161eho nejd\u0159\u00edve v\u0161imla, jak moc rozd\u00edln\u00e1 je krajina uprost\u0159ed Evropy a v jej\u00ed domovin\u011b - vzd\u00e1len\u00e9m Nov\u00e9m Z\u00e9landu.\",\"breadcrumb\":{\"@id\":\"https:\/\/www.afs.cz\/en\/2017\/03\/alexandra-z-noveho-zelandu-senomaty-studentka-201516\/#breadcrumb\"},\"inLanguage\":\"en-US\",\"potentialAction\":[{\"@type\":\"ReadAction\",\"target\":[\"https:\/\/www.afs.cz\/en\/2017\/03\/alexandra-z-noveho-zelandu-senomaty-studentka-201516\/\"]}]},{\"@type\":\"ImageObject\",\"inLanguage\":\"en-US\",\"@id\":\"https:\/\/www.afs.cz\/en\/2017\/03\/alexandra-z-noveho-zelandu-senomaty-studentka-201516\/#primaryimage\",\"url\":\"https:\/\/d22dvihj4pfop3.cloudfront.net\/wp-content\/uploads\/sites\/84\/2017\/03\/31111035\/DSC_0499.jpg\",\"contentUrl\":\"https:\/\/d22dvihj4pfop3.cloudfront.net\/wp-content\/uploads\/sites\/84\/2017\/03\/31111035\/DSC_0499.jpg\",\"width\":500,\"height\":332},{\"@type\":\"BreadcrumbList\",\"@id\":\"https:\/\/www.afs.cz\/en\/2017\/03\/alexandra-z-noveho-zelandu-senomaty-studentka-201516\/#breadcrumb\",\"itemListElement\":[{\"@type\":\"ListItem\",\"position\":1,\"name\":\"Home\",\"item\":\"https:\/\/czechrepublic.afssite.afs.org\/en\/\"},{\"@type\":\"ListItem\",\"position\":2,\"name\":\"Alexandra z Nov\u00e9ho Z\u00e9landu, Senomaty (studentka 2015\/16)\"}]},{\"@type\":\"WebSite\",\"@id\":\"https:\/\/www.afs.cz\/en\/#website\",\"url\":\"https:\/\/www.afs.cz\/en\/\",\"name\":\"Mezikulturn\u00ed programy\",\"description\":\"Studium v zahrani\u010d\u00ed, hostitelsk\u00fd program, vzd\u011bl\u00e1vac\u00ed programy, dobrovolnictv\u00ed a mnoho dal\u0161\u00edho.\",\"potentialAction\":[{\"@type\":\"SearchAction\",\"target\":{\"@type\":\"EntryPoint\",\"urlTemplate\":\"https:\/\/www.afs.cz\/en\/?s={search_term_string}\"},\"query-input\":{\"@type\":\"PropertyValueSpecification\",\"valueRequired\":true,\"valueName\":\"search_term_string\"}}],\"inLanguage\":\"en-US\"},{\"@type\":\"Person\",\"@id\":\"https:\/\/www.afs.cz\/en\/#\/schema\/person\/ea24b587e17a7b917c6adf304d22231b\",\"name\":\"Anton\u00edn\",\"image\":{\"@type\":\"ImageObject\",\"inLanguage\":\"en-US\",\"@id\":\"https:\/\/www.afs.cz\/en\/#\/schema\/person\/image\/\",\"url\":\"https:\/\/secure.gravatar.com\/avatar\/170edf6c3be86476c6ff9c0f287e41733ed9b746686ef87738bde1bcb52866e4?s=96&d=mm&r=g\",\"contentUrl\":\"https:\/\/secure.gravatar.com\/avatar\/170edf6c3be86476c6ff9c0f287e41733ed9b746686ef87738bde1bcb52866e4?s=96&d=mm&r=g\",\"caption\":\"Anton\u00edn\"},\"url\":\"https:\/\/www.afs.cz\/en\/author\/teichmaa\/\"}]}<\/script>\n<!-- \/ Yoast SEO Premium plugin. -->","yoast_head_json":{"title":"Alexandra z Nov\u00e9ho Z\u00e9landu, Senomaty (studentka 2015\/16) - Mezikulturn\u00ed programy","description":"Alex si v \u010cR ze v\u0161eho nejd\u0159\u00edve v\u0161imla, jak moc rozd\u00edln\u00e1 je krajina uprost\u0159ed Evropy a v jej\u00ed domovin\u011b - vzd\u00e1len\u00e9m Nov\u00e9m Z\u00e9landu.","robots":{"index":"index","follow":"follow","max-snippet":"max-snippet:-1","max-image-preview":"max-image-preview:large","max-video-preview":"max-video-preview:-1"},"canonical":"https:\/\/www.afs.cz\/en\/2017\/03\/alexandra-z-noveho-zelandu-senomaty-studentka-201516\/","og_locale":"en_US","og_type":"article","og_title":"Alexandra z Nov\u00e9ho Z\u00e9landu, Senomaty (studentka 2015\/16)","og_description":"Alex si v \u010cR ze v\u0161eho nejd\u0159\u00edve v\u0161imla, jak moc rozd\u00edln\u00e1 je krajina uprost\u0159ed Evropy a v jej\u00ed domovin\u011b - vzd\u00e1len\u00e9m Nov\u00e9m Z\u00e9landu.","og_url":"https:\/\/www.afs.cz\/en\/2017\/03\/alexandra-z-noveho-zelandu-senomaty-studentka-201516\/","og_site_name":"Mezikulturn\u00ed programy","article_published_time":"2017-03-31T10:11:24+00:00","og_image":[{"url":"https:\/\/d22dvihj4pfop3.cloudfront.net\/wp-content\/uploads\/sites\/84\/2017\/03\/31111035\/DSC_0499.jpg","width":500,"height":332,"type":"image\/jpeg"}],"author":"Anton\u00edn","twitter_card":"summary_large_image","twitter_misc":{"Written by":"Anton\u00edn","Est. reading time":"2 minutes"},"schema":{"@context":"https:\/\/schema.org","@graph":[{"@type":"WebPage","@id":"https:\/\/www.afs.cz\/en\/2017\/03\/alexandra-z-noveho-zelandu-senomaty-studentka-201516\/","url":"https:\/\/www.afs.cz\/en\/2017\/03\/alexandra-z-noveho-zelandu-senomaty-studentka-201516\/","name":"Alexandra z Nov\u00e9ho Z\u00e9landu, Senomaty (studentka 2015\/16) - Mezikulturn\u00ed programy","isPartOf":{"@id":"https:\/\/www.afs.cz\/en\/#website"},"primaryImageOfPage":{"@id":"https:\/\/www.afs.cz\/en\/2017\/03\/alexandra-z-noveho-zelandu-senomaty-studentka-201516\/#primaryimage"},"image":{"@id":"https:\/\/www.afs.cz\/en\/2017\/03\/alexandra-z-noveho-zelandu-senomaty-studentka-201516\/#primaryimage"},"thumbnailUrl":"https:\/\/d22dvihj4pfop3.cloudfront.net\/wp-content\/uploads\/sites\/84\/2017\/03\/31111035\/DSC_0499.jpg","datePublished":"2017-03-31T10:11:24+00:00","author":{"@id":"https:\/\/www.afs.cz\/en\/#\/schema\/person\/ea24b587e17a7b917c6adf304d22231b"},"description":"Alex si v \u010cR ze v\u0161eho nejd\u0159\u00edve v\u0161imla, jak moc rozd\u00edln\u00e1 je krajina uprost\u0159ed Evropy a v jej\u00ed domovin\u011b - vzd\u00e1len\u00e9m Nov\u00e9m Z\u00e9landu.","breadcrumb":{"@id":"https:\/\/www.afs.cz\/en\/2017\/03\/alexandra-z-noveho-zelandu-senomaty-studentka-201516\/#breadcrumb"},"inLanguage":"en-US","potentialAction":[{"@type":"ReadAction","target":["https:\/\/www.afs.cz\/en\/2017\/03\/alexandra-z-noveho-zelandu-senomaty-studentka-201516\/"]}]},{"@type":"ImageObject","inLanguage":"en-US","@id":"https:\/\/www.afs.cz\/en\/2017\/03\/alexandra-z-noveho-zelandu-senomaty-studentka-201516\/#primaryimage","url":"https:\/\/d22dvihj4pfop3.cloudfront.net\/wp-content\/uploads\/sites\/84\/2017\/03\/31111035\/DSC_0499.jpg","contentUrl":"https:\/\/d22dvihj4pfop3.cloudfront.net\/wp-content\/uploads\/sites\/84\/2017\/03\/31111035\/DSC_0499.jpg","width":500,"height":332},{"@type":"BreadcrumbList","@id":"https:\/\/www.afs.cz\/en\/2017\/03\/alexandra-z-noveho-zelandu-senomaty-studentka-201516\/#breadcrumb","itemListElement":[{"@type":"ListItem","position":1,"name":"Home","item":"https:\/\/czechrepublic.afssite.afs.org\/en\/"},{"@type":"ListItem","position":2,"name":"Alexandra z Nov\u00e9ho Z\u00e9landu, Senomaty (studentka 2015\/16)"}]},{"@type":"WebSite","@id":"https:\/\/www.afs.cz\/en\/#website","url":"https:\/\/www.afs.cz\/en\/","name":"Mezikulturn\u00ed programy","description":"Studium v zahrani\u010d\u00ed, hostitelsk\u00fd program, vzd\u011bl\u00e1vac\u00ed programy, dobrovolnictv\u00ed a mnoho dal\u0161\u00edho.","potentialAction":[{"@type":"SearchAction","target":{"@type":"EntryPoint","urlTemplate":"https:\/\/www.afs.cz\/en\/?s={search_term_string}"},"query-input":{"@type":"PropertyValueSpecification","valueRequired":true,"valueName":"search_term_string"}}],"inLanguage":"en-US"},{"@type":"Person","@id":"https:\/\/www.afs.cz\/en\/#\/schema\/person\/ea24b587e17a7b917c6adf304d22231b","name":"Anton\u00edn","image":{"@type":"ImageObject","inLanguage":"en-US","@id":"https:\/\/www.afs.cz\/en\/#\/schema\/person\/image\/","url":"https:\/\/secure.gravatar.com\/avatar\/170edf6c3be86476c6ff9c0f287e41733ed9b746686ef87738bde1bcb52866e4?s=96&d=mm&r=g","contentUrl":"https:\/\/secure.gravatar.com\/avatar\/170edf6c3be86476c6ff9c0f287e41733ed9b746686ef87738bde1bcb52866e4?s=96&d=mm&r=g","caption":"Anton\u00edn"},"url":"https:\/\/www.afs.cz\/en\/author\/teichmaa\/"}]}},"_links":{"self":[{"href":"https:\/\/www.afs.cz\/en\/wp-json\/wp\/v2\/posts\/3679","targetHints":{"allow":["GET"]}}],"collection":[{"href":"https:\/\/www.afs.cz\/en\/wp-json\/wp\/v2\/posts"}],"about":[{"href":"https:\/\/www.afs.cz\/en\/wp-json\/wp\/v2\/types\/post"}],"author":[{"embeddable":true,"href":"https:\/\/www.afs.cz\/en\/wp-json\/wp\/v2\/users\/362"}],"replies":[{"embeddable":true,"href":"https:\/\/www.afs.cz\/en\/wp-json\/wp\/v2\/comments?post=3679"}],"version-history":[{"count":1,"href":"https:\/\/www.afs.cz\/en\/wp-json\/wp\/v2\/posts\/3679\/revisions"}],"predecessor-version":[{"id":3682,"href":"https:\/\/www.afs.cz\/en\/wp-json\/wp\/v2\/posts\/3679\/revisions\/3682"}],"wp:featuredmedia":[{"embeddable":true,"href":"https:\/\/www.afs.cz\/en\/wp-json\/wp\/v2\/media\/3681"}],"wp:attachment":[{"href":"https:\/\/www.afs.cz\/en\/wp-json\/wp\/v2\/media?parent=3679"}],"wp:term":[{"taxonomy":"category","embeddable":true,"href":"https:\/\/www.afs.cz\/en\/wp-json\/wp\/v2\/categories?post=3679"},{"taxonomy":"post_tag","embeddable":true,"href":"https:\/\/www.afs.cz\/en\/wp-json\/wp\/v2\/tags?post=3679"}],"curies":[{"name":"wp","href":"https:\/\/api.w.org\/{rel}","templated":true}]}}