{"id":3650,"date":"2017-03-31T11:02:22","date_gmt":"2017-03-31T10:02:22","guid":{"rendered":"http:\/\/czechrepublic.afssite.afs.org\/?p=3650"},"modified":"2017-03-31T11:05:13","modified_gmt":"2017-03-31T10:05:13","slug":"chayin-z-thajska-vysoke-myto-student-201516","status":"publish","type":"post","link":"https:\/\/www.afs.cz\/en\/2017\/03\/chayin-z-thajska-vysoke-myto-student-201516\/","title":{"rendered":"Chayin z Thajska, Vysok\u00e9 M\u00fdto (student 2015\/16)"},"content":{"rendered":"<h2>Things I Have Learned So Far During My Exchange Year<\/h2>\n<p>First, I\u2019d like to briefly introduce myself.<br \/>\nMy name is Chayin Tengkanokkul. People call me Ten because it\u2019s easier. I am a seventeen year old AFS student from Thailand. Right now I\u2019m living in Vysok\u00e9 M\u00fdto, a small town in the Pardubice region, surrounded by a pleasant environment and lovely people.<\/p>\n<figure id=\"attachment_3661\" aria-describedby=\"caption-attachment-3661\" style=\"width: 6425px\" class=\"wp-caption alignnone\"><img loading=\"lazy\" decoding=\"async\" class=\"wp-image-3661 size-full\" src=\"http:\/\/d22dvihj4pfop3.cloudfront.net\/wp-content\/uploads\/sites\/84\/2017\/03\/31110021\/IMG_20160115_154635.jpg\" alt=\"IMG_20160115_154635\" width=\"6425\" height=\"2335\" \/><figcaption id=\"caption-attachment-3661\" class=\"wp-caption-text\">Fig.1: The town square of Vysok\u00e9 M\u00fdto.<\/figcaption><\/figure>\n<p>My exchange life has just reached the halfway mark recently, and I\u2019ve been wondering about the experience in the past five months and how it affected me. I realized that a lot of aspects have changed in a better way and I\u2019d like to share this with you.<\/p>\n<figure id=\"attachment_3659\" aria-describedby=\"caption-attachment-3659\" style=\"width: 2976px\" class=\"wp-caption alignnone\"><img loading=\"lazy\" decoding=\"async\" class=\"wp-image-3659 size-full\" src=\"http:\/\/d22dvihj4pfop3.cloudfront.net\/wp-content\/uploads\/sites\/84\/2017\/03\/31110014\/Mahulena_TEN.jpg\" alt=\"Mahulena_TEN\" width=\"2976\" height=\"2976\" \/><figcaption id=\"caption-attachment-3659\" class=\"wp-caption-text\">Fig.2: My youngest sibling, Mahulena, having a small trouble.<\/figcaption><\/figure>\n<p><strong>Tolerance<\/strong><br \/>\nI wanted to start off with this because this is the most relatable for me (and the fastest thing I\u2019ve learned). I belong to a host family of four children: Ronja(16), Vojt\u011bch(8), Bo\u0159ivoj(5) and Mahulena(3). Before I came here, I\u2019ve usually had problems with children and loud noises. Having lots of younger siblings, it\u2019s inevitable that there would be noises at most of the time. I felt a little uncomfortable at first. It wasn\u2019t until the second week that I could listen to a crying sound without the urge to cringe. My host siblings are actually nice and playful. They are just kids after all! Nowadays, I know it\u2019s time to wake up &amp; go to school from the sounds my siblings make, no alarm clock needed!<\/p>\n<figure id=\"attachment_3658\" aria-describedby=\"caption-attachment-3658\" style=\"width: 2976px\" class=\"wp-caption alignnone\"><img loading=\"lazy\" decoding=\"async\" class=\"wp-image-3658 size-full\" src=\"http:\/\/d22dvihj4pfop3.cloudfront.net\/wp-content\/uploads\/sites\/84\/2017\/03\/31110007\/vlak_Chocen_TEN.jpg\" alt=\"vlak_Chocen_TEN\" width=\"2976\" height=\"2976\" \/><figcaption id=\"caption-attachment-3658\" class=\"wp-caption-text\">Fig.3: The train from my city to Choce\u0148<\/figcaption><\/figure>\n<figure id=\"attachment_3656\" aria-describedby=\"caption-attachment-3656\" style=\"width: 1440px\" class=\"wp-caption alignnone\"><img loading=\"lazy\" decoding=\"async\" class=\"wp-image-3656 size-full\" src=\"http:\/\/d22dvihj4pfop3.cloudfront.net\/wp-content\/uploads\/sites\/84\/2017\/03\/31110000\/20150904_134459_0_.jpg\" alt=\"20150904_134459_0_\" width=\"1440\" height=\"1080\" \/><figcaption id=\"caption-attachment-3656\" class=\"wp-caption-text\">Fig.4: Attending Gym Jam, one of the best activities in school.<\/figcaption><\/figure>\n<p><strong>Punctuality<\/strong><br \/>\nThais are known for their \u201cSabai-Sabai\u201d personality (also known as \u201cchill\u201d). We don\u2019t really prioritize the matter of time. This is why there are no timetables for public transports (e.g. buses, underground trains, sky-trains, etc.). It is surprising for me that there are schedules for autobuses even in small towns. I learned this the hard way back then when I had to sprint in the snow to catch the train in three minutes. Luckily, the train came just on time I reached the station and I learned that the matter of time is very important.<br \/>\n<strong>Confidence<\/strong><br \/>\nWe Thais are also known for the \u201cKreng-jai\u201d character. That means we prefer to stay quiet and get what we don\u2019t want than actually saying something. I attend the Gymn\u00e1zium in M\u00fdto and I noticed a lot of differences between schools here in the \u010cR and in Thailand. One of them is how students here are not afraid to raise their hands and show their opinions, while back in Thailand; students tend to look down to their notebooks and write what the teachers say. Especially in English class, where every student is encouraged to speak. I learned that it is okay to express opinions in an appropriate manner (despite the fact that I\u2019m still the shy Asian boy of the class, I\u2019m working on it!).<\/p>\n<figure id=\"attachment_3654\" aria-describedby=\"caption-attachment-3654\" style=\"width: 3984px\" class=\"wp-caption alignnone\"><img loading=\"lazy\" decoding=\"async\" class=\"wp-image-3654 size-full\" src=\"http:\/\/d22dvihj4pfop3.cloudfront.net\/wp-content\/uploads\/sites\/84\/2017\/03\/31105956\/20160205_093302.jpg\" alt=\"20160205_093302\" width=\"3984\" height=\"2988\" \/><figcaption id=\"caption-attachment-3654\" class=\"wp-caption-text\">Fig.5: Skiing at \u010cern\u00e1 Hor\u00e1.<\/figcaption><\/figure>\n<p><strong>Enthusiasm<\/strong><\/p>\n<p>I am a very lazy person. But since I came here, I tried to participate in as much activities as I can, knowing that I might never have the chance to do them again. Despite its small area, the \u010cR has tons of events to join. I bought myself a suit and tie for Tane\u010dn\u00ed (dance lessons), embarrassed myself playing floorball and almost broke my arm from skiing. All these activities don\u2019t exist in Thailand. Attending them also gives me a chance to meet new people, expanding my friendship tree. I still remain as a lazy human being though. I would regret breaking my arm, but I would regret even more if I didn\u2019t almost break it!<\/p>\n<figure id=\"attachment_3653\" aria-describedby=\"caption-attachment-3653\" style=\"width: 3984px\" class=\"wp-caption alignnone\"><img loading=\"lazy\" decoding=\"async\" class=\"wp-image-3653 size-full\" src=\"http:\/\/d22dvihj4pfop3.cloudfront.net\/wp-content\/uploads\/sites\/84\/2017\/03\/31105947\/20160128_181452.jpg\" alt=\"20160128_181452\" width=\"3984\" height=\"2988\" \/><figcaption id=\"caption-attachment-3653\" class=\"wp-caption-text\">Fig.6: Me &amp; my classmates after Akademie, my school\u2019s talent show.<\/figcaption><\/figure>\n<p><strong>Attitude<\/strong><\/p>\n<p>I have met tons of awesome people in the last five months. Czech people are known to be cold and scary, but that is just one side of the story. They are actually nice people and are willing to help me anytime. It blew my mind that I could learn loads of new stuff just by talking to them. I got to know their personalities, their opinions and most importantly, their attitudes. And while exploring new minds, I also learned to appreciate what I have. It wasn\u2019t until my worst days that I realized my Asian-ness has been affecting my entire life unconsciously. It is a part of my life after all. Now I\u2019m learning to adapt what I\u2019ve learned into what I\u2019ve already had to become a better person.<\/p>\n<p>Being an exchange student to me is a matter of giving as much as taking. I\u2019m looking forward to learning more things in the remaining time I have!<\/p>\n<p>Ten, Thajsko, student 2015\/16<\/p>\n","protected":false},"excerpt":{"rendered":"<p>Things I Have Learned So Far During My Exchange Year First, I\u2019d like to briefly introduce myself. My name is&hellip;<\/p>\n","protected":false},"author":362,"featured_media":3662,"comment_status":"open","ping_status":"open","sticky":false,"template":"","format":"standard","meta":{"footnotes":""},"categories":[49],"tags":[],"class_list":["post-3650","post","type-post","status-publish","format-standard","has-post-thumbnail","hentry","category-hostitelsky-program"],"yoast_head":"<!-- This site is optimized with the Yoast SEO Premium plugin v26.6 (Yoast SEO v26.6) - https:\/\/yoast.com\/wordpress\/plugins\/seo\/ -->\n<title>Chayin z Thajska, Vysok\u00e9 M\u00fdto (student 2015\/16) - Mezikulturn\u00ed programy<\/title>\n<meta name=\"description\" content=\"\u010c\u00e1jin alias Ten sd\u00edl\u00ed jak se v \u010cR u\u010d\u00ed toleranci (v\u016f\u010di mlad\u0161\u00edm sourozenc\u016fm), dochvilnosti (p\u0159i b\u011bhu na vlak), sebev\u011bdom\u00ed (p\u0159i vyjad\u0159ov\u00e1n\u00ed vlastn\u00edho n\u00e1zoru ve t\u0159\u00edd\u011b), nad\u0161en\u00ed...\" \/>\n<meta name=\"robots\" content=\"index, follow, max-snippet:-1, max-image-preview:large, max-video-preview:-1\" \/>\n<link rel=\"canonical\" href=\"https:\/\/www.afs.cz\/en\/2017\/03\/chayin-z-thajska-vysoke-myto-student-201516\/\" \/>\n<meta property=\"og:locale\" content=\"en_US\" \/>\n<meta property=\"og:type\" content=\"article\" \/>\n<meta property=\"og:title\" content=\"Chayin z Thajska, Vysok\u00e9 M\u00fdto (student 2015\/16)\" \/>\n<meta property=\"og:description\" content=\"\u010c\u00e1jin alias Ten sd\u00edl\u00ed jak se v \u010cR u\u010d\u00ed toleranci (v\u016f\u010di mlad\u0161\u00edm sourozenc\u016fm), dochvilnosti (p\u0159i b\u011bhu na vlak), sebev\u011bdom\u00ed (p\u0159i vyjad\u0159ov\u00e1n\u00ed vlastn\u00edho n\u00e1zoru ve t\u0159\u00edd\u011b), nad\u0161en\u00ed...\" \/>\n<meta property=\"og:url\" content=\"https:\/\/www.afs.cz\/en\/2017\/03\/chayin-z-thajska-vysoke-myto-student-201516\/\" \/>\n<meta property=\"og:site_name\" content=\"Mezikulturn\u00ed programy\" \/>\n<meta property=\"article:published_time\" content=\"2017-03-31T10:02:22+00:00\" \/>\n<meta property=\"article:modified_time\" content=\"2017-03-31T10:05:13+00:00\" \/>\n<meta property=\"og:image\" content=\"https:\/\/d22dvihj4pfop3.cloudfront.net\/wp-content\/uploads\/sites\/84\/2017\/03\/31110024\/Ten_THA.jpg\" \/>\n\t<meta property=\"og:image:width\" content=\"500\" \/>\n\t<meta property=\"og:image:height\" content=\"375\" \/>\n\t<meta property=\"og:image:type\" content=\"image\/jpeg\" \/>\n<meta name=\"author\" content=\"Anton\u00edn\" \/>\n<meta name=\"twitter:card\" content=\"summary_large_image\" \/>\n<meta name=\"twitter:label1\" content=\"Written by\" \/>\n\t<meta name=\"twitter:data1\" content=\"Anton\u00edn\" \/>\n\t<meta name=\"twitter:label2\" content=\"Est. reading time\" \/>\n\t<meta name=\"twitter:data2\" content=\"4 minutes\" \/>\n<script type=\"application\/ld+json\" class=\"yoast-schema-graph\">{\"@context\":\"https:\/\/schema.org\",\"@graph\":[{\"@type\":\"WebPage\",\"@id\":\"https:\/\/www.afs.cz\/en\/2017\/03\/chayin-z-thajska-vysoke-myto-student-201516\/\",\"url\":\"https:\/\/www.afs.cz\/en\/2017\/03\/chayin-z-thajska-vysoke-myto-student-201516\/\",\"name\":\"Chayin z Thajska, Vysok\u00e9 M\u00fdto (student 2015\/16) - Mezikulturn\u00ed programy\",\"isPartOf\":{\"@id\":\"https:\/\/www.afs.cz\/en\/#website\"},\"primaryImageOfPage\":{\"@id\":\"https:\/\/www.afs.cz\/en\/2017\/03\/chayin-z-thajska-vysoke-myto-student-201516\/#primaryimage\"},\"image\":{\"@id\":\"https:\/\/www.afs.cz\/en\/2017\/03\/chayin-z-thajska-vysoke-myto-student-201516\/#primaryimage\"},\"thumbnailUrl\":\"https:\/\/d22dvihj4pfop3.cloudfront.net\/wp-content\/uploads\/sites\/84\/2017\/03\/31110024\/Ten_THA.jpg\",\"datePublished\":\"2017-03-31T10:02:22+00:00\",\"dateModified\":\"2017-03-31T10:05:13+00:00\",\"author\":{\"@id\":\"https:\/\/www.afs.cz\/en\/#\/schema\/person\/ea24b587e17a7b917c6adf304d22231b\"},\"description\":\"\u010c\u00e1jin alias Ten sd\u00edl\u00ed jak se v \u010cR u\u010d\u00ed toleranci (v\u016f\u010di mlad\u0161\u00edm sourozenc\u016fm), dochvilnosti (p\u0159i b\u011bhu na vlak), sebev\u011bdom\u00ed (p\u0159i vyjad\u0159ov\u00e1n\u00ed vlastn\u00edho n\u00e1zoru ve t\u0159\u00edd\u011b), nad\u0161en\u00ed...\",\"breadcrumb\":{\"@id\":\"https:\/\/www.afs.cz\/en\/2017\/03\/chayin-z-thajska-vysoke-myto-student-201516\/#breadcrumb\"},\"inLanguage\":\"en-US\",\"potentialAction\":[{\"@type\":\"ReadAction\",\"target\":[\"https:\/\/www.afs.cz\/en\/2017\/03\/chayin-z-thajska-vysoke-myto-student-201516\/\"]}]},{\"@type\":\"ImageObject\",\"inLanguage\":\"en-US\",\"@id\":\"https:\/\/www.afs.cz\/en\/2017\/03\/chayin-z-thajska-vysoke-myto-student-201516\/#primaryimage\",\"url\":\"https:\/\/d22dvihj4pfop3.cloudfront.net\/wp-content\/uploads\/sites\/84\/2017\/03\/31110024\/Ten_THA.jpg\",\"contentUrl\":\"https:\/\/d22dvihj4pfop3.cloudfront.net\/wp-content\/uploads\/sites\/84\/2017\/03\/31110024\/Ten_THA.jpg\",\"width\":500,\"height\":375},{\"@type\":\"BreadcrumbList\",\"@id\":\"https:\/\/www.afs.cz\/en\/2017\/03\/chayin-z-thajska-vysoke-myto-student-201516\/#breadcrumb\",\"itemListElement\":[{\"@type\":\"ListItem\",\"position\":1,\"name\":\"Home\",\"item\":\"https:\/\/czechrepublic.afssite.afs.org\/en\/\"},{\"@type\":\"ListItem\",\"position\":2,\"name\":\"Chayin z Thajska, Vysok\u00e9 M\u00fdto (student 2015\/16)\"}]},{\"@type\":\"WebSite\",\"@id\":\"https:\/\/www.afs.cz\/en\/#website\",\"url\":\"https:\/\/www.afs.cz\/en\/\",\"name\":\"Mezikulturn\u00ed programy\",\"description\":\"Studium v zahrani\u010d\u00ed, hostitelsk\u00fd program, vzd\u011bl\u00e1vac\u00ed programy, dobrovolnictv\u00ed a mnoho dal\u0161\u00edho.\",\"potentialAction\":[{\"@type\":\"SearchAction\",\"target\":{\"@type\":\"EntryPoint\",\"urlTemplate\":\"https:\/\/www.afs.cz\/en\/?s={search_term_string}\"},\"query-input\":{\"@type\":\"PropertyValueSpecification\",\"valueRequired\":true,\"valueName\":\"search_term_string\"}}],\"inLanguage\":\"en-US\"},{\"@type\":\"Person\",\"@id\":\"https:\/\/www.afs.cz\/en\/#\/schema\/person\/ea24b587e17a7b917c6adf304d22231b\",\"name\":\"Anton\u00edn\",\"image\":{\"@type\":\"ImageObject\",\"inLanguage\":\"en-US\",\"@id\":\"https:\/\/www.afs.cz\/en\/#\/schema\/person\/image\/\",\"url\":\"https:\/\/secure.gravatar.com\/avatar\/170edf6c3be86476c6ff9c0f287e41733ed9b746686ef87738bde1bcb52866e4?s=96&d=mm&r=g\",\"contentUrl\":\"https:\/\/secure.gravatar.com\/avatar\/170edf6c3be86476c6ff9c0f287e41733ed9b746686ef87738bde1bcb52866e4?s=96&d=mm&r=g\",\"caption\":\"Anton\u00edn\"},\"url\":\"https:\/\/www.afs.cz\/en\/author\/teichmaa\/\"}]}<\/script>\n<!-- \/ Yoast SEO Premium plugin. -->","yoast_head_json":{"title":"Chayin z Thajska, Vysok\u00e9 M\u00fdto (student 2015\/16) - Mezikulturn\u00ed programy","description":"\u010c\u00e1jin alias Ten sd\u00edl\u00ed jak se v \u010cR u\u010d\u00ed toleranci (v\u016f\u010di mlad\u0161\u00edm sourozenc\u016fm), dochvilnosti (p\u0159i b\u011bhu na vlak), sebev\u011bdom\u00ed (p\u0159i vyjad\u0159ov\u00e1n\u00ed vlastn\u00edho n\u00e1zoru ve t\u0159\u00edd\u011b), nad\u0161en\u00ed...","robots":{"index":"index","follow":"follow","max-snippet":"max-snippet:-1","max-image-preview":"max-image-preview:large","max-video-preview":"max-video-preview:-1"},"canonical":"https:\/\/www.afs.cz\/en\/2017\/03\/chayin-z-thajska-vysoke-myto-student-201516\/","og_locale":"en_US","og_type":"article","og_title":"Chayin z Thajska, Vysok\u00e9 M\u00fdto (student 2015\/16)","og_description":"\u010c\u00e1jin alias Ten sd\u00edl\u00ed jak se v \u010cR u\u010d\u00ed toleranci (v\u016f\u010di mlad\u0161\u00edm sourozenc\u016fm), dochvilnosti (p\u0159i b\u011bhu na vlak), sebev\u011bdom\u00ed (p\u0159i vyjad\u0159ov\u00e1n\u00ed vlastn\u00edho n\u00e1zoru ve t\u0159\u00edd\u011b), nad\u0161en\u00ed...","og_url":"https:\/\/www.afs.cz\/en\/2017\/03\/chayin-z-thajska-vysoke-myto-student-201516\/","og_site_name":"Mezikulturn\u00ed programy","article_published_time":"2017-03-31T10:02:22+00:00","article_modified_time":"2017-03-31T10:05:13+00:00","og_image":[{"url":"https:\/\/d22dvihj4pfop3.cloudfront.net\/wp-content\/uploads\/sites\/84\/2017\/03\/31110024\/Ten_THA.jpg","width":500,"height":375,"type":"image\/jpeg"}],"author":"Anton\u00edn","twitter_card":"summary_large_image","twitter_misc":{"Written by":"Anton\u00edn","Est. reading time":"4 minutes"},"schema":{"@context":"https:\/\/schema.org","@graph":[{"@type":"WebPage","@id":"https:\/\/www.afs.cz\/en\/2017\/03\/chayin-z-thajska-vysoke-myto-student-201516\/","url":"https:\/\/www.afs.cz\/en\/2017\/03\/chayin-z-thajska-vysoke-myto-student-201516\/","name":"Chayin z Thajska, Vysok\u00e9 M\u00fdto (student 2015\/16) - Mezikulturn\u00ed programy","isPartOf":{"@id":"https:\/\/www.afs.cz\/en\/#website"},"primaryImageOfPage":{"@id":"https:\/\/www.afs.cz\/en\/2017\/03\/chayin-z-thajska-vysoke-myto-student-201516\/#primaryimage"},"image":{"@id":"https:\/\/www.afs.cz\/en\/2017\/03\/chayin-z-thajska-vysoke-myto-student-201516\/#primaryimage"},"thumbnailUrl":"https:\/\/d22dvihj4pfop3.cloudfront.net\/wp-content\/uploads\/sites\/84\/2017\/03\/31110024\/Ten_THA.jpg","datePublished":"2017-03-31T10:02:22+00:00","dateModified":"2017-03-31T10:05:13+00:00","author":{"@id":"https:\/\/www.afs.cz\/en\/#\/schema\/person\/ea24b587e17a7b917c6adf304d22231b"},"description":"\u010c\u00e1jin alias Ten sd\u00edl\u00ed jak se v \u010cR u\u010d\u00ed toleranci (v\u016f\u010di mlad\u0161\u00edm sourozenc\u016fm), dochvilnosti (p\u0159i b\u011bhu na vlak), sebev\u011bdom\u00ed (p\u0159i vyjad\u0159ov\u00e1n\u00ed vlastn\u00edho n\u00e1zoru ve t\u0159\u00edd\u011b), nad\u0161en\u00ed...","breadcrumb":{"@id":"https:\/\/www.afs.cz\/en\/2017\/03\/chayin-z-thajska-vysoke-myto-student-201516\/#breadcrumb"},"inLanguage":"en-US","potentialAction":[{"@type":"ReadAction","target":["https:\/\/www.afs.cz\/en\/2017\/03\/chayin-z-thajska-vysoke-myto-student-201516\/"]}]},{"@type":"ImageObject","inLanguage":"en-US","@id":"https:\/\/www.afs.cz\/en\/2017\/03\/chayin-z-thajska-vysoke-myto-student-201516\/#primaryimage","url":"https:\/\/d22dvihj4pfop3.cloudfront.net\/wp-content\/uploads\/sites\/84\/2017\/03\/31110024\/Ten_THA.jpg","contentUrl":"https:\/\/d22dvihj4pfop3.cloudfront.net\/wp-content\/uploads\/sites\/84\/2017\/03\/31110024\/Ten_THA.jpg","width":500,"height":375},{"@type":"BreadcrumbList","@id":"https:\/\/www.afs.cz\/en\/2017\/03\/chayin-z-thajska-vysoke-myto-student-201516\/#breadcrumb","itemListElement":[{"@type":"ListItem","position":1,"name":"Home","item":"https:\/\/czechrepublic.afssite.afs.org\/en\/"},{"@type":"ListItem","position":2,"name":"Chayin z Thajska, Vysok\u00e9 M\u00fdto (student 2015\/16)"}]},{"@type":"WebSite","@id":"https:\/\/www.afs.cz\/en\/#website","url":"https:\/\/www.afs.cz\/en\/","name":"Mezikulturn\u00ed programy","description":"Studium v zahrani\u010d\u00ed, hostitelsk\u00fd program, vzd\u011bl\u00e1vac\u00ed programy, dobrovolnictv\u00ed a mnoho dal\u0161\u00edho.","potentialAction":[{"@type":"SearchAction","target":{"@type":"EntryPoint","urlTemplate":"https:\/\/www.afs.cz\/en\/?s={search_term_string}"},"query-input":{"@type":"PropertyValueSpecification","valueRequired":true,"valueName":"search_term_string"}}],"inLanguage":"en-US"},{"@type":"Person","@id":"https:\/\/www.afs.cz\/en\/#\/schema\/person\/ea24b587e17a7b917c6adf304d22231b","name":"Anton\u00edn","image":{"@type":"ImageObject","inLanguage":"en-US","@id":"https:\/\/www.afs.cz\/en\/#\/schema\/person\/image\/","url":"https:\/\/secure.gravatar.com\/avatar\/170edf6c3be86476c6ff9c0f287e41733ed9b746686ef87738bde1bcb52866e4?s=96&d=mm&r=g","contentUrl":"https:\/\/secure.gravatar.com\/avatar\/170edf6c3be86476c6ff9c0f287e41733ed9b746686ef87738bde1bcb52866e4?s=96&d=mm&r=g","caption":"Anton\u00edn"},"url":"https:\/\/www.afs.cz\/en\/author\/teichmaa\/"}]}},"_links":{"self":[{"href":"https:\/\/www.afs.cz\/en\/wp-json\/wp\/v2\/posts\/3650","targetHints":{"allow":["GET"]}}],"collection":[{"href":"https:\/\/www.afs.cz\/en\/wp-json\/wp\/v2\/posts"}],"about":[{"href":"https:\/\/www.afs.cz\/en\/wp-json\/wp\/v2\/types\/post"}],"author":[{"embeddable":true,"href":"https:\/\/www.afs.cz\/en\/wp-json\/wp\/v2\/users\/362"}],"replies":[{"embeddable":true,"href":"https:\/\/www.afs.cz\/en\/wp-json\/wp\/v2\/comments?post=3650"}],"version-history":[{"count":3,"href":"https:\/\/www.afs.cz\/en\/wp-json\/wp\/v2\/posts\/3650\/revisions"}],"predecessor-version":[{"id":3667,"href":"https:\/\/www.afs.cz\/en\/wp-json\/wp\/v2\/posts\/3650\/revisions\/3667"}],"wp:featuredmedia":[{"embeddable":true,"href":"https:\/\/www.afs.cz\/en\/wp-json\/wp\/v2\/media\/3662"}],"wp:attachment":[{"href":"https:\/\/www.afs.cz\/en\/wp-json\/wp\/v2\/media?parent=3650"}],"wp:term":[{"taxonomy":"category","embeddable":true,"href":"https:\/\/www.afs.cz\/en\/wp-json\/wp\/v2\/categories?post=3650"},{"taxonomy":"post_tag","embeddable":true,"href":"https:\/\/www.afs.cz\/en\/wp-json\/wp\/v2\/tags?post=3650"}],"curies":[{"name":"wp","href":"https:\/\/api.w.org\/{rel}","templated":true}]}}