{"id":3589,"date":"2017-03-31T10:31:32","date_gmt":"2017-03-31T09:31:32","guid":{"rendered":"http:\/\/czechrepublic.afssite.afs.org\/?p=3589"},"modified":"2024-06-07T12:46:36","modified_gmt":"2024-06-07T11:46:36","slug":"cely-rok-s-thajskou-studentkou-yok","status":"publish","type":"post","link":"https:\/\/www.afs.cz\/en\/2017\/03\/cely-rok-s-thajskou-studentkou-yok\/","title":{"rendered":"Cel\u00fd rok s thajskou studentkou Yok"},"content":{"rendered":"<h3><strong>\u010c\u00e1st I:\u00a0<\/strong><strong>Tak u\u017e je n\u00e1s 5<\/strong><\/h3>\n<div>\n<p>Je 25. 8. 2013, s man\u017eelem p\u0159ich\u00e1z\u00edme na m\u00edsto soust\u0159ed\u011bn\u00ed student\u016f z AFS, najednou sly\u0161\u00edme kohosi volat \u201eYok\u2026\u201c a z nenad\u00e1n\u00ed mi Yok sko\u010d\u00ed kolem krku, s Martinem si pod\u00e1 ruku. Spole\u010dn\u011b odch\u00e1z\u00edme k autu. Po cest\u011b jsme prohodili p\u00e1r slov, posun \u010dasu, nov\u00e9 vjemy a studen\u00e9 klima zap\u0159\u00ed\u010dinili, \u017ee b\u011bhem chvilky v aut\u011b usnula. Po p\u0159\u00edjezdu dom\u016f se hned skamar\u00e1dila s Ninou a s V\u00edtkem, d\u011bti byly pon\u011bkud rozpa\u010dit\u00e9, velk\u00e1 s\u00e9gra kone\u010dn\u011b p\u0159ijela a oni j\u00ed nerozum\u011bly a ona zase jim.\u00a0 Nakonec si ale na\u0161ly cestu jak nato, je z\u00e1bavn\u00e9 pozorovat jejich neverb\u00e1ln\u00ed komunikaci. Prvn\u00ed t\u00fddny byly pro Yok velmi vy\u010derp\u00e1vaj\u00edc\u00ed, chodila sp\u00e1t odpoledne s d\u011btmi. Kdy\u017e u n\u00e1s ve\u010der nastal kone\u010dn\u011b klid, chod\u00edvala jsem ze za\u010d\u00e1tku za n\u00ed do pokoje, kde jsme si v krkolomn\u00e9 angli\u010dtin\u011b a rukama nohama dlouho pov\u00eddaly. Postupem \u010dasu byla ve sv\u00e9m pokoji m\u00e9n\u011b a m\u00e9n\u011b. V\u011bt\u0161inu \u010dasu tr\u00e1v\u00ed s n\u00e1mi, posledn\u00ed dobou se i v ob\u00fdv\u00e1ku u\u010d\u00ed, \u010di si p\u00ed\u0161e den\u00ed\u010dek.\u00a0 P\u0159ed jej\u00edm p\u0159\u00edjezdem jsem se b\u00e1la, aby z na\u0161ich dvou raub\u00ed\u0159\u016f nebyla vypla\u0161en\u00e1, ale od za\u010d\u00e1tku je to p\u0159esn\u011b naopak, b\u011bh\u00e1 s nimi po zahrad\u011b, doma si s nimi maluje nebo hraje. Nav\u00edc se od nich a s pomoc\u00ed jejich hra\u010dek u\u010d\u00ed \u010desky, nejv\u00edce pou\u017e\u00edvan\u00e9 slovo je ov\u0161em \u201ezima\u201c.<\/p>\n<p>Samostatnou a jist\u011b velmi zaj\u00edmavou kapitolou je j\u00eddlo. V\u0161e se j\u00ed sna\u017e\u00edme popsat, z \u010deho to je, jak to j\u00edme, kter\u00e9 j\u00eddlo komu chutn\u00e1 a co naopak ne. \u010cesk\u00e1 kuchyn\u011b j\u00ed p\u0159ekvapiv\u011b moc chutn\u00e1, nejv\u011bt\u0161\u00ed \u00fasp\u011bch zat\u00edm skl\u00edz\u00ed \u0159\u00edzek a \u0161vestkov\u00fd kol\u00e1\u010d\u00a0 s drobenkou, kter\u00fd mi pom\u00e1hala p\u00e9ct. Po jedn\u00e9 ve\u010de\u0159i mi rozz\u00e1\u0159en\u011b ozn\u00e1mila: \u201eMami a z\u00edtra va\u0159\u00edm ve\u010de\u0159i j\u00e1\u201c. Nakoupili jsme tedy pot\u0159ebn\u00e9 suroviny a pod\u00e1vala se prvn\u00ed \u010desko-thajsk\u00e1 ve\u010de\u0159e \u2013 Thom kha kai. Mus\u00edm \u0159\u00edct, \u017ee n\u00e1m to docela chutnalo, j\u00eddlo jsme v\u0161ichni svorn\u011b pochv\u00e1lili a Yok m\u011bla velkou radost, ve\u010de\u0159i n\u00e1m za ten jeden m\u011bs\u00edc uva\u0159ila je\u0161t\u011b 2x. Ve \u0161kole j\u00ed tolik nechutn\u00e1, ale v\u011bt\u0161inou je to jak ona \u0159\u00edk\u00e1 \u2013 \u201eOK\u201c co\u017e v p\u0159ekladu znamen\u00e1 asi n\u011bco jako \u201epo\u017eivateln\u00e9\u201c. N\u011bkter\u00e9 kombinace j\u00eddel jsou pro n\u00e1s tedy dost zvl\u00e1\u0161tn\u00ed: r\u00fd\u017ee s vaje\u010dnou omeletou, meru\u0148kov\u00e1 bublanina pot\u0159en\u00e1 vrstvou d\u017eemu, tla\u010denka s cibul\u00ed a ke\u010dupem a nebo houbov\u00fd \u0159\u00edzek s r\u00fd\u017e\u00ed a ke\u010dupem. Sice nad t\u00edm krout\u00edme hlavou, ale \u0159\u00edk\u00e1m si: my zase j\u00edme r\u00fd\u017ei se \u0161vestkami, tak pro\u010d vlastn\u011b ne?<\/p>\n<p>Ve voln\u00e9m \u010dase chod\u00ed Yok se svou t\u0159\u00eddou do tane\u010dn\u00edch a jednou t\u00fddn\u011b na v\u00fdtvarn\u00fd krou\u017eek, \u0159\u00edk\u00e1, \u017ee j\u00ed to takto sta\u010d\u00ed, \u017ee je r\u00e1da s n\u00e1mi doma. Sna\u017e\u00edme se voln\u00fd \u010das n\u011bjak tedy zaplnit i doma, nejv\u00edce j\u00ed zaujaly absolutn\u011b oby\u010dejn\u00e9 \u010desk\u00e9 aktivity &#8211; sb\u00edr\u00e1n\u00ed hub,\u00a0 \u0161vestek a vaj\u00ed\u010dek od na\u0161ich slepic, skl\u00edzen\u00ed zeleniny ze zahr\u00e1dky a nebo jenom proch\u00e1zka po okol\u00ed, p\u0159i kter\u00e9 si pov\u00edd\u00e1me.<\/p>\n<p><figure class=\"wp-image-wrap\"><img loading=\"lazy\" decoding=\"async\" class=\"size-medium wp-image-3599 alignleft\" style=\"max-width: 35%;\" src=\"https:\/\/d22dvihj4pfop3.cloudfront.net\/wp-content\/uploads\/sites\/84\/2017\/03\/31102337\/20131027_141733.jpg\" alt=\"\" width=\"600\" height=\"338\" \/><\/figure><\/p>\n<p>M\u00e1me najednou o \u010dlena rodiny v\u00edc. D\u011bti se nau\u010dily komunikovat zase pomoc\u00ed posunk\u016f a ukazov\u00e1n\u00ed a zjistily, \u017ee sv\u011bt je mnohem rozmanit\u011bj\u0161\u00ed, ne\u017e jak jej doposud znaly. Man\u017eel je najednou mluvn\u011bj\u0161\u00ed a j\u00e1? Zji\u0161\u0165uji, \u017ee jsem se posledn\u00edch p\u00e1r let zbyte\u010dn\u011b stra\u0161n\u011b moc honila, Yok mi uk\u00e1zala takov\u00fd klid, harmonii. A jako bonus zase um\u00edm vst\u00e1vat v \u0161est r\u00e1no. Celkov\u011b mi p\u0159ijde, \u017ee nyn\u00ed fungujeme v\u00edc jako rodina, tr\u00e1v\u00edme v\u00edc \u010dasu aktivn\u011b pohromad\u011b a v\u00edc tolerujeme jeden druh\u00e9ho, proto\u017ee a\u010d jsme ka\u017ed\u00fd \u00fapln\u011b jin\u00fd, spole\u010dn\u011b je n\u00e1m fajn.<\/p>\n<\/div>\n<h3><strong>\u010c\u00e1st II:\u00a0Dal\u0161\u00ed dva m\u011bs\u00edce s\u00a0Yok \u2013 dovolen\u00e1, V\u00e1noce a u\u017e se mluv\u00ed \u010desky!<\/strong><\/h3>\n<div>\n<p>O podzimn\u00edch pr\u00e1zdnin\u00e1ch jsme podnikli prvn\u00ed dovolenou v p\u011bti. Na\u0161\u00edm c\u00edlem byla \u010desk\u00e1\u00a0 Kanada. Po cest\u011b jsme museli ud\u011blat zast\u00e1vku v Kutn\u00e9 Ho\u0159e, kter\u00e1 Yok opravdu nadchla. B\u011bhem p\u0159\u00edjemn\u00fdch 5ti dn\u00ed jsme vid\u011bli kr\u00e1sn\u00e9 z\u00e1mky na\u0161\u00ed vlasti jako je Hlubok\u00e1 a \u010cerven\u00e1 Lhota. Na p\u0159\u00e1n\u00ed Yok jsme nav\u0161t\u00edvili i \u010cesk\u00fd Krumlov. Nad\u0161en\u00ed, jak\u00e9 bylo vid\u011bt na jej\u00ed tv\u00e1\u0159i, bych p\u0159\u00e1la za\u017e\u00edt ka\u017ed\u00e9mu rodi\u010di teenagera. M\u011bla radost z ka\u017ed\u00e9 zast\u00e1vky a nad\u0161en\u011b fotila. S na\u0161imi d\u011btmi si rozum\u00ed \u010d\u00edm d\u00e1l l\u00e9pe a tak spaly na\u0161e dcery spole\u010dn\u011b v pokoji a moc se to ob\u011bma, hlavn\u011b tedy Nin\u011b l\u00edbilo.<\/p>\n<p>Po n\u00e1vratu z dovolen\u00e9 n\u00e1s \u010dekaly velk\u00e9 rodinn\u00e9 oslavy. N\u011bjak jsme se skoro v\u0161ichni narodili na p\u0159elomu \u0159\u00edjna a listopadu. Pro ka\u017ed\u00e9ho m\u011bla Yok kr\u00e1sn\u00fd d\u00e1rek dovezen\u00fd z Thajska a\u00a0 vyroben\u00e9 p\u0159\u00e1n\u00ed\u010dko. Ninu\u0161ce namalovala omalov\u00e1nky a tak\u00e9 se zhostila p\u0159\u00edpravy ve\u010de\u0159e pro v\u0161echny pozvan\u00e9. St\u00e1le \u00a0va\u0159\u00ed ka\u017edou st\u0159edu ve\u010de\u0159i a u\u010d\u00ed m\u011b, jak va\u0159it jejich nejlep\u0161\u00ed j\u00eddla, na opl\u00e1tku se zase ona u\u010d\u00ed ode mne. Moc j\u00ed chutnaj\u00ed na\u0161e pol\u00e9vky. Po n\u00e1ro\u010dn\u00e9m listopadu p\u0159i\u0161el prosinec a s n\u00edm i o\u010dek\u00e1van\u00fd advent a v\u00e1noce. Pro Yok to byly jej\u00ed prvn\u00ed v\u00e1noce v \u017eivot\u011b, v Thajsku se v\u00e1noce neslav\u00ed v\u016fbec. Proto\u017ee Yok tradici v\u00e1noc v\u016fbec nezn\u00e1, sna\u017eili jsme se j\u00ed v\u0161e vysv\u011btlit a podat tak, aby tomu rozum\u011bla. Hr\u00e1li jsme s n\u00ed \u201ehru na Je\u017e\u00ed\u0161ka\u201c \u00fapln\u011b stejn\u011b jako s Ninou a\u00a0 V\u00edtkem, musela stejn\u011b jako oni napsat Je\u017e\u00ed\u0161kovi, dostala adventn\u00ed kalend\u00e1\u0159. Velice mile m\u011b p\u0159ekvapila, kdy\u017e jsem \u0161la ve\u010der d\u011btem naplnit adventn\u00ed pytl\u00ed\u010dky na dal\u0161\u00ed den a u\u017e se tam schov\u00e1vala pro Ninu i V\u00edtka \u010dokol\u00e1dka. Se v\u0161\u00edm n\u00e1m nad\u0161en\u011b pom\u00e1hala, nejv\u00edce j\u00ed samoz\u0159ejm\u011b bavilo p\u00e9ct cukrov\u00ed, m\u00e1 moc r\u00e1da sladk\u00e9. Po celodenn\u00edm pe\u010den\u00ed se mne zeptala, zda takto pe\u010deme ka\u017ed\u00fd v\u00edkend p\u0159ed v\u00e1noci. Musela\u00a0 jsem j\u00ed tedy vysv\u011btlit, \u017ee se dobroty a\u017e do v\u00e1noc schovaj\u00ed, ale \u017ee j\u00ed uk\u00e1\u017eu kam a m\u016f\u017ee chodit ochutn\u00e1vat. Kdy\u017e k n\u00e1m do vesnice p\u0159i\u0161el Mikul\u00e1\u0161, d\u011blala jsem si z Yok legraci, \u017ee kdy\u017e mu zazp\u00edv\u00e1, dostane taky dobroty. Nakonec m\u011b p\u0159ekvapila a opravdu mu zazp\u00edvala, doma jsem se pak dozv\u011bd\u011bla, \u017ee mu zp\u00edvala thajskou hymnu. Kapry ve van\u011b ukazovala po skypu rodi\u010d\u016fm v Thajsku. Yok se cel\u00fd advent moc l\u00edbil. Kdy\u017e kone\u010dn\u011b p\u0159i\u0161el v\u00edkend p\u0159ed \u0161t\u011bdr\u00fdm dnem, v\u0161echny t\u0159i d\u011bti nad\u0161en\u011b ozdobily strome\u010dek. Slavnostn\u00ed ve\u010de\u0159e prob\u011bhla kr\u00e1sn\u011b, v\u0161ichni jsme se spokojen\u011b najedli potom jsme ode\u0161li hr\u00e1t a zp\u00edvat v\u00e1no\u010dn\u00ed koledy do d\u011btsk\u00e9ho pokoje. Netrvalo dlouho a kone\u010dn\u011b na\u0161e t\u0159i d\u011bti sly\u0161ely zvone\u010dek a ut\u00edkaly do ob\u00fdvaku. Opravdu nev\u00edm, kdo z nich byl nejnad\u0161en\u011bj\u0161\u00ed, ale mysl\u00edm, \u017ee v\u0161echny t\u0159i stejn\u011b. D\u011bti se vrhly na d\u00e1rky, s man\u017eelem jsme se radostn\u011b usm\u00edvali, jak se n\u00e1m letos v\u0161e zase vyda\u0159ilo.<\/p>\n<p>Po v\u00e1noc\u00edch p\u0159i\u0161el Silvestr, kter\u00fd s\u00a0n\u00e1mi Yok str\u00e1vila doma, p\u0159ijeli kamar\u00e1di a tak bylo o z\u00e1bavu postar\u00e1no. Odb\u00edj\u00ed p\u016flnoc a u n\u00e1s se dle domluvy mluv\u00ed u\u017e jen \u010desky. Mus\u00edm \u0159\u00edct, \u017ee n\u00e1s Yok p\u0159ekvapila a opravdu se moc sna\u017e\u00ed, anglicky mluv\u00edme m\u00e1lo, pouze pokud je nutn\u00e9 se domluvit a \u010desky to nejde. \u0158\u00edk\u00e1 n\u00e1m \u201emami a tati\u201c a my se c\u00edt\u00edme zase o n\u011bco l\u00e9pe, je to stejn\u00e9, jako kdy\u017e v\u00e1m va\u0161e d\u00edtko \u0159ekne poprv\u00e9 m\u00e1mo a t\u00e1to. Je a\u017e neskute\u010dn\u00e9, jak rychle se stala Yok \u010dlenem na\u0161\u00ed rodiny. Jsem moc r\u00e1da, \u017ee jsme se pro ho\u0161t\u011bn\u00ed rozhodli. Uk\u00e1zalo n\u00e1m, \u017ee jako rodina zvl\u00e1dneme otev\u0159\u00edt dve\u0159e i srdce \u201eciz\u00edmu\u201c \u010dlov\u011bku. Ciz\u00ed p\u00ed\u0161i v\u00a0uvozovk\u00e1ch, proto\u017ee Yok u\u017e d\u00e1vno nen\u00ed ciz\u00ed. Ho\u0161t\u011bn\u00edm Yok jsme p\u0159i\u0161li na jednu stranu o trochu soukrom\u00ed a o \u010das, kter\u00fd se j\u00ed sna\u017e\u00edme v\u011bnovat. Na druhou stranu n\u00e1m ale tento \u010das mnohon\u00e1sobn\u011b vynahrazuje svou pomoc\u00ed a neust\u00e1l\u00fdm \u00fasm\u011bvem na tv\u00e1\u0159i.<\/p>\n<h3><strong>\u010c\u00e1st III:\u00a0Prom\u011bna Yok<\/strong><\/h3>\n<\/div>\n<div>\n<p><figure class=\"wp-image-wrap\"><img loading=\"lazy\" decoding=\"async\" class=\"size-medium wp-image-3590 alignright\" src=\"https:\/\/d22dvihj4pfop3.cloudfront.net\/wp-content\/uploads\/sites\/84\/2017\/03\/31101556\/IMG_507298716181935.jpeg\" alt=\"\" width=\"338\" height=\"600\" \/><\/figure><\/p>\n<p>U\u017e uplynulo osm m\u011bs\u00edc\u016f od chv\u00edle, kdy jsme si Yok vyzved\u00e1vali na soust\u0159ed\u011bn\u00ed student\u016f. M\u00e1m st\u00e1le v pam\u011bti jej\u00ed tv\u00e1\u0159, kdy\u017e po cest\u011b dom\u016f v aut\u011b usnula. \u0158\u00edkala jsem si, ta je malink\u00e1, to snad ani nen\u00ed mo\u017en\u00e9, \u017ee je j\u00ed 16. P\u0159ipadala mi stra\u0161n\u011b d\u011btsk\u00e1. Kdy\u017e si pak hr\u00e1la s d\u011btmi na p\u00edskovi\u0161ti, tak jsem si \u0159\u00edkala, \u017ee je opravdu velk\u00fd rozd\u00edl mezi \u010desk\u00fdmi a thajsk\u00fdmi studenty. B\u011bhem sv\u00e9ho pobytu v \u010cech\u00e1ch ale Yok neuv\u011b\u0159iteln\u011b vysp\u011bla, zm\u011bnila se. Od ledna, kdy podle pravidel AFS ji\u017e m\u016f\u017ee sama cestovat a jet nap\u0159\u00edklad na v\u00edkend ke kamar\u00e1dce hodn\u011b dosp\u011bla. Najednou z\u00edskala volnost, kterou v Thajsku nem\u00e1. Je ale vid\u011bt, \u017ee oproti na\u0161im student\u016fm nem\u00e1 Yok s pl\u00e1nov\u00e1n\u00edm sv\u00e9ho voln\u00e9ho \u010dasu moc zku\u0161enost\u00ed, proto\u017ee ve\u0161ker\u00e9 pl\u00e1ny jsou jeden velk\u00fd chaos a my vlastn\u011b po\u0159\u00e1dn\u011b nev\u00edme co kdy a jak. Kdy\u017e\u00a0 se bl\u00ed\u017eily jej\u00ed narozeniny, dovolili jsme j\u00ed, aby si pozvala \u010dty\u0159i kamar\u00e1dky. Jeliko\u017e v na\u0161\u00ed vesnici bydl\u00ed tak\u00e9 jej\u00ed kamar\u00e1dka Bell, tak n\u00e1m jej\u00ed rodina nab\u00eddla, \u017ee n\u011bkter\u00e9 studentky mohou sp\u00e1t i u nich. Z p\u016fvodn\u00edho po\u010dtu \u010dty\u0159 se tedy po\u010det zvednul na sedm. Ve \u010dtvrtek den p\u0159ed p\u0159\u00edjezdem gratulant\u016f mi Yok ve\u010der pokorn\u011b \u0159\u00edk\u00e1: \u201eMami, je\u0161t\u011b p\u0159ijede Eda a Muk.\u201c Tak\u017ee se nakonec\u00a0 oslavy z\u00fa\u010dastnilo celkem dev\u011bt thajsk\u00fdch student\u016f z celkov\u00e9ho po\u010dtu jeden\u00e1cti. Na p\u00e1tek ve\u010der nachystala Yok thajskou ve\u010de\u0159i skl\u00e1daj\u00edc\u00ed se z p\u011bti r\u016fzn\u00fdch j\u00eddel. Ne\u017e jsme zasedli ke stolu, p\u0159ipadali jsme si s man\u017eelem jako v \u00falu.\u00a0 V sobotu p\u0159ipravili v\u0161ichni pro Yok narozeninov\u00e9 p\u0159ekvapen\u00ed. \u010cekaly na n\u00ed v koupeln\u011b a v jej\u00edm pokoji m\u011bla nachystan\u00fd dort a d\u00e1rek. Jakmile otev\u0159ela dve\u0159e do pokoje, tak holky vyb\u011bhly a za\u010daly zp\u00edvat Happy Birthday. Ve\u010der n\u00e1m pak v\u0161ichni v\u010detn\u011b na\u0161ich d\u011bt\u00ed p\u0159edvedli thajsk\u00fd tanec a dlouho jsme si pov\u00eddali. Jsem r\u00e1da, \u017ee jsem m\u011bla mo\u017enost poznat skoro v\u0161echny studenty z Thajska. \u010clov\u011bk se od ka\u017ed\u00e9ho dozv\u00ed o jejich kultu\u0159e jin\u00e9 informace, detaily.<\/p>\n<p>Se sv\u00fdmi kamar\u00e1dkami tak\u00e9 podnikla v\u00fdlet do Pa\u0159\u00ed\u017ee, kde se j\u00ed tak\u00e9 moc l\u00edbilo. P\u0159i zp\u00e1te\u010dn\u00ed cest\u011b metrem z leti\u0161t\u011b se v\u0161echny Thajky shodly, \u017ee v \u010cech\u00e1ch je to ale stejnak nejlep\u0161\u00ed. Doma je prost\u011b doma. St\u00e1le se ale s d\u011btsk\u00fdm nad\u0161en\u00edm \u00fa\u010dastn\u00ed na\u0161ich zvyk\u016f. Moc j\u00ed bavilo barvit vaj\u00ed\u010dka a sama si i upletla poml\u00e1zku a nau\u010dila se klasick\u00e9 \u201eHody hody doprovody\u201c. Kdy\u017e se pak vydala s d\u011btmi na koledu, tak mnoh\u00fdm p\u0159i\u0161lo divn\u00e9, \u017ee i takhle velk\u00e1 holka jde s poml\u00e1zkou, ale m\u00e1 to jednou za \u017eivot, tak a\u0165 si to u\u017eije.<\/p>\n<p><figure class=\"wp-image-wrap\"><img loading=\"lazy\" decoding=\"async\" class=\"alignnone size-medium wp-image-3598\" src=\"https:\/\/d22dvihj4pfop3.cloudfront.net\/wp-content\/uploads\/sites\/84\/2017\/03\/31102328\/20131031_183028.jpg\" alt=\"\" width=\"600\" height=\"338\" \/><\/figure><\/p>\n<p>Na zbytek pobytu u n\u00e1s m\u00e1me Yok spoustu pl\u00e1n\u016f, tak\u017ee n\u00e1\u0161 kalend\u00e1\u0159 je napln\u011bn k prasknut\u00ed. Kdy\u017e jsme se rozhodli pro ho\u0161t\u011bn\u00ed studenta, tak mi ten rok p\u0159i\u0161el jako dlouh\u00e1 doba. Te\u010f si \u0159\u00edk\u00e1m, \u017ee to tak vlastn\u011b nen\u00ed, proto\u017ee ten prvn\u00ed p\u016flrok se s n\u00e1mi tak n\u011bjak s\u017e\u00edvala a te\u010f, kdy\u017e u\u017e to opravdu funguje, tak u\u017e je program skoro u konce. Z\u00edskala tu spoustu kamar\u00e1d\u016f, je samostatn\u00e1 a tak se sna\u017e\u00ed \u010das tady co nejv\u00edce u\u017e\u00edt a vid\u011bt toho tady co nejv\u00edc. Co\u017e je dob\u0159e, jsem r\u00e1da, \u017ee nesed\u00ed doma, je samostatn\u00e1 a v\u00ed, co chce. Mysl\u00edm, \u017ee ji jej\u00ed rodi\u010de doma skoro nepoznaj\u00ed. M\u00edsto sle\u010dny se jim vr\u00e1t\u00ed skoro dosp\u011bl\u00e1 \u017eensk\u00e1.<\/p>\n<p>Mysl\u00edm, \u017ee pobyt tady u n\u00e1s v \u010cech\u00e1ch j\u00ed pro jej\u00ed budouc\u00ed \u017eivot dal opravdu maximum.<\/p>\n<\/div>\n<h3><strong>\u010c\u00e1st IV:\u00a0Tak u\u017e jsme op\u011bt\u00a0 jen 4 (na chv\u00edli\u2026)<\/strong><\/h3>\n<div>\n<p><figure class=\"wp-image-wrap\"><img loading=\"lazy\" decoding=\"async\" class=\"size-medium wp-image-3597 alignright\" src=\"https:\/\/d22dvihj4pfop3.cloudfront.net\/wp-content\/uploads\/sites\/84\/2017\/03\/31102317\/Yok_s_d%C4%9Btmi.jpg\" alt=\"\" width=\"338\" height=\"600\" \/><\/figure><\/p>\n<p>Posledn\u00ed dva m\u011bs\u00edce byly u n\u00e1s dost hektick\u00e9, ale po\u0159\u00e1d kr\u00e1sn\u00e9. Vyrazili jsme s Yok pod stan do Berouna. P\u0159ekvapiv\u011b j\u00ed ani nebyla zima. N\u00e1v\u0161t\u011bva Karl\u0161tejna a Kon\u011bprusk\u00fdch jeskyn\u00edch se j\u00ed moc l\u00edbila. Nejv\u011bt\u0161\u00ed z\u00e1\u017eitek asi bude m\u00edt z \u201eproch\u00e1zky\u201c okolo Ameriky. Bohu\u017eel stra\u0161n\u011b moc pr\u0161elo a tak bylo v\u0161ude bl\u00e1to. Popravd\u011b jsem m\u011bla trochu obavy, aby mi ne\u0159ekla, \u017ee tohle tedy ne, ale state\u010dn\u011b se dala na cestu a v\u0161e absolvovala s n\u00e1mi. V Thajsku nejsou v\u016fbec zvykl\u00ed sportovat \u010di vyv\u00edjet v\u011bt\u0161\u00ed fyzickou aktivitu, tak\u017ee pro ni v\u00fdlety s n\u00e1mi byly dost n\u00e1ro\u010dn\u00e9, ale b\u011bhem toho roku se podstatn\u011b zlep\u0161ila. Posledn\u00ed dva m\u011bs\u00edce jsme si i prohodily pozice v kuchyni, j\u00e1 jsem va\u0159ila thajsk\u00e1 j\u00eddla a Yok \u010desk\u00e1, aby je mohla doma uva\u0159it rodi\u010d\u016fm. Mimo klasick\u00e1 j\u00eddla jako je brambora\u010dka a brambor\u00e1ky zvl\u00e1dala ud\u011blat i knedl\u00edky se sv\u00ed\u010dkovou. Bl\u00ed\u017eil se jej\u00ed odlet a s n\u00edm i spojen\u00e9 balen\u00ed v\u011bc\u00ed. Museli jsme nakonec dost v\u011bc\u00ed poslat po\u0161tou, nejprve dva bal\u00edky, celkem 16 kilo. Pak \u0159\u00edkala, \u017ee u\u017e dobr\u00fd a \u017ee se vejde do p\u0159edepsan\u00fdch t\u0159iceti kil do letadla. Jakmile ale za\u010dala balit, zjistila, \u017ee to prost\u011b nep\u016fjde a tak jsme odes\u00edlali dal\u0161\u00edch 22 kilo. Nakoupila tady p\u0159ev\u00e1\u017en\u011b d\u00e1rky pro rodinu a tak\u00e9 spoustu d\u00e1rk\u016f dostala. Nesm\u00edm ani opomenout spoustu \u010dokol\u00e1dy, kterou zde nakoupila, v Thajsku pr\u00fd tak dobrou \u010dokol\u00e1du nemaj\u00ed.<\/p>\n<p>Posledn\u00ed v\u00edkend jsme uspo\u0159\u00e1dali p\u00e1rty na rozlou\u010denou, kter\u00e9 byly spojen\u00e9 s oslavou V\u00edtkov\u00fdch narozenin. Lou\u010den\u00ed bylo velice smutn\u00e9, bre\u010deli jsme v\u0161ichni. I kdy\u017e jsem po\u0159\u00e1d \u0159\u00edkala, \u017ee m\u00e1me \u010das a nech\u00e1me si to na leti\u0161t\u011b. Posledn\u00ed ve\u010de\u0159e byla pak smutn\u00e1 a z\u00e1rove\u0148 tak trochu vesel\u00e1. Yok si obl\u00e9kla thajsk\u00fd slavnostn\u00ed oblek, na\u010de\u017e si pro ten sv\u016fj dob\u011bhla i Ninu\u0161ka. P\u0159i ve\u010de\u0159i jsme si sl\u00edbili, \u017ee to ur\u010dit\u011b nen\u00ed na\u0161e posledn\u00ed spole\u010dn\u00e9 j\u00eddlo. Po j\u00eddle jsem j\u00ed symbolicky zabalila do rane\u010dku klasick\u00e9 \u010desk\u00e9 buchty a poslali jsme j\u00ed na cestu. Nejd\u0159\u00edve se necht\u011bla j\u00edt fotit, ale kdy\u017e jsem j\u00ed vysv\u011btlila, \u017ee to je klasick\u00e9 \u010desk\u00e9 j\u00eddlo na cestu, tak svolila.<\/p>\n<p><figure class=\"wp-image-wrap\"><img loading=\"lazy\" decoding=\"async\" class=\"size-medium wp-image-3596 alignleft\" src=\"https:\/\/d22dvihj4pfop3.cloudfront.net\/wp-content\/uploads\/sites\/84\/2017\/03\/31102310\/Yok_THA_ranecek.jpg\" alt=\"\" width=\"338\" height=\"600\" \/><\/figure><\/p>\n<p>Lou\u010den\u00ed bylo dlouh\u00e9 a bolestn\u00e9. Kdy\u017e mi Yok p\u0159ed\u00e1vala na leti\u0161ti mal\u00fd d\u00e1rek a \u0159ekla mi \u010desky \u201eMiluji t\u011b mami\u201c tak ne\u0161lo slzy zadr\u017eet. Chv\u00edli pot\u00e9 se se mnou \u0161ly lou\u010dit zbyl\u00e9 Thajky. P\u0159irostly mi k\u00a0srdci v\u0161echny. Nyn\u00ed se c\u00edt\u00edm rozpolcen\u011b, v\u00edm, \u017ee je Yok se svoj\u00ed rodinou, tedy tam, kam pat\u0159\u00ed, ale v\u00a0srdci m\u00e1m najednou tak pr\u00e1zdno, bude n\u00e1m v\u0161em moc chyb\u011bt. T\u011bch deset m\u011bs\u00edc\u016f, kter\u00e9 jsme spole\u010dn\u011b pro\u017eili, nikdy nezapomeneme. Mysl\u00edm, \u017ee pobyt tady u n\u00e1s dost zm\u011bnil jej\u00ed i n\u00e1\u0161 pohled na sv\u011bt. Zjistila jsem, \u017ee nen\u00ed \u0161patn\u00e9 si na chvilku sednout, vypnout a d\u011blat n\u011bco jenom pro sebe. Oproti Thajc\u016fm se po\u0159\u00e1d n\u011bkam hon\u00edme a to nen\u00ed zas tak \u00fapln\u011b nejlep\u0161\u00ed. Z\u00e1v\u011brem bych cht\u011bla pod\u011bkovat sv\u00e9mu man\u017eelovi, za p\u0159ijet\u00ed m\u00e9ho n\u00e1padu o ho\u0161t\u011bn\u00ed, na\u0161\u00ed rodin\u011b, kter\u00e1 Yok p\u0159ijala za vlastn\u00ed, rodin\u011b Yok, kter\u00e1 j\u00ed umo\u017enila jej\u00ed cestu za pozn\u00e1n\u00edm, a v\u00a0neposledn\u00ed \u0159ad\u011b AFS za to, co d\u011bl\u00e1.<\/p>\n<p>Deset m\u011bs\u00edc\u016f uplynulo jako voda a my u\u017e jsme zase jenom \u010dty\u0159i. Byl to \u010das, kter\u00fd n\u00e1s napl\u0148oval a ob\u010das i vysiloval. Nicm\u00e9n\u011b jsem stra\u0161n\u011b moc r\u00e1da, \u017ee jsme m\u011bli mo\u017enost d\u00edky AFS tuto zku\u0161enost pro\u017e\u00edt. Mysl\u00edm, \u017ee pokud nehodl\u00e1te odcestovat do zahrani\u010d\u00ed, tak je ho\u0161t\u011bn\u00ed zahrani\u010dn\u00edho studenta tou nejdostupn\u011bj\u0161\u00ed cestou k pozn\u00e1n\u00ed ciz\u00ed kultury. My si te\u010f na 2 m\u011bs\u00edce odpo\u010dineme a v 22. 8. se vrhneme do nov\u00e9 mezikulturn\u00ed zku\u0161enosti, tentokr\u00e1t k n\u00e1m p\u0159ijede Abril z It\u00e1lie\u2026<\/p>\n<hr \/>\n<h3><strong>P\u0159iv\u00edtejte sv\u011bt u v\u00e1s doma<\/strong><\/h3>\n<p>Ho\u0161t\u011bn\u00ed AFS zahrani\u010dn\u00edho studenta je z\u00e1\u017eitek, kter\u00fd s sebou p\u0159in\u00e1\u0161\u00ed zku\u0161enosti a nadhled pot\u0159ebn\u00e9 pro sou\u010dasn\u00fd sv\u011bt. Je to z\u00e1\u017eitek pro celou rodinu, kter\u00fd napom\u00e1h\u00e1 nejenom v rozvoji komunikace a empatie, ale tak\u00e9 je to skv\u011bl\u00e1 mo\u017enost, jak si prohloubit znalosti o ciz\u00ed kultu\u0159e a osvojit si z\u00e1klady nov\u00e9ho jazyka.<\/p>\n<p>Pokud i v\u00e1s l\u00e1k\u00e1 my\u0161lenka nov\u00e9ho \u010dlena rodiny, nev\u00e1hejte a kontaktujte na\u0161i koordin\u00e1torku Lucii. V\u00edce informac\u00ed o AFS hostitelsk\u00e9m programu a konkr\u00e9tn\u00ed medailonky student\u016f, kte\u0159\u00ed se v leto\u0161n\u00edm roce chystaj\u00ed do \u010cesk\u00e9 republiky, naleznete zde:\u00a0<a href=\"https:\/\/www.afs.cz\/hostitelsky-program\/?utm_source=web&amp;utm_medium=blog&amp;utm_campaign=HF_clanky&amp;utm_term=yok\" target=\"_blank\" rel=\"nofollow noopener\">www.afs.cz\/hostitelsky-program\/<\/a><\/p>\n<p>Spojit se s n\u00e1mi m\u016f\u017eete tak\u00e9 p\u0159es kontaktn\u00ed formul\u00e1\u0159 a my se v\u00e1m ozveme do t\u0159\u00ed pracovn\u00edch dn\u00ed:\u00a0<a href=\"https:\/\/www.afs.cz\/hostitelsky-program\/kontaktni-formular-pro-hostitelske-rodiny\/?utm_source=web&amp;utm_medium=blog&amp;utm_campaign=HF_clanky&amp;utm_term=yok\">www.afs.cz\/kontaktni-formular-pro-hostitelske-rodiny\/<\/a><\/p>\n<h3 class=\"panel-wysiwyg__column-title h3\" data-name=\"title\" data-livetext=\"\"><strong>Lucie Ber\u00e1nkov\u00e1<\/strong><\/h3>\n<div class=\"panel-wysiwyg__column-content\">\n<div class=\"context-content\" data-name=\"content\" data-livetext=\"\">\n<p>AFS koordin\u00e1torka hostitelsk\u00e9ho programu<br \/>\nE:\u00a0<a href=\"mailto:lucie.berankova@afs.org\">lucie.berankova@afs.org<br \/>\n<\/a>M: 602 334 427<\/p>\n<\/div>\n<\/div>\n<\/div>\n<p>&nbsp;<\/p>\n","protected":false},"excerpt":{"rendered":"<p>\u010c\u00e1st I:\u00a0Tak u\u017e je n\u00e1s 5 Je 25. 8. 2013, s man\u017eelem p\u0159ich\u00e1z\u00edme na m\u00edsto soust\u0159ed\u011bn\u00ed student\u016f z AFS, najednou&hellip;<\/p>\n","protected":false},"author":362,"featured_media":0,"comment_status":"open","ping_status":"open","sticky":false,"template":"","format":"standard","meta":{"footnotes":""},"categories":[188,49,150],"tags":[],"class_list":["post-3589","post","type-post","status-publish","format-standard","hentry","category-archiv","category-hostitelsky-program","category-pribehy-hostitelskych-rodin"],"yoast_head":"<!-- This site is optimized with the Yoast SEO Premium plugin v26.6 (Yoast SEO v26.6) - https:\/\/yoast.com\/wordpress\/plugins\/seo\/ -->\n<title>Cel\u00fd rok s thajskou studentkou Yok - Mezikulturn\u00ed programy<\/title>\n<meta name=\"description\" content=\"Rodina Ka\u010denov\u00fdch z Chrastavy shrnula svou ro\u010dn\u00ed zku\u0161enost se studentkou Yok z Thajska do \u010dty\u0159 \u010dl\u00e1nk\u016f.\" \/>\n<meta name=\"robots\" content=\"index, follow, max-snippet:-1, max-image-preview:large, max-video-preview:-1\" \/>\n<link rel=\"canonical\" href=\"https:\/\/www.afs.cz\/en\/2017\/03\/cely-rok-s-thajskou-studentkou-yok\/\" \/>\n<meta property=\"og:locale\" content=\"en_US\" \/>\n<meta property=\"og:type\" content=\"article\" \/>\n<meta property=\"og:title\" content=\"Cel\u00fd rok s thajskou studentkou Yok\" \/>\n<meta property=\"og:description\" content=\"Rodina Ka\u010denov\u00fdch z Chrastavy shrnula svou ro\u010dn\u00ed zku\u0161enost se studentkou Yok z Thajska do \u010dty\u0159 \u010dl\u00e1nk\u016f.\" \/>\n<meta property=\"og:url\" content=\"https:\/\/www.afs.cz\/en\/2017\/03\/cely-rok-s-thajskou-studentkou-yok\/\" \/>\n<meta property=\"og:site_name\" content=\"Mezikulturn\u00ed programy\" \/>\n<meta property=\"article:published_time\" content=\"2017-03-31T09:31:32+00:00\" \/>\n<meta property=\"article:modified_time\" content=\"2024-06-07T11:46:36+00:00\" \/>\n<meta property=\"og:image\" content=\"https:\/\/czechrepublic.afssite.afs.org\/wp-content\/uploads\/sites\/84\/2017\/03\/20131027_141733-600x338.jpg\" \/>\n<meta name=\"author\" content=\"Anton\u00edn\" \/>\n<meta name=\"twitter:card\" content=\"summary_large_image\" \/>\n<meta name=\"twitter:label1\" content=\"Written by\" \/>\n\t<meta name=\"twitter:data1\" content=\"Anton\u00edn\" \/>\n\t<meta name=\"twitter:label2\" content=\"Est. reading time\" \/>\n\t<meta name=\"twitter:data2\" content=\"16 minutes\" \/>\n<script type=\"application\/ld+json\" class=\"yoast-schema-graph\">{\"@context\":\"https:\/\/schema.org\",\"@graph\":[{\"@type\":\"WebPage\",\"@id\":\"https:\/\/www.afs.cz\/en\/2017\/03\/cely-rok-s-thajskou-studentkou-yok\/\",\"url\":\"https:\/\/www.afs.cz\/en\/2017\/03\/cely-rok-s-thajskou-studentkou-yok\/\",\"name\":\"Cel\u00fd rok s thajskou studentkou Yok - Mezikulturn\u00ed programy\",\"isPartOf\":{\"@id\":\"https:\/\/www.afs.cz\/en\/#website\"},\"primaryImageOfPage\":{\"@id\":\"https:\/\/www.afs.cz\/en\/2017\/03\/cely-rok-s-thajskou-studentkou-yok\/#primaryimage\"},\"image\":{\"@id\":\"https:\/\/www.afs.cz\/en\/2017\/03\/cely-rok-s-thajskou-studentkou-yok\/#primaryimage\"},\"thumbnailUrl\":\"https:\/\/czechrepublic.afssite.afs.org\/wp-content\/uploads\/sites\/84\/2017\/03\/20131027_141733-600x338.jpg\",\"datePublished\":\"2017-03-31T09:31:32+00:00\",\"dateModified\":\"2024-06-07T11:46:36+00:00\",\"author\":{\"@id\":\"https:\/\/www.afs.cz\/en\/#\/schema\/person\/ea24b587e17a7b917c6adf304d22231b\"},\"description\":\"Rodina Ka\u010denov\u00fdch z Chrastavy shrnula svou ro\u010dn\u00ed zku\u0161enost se studentkou Yok z Thajska do \u010dty\u0159 \u010dl\u00e1nk\u016f.\",\"breadcrumb\":{\"@id\":\"https:\/\/www.afs.cz\/en\/2017\/03\/cely-rok-s-thajskou-studentkou-yok\/#breadcrumb\"},\"inLanguage\":\"en-US\",\"potentialAction\":[{\"@type\":\"ReadAction\",\"target\":[\"https:\/\/www.afs.cz\/en\/2017\/03\/cely-rok-s-thajskou-studentkou-yok\/\"]}]},{\"@type\":\"ImageObject\",\"inLanguage\":\"en-US\",\"@id\":\"https:\/\/www.afs.cz\/en\/2017\/03\/cely-rok-s-thajskou-studentkou-yok\/#primaryimage\",\"url\":\"https:\/\/czechrepublic.afssite.afs.org\/wp-content\/uploads\/sites\/84\/2017\/03\/20131027_141733-600x338.jpg\",\"contentUrl\":\"https:\/\/czechrepublic.afssite.afs.org\/wp-content\/uploads\/sites\/84\/2017\/03\/20131027_141733-600x338.jpg\"},{\"@type\":\"BreadcrumbList\",\"@id\":\"https:\/\/www.afs.cz\/en\/2017\/03\/cely-rok-s-thajskou-studentkou-yok\/#breadcrumb\",\"itemListElement\":[{\"@type\":\"ListItem\",\"position\":1,\"name\":\"Home\",\"item\":\"https:\/\/czechrepublic.afssite.afs.org\/en\/\"},{\"@type\":\"ListItem\",\"position\":2,\"name\":\"Cel\u00fd rok s thajskou studentkou Yok\"}]},{\"@type\":\"WebSite\",\"@id\":\"https:\/\/www.afs.cz\/en\/#website\",\"url\":\"https:\/\/www.afs.cz\/en\/\",\"name\":\"Mezikulturn\u00ed programy\",\"description\":\"Studium v zahrani\u010d\u00ed, hostitelsk\u00fd program, vzd\u011bl\u00e1vac\u00ed programy, dobrovolnictv\u00ed a mnoho dal\u0161\u00edho.\",\"potentialAction\":[{\"@type\":\"SearchAction\",\"target\":{\"@type\":\"EntryPoint\",\"urlTemplate\":\"https:\/\/www.afs.cz\/en\/?s={search_term_string}\"},\"query-input\":{\"@type\":\"PropertyValueSpecification\",\"valueRequired\":true,\"valueName\":\"search_term_string\"}}],\"inLanguage\":\"en-US\"},{\"@type\":\"Person\",\"@id\":\"https:\/\/www.afs.cz\/en\/#\/schema\/person\/ea24b587e17a7b917c6adf304d22231b\",\"name\":\"Anton\u00edn\",\"image\":{\"@type\":\"ImageObject\",\"inLanguage\":\"en-US\",\"@id\":\"https:\/\/www.afs.cz\/en\/#\/schema\/person\/image\/\",\"url\":\"https:\/\/secure.gravatar.com\/avatar\/170edf6c3be86476c6ff9c0f287e41733ed9b746686ef87738bde1bcb52866e4?s=96&d=mm&r=g\",\"contentUrl\":\"https:\/\/secure.gravatar.com\/avatar\/170edf6c3be86476c6ff9c0f287e41733ed9b746686ef87738bde1bcb52866e4?s=96&d=mm&r=g\",\"caption\":\"Anton\u00edn\"},\"url\":\"https:\/\/www.afs.cz\/en\/author\/teichmaa\/\"}]}<\/script>\n<!-- \/ Yoast SEO Premium plugin. -->","yoast_head_json":{"title":"Cel\u00fd rok s thajskou studentkou Yok - Mezikulturn\u00ed programy","description":"Rodina Ka\u010denov\u00fdch z Chrastavy shrnula svou ro\u010dn\u00ed zku\u0161enost se studentkou Yok z Thajska do \u010dty\u0159 \u010dl\u00e1nk\u016f.","robots":{"index":"index","follow":"follow","max-snippet":"max-snippet:-1","max-image-preview":"max-image-preview:large","max-video-preview":"max-video-preview:-1"},"canonical":"https:\/\/www.afs.cz\/en\/2017\/03\/cely-rok-s-thajskou-studentkou-yok\/","og_locale":"en_US","og_type":"article","og_title":"Cel\u00fd rok s thajskou studentkou Yok","og_description":"Rodina Ka\u010denov\u00fdch z Chrastavy shrnula svou ro\u010dn\u00ed zku\u0161enost se studentkou Yok z Thajska do \u010dty\u0159 \u010dl\u00e1nk\u016f.","og_url":"https:\/\/www.afs.cz\/en\/2017\/03\/cely-rok-s-thajskou-studentkou-yok\/","og_site_name":"Mezikulturn\u00ed programy","article_published_time":"2017-03-31T09:31:32+00:00","article_modified_time":"2024-06-07T11:46:36+00:00","og_image":[{"url":"https:\/\/czechrepublic.afssite.afs.org\/wp-content\/uploads\/sites\/84\/2017\/03\/20131027_141733-600x338.jpg","type":"","width":"","height":""}],"author":"Anton\u00edn","twitter_card":"summary_large_image","twitter_misc":{"Written by":"Anton\u00edn","Est. reading time":"16 minutes"},"schema":{"@context":"https:\/\/schema.org","@graph":[{"@type":"WebPage","@id":"https:\/\/www.afs.cz\/en\/2017\/03\/cely-rok-s-thajskou-studentkou-yok\/","url":"https:\/\/www.afs.cz\/en\/2017\/03\/cely-rok-s-thajskou-studentkou-yok\/","name":"Cel\u00fd rok s thajskou studentkou Yok - Mezikulturn\u00ed programy","isPartOf":{"@id":"https:\/\/www.afs.cz\/en\/#website"},"primaryImageOfPage":{"@id":"https:\/\/www.afs.cz\/en\/2017\/03\/cely-rok-s-thajskou-studentkou-yok\/#primaryimage"},"image":{"@id":"https:\/\/www.afs.cz\/en\/2017\/03\/cely-rok-s-thajskou-studentkou-yok\/#primaryimage"},"thumbnailUrl":"https:\/\/czechrepublic.afssite.afs.org\/wp-content\/uploads\/sites\/84\/2017\/03\/20131027_141733-600x338.jpg","datePublished":"2017-03-31T09:31:32+00:00","dateModified":"2024-06-07T11:46:36+00:00","author":{"@id":"https:\/\/www.afs.cz\/en\/#\/schema\/person\/ea24b587e17a7b917c6adf304d22231b"},"description":"Rodina Ka\u010denov\u00fdch z Chrastavy shrnula svou ro\u010dn\u00ed zku\u0161enost se studentkou Yok z Thajska do \u010dty\u0159 \u010dl\u00e1nk\u016f.","breadcrumb":{"@id":"https:\/\/www.afs.cz\/en\/2017\/03\/cely-rok-s-thajskou-studentkou-yok\/#breadcrumb"},"inLanguage":"en-US","potentialAction":[{"@type":"ReadAction","target":["https:\/\/www.afs.cz\/en\/2017\/03\/cely-rok-s-thajskou-studentkou-yok\/"]}]},{"@type":"ImageObject","inLanguage":"en-US","@id":"https:\/\/www.afs.cz\/en\/2017\/03\/cely-rok-s-thajskou-studentkou-yok\/#primaryimage","url":"https:\/\/czechrepublic.afssite.afs.org\/wp-content\/uploads\/sites\/84\/2017\/03\/20131027_141733-600x338.jpg","contentUrl":"https:\/\/czechrepublic.afssite.afs.org\/wp-content\/uploads\/sites\/84\/2017\/03\/20131027_141733-600x338.jpg"},{"@type":"BreadcrumbList","@id":"https:\/\/www.afs.cz\/en\/2017\/03\/cely-rok-s-thajskou-studentkou-yok\/#breadcrumb","itemListElement":[{"@type":"ListItem","position":1,"name":"Home","item":"https:\/\/czechrepublic.afssite.afs.org\/en\/"},{"@type":"ListItem","position":2,"name":"Cel\u00fd rok s thajskou studentkou Yok"}]},{"@type":"WebSite","@id":"https:\/\/www.afs.cz\/en\/#website","url":"https:\/\/www.afs.cz\/en\/","name":"Mezikulturn\u00ed programy","description":"Studium v zahrani\u010d\u00ed, hostitelsk\u00fd program, vzd\u011bl\u00e1vac\u00ed programy, dobrovolnictv\u00ed a mnoho dal\u0161\u00edho.","potentialAction":[{"@type":"SearchAction","target":{"@type":"EntryPoint","urlTemplate":"https:\/\/www.afs.cz\/en\/?s={search_term_string}"},"query-input":{"@type":"PropertyValueSpecification","valueRequired":true,"valueName":"search_term_string"}}],"inLanguage":"en-US"},{"@type":"Person","@id":"https:\/\/www.afs.cz\/en\/#\/schema\/person\/ea24b587e17a7b917c6adf304d22231b","name":"Anton\u00edn","image":{"@type":"ImageObject","inLanguage":"en-US","@id":"https:\/\/www.afs.cz\/en\/#\/schema\/person\/image\/","url":"https:\/\/secure.gravatar.com\/avatar\/170edf6c3be86476c6ff9c0f287e41733ed9b746686ef87738bde1bcb52866e4?s=96&d=mm&r=g","contentUrl":"https:\/\/secure.gravatar.com\/avatar\/170edf6c3be86476c6ff9c0f287e41733ed9b746686ef87738bde1bcb52866e4?s=96&d=mm&r=g","caption":"Anton\u00edn"},"url":"https:\/\/www.afs.cz\/en\/author\/teichmaa\/"}]}},"_links":{"self":[{"href":"https:\/\/www.afs.cz\/en\/wp-json\/wp\/v2\/posts\/3589","targetHints":{"allow":["GET"]}}],"collection":[{"href":"https:\/\/www.afs.cz\/en\/wp-json\/wp\/v2\/posts"}],"about":[{"href":"https:\/\/www.afs.cz\/en\/wp-json\/wp\/v2\/types\/post"}],"author":[{"embeddable":true,"href":"https:\/\/www.afs.cz\/en\/wp-json\/wp\/v2\/users\/362"}],"replies":[{"embeddable":true,"href":"https:\/\/www.afs.cz\/en\/wp-json\/wp\/v2\/comments?post=3589"}],"version-history":[{"count":13,"href":"https:\/\/www.afs.cz\/en\/wp-json\/wp\/v2\/posts\/3589\/revisions"}],"predecessor-version":[{"id":22147,"href":"https:\/\/www.afs.cz\/en\/wp-json\/wp\/v2\/posts\/3589\/revisions\/22147"}],"wp:attachment":[{"href":"https:\/\/www.afs.cz\/en\/wp-json\/wp\/v2\/media?parent=3589"}],"wp:term":[{"taxonomy":"category","embeddable":true,"href":"https:\/\/www.afs.cz\/en\/wp-json\/wp\/v2\/categories?post=3589"},{"taxonomy":"post_tag","embeddable":true,"href":"https:\/\/www.afs.cz\/en\/wp-json\/wp\/v2\/tags?post=3589"}],"curies":[{"name":"wp","href":"https:\/\/api.w.org\/{rel}","templated":true}]}}