{"id":3126,"date":"2017-01-23T13:53:15","date_gmt":"2017-01-23T12:53:15","guid":{"rendered":"http:\/\/czechrepublic.afssite.afs.org\/?p=3126"},"modified":"2023-01-11T12:11:08","modified_gmt":"2023-01-11T11:11:08","slug":"argentina-muj-sen","status":"publish","type":"post","link":"https:\/\/www.afs.cz\/en\/2017\/01\/argentina-muj-sen\/","title":{"rendered":"Argentina \u2013 m\u016fj sen"},"content":{"rendered":"<p>Jmenuji se Lucka, je mi sedmn\u00e1ct let a v \u00fanoru vyr\u00e1\u017e\u00edm s AFS na p\u016fl roku do Argentiny. Argentina, zem\u011b steak\u016f a tanga, byla m\u00fdm snem ji\u017e odmali\u010dka. Do jihoamerick\u00e9 zem\u011b p\u0159ist\u011bhovalc\u016f, o kter\u00e9 se \u0159\u00edk\u00e1, \u017ee jej\u00ed obyvatel\u00e9 jsou Italov\u00e9, kte\u0159\u00ed mluv\u00ed \u0161pan\u011blsky a jsou stvo\u0159eni po francouzsku, m\u011b to l\u00e1kalo u\u017e dlouho. A p\u0159\u00e1la jsem si tuto zem\u00ed poznat v\u00edc ne\u017e, jak i\u00ed vid\u00ed oby\u010dejn\u00fd turista. Cht\u011bla jsem se st\u00e1t jej\u00ed sou\u010d\u00e1st\u00ed, vyzkou\u0161et si \u017eivot, kter\u00fd m\u00edstn\u00ed pro\u017e\u00edvaj\u00ed dnes a denn\u011b.<\/p>\n<p><figure class=\"wp-image-wrap\"><img loading=\"lazy\" decoding=\"async\" class=\"size-full wp-image-3127 alignright\" src=\"https:\/\/d22dvihj4pfop3.cloudfront.net\/wp-content\/uploads\/sites\/84\/2017\/02\/23135242\/argentina-e1487854565620.jpg\" alt=\"\" width=\"240\" height=\"160\" \/><\/figure><\/p>\n<p>Proto jakmile jsem zjistila, \u017ee je nab\u00edzeno stipendium do Argentiny, nebylo to na dlouh\u00e9 v\u00e1h\u00e1n\u00ed a brzy jsem byla rozhodnut\u00e1, \u017ee se v\u00fdb\u011brov\u00e9ho \u0159\u00edzen\u00ed z\u00fa\u010dastn\u00edm. To prob\u011bhlo a potom u\u017e bylo jasno. V \u00fanoru opravdu pojedu. Mysl\u00edm si, \u017ee ka\u017ed\u00fd student si p\u0159ed odjezdem do sv\u00e9 hostitelsk\u00e9 zem\u011b projde n\u011bkolika f\u00e1zemi, kter\u00e9 jsem poznala a pravd\u011bpodobn\u011b i pozn\u00e1m j\u00e1. V po\u010d\u00e1tku je to bezb\u0159eh\u00e9 nad\u0161en\u00ed z toho, co \u010dlov\u011bka \u010dek\u00e1. Postupn\u011b si ale tak\u00e9 uv\u011bdom\u00ed, \u017ee cel\u00e1 v\u00fdm\u011bna nen\u00ed tak snadn\u00e1 jako n\u00e1v\u0161t\u011bva u babi\u010dky. Mus\u00ed se toho spousta za\u0159\u00eddit, o mnoh\u00fdch v\u011bcech nev\u00edte v\u016fbec nic, ani jak budou prob\u00edhat a to m\u016f\u017ee \u010dlov\u011bka pon\u011bkud znerv\u00f3znit.<\/p>\n<p>U m\u011b nastal zlom v moment\u011b, kdy jsem se dozv\u011bd\u011bla o sv\u00e9 hostitelsk\u00e9 rodin\u011b. Nejen\u017ee za\u010dal b\u00fdt n\u00e1hle cel\u00fd program mnohem m\u00e9n\u011b abstraktn\u00ed, ale tak\u00e9 to uklidnilo nejen m\u011b ale i m\u00e9 bl\u00edzk\u00e9. V\u017edy\u0165 u\u017e jsem v\u011bd\u011bla, do jak\u00e9ho m\u011bsta pojedu, m\u011bla jsem fotku \u010dlen\u016f sv\u00e9 rodiny a vid\u011bla jsem jejich argentinsk\u00fd d\u016fm. Nav\u00edc jsem si s rodinou za\u010dala ps\u00e1t, tak\u017ee jsem se dozv\u011bd\u011bla nejednu zaj\u00edmavou informaci a trochu jsme se sezn\u00e1mili, te\u010f u\u017e tato cesta nen\u00ed takov\u00fd krok do nezn\u00e1ma. Nyn\u00ed nastal ten \u010das, kdy se m\u016fj odjezd bl\u00ed\u017e\u00ed ohromnou rychlost\u00ed. Sice m\u00e1m pocit, \u017ee u\u017e je to natolik bl\u00edzko, \u017ee nem\u016f\u017eu pokra\u010dovat v norm\u00e1ln\u00edm \u017eivot\u011b, ale \u010dlov\u011bk si kolikr\u00e1t mysl\u00ed a ve skute\u010dnosti to tak nen\u00ed.<\/p>\n<p>A tak chod\u00edm d\u00e1l do \u0161koly a d\u011bl\u00e1m v\u0161echno, co jsem m\u011bla na programu u\u017e d\u0159\u00edv a mezit\u00edm v\u0161\u00edm sh\u00e1n\u00edm d\u00e1rky pro hostitelskou rodinu a p\u0159em\u00fd\u0161l\u00edm, co si zabal\u00edm. J\u00e1 se obvykle sna\u017e\u00edm nem\u00edt \u017e\u00e1dn\u00e1 velk\u00e1 o\u010dek\u00e1v\u00e1n\u00ed. Bohu\u017eel, d\u00edky moj\u00ed velk\u00e9 fantazii, je to mnohokr\u00e1t t\u011b\u017ek\u00e9, a tak je samoz\u0159ejm\u011b m\u00e1m, p\u0159esto\u017ee se boj\u00edm, \u017ee potom budu zklaman\u00e1. A kdy\u017e nad t\u00edm tak p\u0159em\u00fd\u0161l\u00edm, tak m\u00e1m nakonec vlastn\u011b sp\u00ed\u0161 obrovsk\u00e1 o\u010dek\u00e1v\u00e1n\u00ed ne\u017e \u017e\u00e1dn\u00e1. T\u011b\u0161\u00edm se, a\u017e kone\u010dn\u011b nav\u0161t\u00edv\u00edm zemi, o kter\u00e9 u\u017e tak stra\u0161n\u011b dlouho sn\u00edm, t\u011b\u0161\u00edm se, a\u017e se sezn\u00e1m\u00edm s \u00fapln\u011b jinou kulturou ne\u017e \u010deskou. T\u011b\u0161\u00edm se, a\u017e pozn\u00e1m \u00fapln\u011b nov\u00e9 lidi. Chci se sezn\u00e1mit s mentalitou lid\u00ed, ve kter\u00fdch se m\u00eds\u00ed evrop\u0161t\u00ed p\u0159edci a latinskoamerick\u00fd styl \u017eivota, chci vyzkou\u0161et v\u0161echny jejich zvyky a tradice a tak\u00e9 tou\u017e\u00edm ochutnat jejich pov\u011bstnou kuchyni. A bylo by hloup\u00e9 tv\u00e1\u0159it se, \u017ee se nechci i nau\u010dit jazyk, jeliko\u017e je to bezpochyby jedna z v\u011bc\u00ed, kter\u00e1 je pro m\u011b na tomto programu d\u016fle\u017eit\u00e1. P\u0159esto v\u00edm, \u017ee se \u0161pan\u011blsky u\u010d\u00edm pr\u00e1v\u011b proto, abych mohla nav\u0161t\u00edvit v\u0161echny latinsko-americk\u00e9 zem\u011b, ne proto, \u017ee bych se domn\u00edvala, \u017ee se to bude hezky vyj\u00edmat na m\u00e9m \u017eivotopisu.<\/p>\n<p>Tak\u00e9 bych r\u00e1da poznala nov\u00e9 lidi. Spoustu nov\u00fdch lid\u00ed a douf\u00e1m, \u017ee b\u011bhem programu v zahrani\u010d\u00ed, k tomu bude nejedna p\u0159\u00edle\u017eitost a d\u00edky AFS mo\u017en\u00e1 i mo\u017enost nepoznat \u201ejen\u201c Argentince, ale i dal\u0161\u00ed studenty v\u0161ech n\u00e1rodnost\u00ed sv\u011bta, se kter\u00fdmi si budu moci vym\u011b\u0148ovat m\u00e9 poznatky i z\u00e1\u017eitky ze zem\u011b, kter\u00e1 je t\u00e9 na\u0161\u00ed natolik vzd\u00e1len\u00e1, a snad se s nimi setkat i n\u011bkdy v budoucnu.<\/p>\n<p>Nejv\u00edc ze v\u0161eho m\u011b ov\u0161em na programech v zahrani\u010d\u00ed nadchlo to, \u017ee jako st\u0159edo\u0161kol\u0161t\u00ed studenti m\u00e1me neuv\u011b\u0159itelnou mo\u017enost si vyzkou\u0161et, jak se \u017eije v jin\u00e9m st\u00e1t\u011b \u00fapln\u011b norm\u00e1ln\u011b. V\u00edm moc dob\u0159e, \u017ee podobnou p\u0159\u00edle\u017eitost u\u017e \u010dlov\u011bk nikdy nedostane, jeliko\u017e jako cestovateli u\u017e mu nikdy \u017e\u00e1dn\u00e1 rodina nenab\u00eddne st\u00e1l\u00e9 m\u00edsto u sv\u00e9ho stolu a mo\u017enost b\u00fdt opravdu \u010dlenem rodiny. Douf\u00e1m, \u017ee to, co \u010dlov\u011bk za\u017eije, bude jako kdyby se jeho mal\u00e1 \u010d\u00e1st narodila v jin\u00e9 zemi na druh\u00e9 stran\u011b sv\u011bta, a tam \u017eila jako ka\u017ed\u00fd dal\u0161\u00ed Argentinec. P\u0159eji si vyzkou\u0161et, jak\u00e9 by to bylo, kdybych se m\u00edsto v \u010cesk\u00e9 republice, p\u0159esto\u017ee ji m\u00e1m velmi r\u00e1da a neopustila bych ji natrvalo, narodila jinde, chodila do jin\u00e9 \u0161koly, m\u011bla jin\u00e9 mo\u017enosti a mo\u017en\u00e1 i jinou rodinu. T\u0159eba m\u011b to nau\u010d\u00ed v\u00e1\u017eit si toho, co m\u00e1m doma a nepova\u017eovat to za tak samoz\u0159ejm\u00e9. Jedna z mnoha v\u011bc\u00ed, kter\u00e9 jsem si obl\u00edbila na sv\u00e9m \u010dast\u00e9m dopisov\u00e1n\u00ed si s hostitelskou rodinou, je velk\u00e9 mno\u017estv\u00ed informac\u00ed, kter\u00e9 by se \u010dlov\u011bk o hostitelsk\u00e9 zemi jinak nedozv\u011bd\u011bl, ale tak\u00e9 velk\u00e9 mno\u017estv\u00ed informac\u00ed, kter\u00e9 by se jinak oni nedozv\u011bd\u011bli o m\u00e9 domovin\u011b.<\/p>\n<p>Koneckonc\u016f jsem \u010ce\u0161ka a a\u0165 si kdo chce, \u0159\u00edk\u00e1, co chce, j\u00e1 jsem na to n\u00e1le\u017eit\u011b hrd\u00e1 a chci, aby se v\u0161ichni i na druh\u00e9 stran\u011b oce\u00e1nu dozv\u011bd\u011bli, jak \u00fa\u017easn\u00e1 je zem\u011b, ze kter\u00e9 za nimi p\u0159ijedu. Nesm\u00edrn\u011b zaj\u00edmav\u00e9 je srovn\u00e1vat, jak se t\u0159eba zcela b\u011b\u017en\u00e9 v\u011bci d\u011blaj\u00ed u n\u00e1s a jak u nich (douf\u00e1m, \u017ee brzy budu \u0159\u00edkat i o tomto, u n\u00e1s). Te\u010f rozhodn\u011b nem\u016f\u017eu \u0159\u00edct, jestli se m\u00e1 o\u010dek\u00e1v\u00e1n\u00ed napln\u00ed, ale jednu v\u011bc u\u017e nyn\u00ed v\u00edm naprosto jist\u011b. Bude to jin\u00e9. Bude to \u00fapln\u011b jin\u00e9, ne\u017e je to u n\u00e1s doma a v\u011b\u0159\u00edm, \u017ee u\u017e d\u00edky tomu, za\u017eiji skv\u011bl\u00fd p\u016flrok. Budou i hor\u0161\u00ed chvilky, s t\u00edm po\u010d\u00edt\u00e1m, ale v\u011b\u0159\u00edm, \u017ee a\u017e si doma za p\u016fl roku sednu a budu cht\u00edt ps\u00e1t o m\u00e9m pobytu, nebudu litovat toho, \u017ee jsem ho absolvovala a odnesu si z n\u011bj v\u0161echno, co budu moci.<\/p>\n<p>Mnoho lid\u00ed se m\u011b pt\u00e1, pro\u010d jsem si vybrala pr\u00e1v\u011b tuto zemi a pro\u010d v\u016fbec vyr\u00e1\u017e\u00edm tak daleko, kdy\u017e m\u016f\u017eu sed\u011bt v pohodl\u00ed domova. I j\u00e1 m\u00e1m ob\u010das chv\u00edle, kdy se na to sama sebe pt\u00e1m, ale odpov\u011b\u010f je zkr\u00e1tka jasn\u00e1. Proto\u017ee chci pozn\u00e1vat, chci se seznamovat, chci moci \u0159\u00edct, \u017ee zn\u00e1m Argentinu i jej\u00ed obyvatele. Jeliko\u017e tou\u017e\u00edm vid\u011bt, sly\u0161et a c\u00edtit v\u00edc, ne\u017e co n\u00e1m nab\u00edz\u00ed teplo dom\u00e1c\u00edho krbu. Zd\u00e1 se, \u017ee na\u0161e zemi\u010dka v srdci Evropy, navzdory tomu, kolik pro m\u011b znamen\u00e1, je mi p\u0159\u00edli\u0161 mal\u00e1 a mo\u017en\u00e1 si p\u0159eji naj\u00edt si dal\u0161\u00ed domov, kam se budu moci vracet stejn\u011b jako do \u010cech, i v jin\u00e9 \u010d\u00e1sti sv\u011bta.<\/p>\n<p>\u2013 Lucie \u0160., semestr\u00e1ln\u00ed program v Argentin\u011b ve \u0161koln\u00edm roce 2016\/2017<\/p>\n<hr \/>\n<h3><strong>Za\u017eij st\u0159edn\u00ed \u0161kolu v zahrani\u010d\u00ed<\/strong><\/h3>\n<p>L\u00e1k\u00e1 t\u011b pro\u017e\u00edt podobn\u00e9 dobrodru\u017estv\u00ed jako Lucka? Nau\u010dit se nov\u00fd ciz\u00ed jazyk na druh\u00e9 stran\u011b sv\u011bta? V\u00fdm\u011bnn\u00fd studijn\u00ed program je z\u00e1\u017eitek, kter\u00fd ka\u017ed\u00e9mu studentovi p\u0159inese zku\u0161enosti a nadhled pot\u0159ebn\u00e9 pro sou\u010dasn\u00fd sv\u011bt. Pokud i tebe l\u00e1k\u00e1 my\u0161lenka st\u0159edn\u00ed \u0161koly za hranicemi \u010cesk\u00e9 republiky, nev\u00e1hej a kontaktuj na\u0161i koordin\u00e1torku Zuzanu. Ji\u017e z\u00edtra m\u016f\u017ee\u0161 b\u00fdt o krok bl\u00ed\u017e sv\u00e9mu snu! V\u00edce informac\u00ed o AFS studijn\u00edch programech a konkr\u00e9tn\u00ed nab\u00eddku mo\u017en\u00fdch destinac\u00ed nalezne\u0161 zde: <a href=\"https:\/\/www.afs.cz\/studium-v-zahranici\/?utm_source=web&amp;utm_medium=blog&amp;utm_campaign=sending_clanky&amp;utm_term=argentina\">www.afs.cz\/studium-v-zahranici\/<\/a><\/p>\n<p>Spojit se s n\u00e1mi m\u016f\u017ee\u0161 tak\u00e9 p\u0159es kontaktn\u00ed formul\u00e1\u0159 a my se ti ozveme do t\u0159\u00ed pracovn\u00edch dn\u00ed: <a href=\"https:\/\/www.afs.cz\/kontaktni-formular\/?utm_source=web&amp;utm_medium=blog&amp;utm_campaign=sending_clanky&amp;utm_term=argentina\">www.afs.cz\/kontaktni-formular\/<\/a><\/p>\n<h3 class=\"panel-wysiwyg__column-title h3\" data-name=\"title\" data-livetext=\"\"><strong>Zuzana \u010cu\u010dkov\u00e1<\/strong><\/h3>\n<div class=\"panel-wysiwyg__column-content\">\n<div class=\"context-content\" data-name=\"content\" data-livetext=\"\">\n<p>AFS koordin\u00e1torka studia v zahrani\u010d\u00ed<br \/>\nE:\u00a0<a href=\"mailto:zuzana.cuckova@afs.org\">zuzana.cuckova@afs.org<br \/>\n<\/a>M: 606 704 100<\/p>\n<\/div>\n<\/div>\n","protected":false},"excerpt":{"rendered":"<p>Jmenuji se Lucka, je mi sedmn\u00e1ct let a v \u00fanoru vyr\u00e1\u017e\u00edm s AFS na p\u016fl roku do Argentiny. Argentina, zem\u011b&hellip;<\/p>\n","protected":false},"author":351,"featured_media":16314,"comment_status":"open","ping_status":"open","sticky":false,"template":"","format":"standard","meta":{"footnotes":""},"categories":[50],"tags":[],"class_list":["post-3126","post","type-post","status-publish","format-standard","has-post-thumbnail","hentry","category-studium-v-zahranici"],"yoast_head":"<!-- This site is optimized with the Yoast SEO Premium plugin v26.6 (Yoast SEO v26.6) - https:\/\/yoast.com\/wordpress\/plugins\/seo\/ -->\n<title>Argentina \u2013 m\u016fj sen - Mezikulturn\u00ed programy<\/title>\n<meta name=\"robots\" content=\"index, follow, max-snippet:-1, max-image-preview:large, max-video-preview:-1\" \/>\n<link rel=\"canonical\" href=\"https:\/\/www.afs.cz\/en\/2017\/01\/argentina-muj-sen\/\" \/>\n<meta property=\"og:locale\" content=\"en_US\" \/>\n<meta property=\"og:type\" content=\"article\" \/>\n<meta property=\"og:title\" content=\"Argentina \u2013 m\u016fj sen\" \/>\n<meta property=\"og:description\" content=\"Jmenuji se Lucka, je mi sedmn\u00e1ct let a v \u00fanoru vyr\u00e1\u017e\u00edm s AFS na p\u016fl roku do Argentiny. Argentina, zem\u011b&hellip;\" \/>\n<meta property=\"og:url\" content=\"https:\/\/www.afs.cz\/en\/2017\/01\/argentina-muj-sen\/\" \/>\n<meta property=\"og:site_name\" content=\"Mezikulturn\u00ed programy\" \/>\n<meta property=\"article:published_time\" content=\"2017-01-23T12:53:15+00:00\" \/>\n<meta property=\"article:modified_time\" content=\"2023-01-11T11:11:08+00:00\" \/>\n<meta property=\"og:image\" content=\"https:\/\/d22dvihj4pfop3.cloudfront.net\/wp-content\/uploads\/sites\/84\/2017\/01\/11114751\/pink-house-gf4e75c511_1920-1200x630.jpg\" \/>\n\t<meta property=\"og:image:width\" content=\"1200\" \/>\n\t<meta property=\"og:image:height\" content=\"630\" \/>\n\t<meta property=\"og:image:type\" content=\"image\/jpeg\" \/>\n<meta name=\"author\" content=\"afscesko\" \/>\n<meta name=\"twitter:card\" content=\"summary_large_image\" \/>\n<meta name=\"twitter:label1\" content=\"Written by\" \/>\n\t<meta name=\"twitter:data1\" content=\"afscesko\" \/>\n\t<meta name=\"twitter:label2\" content=\"Est. reading time\" \/>\n\t<meta name=\"twitter:data2\" content=\"7 minutes\" \/>\n<script type=\"application\/ld+json\" class=\"yoast-schema-graph\">{\"@context\":\"https:\/\/schema.org\",\"@graph\":[{\"@type\":\"WebPage\",\"@id\":\"https:\/\/www.afs.cz\/en\/2017\/01\/argentina-muj-sen\/\",\"url\":\"https:\/\/www.afs.cz\/en\/2017\/01\/argentina-muj-sen\/\",\"name\":\"Argentina \u2013 m\u016fj sen - Mezikulturn\u00ed programy\",\"isPartOf\":{\"@id\":\"https:\/\/www.afs.cz\/en\/#website\"},\"primaryImageOfPage\":{\"@id\":\"https:\/\/www.afs.cz\/en\/2017\/01\/argentina-muj-sen\/#primaryimage\"},\"image\":{\"@id\":\"https:\/\/www.afs.cz\/en\/2017\/01\/argentina-muj-sen\/#primaryimage\"},\"thumbnailUrl\":\"https:\/\/d22dvihj4pfop3.cloudfront.net\/wp-content\/uploads\/sites\/84\/2017\/01\/11114751\/pink-house-gf4e75c511_1920.jpg\",\"datePublished\":\"2017-01-23T12:53:15+00:00\",\"dateModified\":\"2023-01-11T11:11:08+00:00\",\"author\":{\"@id\":\"https:\/\/www.afs.cz\/en\/#\/schema\/person\/bc52da0be76098030e75baeb919827ff\"},\"breadcrumb\":{\"@id\":\"https:\/\/www.afs.cz\/en\/2017\/01\/argentina-muj-sen\/#breadcrumb\"},\"inLanguage\":\"en-US\",\"potentialAction\":[{\"@type\":\"ReadAction\",\"target\":[\"https:\/\/www.afs.cz\/en\/2017\/01\/argentina-muj-sen\/\"]}]},{\"@type\":\"ImageObject\",\"inLanguage\":\"en-US\",\"@id\":\"https:\/\/www.afs.cz\/en\/2017\/01\/argentina-muj-sen\/#primaryimage\",\"url\":\"https:\/\/d22dvihj4pfop3.cloudfront.net\/wp-content\/uploads\/sites\/84\/2017\/01\/11114751\/pink-house-gf4e75c511_1920.jpg\",\"contentUrl\":\"https:\/\/d22dvihj4pfop3.cloudfront.net\/wp-content\/uploads\/sites\/84\/2017\/01\/11114751\/pink-house-gf4e75c511_1920.jpg\",\"width\":1920,\"height\":770},{\"@type\":\"BreadcrumbList\",\"@id\":\"https:\/\/www.afs.cz\/en\/2017\/01\/argentina-muj-sen\/#breadcrumb\",\"itemListElement\":[{\"@type\":\"ListItem\",\"position\":1,\"name\":\"Home\",\"item\":\"https:\/\/czechrepublic.afssite.afs.org\/en\/\"},{\"@type\":\"ListItem\",\"position\":2,\"name\":\"Argentina \u2013 m\u016fj sen\"}]},{\"@type\":\"WebSite\",\"@id\":\"https:\/\/www.afs.cz\/en\/#website\",\"url\":\"https:\/\/www.afs.cz\/en\/\",\"name\":\"Mezikulturn\u00ed programy\",\"description\":\"Studium v zahrani\u010d\u00ed, hostitelsk\u00fd program, vzd\u011bl\u00e1vac\u00ed programy, dobrovolnictv\u00ed a mnoho dal\u0161\u00edho.\",\"potentialAction\":[{\"@type\":\"SearchAction\",\"target\":{\"@type\":\"EntryPoint\",\"urlTemplate\":\"https:\/\/www.afs.cz\/en\/?s={search_term_string}\"},\"query-input\":{\"@type\":\"PropertyValueSpecification\",\"valueRequired\":true,\"valueName\":\"search_term_string\"}}],\"inLanguage\":\"en-US\"},{\"@type\":\"Person\",\"@id\":\"https:\/\/www.afs.cz\/en\/#\/schema\/person\/bc52da0be76098030e75baeb919827ff\",\"name\":\"afscesko\",\"image\":{\"@type\":\"ImageObject\",\"inLanguage\":\"en-US\",\"@id\":\"https:\/\/www.afs.cz\/en\/#\/schema\/person\/image\/\",\"url\":\"https:\/\/secure.gravatar.com\/avatar\/eda270bfa745d003b9a210dc384a8c22e1a05bc41e5280645d3e2968a117c931?s=96&d=mm&r=g\",\"contentUrl\":\"https:\/\/secure.gravatar.com\/avatar\/eda270bfa745d003b9a210dc384a8c22e1a05bc41e5280645d3e2968a117c931?s=96&d=mm&r=g\",\"caption\":\"afscesko\"},\"url\":\"https:\/\/www.afs.cz\/en\/author\/afscesko\/\"}]}<\/script>\n<!-- \/ Yoast SEO Premium plugin. -->","yoast_head_json":{"title":"Argentina \u2013 m\u016fj sen - Mezikulturn\u00ed programy","robots":{"index":"index","follow":"follow","max-snippet":"max-snippet:-1","max-image-preview":"max-image-preview:large","max-video-preview":"max-video-preview:-1"},"canonical":"https:\/\/www.afs.cz\/en\/2017\/01\/argentina-muj-sen\/","og_locale":"en_US","og_type":"article","og_title":"Argentina \u2013 m\u016fj sen","og_description":"Jmenuji se Lucka, je mi sedmn\u00e1ct let a v \u00fanoru vyr\u00e1\u017e\u00edm s AFS na p\u016fl roku do Argentiny. Argentina, zem\u011b&hellip;","og_url":"https:\/\/www.afs.cz\/en\/2017\/01\/argentina-muj-sen\/","og_site_name":"Mezikulturn\u00ed programy","article_published_time":"2017-01-23T12:53:15+00:00","article_modified_time":"2023-01-11T11:11:08+00:00","og_image":[{"width":1200,"height":630,"url":"https:\/\/d22dvihj4pfop3.cloudfront.net\/wp-content\/uploads\/sites\/84\/2017\/01\/11114751\/pink-house-gf4e75c511_1920-1200x630.jpg","type":"image\/jpeg"}],"author":"afscesko","twitter_card":"summary_large_image","twitter_misc":{"Written by":"afscesko","Est. reading time":"7 minutes"},"schema":{"@context":"https:\/\/schema.org","@graph":[{"@type":"WebPage","@id":"https:\/\/www.afs.cz\/en\/2017\/01\/argentina-muj-sen\/","url":"https:\/\/www.afs.cz\/en\/2017\/01\/argentina-muj-sen\/","name":"Argentina \u2013 m\u016fj sen - Mezikulturn\u00ed programy","isPartOf":{"@id":"https:\/\/www.afs.cz\/en\/#website"},"primaryImageOfPage":{"@id":"https:\/\/www.afs.cz\/en\/2017\/01\/argentina-muj-sen\/#primaryimage"},"image":{"@id":"https:\/\/www.afs.cz\/en\/2017\/01\/argentina-muj-sen\/#primaryimage"},"thumbnailUrl":"https:\/\/d22dvihj4pfop3.cloudfront.net\/wp-content\/uploads\/sites\/84\/2017\/01\/11114751\/pink-house-gf4e75c511_1920.jpg","datePublished":"2017-01-23T12:53:15+00:00","dateModified":"2023-01-11T11:11:08+00:00","author":{"@id":"https:\/\/www.afs.cz\/en\/#\/schema\/person\/bc52da0be76098030e75baeb919827ff"},"breadcrumb":{"@id":"https:\/\/www.afs.cz\/en\/2017\/01\/argentina-muj-sen\/#breadcrumb"},"inLanguage":"en-US","potentialAction":[{"@type":"ReadAction","target":["https:\/\/www.afs.cz\/en\/2017\/01\/argentina-muj-sen\/"]}]},{"@type":"ImageObject","inLanguage":"en-US","@id":"https:\/\/www.afs.cz\/en\/2017\/01\/argentina-muj-sen\/#primaryimage","url":"https:\/\/d22dvihj4pfop3.cloudfront.net\/wp-content\/uploads\/sites\/84\/2017\/01\/11114751\/pink-house-gf4e75c511_1920.jpg","contentUrl":"https:\/\/d22dvihj4pfop3.cloudfront.net\/wp-content\/uploads\/sites\/84\/2017\/01\/11114751\/pink-house-gf4e75c511_1920.jpg","width":1920,"height":770},{"@type":"BreadcrumbList","@id":"https:\/\/www.afs.cz\/en\/2017\/01\/argentina-muj-sen\/#breadcrumb","itemListElement":[{"@type":"ListItem","position":1,"name":"Home","item":"https:\/\/czechrepublic.afssite.afs.org\/en\/"},{"@type":"ListItem","position":2,"name":"Argentina \u2013 m\u016fj sen"}]},{"@type":"WebSite","@id":"https:\/\/www.afs.cz\/en\/#website","url":"https:\/\/www.afs.cz\/en\/","name":"Mezikulturn\u00ed programy","description":"Studium v zahrani\u010d\u00ed, hostitelsk\u00fd program, vzd\u011bl\u00e1vac\u00ed programy, dobrovolnictv\u00ed a mnoho dal\u0161\u00edho.","potentialAction":[{"@type":"SearchAction","target":{"@type":"EntryPoint","urlTemplate":"https:\/\/www.afs.cz\/en\/?s={search_term_string}"},"query-input":{"@type":"PropertyValueSpecification","valueRequired":true,"valueName":"search_term_string"}}],"inLanguage":"en-US"},{"@type":"Person","@id":"https:\/\/www.afs.cz\/en\/#\/schema\/person\/bc52da0be76098030e75baeb919827ff","name":"afscesko","image":{"@type":"ImageObject","inLanguage":"en-US","@id":"https:\/\/www.afs.cz\/en\/#\/schema\/person\/image\/","url":"https:\/\/secure.gravatar.com\/avatar\/eda270bfa745d003b9a210dc384a8c22e1a05bc41e5280645d3e2968a117c931?s=96&d=mm&r=g","contentUrl":"https:\/\/secure.gravatar.com\/avatar\/eda270bfa745d003b9a210dc384a8c22e1a05bc41e5280645d3e2968a117c931?s=96&d=mm&r=g","caption":"afscesko"},"url":"https:\/\/www.afs.cz\/en\/author\/afscesko\/"}]}},"_links":{"self":[{"href":"https:\/\/www.afs.cz\/en\/wp-json\/wp\/v2\/posts\/3126","targetHints":{"allow":["GET"]}}],"collection":[{"href":"https:\/\/www.afs.cz\/en\/wp-json\/wp\/v2\/posts"}],"about":[{"href":"https:\/\/www.afs.cz\/en\/wp-json\/wp\/v2\/types\/post"}],"author":[{"embeddable":true,"href":"https:\/\/www.afs.cz\/en\/wp-json\/wp\/v2\/users\/351"}],"replies":[{"embeddable":true,"href":"https:\/\/www.afs.cz\/en\/wp-json\/wp\/v2\/comments?post=3126"}],"version-history":[{"count":8,"href":"https:\/\/www.afs.cz\/en\/wp-json\/wp\/v2\/posts\/3126\/revisions"}],"predecessor-version":[{"id":16325,"href":"https:\/\/www.afs.cz\/en\/wp-json\/wp\/v2\/posts\/3126\/revisions\/16325"}],"wp:featuredmedia":[{"embeddable":true,"href":"https:\/\/www.afs.cz\/en\/wp-json\/wp\/v2\/media\/16314"}],"wp:attachment":[{"href":"https:\/\/www.afs.cz\/en\/wp-json\/wp\/v2\/media?parent=3126"}],"wp:term":[{"taxonomy":"category","embeddable":true,"href":"https:\/\/www.afs.cz\/en\/wp-json\/wp\/v2\/categories?post=3126"},{"taxonomy":"post_tag","embeddable":true,"href":"https:\/\/www.afs.cz\/en\/wp-json\/wp\/v2\/tags?post=3126"}],"curies":[{"name":"wp","href":"https:\/\/api.w.org\/{rel}","templated":true}]}}