{"id":3119,"date":"2017-02-20T13:34:58","date_gmt":"2017-02-20T12:34:58","guid":{"rendered":"http:\/\/czechrepublic.afssite.afs.org\/?p=3119"},"modified":"2017-02-23T13:58:51","modified_gmt":"2017-02-23T12:58:51","slug":"jhom-z-thajska-jindrichuv-hradec-student-201617","status":"publish","type":"post","link":"https:\/\/www.afs.cz\/en\/2017\/02\/jhom-z-thajska-jindrichuv-hradec-student-201617\/","title":{"rendered":"Jhom z Thajska, Jind\u0159ich\u016fv Hradec (student 2016\/17)"},"content":{"rendered":"<p>Being an exchange student in Czech Republic is one of my great experiences and it is like I opened the magic door to a new world then find lots of new things waiting for me.<\/p>\n<p>Yes, it was my first time away from my family in Thailand. I remember how I was so excited when I first met my host family although we skyped and wrote email from time to time before I travelled. Host mum and dad hugged me in greeting while I did Thai greeting gesture which is called WAI to them. They came to pick me up at the orientation camp in Prague and drove me to Jindrichuv Hradec, an hour and a half from Prague, then I met all members of my host family: 2 younger brothers, one lovely youngest sister and Babicka.<\/p>\n<p>New things ran really fast to me. At very first, I tried to learn and remember what my host family told me. I tried to notice and followed what or how my hosts did. Hosts introduced me to people in the town by taking me to a church . Then a week later, I went to school, Gymnasium V\u00edt\u011bzslava Nov\u00e1ka. I got new friends who were so thoughtful. I remember the day I lost my classroom, thoughtful friends sent me a message and took me to the right classroom. Besides that they invited me to hang out with them on Friday\u00a0 afternoon and some invited me to join their sport team\u00a0 so every evening I spent time practicing sports. That helped me from being home sick. Some friends accompanied me to a store to buy some necessary stuff. That made me feel so impressed. Teachers were ones who encouraged me to learn things in class even at first 3-4 months I didn\u2019t understand Czech. Some teachers tried to communicate with me in English. I appreciated it and that urged me to try to\u00a0 understand Czech as quickly as I could. Host family, friends and teachers at school and people in Jindrichuv Hradec, all of those people are the ones who have helped me adapt myself well to the new environment.<\/p>\n<p>After you have read my article, you may think how beautiful my life is. A coin has 2 sides, but to stay positive even in a bad day is the best thing I have learned. Positive thinking can push you through a raining day. Then you will be stronger. I have only 10 months here and I am strongly willing to make it as one of my best years in my life.<\/p>\n<p>5 months have passed and another 5 month half is going. I learn to live with positive attitude, to appreciate every moment and to remember my hosts as my second family and to keep Czech Republic as\u00a0 my second home. To seize the days!<\/p>\n<p><figure class=\"wp-image-wrap\"><img loading=\"lazy\" decoding=\"async\" class=\"alignnone size-medium wp-image-3122\" src=\"http:\/\/d22dvihj4pfop3.cloudfront.net\/wp-content\/uploads\/sites\/84\/2017\/02\/23134159\/Jhom_THA_a_spolu%C5%BE%C3%A1ci-300x200.jpg\" alt=\"Jhom_THA_a_spolu\u017e\u00e1ci\" width=\"300\" height=\"200\" \/><\/figure><\/p>\n<p><figure class=\"wp-image-wrap\"><img loading=\"lazy\" decoding=\"async\" class=\"alignnone size-medium wp-image-3124\" src=\"http:\/\/d22dvihj4pfop3.cloudfront.net\/wp-content\/uploads\/sites\/84\/2017\/02\/23134202\/Jhom_THA_HF-225x300.jpg\" alt=\"Jhom_THA_HF\" width=\"225\" height=\"300\" \/><\/figure><\/p>\n","protected":false},"excerpt":{"rendered":"<p>Being an exchange student in Czech Republic is one of my great experiences and it is like I opened the&hellip;<\/p>\n","protected":false},"author":283,"featured_media":3120,"comment_status":"open","ping_status":"open","sticky":false,"template":"","format":"standard","meta":{"footnotes":""},"categories":[49],"tags":[148,149],"class_list":["post-3119","post","type-post","status-publish","format-standard","has-post-thumbnail","hentry","category-hostitelsky-program","tag-hosteni","tag-vzdelavani"],"yoast_head":"<!-- This site is optimized with the Yoast SEO Premium plugin v26.6 (Yoast SEO v26.6) - https:\/\/yoast.com\/wordpress\/plugins\/seo\/ -->\n<title>Jhom z Thajska, Jind\u0159ich\u016fv Hradec (student 2016\/17) - Mezikulturn\u00ed programy<\/title>\n<meta name=\"robots\" content=\"index, follow, max-snippet:-1, max-image-preview:large, max-video-preview:-1\" \/>\n<link rel=\"canonical\" href=\"https:\/\/www.afs.cz\/en\/2017\/02\/jhom-z-thajska-jindrichuv-hradec-student-201617\/\" \/>\n<meta property=\"og:locale\" content=\"en_US\" \/>\n<meta property=\"og:type\" content=\"article\" \/>\n<meta property=\"og:title\" content=\"Jhom z Thajska, Jind\u0159ich\u016fv Hradec (student 2016\/17)\" \/>\n<meta property=\"og:description\" content=\"Being an exchange student in Czech Republic is one of my great experiences and it is like I opened the&hellip;\" \/>\n<meta property=\"og:url\" content=\"https:\/\/www.afs.cz\/en\/2017\/02\/jhom-z-thajska-jindrichuv-hradec-student-201617\/\" \/>\n<meta property=\"og:site_name\" content=\"Mezikulturn\u00ed programy\" \/>\n<meta property=\"article:published_time\" content=\"2017-02-20T12:34:58+00:00\" \/>\n<meta property=\"article:modified_time\" content=\"2017-02-23T12:58:51+00:00\" \/>\n<meta property=\"og:image\" content=\"https:\/\/d22dvihj4pfop3.cloudfront.net\/wp-content\/uploads\/sites\/84\/2017\/02\/23133723\/Jhom_THA-e1487854720838.jpg\" \/>\n\t<meta property=\"og:image:width\" content=\"500\" \/>\n\t<meta property=\"og:image:height\" content=\"333\" \/>\n\t<meta property=\"og:image:type\" content=\"image\/jpeg\" \/>\n<meta name=\"author\" content=\"lukasjandac\" \/>\n<meta name=\"twitter:card\" content=\"summary_large_image\" \/>\n<meta name=\"twitter:label1\" content=\"Written by\" \/>\n\t<meta name=\"twitter:data1\" content=\"lukasjandac\" \/>\n\t<meta name=\"twitter:label2\" content=\"Est. reading time\" \/>\n\t<meta name=\"twitter:data2\" content=\"2 minutes\" \/>\n<script type=\"application\/ld+json\" class=\"yoast-schema-graph\">{\"@context\":\"https:\/\/schema.org\",\"@graph\":[{\"@type\":\"WebPage\",\"@id\":\"https:\/\/www.afs.cz\/en\/2017\/02\/jhom-z-thajska-jindrichuv-hradec-student-201617\/\",\"url\":\"https:\/\/www.afs.cz\/en\/2017\/02\/jhom-z-thajska-jindrichuv-hradec-student-201617\/\",\"name\":\"Jhom z Thajska, Jind\u0159ich\u016fv Hradec (student 2016\/17) - Mezikulturn\u00ed programy\",\"isPartOf\":{\"@id\":\"https:\/\/www.afs.cz\/en\/#website\"},\"primaryImageOfPage\":{\"@id\":\"https:\/\/www.afs.cz\/en\/2017\/02\/jhom-z-thajska-jindrichuv-hradec-student-201617\/#primaryimage\"},\"image\":{\"@id\":\"https:\/\/www.afs.cz\/en\/2017\/02\/jhom-z-thajska-jindrichuv-hradec-student-201617\/#primaryimage\"},\"thumbnailUrl\":\"https:\/\/d22dvihj4pfop3.cloudfront.net\/wp-content\/uploads\/sites\/84\/2017\/02\/23133723\/Jhom_THA-e1487854720838.jpg\",\"datePublished\":\"2017-02-20T12:34:58+00:00\",\"dateModified\":\"2017-02-23T12:58:51+00:00\",\"author\":{\"@id\":\"https:\/\/www.afs.cz\/en\/#\/schema\/person\/fe1357d8b42072e46e7d97773020457f\"},\"breadcrumb\":{\"@id\":\"https:\/\/www.afs.cz\/en\/2017\/02\/jhom-z-thajska-jindrichuv-hradec-student-201617\/#breadcrumb\"},\"inLanguage\":\"en-US\",\"potentialAction\":[{\"@type\":\"ReadAction\",\"target\":[\"https:\/\/www.afs.cz\/en\/2017\/02\/jhom-z-thajska-jindrichuv-hradec-student-201617\/\"]}]},{\"@type\":\"ImageObject\",\"inLanguage\":\"en-US\",\"@id\":\"https:\/\/www.afs.cz\/en\/2017\/02\/jhom-z-thajska-jindrichuv-hradec-student-201617\/#primaryimage\",\"url\":\"https:\/\/d22dvihj4pfop3.cloudfront.net\/wp-content\/uploads\/sites\/84\/2017\/02\/23133723\/Jhom_THA-e1487854720838.jpg\",\"contentUrl\":\"https:\/\/d22dvihj4pfop3.cloudfront.net\/wp-content\/uploads\/sites\/84\/2017\/02\/23133723\/Jhom_THA-e1487854720838.jpg\",\"width\":500,\"height\":333},{\"@type\":\"BreadcrumbList\",\"@id\":\"https:\/\/www.afs.cz\/en\/2017\/02\/jhom-z-thajska-jindrichuv-hradec-student-201617\/#breadcrumb\",\"itemListElement\":[{\"@type\":\"ListItem\",\"position\":1,\"name\":\"Home\",\"item\":\"https:\/\/czechrepublic.afssite.afs.org\/en\/\"},{\"@type\":\"ListItem\",\"position\":2,\"name\":\"Jhom z Thajska, Jind\u0159ich\u016fv Hradec (student 2016\/17)\"}]},{\"@type\":\"WebSite\",\"@id\":\"https:\/\/www.afs.cz\/en\/#website\",\"url\":\"https:\/\/www.afs.cz\/en\/\",\"name\":\"Mezikulturn\u00ed programy\",\"description\":\"Studium v zahrani\u010d\u00ed, hostitelsk\u00fd program, vzd\u011bl\u00e1vac\u00ed programy, dobrovolnictv\u00ed a mnoho dal\u0161\u00edho.\",\"potentialAction\":[{\"@type\":\"SearchAction\",\"target\":{\"@type\":\"EntryPoint\",\"urlTemplate\":\"https:\/\/www.afs.cz\/en\/?s={search_term_string}\"},\"query-input\":{\"@type\":\"PropertyValueSpecification\",\"valueRequired\":true,\"valueName\":\"search_term_string\"}}],\"inLanguage\":\"en-US\"},{\"@type\":\"Person\",\"@id\":\"https:\/\/www.afs.cz\/en\/#\/schema\/person\/fe1357d8b42072e46e7d97773020457f\",\"name\":\"lukasjandac\",\"image\":{\"@type\":\"ImageObject\",\"inLanguage\":\"en-US\",\"@id\":\"https:\/\/www.afs.cz\/en\/#\/schema\/person\/image\/\",\"url\":\"https:\/\/secure.gravatar.com\/avatar\/470f590cad0147dcee46af635a429ffe706558af96151f41c1948370f0ff9695?s=96&d=mm&r=g\",\"contentUrl\":\"https:\/\/secure.gravatar.com\/avatar\/470f590cad0147dcee46af635a429ffe706558af96151f41c1948370f0ff9695?s=96&d=mm&r=g\",\"caption\":\"lukasjandac\"},\"url\":\"https:\/\/www.afs.cz\/en\/author\/lukasjandac\/\"}]}<\/script>\n<!-- \/ Yoast SEO Premium plugin. -->","yoast_head_json":{"title":"Jhom z Thajska, Jind\u0159ich\u016fv Hradec (student 2016\/17) - Mezikulturn\u00ed programy","robots":{"index":"index","follow":"follow","max-snippet":"max-snippet:-1","max-image-preview":"max-image-preview:large","max-video-preview":"max-video-preview:-1"},"canonical":"https:\/\/www.afs.cz\/en\/2017\/02\/jhom-z-thajska-jindrichuv-hradec-student-201617\/","og_locale":"en_US","og_type":"article","og_title":"Jhom z Thajska, Jind\u0159ich\u016fv Hradec (student 2016\/17)","og_description":"Being an exchange student in Czech Republic is one of my great experiences and it is like I opened the&hellip;","og_url":"https:\/\/www.afs.cz\/en\/2017\/02\/jhom-z-thajska-jindrichuv-hradec-student-201617\/","og_site_name":"Mezikulturn\u00ed programy","article_published_time":"2017-02-20T12:34:58+00:00","article_modified_time":"2017-02-23T12:58:51+00:00","og_image":[{"url":"https:\/\/d22dvihj4pfop3.cloudfront.net\/wp-content\/uploads\/sites\/84\/2017\/02\/23133723\/Jhom_THA-e1487854720838.jpg","width":500,"height":333,"type":"image\/jpeg"}],"author":"lukasjandac","twitter_card":"summary_large_image","twitter_misc":{"Written by":"lukasjandac","Est. reading time":"2 minutes"},"schema":{"@context":"https:\/\/schema.org","@graph":[{"@type":"WebPage","@id":"https:\/\/www.afs.cz\/en\/2017\/02\/jhom-z-thajska-jindrichuv-hradec-student-201617\/","url":"https:\/\/www.afs.cz\/en\/2017\/02\/jhom-z-thajska-jindrichuv-hradec-student-201617\/","name":"Jhom z Thajska, Jind\u0159ich\u016fv Hradec (student 2016\/17) - Mezikulturn\u00ed programy","isPartOf":{"@id":"https:\/\/www.afs.cz\/en\/#website"},"primaryImageOfPage":{"@id":"https:\/\/www.afs.cz\/en\/2017\/02\/jhom-z-thajska-jindrichuv-hradec-student-201617\/#primaryimage"},"image":{"@id":"https:\/\/www.afs.cz\/en\/2017\/02\/jhom-z-thajska-jindrichuv-hradec-student-201617\/#primaryimage"},"thumbnailUrl":"https:\/\/d22dvihj4pfop3.cloudfront.net\/wp-content\/uploads\/sites\/84\/2017\/02\/23133723\/Jhom_THA-e1487854720838.jpg","datePublished":"2017-02-20T12:34:58+00:00","dateModified":"2017-02-23T12:58:51+00:00","author":{"@id":"https:\/\/www.afs.cz\/en\/#\/schema\/person\/fe1357d8b42072e46e7d97773020457f"},"breadcrumb":{"@id":"https:\/\/www.afs.cz\/en\/2017\/02\/jhom-z-thajska-jindrichuv-hradec-student-201617\/#breadcrumb"},"inLanguage":"en-US","potentialAction":[{"@type":"ReadAction","target":["https:\/\/www.afs.cz\/en\/2017\/02\/jhom-z-thajska-jindrichuv-hradec-student-201617\/"]}]},{"@type":"ImageObject","inLanguage":"en-US","@id":"https:\/\/www.afs.cz\/en\/2017\/02\/jhom-z-thajska-jindrichuv-hradec-student-201617\/#primaryimage","url":"https:\/\/d22dvihj4pfop3.cloudfront.net\/wp-content\/uploads\/sites\/84\/2017\/02\/23133723\/Jhom_THA-e1487854720838.jpg","contentUrl":"https:\/\/d22dvihj4pfop3.cloudfront.net\/wp-content\/uploads\/sites\/84\/2017\/02\/23133723\/Jhom_THA-e1487854720838.jpg","width":500,"height":333},{"@type":"BreadcrumbList","@id":"https:\/\/www.afs.cz\/en\/2017\/02\/jhom-z-thajska-jindrichuv-hradec-student-201617\/#breadcrumb","itemListElement":[{"@type":"ListItem","position":1,"name":"Home","item":"https:\/\/czechrepublic.afssite.afs.org\/en\/"},{"@type":"ListItem","position":2,"name":"Jhom z Thajska, Jind\u0159ich\u016fv Hradec (student 2016\/17)"}]},{"@type":"WebSite","@id":"https:\/\/www.afs.cz\/en\/#website","url":"https:\/\/www.afs.cz\/en\/","name":"Mezikulturn\u00ed programy","description":"Studium v zahrani\u010d\u00ed, hostitelsk\u00fd program, vzd\u011bl\u00e1vac\u00ed programy, dobrovolnictv\u00ed a mnoho dal\u0161\u00edho.","potentialAction":[{"@type":"SearchAction","target":{"@type":"EntryPoint","urlTemplate":"https:\/\/www.afs.cz\/en\/?s={search_term_string}"},"query-input":{"@type":"PropertyValueSpecification","valueRequired":true,"valueName":"search_term_string"}}],"inLanguage":"en-US"},{"@type":"Person","@id":"https:\/\/www.afs.cz\/en\/#\/schema\/person\/fe1357d8b42072e46e7d97773020457f","name":"lukasjandac","image":{"@type":"ImageObject","inLanguage":"en-US","@id":"https:\/\/www.afs.cz\/en\/#\/schema\/person\/image\/","url":"https:\/\/secure.gravatar.com\/avatar\/470f590cad0147dcee46af635a429ffe706558af96151f41c1948370f0ff9695?s=96&d=mm&r=g","contentUrl":"https:\/\/secure.gravatar.com\/avatar\/470f590cad0147dcee46af635a429ffe706558af96151f41c1948370f0ff9695?s=96&d=mm&r=g","caption":"lukasjandac"},"url":"https:\/\/www.afs.cz\/en\/author\/lukasjandac\/"}]}},"_links":{"self":[{"href":"https:\/\/www.afs.cz\/en\/wp-json\/wp\/v2\/posts\/3119","targetHints":{"allow":["GET"]}}],"collection":[{"href":"https:\/\/www.afs.cz\/en\/wp-json\/wp\/v2\/posts"}],"about":[{"href":"https:\/\/www.afs.cz\/en\/wp-json\/wp\/v2\/types\/post"}],"author":[{"embeddable":true,"href":"https:\/\/www.afs.cz\/en\/wp-json\/wp\/v2\/users\/283"}],"replies":[{"embeddable":true,"href":"https:\/\/www.afs.cz\/en\/wp-json\/wp\/v2\/comments?post=3119"}],"version-history":[{"count":3,"href":"https:\/\/www.afs.cz\/en\/wp-json\/wp\/v2\/posts\/3119\/revisions"}],"predecessor-version":[{"id":3125,"href":"https:\/\/www.afs.cz\/en\/wp-json\/wp\/v2\/posts\/3119\/revisions\/3125"}],"wp:featuredmedia":[{"embeddable":true,"href":"https:\/\/www.afs.cz\/en\/wp-json\/wp\/v2\/media\/3120"}],"wp:attachment":[{"href":"https:\/\/www.afs.cz\/en\/wp-json\/wp\/v2\/media?parent=3119"}],"wp:term":[{"taxonomy":"category","embeddable":true,"href":"https:\/\/www.afs.cz\/en\/wp-json\/wp\/v2\/categories?post=3119"},{"taxonomy":"post_tag","embeddable":true,"href":"https:\/\/www.afs.cz\/en\/wp-json\/wp\/v2\/tags?post=3119"}],"curies":[{"name":"wp","href":"https:\/\/api.w.org\/{rel}","templated":true}]}}