{"id":25964,"date":"2025-03-25T13:17:29","date_gmt":"2025-03-25T12:17:29","guid":{"rendered":"https:\/\/czechrepublic.afssite.afs.org\/?p=25964"},"modified":"2025-03-27T08:47:33","modified_gmt":"2025-03-27T07:47:33","slug":"v-afs-ziskavam-cenne-zkusenosti","status":"publish","type":"post","link":"https:\/\/www.afs.cz\/en\/2025\/03\/v-afs-ziskavam-cenne-zkusenosti\/","title":{"rendered":"&#8220;V AFS z\u00edsk\u00e1v\u00e1m cenn\u00e9 zku\u0161enosti v oblasti organizace a t\u00fdmov\u00e9 spolupr\u00e1ce.&#8221;"},"content":{"rendered":"<h4>Nela v AFS Dobrovolnick\u00e9 skupin\u011b Ostravsko zast\u00e1v\u00e1 pozici kontaktn\u00ed osoby zahrani\u010dn\u00edch student\u016f a postupn\u011b se zapojuje i do dal\u0161\u00edch aktivit. P\u0159e\u010dt\u011bte rozhovor nejen o tom, co j\u00ed dobrovolni\u010den\u00ed v AFS p\u0159in\u00e1\u0161\u00ed.<\/h4>\n<p><figure class=\"wp-image-wrap\"><img loading=\"lazy\" decoding=\"async\" class=\"alignnone size-medium wp-image-25968\" src=\"https:\/\/d22dvihj4pfop3.cloudfront.net\/wp-content\/uploads\/sites\/84\/2025\/03\/25125113\/Your-paragraph-text-47-480x600.png\" alt=\"\" width=\"480\" height=\"600\" \/><\/figure><\/p>\n<h3>Jak dlouho dobrovolni\u010d\u00ed\u0161 v AFS?<\/h3>\n<p><span style=\"font-weight: 400;\">&#8220;V AFS jsem od roku 2022. Z\u00fa\u010dastnila jsem se n\u011bkolika \u0161kolen\u00ed a akc\u00ed, jako nap\u0159\u00edklad \u0160kolen\u00ed pro kontaktn\u00ed osoby, KO\u010dkov\u00e1n\u00ed, \u0161kolen\u00ed Prezentuj sebev\u011bdom\u011b, Megav\u00edkendu, Mezin\u00e1rodn\u00ed ve\u010de\u0159e \u010di Podzimn\u00edho Hn\u00edzda. Taky se r\u00e1da \u00fa\u010dastn\u00edm akc\u00ed pro studenty \u2013 v na\u0161em DOSu Ostravsko. Organizovala jsem Novoro\u010dn\u00ed bruslen\u00ed. Pomoc\u00ed t\u011bchto zku\u0161enost\u00ed jsem zjisitila, \u017ee m\u011b bav\u00ed prezentov\u00e1n\u00ed a organizace akc\u00ed. Na tyto oblasti bych se do budoucna r\u00e1da zam\u011b\u0159ila.<\/span><\/p>\n<p><span style=\"font-weight: 400;\"> Moment\u00e1ln\u011b jsem kontaktn\u00ed osobou Flavie z Venezuely. P\u0159ed n\u00ed jsem d\u011blala kontaktn\u00ed osobu dv\u011bma student\u016fm &#8211; z Dominik\u00e1nsk\u00e9 republiky a z Mexika.&#8221;<\/span><\/p>\n<figure id=\"attachment_25978\" aria-describedby=\"caption-attachment-25978\" style=\"width: 600px\" class=\"wp-caption alignnone\"><img loading=\"lazy\" decoding=\"async\" class=\"wp-image-25978 size-medium\" src=\"https:\/\/d22dvihj4pfop3.cloudfront.net\/wp-content\/uploads\/sites\/84\/2025\/03\/25125655\/5-600x449.jpg\" alt=\"\" width=\"600\" height=\"449\" \/><figcaption id=\"caption-attachment-25978\" class=\"wp-caption-text\">S Flavi\u00ed z Venezuely, kter\u00e1 \u017eije v hostitelsk\u00e9 rodin\u011b v Ostrav\u011b.<\/figcaption><\/figure>\n<h3>Jak jsi se k dobrovolnictv\u00ed v AFS dostala?<\/h3>\n<p><span style=\"font-weight: 400;\">&#8220;P\u016fvodn\u011b jsem hledala organizaci, se kterou bych mohla vyrazit studovat na Nov\u00fd Z\u00e9land na 3 m\u011bs\u00edce a na internetu jsem tak narazila na AFS. Sice nenab\u00edzeli t\u0159\u00edm\u011bs\u00ed\u010dn\u00ed studium na Z\u00e9landu, ale zaujala m\u011b pr\u00e1v\u011b mo\u017enost dobrovolni\u010den\u00ed. Je\u0161t\u011b p\u0159ed AFS jsem toti\u017e v r\u00e1mci Dofe dobrovolni\u010dila v Ostrav\u011b v centru pro cizince, kde jsem zjistila, \u017ee m\u011b tato \u010dinnost opravdu napl\u0148uje.<\/span><\/p>\n<figure id=\"attachment_25982\" aria-describedby=\"caption-attachment-25982\" style=\"width: 600px\" class=\"wp-caption alignnone\"><img loading=\"lazy\" decoding=\"async\" class=\"wp-image-25982 size-medium\" style=\"font-weight: 900;\" src=\"https:\/\/d22dvihj4pfop3.cloudfront.net\/wp-content\/uploads\/sites\/84\/2025\/03\/25125704\/7-600x400.jpg\" alt=\"\" width=\"600\" height=\"400\" \/><figcaption id=\"caption-attachment-25982\" class=\"wp-caption-text\">Cesta na Lysou horu s Josem z Dominik\u00e1nsk\u00e9 republiky. Jose byl prvn\u00ed student, kter\u00e9mu jsem d\u011blala kontaktn\u00ed osobu.<\/figcaption><\/figure>\n<p><span style=\"font-size: 18px;\">R\u00e1da pom\u00e1h\u00e1m ostatn\u00edm, pozn\u00e1v\u00e1m nov\u00e9 lidi, jejich kulturu a dozv\u00edd\u00e1m se nov\u00e9 v\u011bci. V minulosti jsem se tak\u00e9 z\u00fa\u010dastnila Youth Exchange Erasmus+ projekt\u016f, kde jsem poznala \u00fa\u017easn\u00e9 lidi. Jednodu\u0161e v\u0161echny m\u00e9 z\u00e1jmy nebo m\u00e9 p\u0159edchoz\u00ed zku\u0161enosti m\u011b utvrdily v tom, abych do toho \u0161la. Nev\u00e1hala jsem, AFS byla pro m\u011b jasn\u00e1 volba. Doslova m\u011b to nadchlo.&#8221;<\/span><\/p>\n<h3>Co se ti na dobrovolnictv\u00ed v AFS l\u00edb\u00ed?<\/h3>\n<p><span style=\"font-weight: 400;\">&#8220;L\u00edb\u00ed se mi, \u017ee ka\u017ed\u00fd individu\u00e1ln\u011b m\u016f\u017ee d\u00e1t dobrovolni\u010den\u00ed tolik \u010dasu, kolik zvl\u00e1d\u00e1. L\u00edb\u00ed se mi to, \u017ee na jednu stranu vy osobn\u011b m\u016f\u017eete p\u0159isp\u011bt a pomoci, a z\u00e1rove\u0148 to, \u017ee v\u00e1m zku\u0161enosti nabyt\u00e9 v AFS pom\u016f\u017eou v \u017eivot\u011b. Jak jsem ji\u017e zm\u00ednila, r\u00e1da pom\u00e1h\u00e1m a pozn\u00e1v\u00e1m nov\u00e9. AFS mi poskytlo p\u0159\u00edle\u017eitost se zlep\u0161it v mnoh\u00fdch oblastech, dalo mi prostor k seberozvoji a sebepozn\u00e1n\u00ed. Samoz\u0159ejm\u011b jsem d\u00edky n\u011bmu z\u00edskala mnoho nezapomenuteln\u00fdch z\u00e1\u017eitk\u016f.&#8221;<\/span><\/p>\n<figure id=\"attachment_25986\" aria-describedby=\"caption-attachment-25986\" style=\"width: 600px\" class=\"wp-caption alignnone\"><img loading=\"lazy\" decoding=\"async\" class=\"wp-image-25986 size-medium\" src=\"https:\/\/d22dvihj4pfop3.cloudfront.net\/wp-content\/uploads\/sites\/84\/2025\/03\/25125714\/9-e1742904324851.jpg\" alt=\"\" width=\"600\" height=\"372\" \/><figcaption id=\"caption-attachment-25986\" class=\"wp-caption-text\">KO\u010dkov\u00e1n\u00ed &#8211; \u0161kolen\u00ed kontaktn\u00edch osob (KO)<\/figcaption><\/figure>\n<h3>Jak zku\u0161enosti z dobrovolnictv\u00ed v AFS vyu\u017e\u00edv\u00e1\u0161 ve sv\u00e9m pracovn\u00edm\/studijn\u00edm\/ka\u017edodenn\u00edm \u017eivot\u011b?<\/h3>\n<p><span style=\"font-weight: 400;\">&#8220;V AFS jsem se nau\u010dila p\u0159edev\u0161\u00edm komunikovat s lidmi z r\u016fzn\u00fdch kulturn\u00edch prost\u0159ed\u00ed. Pochopila jsem, jak moc d\u016fle\u017eit\u00e1 je empatie, porozum\u011bn\u00ed a respekt k rozd\u00edl\u016fm mezi jednotliv\u00fdmi kulturami. Z\u00edskala jsem cenn\u00e9 dovednosti v oblasti organizace a t\u00fdmov\u00e9 spolupr\u00e1ce, kter\u00e9 se mi hodily jak ve \u0161koln\u00edch hodin\u00e1ch, tak nap\u0159\u00edklad p\u0159i aktivit\u00e1ch na Youth Exchanges a v\u011b\u0159\u00edm, \u017ee se budou hodit i na m\u00e9 cest\u011b \u017eivotem.&#8221;<\/span><\/p>\n<figure id=\"attachment_25980\" aria-describedby=\"caption-attachment-25980\" style=\"width: 600px\" class=\"wp-caption alignnone\"><img loading=\"lazy\" decoding=\"async\" class=\"wp-image-25980 size-medium\" src=\"https:\/\/d22dvihj4pfop3.cloudfront.net\/wp-content\/uploads\/sites\/84\/2025\/03\/25125659\/6-e1742904383906-600x567.jpg\" alt=\"\" width=\"600\" height=\"567\" \/><figcaption id=\"caption-attachment-25980\" class=\"wp-caption-text\">Bruslen\u00ed pro zahrani\u010dn\u00ed studenty v na\u0161\u00ed Dobrovolnick\u00e9 skupin\u011b Ostravsko<\/figcaption><\/figure>\n<h3>Co bys vzk\u00e1zala t\u011bm, kte\u0159\u00ed dobrovolnictv\u00ed v AFS tak\u00e9 zva\u017euj\u00ed?<\/h3>\n<p><span style=\"font-weight: 400;\">&#8220;P\u0159ekonejte strach. Mo\u017en\u00e1 to pro v\u00e1s zprvu m\u016f\u017ee b\u00fdt trochu nekomfortn\u00ed &#8211; m\u00e1te strach, proto\u017ee tam nikoho nezn\u00e1te, ale nen\u00ed t\u0159eba. V AFS m\u016f\u017eete b\u00fdt extrovertem, introvertem \u010di cokoli mezi t\u00edm. V r\u00e1mci AFS se rozd\u00edly a lid\u00e9 vz\u00e1jemn\u011b respektuj\u00ed a podporuj\u00ed. Je zde celkov\u011b skv\u011bl\u00e1 komunita osob, takov\u00fd safe space, \u010deho\u017e si velmi v\u00e1\u017e\u00edm. <\/span><\/p>\n<figure id=\"attachment_25970\" aria-describedby=\"caption-attachment-25970\" style=\"width: 600px\" class=\"wp-caption alignnone\"><img loading=\"lazy\" decoding=\"async\" class=\"wp-image-25970 size-medium\" src=\"https:\/\/d22dvihj4pfop3.cloudfront.net\/wp-content\/uploads\/sites\/84\/2025\/03\/25125643\/1-e1742904497956-600x305.jpg\" alt=\"\" width=\"600\" height=\"305\" \/><figcaption id=\"caption-attachment-25970\" class=\"wp-caption-text\">Mezin\u00e1rodn\u00ed ve\u010de\u0159e &#8211; ve\u010der pro hostitelsk\u00e9 rodiny a zahrani\u010dn\u00ed studenty, pln\u00fd skv\u011bl\u00fdch lid\u00ed a dobr\u00e9ho j\u00eddla. Na fotce je se mnou Juan Pablo z Mexika, kter\u00e9mu jsem tak\u00e9 d\u011blala kontaktn\u00ed osobu.<\/figcaption><\/figure>\n<p><span style=\"font-weight: 400;\">V\u017edy se t\u011b\u0161\u00edm na dal\u0161\u00ed akce a lidi, kte\u0159\u00ed AFS d\u011blaj\u00ed pr\u00e1v\u011b tak \u00fa\u017easn\u00e9, jak\u00e9 je. Do AFS p\u0159ijdou ve sv\u00e9m voln\u00e9m \u010dase dobrovolni\u010dit opravdu jen lid\u00e9, kte\u0159\u00ed o to maj\u00ed skute\u010dn\u00fd z\u00e1jem a d\u011blaj\u00ed to srdcem. Proto se nebojte, budete obklopeni stejn\u011b nalad\u011bn\u00fdmi lidmi, najdete si p\u0159\u00e1tele, sami se dozv\u00edte n\u011bco nov\u00e9ho, ale z\u00e1rove\u0148 obohat\u00edte ty okolo v\u00e1s. V r\u016fzn\u00fdch situac\u00edch tak pozn\u00e1te i l\u00e9pe sami sebe.&#8221;<\/span><\/p>\n<h3>Odkazy:<\/h3>\n<ul>\n<li><a href=\"https:\/\/www.afs.cz\/dobrovolnictvi\/\">Dobrovolnictv\u00ed AFS<\/a><\/li>\n<li><a href=\"https:\/\/www.afs.cz\/dobrovolnictvi\/prihlasovaci-formular-k-dobrovolnictvi\/\">Nez\u00e1vazna p\u0159ihl\u00e1\u0161ka &#8211; dobrovolnictv\u00ed AFS<\/a><\/li>\n<li><a href=\"https:\/\/www.afs.cz\/hostitelsky-program\/\">Hostitelsk\u00fd program AFS<\/a><\/li>\n<\/ul>\n<figure id=\"attachment_25990\" aria-describedby=\"caption-attachment-25990\" style=\"width: 451px\" class=\"wp-caption alignnone\"><img loading=\"lazy\" decoding=\"async\" class=\"wp-image-25990 size-medium\" src=\"https:\/\/d22dvihj4pfop3.cloudfront.net\/wp-content\/uploads\/sites\/84\/2025\/03\/25125722\/11-451x600.jpg\" alt=\"\" width=\"451\" height=\"600\" \/><figcaption id=\"caption-attachment-25990\" class=\"wp-caption-text\">Tady jsme v\u00edtali AFS studenta Juana Pabla z Mexika v Ostrav\u011b.<\/figcaption><\/figure>\n<figure id=\"attachment_25988\" aria-describedby=\"caption-attachment-25988\" style=\"width: 600px\" class=\"wp-caption alignnone\"><img loading=\"lazy\" decoding=\"async\" class=\"wp-image-25988 size-medium\" src=\"https:\/\/d22dvihj4pfop3.cloudfront.net\/wp-content\/uploads\/sites\/84\/2025\/03\/25125719\/10-e1742904789594-600x375.jpg\" alt=\"\" width=\"600\" height=\"375\" \/><figcaption id=\"caption-attachment-25988\" class=\"wp-caption-text\">V\u017edy se t\u011b\u0161\u00edm na r\u016fzn\u00e9 akce \u010di \u0161kolen\u00ed AFS, je to doopravdy \u00fa\u017easn\u00e1 komunita lid\u00ed.<\/figcaption><\/figure>\n","protected":false},"excerpt":{"rendered":"<p>Nela v AFS Dobrovolnick\u00e9 skupin\u011b Ostravsko zast\u00e1v\u00e1 pozici kontaktn\u00ed osoby zahrani\u010dn\u00edch student\u016f a postupn\u011b se zapojuje i do dal\u0161\u00edch aktivit.&hellip;<\/p>\n","protected":false},"author":351,"featured_media":25999,"comment_status":"closed","ping_status":"closed","sticky":false,"template":"","format":"standard","meta":{"footnotes":""},"categories":[51],"tags":[],"class_list":["post-25964","post","type-post","status-publish","format-standard","has-post-thumbnail","hentry","category-dobrovolnictvi"],"yoast_head":"<!-- This site is optimized with the Yoast SEO Premium plugin v26.6 (Yoast SEO v26.6) - https:\/\/yoast.com\/wordpress\/plugins\/seo\/ -->\n<title>&quot;V AFS z\u00edsk\u00e1v\u00e1m cenn\u00e9 zku\u0161enosti v oblasti organizace a t\u00fdmov\u00e9 spolupr\u00e1ce.&quot; - Mezikulturn\u00ed programy<\/title>\n<meta name=\"robots\" content=\"index, follow, max-snippet:-1, max-image-preview:large, max-video-preview:-1\" \/>\n<link rel=\"canonical\" href=\"https:\/\/www.afs.cz\/en\/2025\/03\/v-afs-ziskavam-cenne-zkusenosti\/\" \/>\n<meta property=\"og:locale\" content=\"en_US\" \/>\n<meta property=\"og:type\" content=\"article\" \/>\n<meta property=\"og:title\" content=\"&quot;V AFS z\u00edsk\u00e1v\u00e1m cenn\u00e9 zku\u0161enosti v oblasti organizace a t\u00fdmov\u00e9 spolupr\u00e1ce.&quot;\" \/>\n<meta property=\"og:description\" content=\"Nela v AFS Dobrovolnick\u00e9 skupin\u011b Ostravsko zast\u00e1v\u00e1 pozici kontaktn\u00ed osoby zahrani\u010dn\u00edch student\u016f a postupn\u011b se zapojuje i do dal\u0161\u00edch aktivit.&hellip;\" \/>\n<meta property=\"og:url\" content=\"https:\/\/www.afs.cz\/en\/2025\/03\/v-afs-ziskavam-cenne-zkusenosti\/\" \/>\n<meta property=\"og:site_name\" content=\"Mezikulturn\u00ed programy\" \/>\n<meta property=\"article:published_time\" content=\"2025-03-25T12:17:29+00:00\" \/>\n<meta property=\"article:modified_time\" content=\"2025-03-27T07:47:33+00:00\" \/>\n<meta property=\"og:image\" content=\"https:\/\/d22dvihj4pfop3.cloudfront.net\/wp-content\/uploads\/sites\/84\/2025\/03\/25133054\/Untitled-design-27-940x630.png\" \/>\n\t<meta property=\"og:image:width\" content=\"940\" \/>\n\t<meta property=\"og:image:height\" content=\"630\" \/>\n\t<meta property=\"og:image:type\" content=\"image\/png\" \/>\n<meta name=\"author\" content=\"afscesko\" \/>\n<meta name=\"twitter:card\" content=\"summary_large_image\" \/>\n<meta name=\"twitter:label1\" content=\"Written by\" \/>\n\t<meta name=\"twitter:data1\" content=\"afscesko\" \/>\n\t<meta name=\"twitter:label2\" content=\"Est. reading time\" \/>\n\t<meta name=\"twitter:data2\" content=\"6 minutes\" \/>\n<script type=\"application\/ld+json\" class=\"yoast-schema-graph\">{\"@context\":\"https:\/\/schema.org\",\"@graph\":[{\"@type\":\"WebPage\",\"@id\":\"https:\/\/www.afs.cz\/en\/2025\/03\/v-afs-ziskavam-cenne-zkusenosti\/\",\"url\":\"https:\/\/www.afs.cz\/en\/2025\/03\/v-afs-ziskavam-cenne-zkusenosti\/\",\"name\":\"\\\"V AFS z\u00edsk\u00e1v\u00e1m cenn\u00e9 zku\u0161enosti v oblasti organizace a t\u00fdmov\u00e9 spolupr\u00e1ce.\\\" - Mezikulturn\u00ed programy\",\"isPartOf\":{\"@id\":\"https:\/\/www.afs.cz\/en\/#website\"},\"primaryImageOfPage\":{\"@id\":\"https:\/\/www.afs.cz\/en\/2025\/03\/v-afs-ziskavam-cenne-zkusenosti\/#primaryimage\"},\"image\":{\"@id\":\"https:\/\/www.afs.cz\/en\/2025\/03\/v-afs-ziskavam-cenne-zkusenosti\/#primaryimage\"},\"thumbnailUrl\":\"https:\/\/d22dvihj4pfop3.cloudfront.net\/wp-content\/uploads\/sites\/84\/2025\/03\/25133054\/Untitled-design-27.png\",\"datePublished\":\"2025-03-25T12:17:29+00:00\",\"dateModified\":\"2025-03-27T07:47:33+00:00\",\"author\":{\"@id\":\"https:\/\/www.afs.cz\/en\/#\/schema\/person\/bc52da0be76098030e75baeb919827ff\"},\"breadcrumb\":{\"@id\":\"https:\/\/www.afs.cz\/en\/2025\/03\/v-afs-ziskavam-cenne-zkusenosti\/#breadcrumb\"},\"inLanguage\":\"en-US\",\"potentialAction\":[{\"@type\":\"ReadAction\",\"target\":[\"https:\/\/www.afs.cz\/en\/2025\/03\/v-afs-ziskavam-cenne-zkusenosti\/\"]}]},{\"@type\":\"ImageObject\",\"inLanguage\":\"en-US\",\"@id\":\"https:\/\/www.afs.cz\/en\/2025\/03\/v-afs-ziskavam-cenne-zkusenosti\/#primaryimage\",\"url\":\"https:\/\/d22dvihj4pfop3.cloudfront.net\/wp-content\/uploads\/sites\/84\/2025\/03\/25133054\/Untitled-design-27.png\",\"contentUrl\":\"https:\/\/d22dvihj4pfop3.cloudfront.net\/wp-content\/uploads\/sites\/84\/2025\/03\/25133054\/Untitled-design-27.png\",\"width\":940,\"height\":788},{\"@type\":\"BreadcrumbList\",\"@id\":\"https:\/\/www.afs.cz\/en\/2025\/03\/v-afs-ziskavam-cenne-zkusenosti\/#breadcrumb\",\"itemListElement\":[{\"@type\":\"ListItem\",\"position\":1,\"name\":\"Home\",\"item\":\"https:\/\/czechrepublic.afssite.afs.org\/en\/\"},{\"@type\":\"ListItem\",\"position\":2,\"name\":\"&#8222;V AFS z\u00edsk\u00e1v\u00e1m cenn\u00e9 zku\u0161enosti v oblasti organizace a t\u00fdmov\u00e9 spolupr\u00e1ce.&#8220;\"}]},{\"@type\":\"WebSite\",\"@id\":\"https:\/\/www.afs.cz\/en\/#website\",\"url\":\"https:\/\/www.afs.cz\/en\/\",\"name\":\"Mezikulturn\u00ed programy\",\"description\":\"Studium v zahrani\u010d\u00ed, hostitelsk\u00fd program, vzd\u011bl\u00e1vac\u00ed programy, dobrovolnictv\u00ed a mnoho dal\u0161\u00edho.\",\"potentialAction\":[{\"@type\":\"SearchAction\",\"target\":{\"@type\":\"EntryPoint\",\"urlTemplate\":\"https:\/\/www.afs.cz\/en\/?s={search_term_string}\"},\"query-input\":{\"@type\":\"PropertyValueSpecification\",\"valueRequired\":true,\"valueName\":\"search_term_string\"}}],\"inLanguage\":\"en-US\"},{\"@type\":\"Person\",\"@id\":\"https:\/\/www.afs.cz\/en\/#\/schema\/person\/bc52da0be76098030e75baeb919827ff\",\"name\":\"afscesko\",\"image\":{\"@type\":\"ImageObject\",\"inLanguage\":\"en-US\",\"@id\":\"https:\/\/www.afs.cz\/en\/#\/schema\/person\/image\/\",\"url\":\"https:\/\/secure.gravatar.com\/avatar\/eda270bfa745d003b9a210dc384a8c22e1a05bc41e5280645d3e2968a117c931?s=96&d=mm&r=g\",\"contentUrl\":\"https:\/\/secure.gravatar.com\/avatar\/eda270bfa745d003b9a210dc384a8c22e1a05bc41e5280645d3e2968a117c931?s=96&d=mm&r=g\",\"caption\":\"afscesko\"},\"url\":\"https:\/\/www.afs.cz\/en\/author\/afscesko\/\"}]}<\/script>\n<!-- \/ Yoast SEO Premium plugin. -->","yoast_head_json":{"title":"\"V AFS z\u00edsk\u00e1v\u00e1m cenn\u00e9 zku\u0161enosti v oblasti organizace a t\u00fdmov\u00e9 spolupr\u00e1ce.\" - Mezikulturn\u00ed programy","robots":{"index":"index","follow":"follow","max-snippet":"max-snippet:-1","max-image-preview":"max-image-preview:large","max-video-preview":"max-video-preview:-1"},"canonical":"https:\/\/www.afs.cz\/en\/2025\/03\/v-afs-ziskavam-cenne-zkusenosti\/","og_locale":"en_US","og_type":"article","og_title":"\"V AFS z\u00edsk\u00e1v\u00e1m cenn\u00e9 zku\u0161enosti v oblasti organizace a t\u00fdmov\u00e9 spolupr\u00e1ce.\"","og_description":"Nela v AFS Dobrovolnick\u00e9 skupin\u011b Ostravsko zast\u00e1v\u00e1 pozici kontaktn\u00ed osoby zahrani\u010dn\u00edch student\u016f a postupn\u011b se zapojuje i do dal\u0161\u00edch aktivit.&hellip;","og_url":"https:\/\/www.afs.cz\/en\/2025\/03\/v-afs-ziskavam-cenne-zkusenosti\/","og_site_name":"Mezikulturn\u00ed programy","article_published_time":"2025-03-25T12:17:29+00:00","article_modified_time":"2025-03-27T07:47:33+00:00","og_image":[{"width":940,"height":630,"url":"https:\/\/d22dvihj4pfop3.cloudfront.net\/wp-content\/uploads\/sites\/84\/2025\/03\/25133054\/Untitled-design-27-940x630.png","type":"image\/png"}],"author":"afscesko","twitter_card":"summary_large_image","twitter_misc":{"Written by":"afscesko","Est. reading time":"6 minutes"},"schema":{"@context":"https:\/\/schema.org","@graph":[{"@type":"WebPage","@id":"https:\/\/www.afs.cz\/en\/2025\/03\/v-afs-ziskavam-cenne-zkusenosti\/","url":"https:\/\/www.afs.cz\/en\/2025\/03\/v-afs-ziskavam-cenne-zkusenosti\/","name":"\"V AFS z\u00edsk\u00e1v\u00e1m cenn\u00e9 zku\u0161enosti v oblasti organizace a t\u00fdmov\u00e9 spolupr\u00e1ce.\" - Mezikulturn\u00ed programy","isPartOf":{"@id":"https:\/\/www.afs.cz\/en\/#website"},"primaryImageOfPage":{"@id":"https:\/\/www.afs.cz\/en\/2025\/03\/v-afs-ziskavam-cenne-zkusenosti\/#primaryimage"},"image":{"@id":"https:\/\/www.afs.cz\/en\/2025\/03\/v-afs-ziskavam-cenne-zkusenosti\/#primaryimage"},"thumbnailUrl":"https:\/\/d22dvihj4pfop3.cloudfront.net\/wp-content\/uploads\/sites\/84\/2025\/03\/25133054\/Untitled-design-27.png","datePublished":"2025-03-25T12:17:29+00:00","dateModified":"2025-03-27T07:47:33+00:00","author":{"@id":"https:\/\/www.afs.cz\/en\/#\/schema\/person\/bc52da0be76098030e75baeb919827ff"},"breadcrumb":{"@id":"https:\/\/www.afs.cz\/en\/2025\/03\/v-afs-ziskavam-cenne-zkusenosti\/#breadcrumb"},"inLanguage":"en-US","potentialAction":[{"@type":"ReadAction","target":["https:\/\/www.afs.cz\/en\/2025\/03\/v-afs-ziskavam-cenne-zkusenosti\/"]}]},{"@type":"ImageObject","inLanguage":"en-US","@id":"https:\/\/www.afs.cz\/en\/2025\/03\/v-afs-ziskavam-cenne-zkusenosti\/#primaryimage","url":"https:\/\/d22dvihj4pfop3.cloudfront.net\/wp-content\/uploads\/sites\/84\/2025\/03\/25133054\/Untitled-design-27.png","contentUrl":"https:\/\/d22dvihj4pfop3.cloudfront.net\/wp-content\/uploads\/sites\/84\/2025\/03\/25133054\/Untitled-design-27.png","width":940,"height":788},{"@type":"BreadcrumbList","@id":"https:\/\/www.afs.cz\/en\/2025\/03\/v-afs-ziskavam-cenne-zkusenosti\/#breadcrumb","itemListElement":[{"@type":"ListItem","position":1,"name":"Home","item":"https:\/\/czechrepublic.afssite.afs.org\/en\/"},{"@type":"ListItem","position":2,"name":"&#8222;V AFS z\u00edsk\u00e1v\u00e1m cenn\u00e9 zku\u0161enosti v oblasti organizace a t\u00fdmov\u00e9 spolupr\u00e1ce.&#8220;"}]},{"@type":"WebSite","@id":"https:\/\/www.afs.cz\/en\/#website","url":"https:\/\/www.afs.cz\/en\/","name":"Mezikulturn\u00ed programy","description":"Studium v zahrani\u010d\u00ed, hostitelsk\u00fd program, vzd\u011bl\u00e1vac\u00ed programy, dobrovolnictv\u00ed a mnoho dal\u0161\u00edho.","potentialAction":[{"@type":"SearchAction","target":{"@type":"EntryPoint","urlTemplate":"https:\/\/www.afs.cz\/en\/?s={search_term_string}"},"query-input":{"@type":"PropertyValueSpecification","valueRequired":true,"valueName":"search_term_string"}}],"inLanguage":"en-US"},{"@type":"Person","@id":"https:\/\/www.afs.cz\/en\/#\/schema\/person\/bc52da0be76098030e75baeb919827ff","name":"afscesko","image":{"@type":"ImageObject","inLanguage":"en-US","@id":"https:\/\/www.afs.cz\/en\/#\/schema\/person\/image\/","url":"https:\/\/secure.gravatar.com\/avatar\/eda270bfa745d003b9a210dc384a8c22e1a05bc41e5280645d3e2968a117c931?s=96&d=mm&r=g","contentUrl":"https:\/\/secure.gravatar.com\/avatar\/eda270bfa745d003b9a210dc384a8c22e1a05bc41e5280645d3e2968a117c931?s=96&d=mm&r=g","caption":"afscesko"},"url":"https:\/\/www.afs.cz\/en\/author\/afscesko\/"}]}},"_links":{"self":[{"href":"https:\/\/www.afs.cz\/en\/wp-json\/wp\/v2\/posts\/25964","targetHints":{"allow":["GET"]}}],"collection":[{"href":"https:\/\/www.afs.cz\/en\/wp-json\/wp\/v2\/posts"}],"about":[{"href":"https:\/\/www.afs.cz\/en\/wp-json\/wp\/v2\/types\/post"}],"author":[{"embeddable":true,"href":"https:\/\/www.afs.cz\/en\/wp-json\/wp\/v2\/users\/351"}],"replies":[{"embeddable":true,"href":"https:\/\/www.afs.cz\/en\/wp-json\/wp\/v2\/comments?post=25964"}],"version-history":[{"count":18,"href":"https:\/\/www.afs.cz\/en\/wp-json\/wp\/v2\/posts\/25964\/revisions"}],"predecessor-version":[{"id":26037,"href":"https:\/\/www.afs.cz\/en\/wp-json\/wp\/v2\/posts\/25964\/revisions\/26037"}],"wp:featuredmedia":[{"embeddable":true,"href":"https:\/\/www.afs.cz\/en\/wp-json\/wp\/v2\/media\/25999"}],"wp:attachment":[{"href":"https:\/\/www.afs.cz\/en\/wp-json\/wp\/v2\/media?parent=25964"}],"wp:term":[{"taxonomy":"category","embeddable":true,"href":"https:\/\/www.afs.cz\/en\/wp-json\/wp\/v2\/categories?post=25964"},{"taxonomy":"post_tag","embeddable":true,"href":"https:\/\/www.afs.cz\/en\/wp-json\/wp\/v2\/tags?post=25964"}],"curies":[{"name":"wp","href":"https:\/\/api.w.org\/{rel}","templated":true}]}}