{"id":25789,"date":"2025-03-17T13:45:11","date_gmt":"2025-03-17T12:45:11","guid":{"rendered":"https:\/\/czechrepublic.afssite.afs.org\/?p=25789"},"modified":"2025-03-18T09:53:06","modified_gmt":"2025-03-18T08:53:06","slug":"vzdelani-pro-zivot-2025","status":"publish","type":"post","link":"https:\/\/www.afs.cz\/en\/2025\/03\/vzdelani-pro-zivot-2025\/","title":{"rendered":"AFS konference Vzd\u011bl\u00e1n\u00ed pro \u017eivot 2025 p\u0159inesla inspirativn\u00ed p\u0159\u00edklady dobr\u00e9 praxe internacionalizace"},"content":{"rendered":"<h4><strong>Internacionalizace \u0161kol jako kl\u00ed\u010dov\u00e1 sou\u010d\u00e1st modern\u00edho vzd\u011bl\u00e1v\u00e1n\u00ed<\/strong> byla hlavn\u00edm t\u00e9matem ji\u017e des\u00e1t\u00e9ho ro\u010dn\u00edku AFS konference nejen pro u\u010ditele &#8211; Vzd\u011bl\u00e1n\u00ed pro \u017eivot 2025.<\/h4>\n<p>&nbsp;<\/p>\n<p><figure class=\"wp-image-wrap\"><img loading=\"lazy\" decoding=\"async\" class=\"alignnone size-medium wp-image-25790\" src=\"https:\/\/d22dvihj4pfop3.cloudfront.net\/wp-content\/uploads\/sites\/84\/2025\/03\/17133019\/54391426167_1192cdb67f_o-600x492.jpg\" alt=\"\" width=\"600\" height=\"492\" \/><\/figure><\/p>\n<p>Uskute\u010dnila se 14. b\u0159ezna 2025 v prostor\u00e1ch vzd\u011bl\u00e1vac\u00edho centra Univerzity Karlovy a Kampusu Hybernsk\u00e1, Didaktikon. Atmosf\u00e9ra byla nabit\u00e1 energi\u00ed, \u0159e\u010dn\u00edci i \u00fa\u010dastn\u00edci sd\u00edleli <strong>inspirativn\u00ed p\u0159\u00edklady dobr\u00e9 praxe a<\/strong> <strong>interaktivn\u00ed diskuze jen potvrdila, \u017ee otev\u0159enost a spolupr\u00e1ce jsou kl\u00ed\u010dem k \u00fasp\u011bchu<\/strong>. P\u0159in\u00e1\u0161\u00edme v\u00e1m kr\u00e1tk\u00e9 shrnut\u00ed organiz\u00e1torky a moder\u00e1torky konference Jany Papajov\u00e9, kter\u00e1 se v AFS v\u011bnuje vzd\u011bl\u00e1v\u00e1n\u00ed a spolupr\u00e1ci se \u0161kolami.<\/p>\n<p><figure class=\"wp-image-wrap\"><img loading=\"lazy\" decoding=\"async\" class=\"alignnone size-medium wp-image-25819\" src=\"https:\/\/d22dvihj4pfop3.cloudfront.net\/wp-content\/uploads\/sites\/84\/2025\/03\/18091027\/54392491189_fb9e7eecf6_o-600x490.jpg\" alt=\"\" width=\"600\" height=\"490\" \/><\/figure><\/p>\n<p>&nbsp;<\/p>\n<p>&#8220;D\u00edky pestr\u00e9 skladb\u011b \u0159e\u010dn\u00edk\u016f jsme m\u011bli mo\u017enost nahl\u00e9dnout pod pokli\u010dku i<strong>nternacionalizace ve \u0161kol\u00e1ch na \u00farovni evropsk\u00fdch instituc\u00ed i n\u00e1rodn\u00ed agentury DZS<\/strong>, kter\u00e1 v \u010cesku administruje mezin\u00e1rodn\u00ed projekty jako Erasmus+, eTwinning, EPALE a dal\u0161\u00ed. Sezn\u00e1mili jsme se s v\u00fdstupy v\u00fdzkumu, kter\u00fd mapuje <strong>dopad zahrani\u010dn\u00edch mobilit na jednotlivce z dlouhodob\u00e9ho hlediska<\/strong> a vyslechli jsme spoustu inspirativn\u00edch p\u0159\u00edklad\u016f <strong>dobr\u00e9 praxe ze \u0161kol<\/strong>, kde jsou mobility studuj\u00edc\u00edch a vyu\u010duj\u00edc\u00edch v\u00edt\u00e1ny a podporov\u00e1ny.<\/p>\n<p><figure class=\"wp-image-wrap\"><img loading=\"lazy\" decoding=\"async\" class=\"alignnone size-medium wp-image-25796\" src=\"https:\/\/d22dvihj4pfop3.cloudfront.net\/wp-content\/uploads\/sites\/84\/2025\/03\/17133621\/54391426212_cb5781f709_o-600x450.jpg\" alt=\"\" width=\"600\" height=\"450\" \/><\/figure><\/p>\n<p>\u00da\u010dastnictvo z\u00edskalo spoustu tip\u016f, jak se jednodu\u0161e zapojit do mezin\u00e1rodn\u00edch projekt\u016f d\u00edky <strong>eTwinningu, <\/strong>a jak si postupn\u011b vybudovat <strong>s\u00ed\u0165 partnersk\u00fdch \u0161kol<\/strong>, se kter\u00fdmi bude mo\u017en\u00e9 spolupr\u00e1ci d\u00e1le prohlubovat.<\/p>\n<p><figure class=\"wp-image-wrap\"><img loading=\"lazy\" decoding=\"async\" class=\"alignnone size-medium wp-image-25800\" src=\"https:\/\/d22dvihj4pfop3.cloudfront.net\/wp-content\/uploads\/sites\/84\/2025\/03\/17133840\/54392491759_65302787b7_o-600x450.jpg\" alt=\"\" width=\"600\" height=\"450\" \/><\/figure><\/p>\n<p>Z prezentac\u00ed a diskuze vyplynulo, \u017ee \u00fasp\u011bch v\u017edy z\u00e1le\u017e\u00ed na p\u0159\u00edstupu veden\u00ed \u0161koly a vyu\u010duj\u00edc\u00edch. Pokud se ve \u0161kole poda\u0159\u00ed vytvo\u0159it\u00a0<b>nad\u0161en\u00fd t\u00fdm, kter\u00fd si uv\u011bdomuje, \u017ee zapojen\u00ed do mezin\u00e1rodn\u00edch projekt\u016f a mobilit v\u0161ech \u00fa\u010dastn\u00edk\u016f vzd\u011bl\u00e1v\u00e1n\u00ed<\/b>\u00a0m\u00e1 p\u0159\u00edm\u00fd dopad na rozvoj kompetenc\u00ed pro \u017eivot v 21. stolet\u00ed a koresponduje s c\u00edli strategie 2030+, pak propojen\u00ed \u0161koly se sv\u011btem ji\u017e nic nebr\u00e1n\u00ed.<\/p>\n<p><figure class=\"wp-image-wrap\"><img loading=\"lazy\" decoding=\"async\" class=\"alignnone size-medium wp-image-25798\" src=\"https:\/\/d22dvihj4pfop3.cloudfront.net\/wp-content\/uploads\/sites\/84\/2025\/03\/17133738\/54392678030_e196f43e72_o-600x450.jpg\" alt=\"\" width=\"600\" height=\"450\" \/><\/figure><\/p>\n<p>\u010cestn\u00fdm hostem konference byla Diya Badgel z AFS Indie, zakladatelka dvou \u0161kol v Indii a zku\u0161en\u00e1 pedago\u017eka, kter\u00e1 p\u0159edstavila t\u00e9ma <strong>internacionalizace \u0161kol v kontextu indick\u00e9 kultury a \u0161kolstv\u00ed.<\/strong> Do \u010ceska p\u0159ijela nejen sd\u00edlet sv\u00e9 zku\u0161enosti, ale i hledat nov\u00e9 mo\u017enosti spolupr\u00e1ce s \u010desk\u00fdmi \u0161kolami.&#8221;<\/p>\n<p><figure class=\"wp-image-wrap\"><img loading=\"lazy\" decoding=\"async\" class=\"alignnone size-medium wp-image-25802\" src=\"https:\/\/d22dvihj4pfop3.cloudfront.net\/wp-content\/uploads\/sites\/84\/2025\/03\/17134005\/54392491674_2f392554ef_o-600x450.jpg\" alt=\"\" width=\"600\" height=\"450\" \/><\/figure><\/p>\n<p>V\u0161em \u0159e\u010dn\u00edk\u016fm a \u00fa\u010dastn\u00edk\u016fm d\u011bkujeme a t\u011b\u0161\u00edme se na setk\u00e1n\u00ed p\u0159i dal\u0161\u00edm ro\u010dn\u00edku konference Vzd\u011bl\u00e1n\u00ed pro \u017eivot 2026.&#8221;<\/p>\n<p><em>Jana Papajov\u00e1, AFS koordin\u00e1torka vzd\u011bl\u00e1v\u00e1n\u00ed a spolupr\u00e1ce se \u0161kolami<\/em><\/p>\n<p>Na dal\u0161\u00ed fotografie z konference se m\u016f\u017eete pod\u00edvat na <a href=\"https:\/\/www.flickr.com\/photos\/afscze\/albums\/\" target=\"_blank\" rel=\"noopener\">AFS Flickru<\/a>.<\/p>\n<h3>Odkazy:<\/h3>\n<ul>\n<li><a href=\"https:\/\/www.afs.cz\/hostitelsky-program\/\">Hostitelsk\u00fd program AFS<\/a><\/li>\n<li><a href=\"https:\/\/www.afs.cz\/studium-v-zahranici\/\">Studium v zahrani\u010d\u00ed AFS<\/a><\/li>\n<li><a href=\"https:\/\/www.afs.cz\/dobrovolnictvi\/\">Dobrovolnictv\u00ed AFS<\/a><\/li>\n<\/ul>\n","protected":false},"excerpt":{"rendered":"<p>Internacionalizace \u0161kol jako kl\u00ed\u010dov\u00e1 sou\u010d\u00e1st modern\u00edho vzd\u011bl\u00e1v\u00e1n\u00ed byla hlavn\u00edm t\u00e9matem ji\u017e des\u00e1t\u00e9ho ro\u010dn\u00edku AFS konference nejen pro u\u010ditele &#8211; Vzd\u011bl\u00e1n\u00ed&hellip;<\/p>\n","protected":false},"author":351,"featured_media":25790,"comment_status":"closed","ping_status":"closed","sticky":false,"template":"","format":"standard","meta":{"footnotes":""},"categories":[54,152,52],"tags":[],"class_list":["post-25789","post","type-post","status-publish","format-standard","has-post-thumbnail","hentry","category-mezikulturni-vzdelavani","category-aktuality","category-spoluprace-se-skolami"],"yoast_head":"<!-- This site is optimized with the Yoast SEO Premium plugin v26.6 (Yoast SEO v26.6) - https:\/\/yoast.com\/wordpress\/plugins\/seo\/ -->\n<title>AFS konference Vzd\u011bl\u00e1n\u00ed pro \u017eivot 2025 p\u0159inesla inspirativn\u00ed p\u0159\u00edklady dobr\u00e9 praxe internacionalizace - Mezikulturn\u00ed programy<\/title>\n<meta name=\"robots\" content=\"index, follow, max-snippet:-1, max-image-preview:large, max-video-preview:-1\" \/>\n<link rel=\"canonical\" href=\"https:\/\/www.afs.cz\/en\/2025\/03\/vzdelani-pro-zivot-2025\/\" \/>\n<meta property=\"og:locale\" content=\"en_US\" \/>\n<meta property=\"og:type\" content=\"article\" \/>\n<meta property=\"og:title\" content=\"AFS konference Vzd\u011bl\u00e1n\u00ed pro \u017eivot 2025 p\u0159inesla inspirativn\u00ed p\u0159\u00edklady dobr\u00e9 praxe internacionalizace\" \/>\n<meta property=\"og:description\" content=\"Internacionalizace \u0161kol jako kl\u00ed\u010dov\u00e1 sou\u010d\u00e1st modern\u00edho vzd\u011bl\u00e1v\u00e1n\u00ed byla hlavn\u00edm t\u00e9matem ji\u017e des\u00e1t\u00e9ho ro\u010dn\u00edku AFS konference nejen pro u\u010ditele &#8211; Vzd\u011bl\u00e1n\u00ed&hellip;\" \/>\n<meta property=\"og:url\" content=\"https:\/\/www.afs.cz\/en\/2025\/03\/vzdelani-pro-zivot-2025\/\" \/>\n<meta property=\"og:site_name\" content=\"Mezikulturn\u00ed programy\" \/>\n<meta property=\"article:published_time\" content=\"2025-03-17T12:45:11+00:00\" \/>\n<meta property=\"article:modified_time\" content=\"2025-03-18T08:53:06+00:00\" \/>\n<meta property=\"og:image\" content=\"https:\/\/d22dvihj4pfop3.cloudfront.net\/wp-content\/uploads\/sites\/84\/2025\/03\/17133019\/54391426167_1192cdb67f_o-1200x630.jpg\" \/>\n\t<meta property=\"og:image:width\" content=\"1200\" \/>\n\t<meta property=\"og:image:height\" content=\"630\" \/>\n\t<meta property=\"og:image:type\" content=\"image\/jpeg\" \/>\n<meta name=\"author\" content=\"afscesko\" \/>\n<meta name=\"twitter:card\" content=\"summary_large_image\" \/>\n<meta name=\"twitter:label1\" content=\"Written by\" \/>\n\t<meta name=\"twitter:data1\" content=\"afscesko\" \/>\n\t<meta name=\"twitter:label2\" content=\"Est. reading time\" \/>\n\t<meta name=\"twitter:data2\" content=\"4 minutes\" \/>\n<script type=\"application\/ld+json\" class=\"yoast-schema-graph\">{\"@context\":\"https:\/\/schema.org\",\"@graph\":[{\"@type\":\"WebPage\",\"@id\":\"https:\/\/www.afs.cz\/en\/2025\/03\/vzdelani-pro-zivot-2025\/\",\"url\":\"https:\/\/www.afs.cz\/en\/2025\/03\/vzdelani-pro-zivot-2025\/\",\"name\":\"AFS konference Vzd\u011bl\u00e1n\u00ed pro \u017eivot 2025 p\u0159inesla inspirativn\u00ed p\u0159\u00edklady dobr\u00e9 praxe internacionalizace - Mezikulturn\u00ed programy\",\"isPartOf\":{\"@id\":\"https:\/\/www.afs.cz\/en\/#website\"},\"primaryImageOfPage\":{\"@id\":\"https:\/\/www.afs.cz\/en\/2025\/03\/vzdelani-pro-zivot-2025\/#primaryimage\"},\"image\":{\"@id\":\"https:\/\/www.afs.cz\/en\/2025\/03\/vzdelani-pro-zivot-2025\/#primaryimage\"},\"thumbnailUrl\":\"https:\/\/d22dvihj4pfop3.cloudfront.net\/wp-content\/uploads\/sites\/84\/2025\/03\/17133019\/54391426167_1192cdb67f_o.jpg\",\"datePublished\":\"2025-03-17T12:45:11+00:00\",\"dateModified\":\"2025-03-18T08:53:06+00:00\",\"author\":{\"@id\":\"https:\/\/www.afs.cz\/en\/#\/schema\/person\/bc52da0be76098030e75baeb919827ff\"},\"breadcrumb\":{\"@id\":\"https:\/\/www.afs.cz\/en\/2025\/03\/vzdelani-pro-zivot-2025\/#breadcrumb\"},\"inLanguage\":\"en-US\",\"potentialAction\":[{\"@type\":\"ReadAction\",\"target\":[\"https:\/\/www.afs.cz\/en\/2025\/03\/vzdelani-pro-zivot-2025\/\"]}]},{\"@type\":\"ImageObject\",\"inLanguage\":\"en-US\",\"@id\":\"https:\/\/www.afs.cz\/en\/2025\/03\/vzdelani-pro-zivot-2025\/#primaryimage\",\"url\":\"https:\/\/d22dvihj4pfop3.cloudfront.net\/wp-content\/uploads\/sites\/84\/2025\/03\/17133019\/54391426167_1192cdb67f_o.jpg\",\"contentUrl\":\"https:\/\/d22dvihj4pfop3.cloudfront.net\/wp-content\/uploads\/sites\/84\/2025\/03\/17133019\/54391426167_1192cdb67f_o.jpg\",\"width\":2048,\"height\":1680},{\"@type\":\"BreadcrumbList\",\"@id\":\"https:\/\/www.afs.cz\/en\/2025\/03\/vzdelani-pro-zivot-2025\/#breadcrumb\",\"itemListElement\":[{\"@type\":\"ListItem\",\"position\":1,\"name\":\"Home\",\"item\":\"https:\/\/czechrepublic.afssite.afs.org\/en\/\"},{\"@type\":\"ListItem\",\"position\":2,\"name\":\"AFS konference Vzd\u011bl\u00e1n\u00ed pro \u017eivot 2025 p\u0159inesla inspirativn\u00ed p\u0159\u00edklady dobr\u00e9 praxe internacionalizace\"}]},{\"@type\":\"WebSite\",\"@id\":\"https:\/\/www.afs.cz\/en\/#website\",\"url\":\"https:\/\/www.afs.cz\/en\/\",\"name\":\"Mezikulturn\u00ed programy\",\"description\":\"Studium v zahrani\u010d\u00ed, hostitelsk\u00fd program, vzd\u011bl\u00e1vac\u00ed programy, dobrovolnictv\u00ed a mnoho dal\u0161\u00edho.\",\"potentialAction\":[{\"@type\":\"SearchAction\",\"target\":{\"@type\":\"EntryPoint\",\"urlTemplate\":\"https:\/\/www.afs.cz\/en\/?s={search_term_string}\"},\"query-input\":{\"@type\":\"PropertyValueSpecification\",\"valueRequired\":true,\"valueName\":\"search_term_string\"}}],\"inLanguage\":\"en-US\"},{\"@type\":\"Person\",\"@id\":\"https:\/\/www.afs.cz\/en\/#\/schema\/person\/bc52da0be76098030e75baeb919827ff\",\"name\":\"afscesko\",\"image\":{\"@type\":\"ImageObject\",\"inLanguage\":\"en-US\",\"@id\":\"https:\/\/www.afs.cz\/en\/#\/schema\/person\/image\/\",\"url\":\"https:\/\/secure.gravatar.com\/avatar\/eda270bfa745d003b9a210dc384a8c22e1a05bc41e5280645d3e2968a117c931?s=96&d=mm&r=g\",\"contentUrl\":\"https:\/\/secure.gravatar.com\/avatar\/eda270bfa745d003b9a210dc384a8c22e1a05bc41e5280645d3e2968a117c931?s=96&d=mm&r=g\",\"caption\":\"afscesko\"},\"url\":\"https:\/\/www.afs.cz\/en\/author\/afscesko\/\"}]}<\/script>\n<!-- \/ Yoast SEO Premium plugin. -->","yoast_head_json":{"title":"AFS konference Vzd\u011bl\u00e1n\u00ed pro \u017eivot 2025 p\u0159inesla inspirativn\u00ed p\u0159\u00edklady dobr\u00e9 praxe internacionalizace - Mezikulturn\u00ed programy","robots":{"index":"index","follow":"follow","max-snippet":"max-snippet:-1","max-image-preview":"max-image-preview:large","max-video-preview":"max-video-preview:-1"},"canonical":"https:\/\/www.afs.cz\/en\/2025\/03\/vzdelani-pro-zivot-2025\/","og_locale":"en_US","og_type":"article","og_title":"AFS konference Vzd\u011bl\u00e1n\u00ed pro \u017eivot 2025 p\u0159inesla inspirativn\u00ed p\u0159\u00edklady dobr\u00e9 praxe internacionalizace","og_description":"Internacionalizace \u0161kol jako kl\u00ed\u010dov\u00e1 sou\u010d\u00e1st modern\u00edho vzd\u011bl\u00e1v\u00e1n\u00ed byla hlavn\u00edm t\u00e9matem ji\u017e des\u00e1t\u00e9ho ro\u010dn\u00edku AFS konference nejen pro u\u010ditele &#8211; Vzd\u011bl\u00e1n\u00ed&hellip;","og_url":"https:\/\/www.afs.cz\/en\/2025\/03\/vzdelani-pro-zivot-2025\/","og_site_name":"Mezikulturn\u00ed programy","article_published_time":"2025-03-17T12:45:11+00:00","article_modified_time":"2025-03-18T08:53:06+00:00","og_image":[{"width":1200,"height":630,"url":"https:\/\/d22dvihj4pfop3.cloudfront.net\/wp-content\/uploads\/sites\/84\/2025\/03\/17133019\/54391426167_1192cdb67f_o-1200x630.jpg","type":"image\/jpeg"}],"author":"afscesko","twitter_card":"summary_large_image","twitter_misc":{"Written by":"afscesko","Est. reading time":"4 minutes"},"schema":{"@context":"https:\/\/schema.org","@graph":[{"@type":"WebPage","@id":"https:\/\/www.afs.cz\/en\/2025\/03\/vzdelani-pro-zivot-2025\/","url":"https:\/\/www.afs.cz\/en\/2025\/03\/vzdelani-pro-zivot-2025\/","name":"AFS konference Vzd\u011bl\u00e1n\u00ed pro \u017eivot 2025 p\u0159inesla inspirativn\u00ed p\u0159\u00edklady dobr\u00e9 praxe internacionalizace - Mezikulturn\u00ed programy","isPartOf":{"@id":"https:\/\/www.afs.cz\/en\/#website"},"primaryImageOfPage":{"@id":"https:\/\/www.afs.cz\/en\/2025\/03\/vzdelani-pro-zivot-2025\/#primaryimage"},"image":{"@id":"https:\/\/www.afs.cz\/en\/2025\/03\/vzdelani-pro-zivot-2025\/#primaryimage"},"thumbnailUrl":"https:\/\/d22dvihj4pfop3.cloudfront.net\/wp-content\/uploads\/sites\/84\/2025\/03\/17133019\/54391426167_1192cdb67f_o.jpg","datePublished":"2025-03-17T12:45:11+00:00","dateModified":"2025-03-18T08:53:06+00:00","author":{"@id":"https:\/\/www.afs.cz\/en\/#\/schema\/person\/bc52da0be76098030e75baeb919827ff"},"breadcrumb":{"@id":"https:\/\/www.afs.cz\/en\/2025\/03\/vzdelani-pro-zivot-2025\/#breadcrumb"},"inLanguage":"en-US","potentialAction":[{"@type":"ReadAction","target":["https:\/\/www.afs.cz\/en\/2025\/03\/vzdelani-pro-zivot-2025\/"]}]},{"@type":"ImageObject","inLanguage":"en-US","@id":"https:\/\/www.afs.cz\/en\/2025\/03\/vzdelani-pro-zivot-2025\/#primaryimage","url":"https:\/\/d22dvihj4pfop3.cloudfront.net\/wp-content\/uploads\/sites\/84\/2025\/03\/17133019\/54391426167_1192cdb67f_o.jpg","contentUrl":"https:\/\/d22dvihj4pfop3.cloudfront.net\/wp-content\/uploads\/sites\/84\/2025\/03\/17133019\/54391426167_1192cdb67f_o.jpg","width":2048,"height":1680},{"@type":"BreadcrumbList","@id":"https:\/\/www.afs.cz\/en\/2025\/03\/vzdelani-pro-zivot-2025\/#breadcrumb","itemListElement":[{"@type":"ListItem","position":1,"name":"Home","item":"https:\/\/czechrepublic.afssite.afs.org\/en\/"},{"@type":"ListItem","position":2,"name":"AFS konference Vzd\u011bl\u00e1n\u00ed pro \u017eivot 2025 p\u0159inesla inspirativn\u00ed p\u0159\u00edklady dobr\u00e9 praxe internacionalizace"}]},{"@type":"WebSite","@id":"https:\/\/www.afs.cz\/en\/#website","url":"https:\/\/www.afs.cz\/en\/","name":"Mezikulturn\u00ed programy","description":"Studium v zahrani\u010d\u00ed, hostitelsk\u00fd program, vzd\u011bl\u00e1vac\u00ed programy, dobrovolnictv\u00ed a mnoho dal\u0161\u00edho.","potentialAction":[{"@type":"SearchAction","target":{"@type":"EntryPoint","urlTemplate":"https:\/\/www.afs.cz\/en\/?s={search_term_string}"},"query-input":{"@type":"PropertyValueSpecification","valueRequired":true,"valueName":"search_term_string"}}],"inLanguage":"en-US"},{"@type":"Person","@id":"https:\/\/www.afs.cz\/en\/#\/schema\/person\/bc52da0be76098030e75baeb919827ff","name":"afscesko","image":{"@type":"ImageObject","inLanguage":"en-US","@id":"https:\/\/www.afs.cz\/en\/#\/schema\/person\/image\/","url":"https:\/\/secure.gravatar.com\/avatar\/eda270bfa745d003b9a210dc384a8c22e1a05bc41e5280645d3e2968a117c931?s=96&d=mm&r=g","contentUrl":"https:\/\/secure.gravatar.com\/avatar\/eda270bfa745d003b9a210dc384a8c22e1a05bc41e5280645d3e2968a117c931?s=96&d=mm&r=g","caption":"afscesko"},"url":"https:\/\/www.afs.cz\/en\/author\/afscesko\/"}]}},"_links":{"self":[{"href":"https:\/\/www.afs.cz\/en\/wp-json\/wp\/v2\/posts\/25789","targetHints":{"allow":["GET"]}}],"collection":[{"href":"https:\/\/www.afs.cz\/en\/wp-json\/wp\/v2\/posts"}],"about":[{"href":"https:\/\/www.afs.cz\/en\/wp-json\/wp\/v2\/types\/post"}],"author":[{"embeddable":true,"href":"https:\/\/www.afs.cz\/en\/wp-json\/wp\/v2\/users\/351"}],"replies":[{"embeddable":true,"href":"https:\/\/www.afs.cz\/en\/wp-json\/wp\/v2\/comments?post=25789"}],"version-history":[{"count":16,"href":"https:\/\/www.afs.cz\/en\/wp-json\/wp\/v2\/posts\/25789\/revisions"}],"predecessor-version":[{"id":25823,"href":"https:\/\/www.afs.cz\/en\/wp-json\/wp\/v2\/posts\/25789\/revisions\/25823"}],"wp:featuredmedia":[{"embeddable":true,"href":"https:\/\/www.afs.cz\/en\/wp-json\/wp\/v2\/media\/25790"}],"wp:attachment":[{"href":"https:\/\/www.afs.cz\/en\/wp-json\/wp\/v2\/media?parent=25789"}],"wp:term":[{"taxonomy":"category","embeddable":true,"href":"https:\/\/www.afs.cz\/en\/wp-json\/wp\/v2\/categories?post=25789"},{"taxonomy":"post_tag","embeddable":true,"href":"https:\/\/www.afs.cz\/en\/wp-json\/wp\/v2\/tags?post=25789"}],"curies":[{"name":"wp","href":"https:\/\/api.w.org\/{rel}","templated":true}]}}