{"id":24913,"date":"2024-12-06T10:39:04","date_gmt":"2024-12-06T09:39:04","guid":{"rendered":"https:\/\/czechrepublic.afssite.afs.org\/?p=24913"},"modified":"2024-12-06T11:00:03","modified_gmt":"2024-12-06T10:00:03","slug":"stipendia-nadacni-fond-skoda-auto","status":"publish","type":"post","link":"https:\/\/www.afs.cz\/en\/2024\/12\/stipendia-nadacni-fond-skoda-auto\/","title":{"rendered":"Stipendia od Nada\u010dn\u00edho fondu \u0160koda Auto na \u0161koln\u00ed rok 2025\/2026 ud\u011blena!"},"content":{"rendered":"<p>V listopadu se uskute\u010dnilo v\u00fdb\u011brov\u00e9 \u0159\u00edzen\u00ed na stipendia, kter\u00e1 AFS ud\u011bluje ve spolupr\u00e1ci s <a href=\"https:\/\/www.nfsa.cz\/cs\/\"><strong>Nada\u010dn\u00edm fondem \u0160koda Auto<\/strong><\/a>.\u00a0Tato stipendia jsou ur\u010den\u00e1 student\u016fm ze st\u0159edn\u00edch \u0161kol na \u00fazem\u00ed region\u016f <strong>Mladoboleslavsko, Vrchlabsko a Rychnovsko<\/strong>.<\/p>\n<p>V\u00fdb\u011brov\u00e9ho \u0159\u00edzen\u00ed se z\u00fa\u010dastnilo <strong>celkem t\u0159in\u00e1ct student\u016f<\/strong> a <strong>p\u011bti nej\u00fasp\u011b\u0161n\u011bj\u0161\u00edm<\/strong> byla ud\u011blena stipendia na ro\u010dn\u00ed, semestr\u00e1ln\u00ed a t\u0159\u00edm\u011bs\u00ed\u010dn\u00ed programy v zahrani\u010d\u00ed ve \u0161koln\u00edm roce 2025\/2026.<\/p>\n<p><figure class=\"wp-image-wrap\"><img loading=\"lazy\" decoding=\"async\" class=\"alignnone size-medium wp-image-24914\" src=\"https:\/\/d22dvihj4pfop3.cloudfront.net\/wp-content\/uploads\/sites\/84\/2024\/12\/06103612\/Copy-of-Traditional-templates-other-14-600x600.png\" alt=\"\" width=\"600\" height=\"600\" \/><\/figure><\/p>\n<p>Studenti, kte\u0159\u00ed stipendium z\u00edskali, budou od z\u00e1\u0159\u00ed 2025 studovat na st\u0159edn\u00edch \u0161kol\u00e1ch<strong> v Braz\u00edlii, \u0158ecku, Loty\u0161sku, Malajsii a Argentin\u011b.<\/strong> Gratulujeme!<\/p>\n<p>AFS ud\u011bluje tato stipendia <strong>ve spolupr\u00e1ci se \u0160koda Auto\u00a0od roku 1992.<\/strong> Od t\u00e9 doby s AFS studovalo na st\u0159edn\u00ed \u0161kole v zahrani\u010d\u00ed bezm\u00e1la ji\u017e 50 stipendist\u016f.<\/p>\n<p>V\u00fdb\u011brov\u00e9 \u0159\u00edzen\u00ed na stipendium od Nada\u010dn\u00edho fondu \u0160koda Auto <strong>na \u0161koln\u00ed rok 2026\/2027<\/strong> bude vyps\u00e1no <strong>v z\u00e1\u0159\u00ed 2025.<\/strong><\/p>\n<h3><figure class=\"wp-image-wrap\"><img loading=\"lazy\" decoding=\"async\" class=\"size-full wp-image-23926 alignleft\" src=\"https:\/\/d22dvihj4pfop3.cloudfront.net\/wp-content\/uploads\/sites\/84\/2024\/10\/01125249\/nfsa-logo-skoda-auto-2024-570x320-1.png\" alt=\"\" width=\"570\" height=\"320\" \/><\/figure><\/h3>\n<h3><strong>Nada\u010dn\u00ed fond \u0160koda Auto<\/strong><\/h3>\n<p>\u201eN\u00e1\u0161 p\u0159\u00edb\u011bh se za\u010dal ps\u00e1t na konci roku 2018, kdy nada\u010dn\u00ed fond zalo\u017eila spole\u010dnost \u0160koda Auto, aby jeho prost\u0159ednictv\u00edm podpo\u0159ila a spoluvytv\u00e1\u0159ela rozvoj Mladoboleslavska a nav\u00e1zala tak na filantropickou \u010dinnost zakladatel\u016f spole\u010dnosti V\u00e1clava Laurina a V\u00e1clava Klementa. Ti se v\u017edy chovali odpov\u011bdn\u011b, podporovali nejen sv\u00e9 zam\u011bstnance, ale p\u0159edev\u0161\u00edm pom\u00e1hali vytv\u00e1\u0159et d\u016fstojn\u00e9 a inspirativn\u00ed prost\u0159ed\u00ed pro v\u0161echny obyvatele Mladoboleslavska.<\/p>\n<p>Jedn\u00edm z na\u0161ich nejd\u016fle\u017eit\u011bj\u0161\u00edch posl\u00e1n\u00ed je spojovat partnery z r\u016fzn\u00fdch oblast\u00ed, podporovat v\u00fdm\u011bnu zku\u0161enost\u00ed a p\u0159in\u00e1\u0161et nov\u00e9 a inovativn\u00ed n\u00e1m\u011bty. Ve\u0159ejn\u011b prosp\u011b\u0161n\u00fdm organizac\u00edm pom\u00e1h\u00e1me zvy\u0161ovat jejich odbornost, prost\u0159ednictv\u00edm na\u0161ich komunika\u010dn\u00edch aktivit \u0161\u00ed\u0159\u00edme pov\u011bdom\u00ed o jejich \u010dinnosti i p\u0159\u00ednosu pro spole\u010dnost. Zalo\u017eili jsme komunika\u010dn\u00ed platformy\u00a0<a class=\"external\" href=\"https:\/\/www.facebook.com\/NoveBoleslavsko\" target=\"_blank\" rel=\"noopener\">Nov\u00e9 Boleslavsko<\/a>,\u00a0<a class=\"external\" href=\"https:\/\/www.facebook.com\/NoveRychnovsko\" target=\"_blank\" rel=\"noopener\">Nov\u00e9 Rychnovsko<\/a>\u00a0a\u00a0<a class=\"external\" href=\"https:\/\/www.facebook.com\/NoveVrchlabsko\" target=\"_blank\" rel=\"noopener\">Nov\u00e9 Vrchlabsko<\/a>, kter\u00e9 slou\u017e\u00ed jako hate-free z\u00f3na a poskytuj\u00ed prostor v\u0161em zaj\u00edmav\u00fdm iniciativ\u00e1m, mal\u00fdm subjekt\u016fm a ob\u010dan\u016fm aktivn\u011b se zapojit do d\u011bn\u00ed v regionech.\u201c<\/p>\n<p>V\u00edce informac\u00ed o Nada\u010dn\u00edm fondu \u0160koda Auto na\u00a0<a href=\"https:\/\/www.nfsa.cz\/cs\/\">www.nfsa.cz<\/a><\/p>\n<h3>Odkazy:<\/h3>\n<ul>\n<li><a href=\"https:\/\/www.afs.cz\/studium-v-zahranici\/stipendia\/\">AFS studium v zahrani\u010d\u00ed se stipendiem<\/a><\/li>\n<li><a href=\"https:\/\/www.afs.cz\/studium-v-zahranici\/\">Studium v zahrani\u010d\u00ed AFS<\/a><\/li>\n<li><a href=\"https:\/\/www.afs.cz\/studium-v-zahranici\/prihlasovaci-formular-studijni-program-afs\/\">Nez\u00e1vazn\u00e1 p\u0159ihl\u00e1\u0161ka &#8211; studium v zahrani\u010d\u00ed<\/a><\/li>\n<\/ul>\n<p>&nbsp;<\/p>\n","protected":false},"excerpt":{"rendered":"<p>V listopadu se uskute\u010dnilo v\u00fdb\u011brov\u00e9 \u0159\u00edzen\u00ed na stipendia, kter\u00e1 AFS ud\u011bluje ve spolupr\u00e1ci s Nada\u010dn\u00edm fondem \u0160koda Auto.\u00a0Tato stipendia jsou&hellip;<\/p>\n","protected":false},"author":351,"featured_media":24917,"comment_status":"closed","ping_status":"closed","sticky":false,"template":"","format":"standard","meta":{"footnotes":""},"categories":[50],"tags":[],"class_list":["post-24913","post","type-post","status-publish","format-standard","has-post-thumbnail","hentry","category-studium-v-zahranici"],"yoast_head":"<!-- This site is optimized with the Yoast SEO Premium plugin v26.6 (Yoast SEO v26.6) - https:\/\/yoast.com\/wordpress\/plugins\/seo\/ -->\n<title>Stipendia od Nada\u010dn\u00edho fondu \u0160koda Auto na \u0161koln\u00ed rok 2025\/2026 ud\u011blena! - Mezikulturn\u00ed programy<\/title>\n<meta name=\"robots\" content=\"index, follow, max-snippet:-1, max-image-preview:large, max-video-preview:-1\" \/>\n<link rel=\"canonical\" href=\"https:\/\/www.afs.cz\/en\/2024\/12\/stipendia-nadacni-fond-skoda-auto\/\" \/>\n<meta property=\"og:locale\" content=\"en_US\" \/>\n<meta property=\"og:type\" content=\"article\" \/>\n<meta property=\"og:title\" content=\"Stipendia od Nada\u010dn\u00edho fondu \u0160koda Auto na \u0161koln\u00ed rok 2025\/2026 ud\u011blena!\" \/>\n<meta property=\"og:description\" content=\"V listopadu se uskute\u010dnilo v\u00fdb\u011brov\u00e9 \u0159\u00edzen\u00ed na stipendia, kter\u00e1 AFS ud\u011bluje ve spolupr\u00e1ci s Nada\u010dn\u00edm fondem \u0160koda Auto.\u00a0Tato stipendia jsou&hellip;\" \/>\n<meta property=\"og:url\" content=\"https:\/\/www.afs.cz\/en\/2024\/12\/stipendia-nadacni-fond-skoda-auto\/\" \/>\n<meta property=\"og:site_name\" content=\"Mezikulturn\u00ed programy\" \/>\n<meta property=\"article:published_time\" content=\"2024-12-06T09:39:04+00:00\" \/>\n<meta property=\"article:modified_time\" content=\"2024-12-06T10:00:03+00:00\" \/>\n<meta property=\"og:image\" content=\"https:\/\/d22dvihj4pfop3.cloudfront.net\/wp-content\/uploads\/sites\/84\/2024\/12\/06103825\/IMG_2734-1200x630.jpg\" \/>\n\t<meta property=\"og:image:width\" content=\"1200\" \/>\n\t<meta property=\"og:image:height\" content=\"630\" \/>\n\t<meta property=\"og:image:type\" content=\"image\/jpeg\" \/>\n<meta name=\"author\" content=\"afscesko\" \/>\n<meta name=\"twitter:card\" content=\"summary_large_image\" \/>\n<meta name=\"twitter:label1\" content=\"Written by\" \/>\n\t<meta name=\"twitter:data1\" content=\"afscesko\" \/>\n\t<meta name=\"twitter:label2\" content=\"Est. reading time\" \/>\n\t<meta name=\"twitter:data2\" content=\"3 minutes\" \/>\n<script type=\"application\/ld+json\" class=\"yoast-schema-graph\">{\"@context\":\"https:\/\/schema.org\",\"@graph\":[{\"@type\":\"WebPage\",\"@id\":\"https:\/\/www.afs.cz\/en\/2024\/12\/stipendia-nadacni-fond-skoda-auto\/\",\"url\":\"https:\/\/www.afs.cz\/en\/2024\/12\/stipendia-nadacni-fond-skoda-auto\/\",\"name\":\"Stipendia od Nada\u010dn\u00edho fondu \u0160koda Auto na \u0161koln\u00ed rok 2025\/2026 ud\u011blena! - Mezikulturn\u00ed programy\",\"isPartOf\":{\"@id\":\"https:\/\/www.afs.cz\/en\/#website\"},\"primaryImageOfPage\":{\"@id\":\"https:\/\/www.afs.cz\/en\/2024\/12\/stipendia-nadacni-fond-skoda-auto\/#primaryimage\"},\"image\":{\"@id\":\"https:\/\/www.afs.cz\/en\/2024\/12\/stipendia-nadacni-fond-skoda-auto\/#primaryimage\"},\"thumbnailUrl\":\"https:\/\/d22dvihj4pfop3.cloudfront.net\/wp-content\/uploads\/sites\/84\/2024\/12\/06103825\/IMG_2734.jpg\",\"datePublished\":\"2024-12-06T09:39:04+00:00\",\"dateModified\":\"2024-12-06T10:00:03+00:00\",\"author\":{\"@id\":\"https:\/\/www.afs.cz\/en\/#\/schema\/person\/bc52da0be76098030e75baeb919827ff\"},\"breadcrumb\":{\"@id\":\"https:\/\/www.afs.cz\/en\/2024\/12\/stipendia-nadacni-fond-skoda-auto\/#breadcrumb\"},\"inLanguage\":\"en-US\",\"potentialAction\":[{\"@type\":\"ReadAction\",\"target\":[\"https:\/\/www.afs.cz\/en\/2024\/12\/stipendia-nadacni-fond-skoda-auto\/\"]}]},{\"@type\":\"ImageObject\",\"inLanguage\":\"en-US\",\"@id\":\"https:\/\/www.afs.cz\/en\/2024\/12\/stipendia-nadacni-fond-skoda-auto\/#primaryimage\",\"url\":\"https:\/\/d22dvihj4pfop3.cloudfront.net\/wp-content\/uploads\/sites\/84\/2024\/12\/06103825\/IMG_2734.jpg\",\"contentUrl\":\"https:\/\/d22dvihj4pfop3.cloudfront.net\/wp-content\/uploads\/sites\/84\/2024\/12\/06103825\/IMG_2734.jpg\",\"width\":1536,\"height\":2048},{\"@type\":\"BreadcrumbList\",\"@id\":\"https:\/\/www.afs.cz\/en\/2024\/12\/stipendia-nadacni-fond-skoda-auto\/#breadcrumb\",\"itemListElement\":[{\"@type\":\"ListItem\",\"position\":1,\"name\":\"Home\",\"item\":\"https:\/\/czechrepublic.afssite.afs.org\/en\/\"},{\"@type\":\"ListItem\",\"position\":2,\"name\":\"Stipendia od Nada\u010dn\u00edho fondu \u0160koda Auto na \u0161koln\u00ed rok 2025\/2026 ud\u011blena!\"}]},{\"@type\":\"WebSite\",\"@id\":\"https:\/\/www.afs.cz\/en\/#website\",\"url\":\"https:\/\/www.afs.cz\/en\/\",\"name\":\"Mezikulturn\u00ed programy\",\"description\":\"Studium v zahrani\u010d\u00ed, hostitelsk\u00fd program, vzd\u011bl\u00e1vac\u00ed programy, dobrovolnictv\u00ed a mnoho dal\u0161\u00edho.\",\"potentialAction\":[{\"@type\":\"SearchAction\",\"target\":{\"@type\":\"EntryPoint\",\"urlTemplate\":\"https:\/\/www.afs.cz\/en\/?s={search_term_string}\"},\"query-input\":{\"@type\":\"PropertyValueSpecification\",\"valueRequired\":true,\"valueName\":\"search_term_string\"}}],\"inLanguage\":\"en-US\"},{\"@type\":\"Person\",\"@id\":\"https:\/\/www.afs.cz\/en\/#\/schema\/person\/bc52da0be76098030e75baeb919827ff\",\"name\":\"afscesko\",\"image\":{\"@type\":\"ImageObject\",\"inLanguage\":\"en-US\",\"@id\":\"https:\/\/www.afs.cz\/en\/#\/schema\/person\/image\/\",\"url\":\"https:\/\/secure.gravatar.com\/avatar\/eda270bfa745d003b9a210dc384a8c22e1a05bc41e5280645d3e2968a117c931?s=96&d=mm&r=g\",\"contentUrl\":\"https:\/\/secure.gravatar.com\/avatar\/eda270bfa745d003b9a210dc384a8c22e1a05bc41e5280645d3e2968a117c931?s=96&d=mm&r=g\",\"caption\":\"afscesko\"},\"url\":\"https:\/\/www.afs.cz\/en\/author\/afscesko\/\"}]}<\/script>\n<!-- \/ Yoast SEO Premium plugin. -->","yoast_head_json":{"title":"Stipendia od Nada\u010dn\u00edho fondu \u0160koda Auto na \u0161koln\u00ed rok 2025\/2026 ud\u011blena! - Mezikulturn\u00ed programy","robots":{"index":"index","follow":"follow","max-snippet":"max-snippet:-1","max-image-preview":"max-image-preview:large","max-video-preview":"max-video-preview:-1"},"canonical":"https:\/\/www.afs.cz\/en\/2024\/12\/stipendia-nadacni-fond-skoda-auto\/","og_locale":"en_US","og_type":"article","og_title":"Stipendia od Nada\u010dn\u00edho fondu \u0160koda Auto na \u0161koln\u00ed rok 2025\/2026 ud\u011blena!","og_description":"V listopadu se uskute\u010dnilo v\u00fdb\u011brov\u00e9 \u0159\u00edzen\u00ed na stipendia, kter\u00e1 AFS ud\u011bluje ve spolupr\u00e1ci s Nada\u010dn\u00edm fondem \u0160koda Auto.\u00a0Tato stipendia jsou&hellip;","og_url":"https:\/\/www.afs.cz\/en\/2024\/12\/stipendia-nadacni-fond-skoda-auto\/","og_site_name":"Mezikulturn\u00ed programy","article_published_time":"2024-12-06T09:39:04+00:00","article_modified_time":"2024-12-06T10:00:03+00:00","og_image":[{"width":1200,"height":630,"url":"https:\/\/d22dvihj4pfop3.cloudfront.net\/wp-content\/uploads\/sites\/84\/2024\/12\/06103825\/IMG_2734-1200x630.jpg","type":"image\/jpeg"}],"author":"afscesko","twitter_card":"summary_large_image","twitter_misc":{"Written by":"afscesko","Est. reading time":"3 minutes"},"schema":{"@context":"https:\/\/schema.org","@graph":[{"@type":"WebPage","@id":"https:\/\/www.afs.cz\/en\/2024\/12\/stipendia-nadacni-fond-skoda-auto\/","url":"https:\/\/www.afs.cz\/en\/2024\/12\/stipendia-nadacni-fond-skoda-auto\/","name":"Stipendia od Nada\u010dn\u00edho fondu \u0160koda Auto na \u0161koln\u00ed rok 2025\/2026 ud\u011blena! - Mezikulturn\u00ed programy","isPartOf":{"@id":"https:\/\/www.afs.cz\/en\/#website"},"primaryImageOfPage":{"@id":"https:\/\/www.afs.cz\/en\/2024\/12\/stipendia-nadacni-fond-skoda-auto\/#primaryimage"},"image":{"@id":"https:\/\/www.afs.cz\/en\/2024\/12\/stipendia-nadacni-fond-skoda-auto\/#primaryimage"},"thumbnailUrl":"https:\/\/d22dvihj4pfop3.cloudfront.net\/wp-content\/uploads\/sites\/84\/2024\/12\/06103825\/IMG_2734.jpg","datePublished":"2024-12-06T09:39:04+00:00","dateModified":"2024-12-06T10:00:03+00:00","author":{"@id":"https:\/\/www.afs.cz\/en\/#\/schema\/person\/bc52da0be76098030e75baeb919827ff"},"breadcrumb":{"@id":"https:\/\/www.afs.cz\/en\/2024\/12\/stipendia-nadacni-fond-skoda-auto\/#breadcrumb"},"inLanguage":"en-US","potentialAction":[{"@type":"ReadAction","target":["https:\/\/www.afs.cz\/en\/2024\/12\/stipendia-nadacni-fond-skoda-auto\/"]}]},{"@type":"ImageObject","inLanguage":"en-US","@id":"https:\/\/www.afs.cz\/en\/2024\/12\/stipendia-nadacni-fond-skoda-auto\/#primaryimage","url":"https:\/\/d22dvihj4pfop3.cloudfront.net\/wp-content\/uploads\/sites\/84\/2024\/12\/06103825\/IMG_2734.jpg","contentUrl":"https:\/\/d22dvihj4pfop3.cloudfront.net\/wp-content\/uploads\/sites\/84\/2024\/12\/06103825\/IMG_2734.jpg","width":1536,"height":2048},{"@type":"BreadcrumbList","@id":"https:\/\/www.afs.cz\/en\/2024\/12\/stipendia-nadacni-fond-skoda-auto\/#breadcrumb","itemListElement":[{"@type":"ListItem","position":1,"name":"Home","item":"https:\/\/czechrepublic.afssite.afs.org\/en\/"},{"@type":"ListItem","position":2,"name":"Stipendia od Nada\u010dn\u00edho fondu \u0160koda Auto na \u0161koln\u00ed rok 2025\/2026 ud\u011blena!"}]},{"@type":"WebSite","@id":"https:\/\/www.afs.cz\/en\/#website","url":"https:\/\/www.afs.cz\/en\/","name":"Mezikulturn\u00ed programy","description":"Studium v zahrani\u010d\u00ed, hostitelsk\u00fd program, vzd\u011bl\u00e1vac\u00ed programy, dobrovolnictv\u00ed a mnoho dal\u0161\u00edho.","potentialAction":[{"@type":"SearchAction","target":{"@type":"EntryPoint","urlTemplate":"https:\/\/www.afs.cz\/en\/?s={search_term_string}"},"query-input":{"@type":"PropertyValueSpecification","valueRequired":true,"valueName":"search_term_string"}}],"inLanguage":"en-US"},{"@type":"Person","@id":"https:\/\/www.afs.cz\/en\/#\/schema\/person\/bc52da0be76098030e75baeb919827ff","name":"afscesko","image":{"@type":"ImageObject","inLanguage":"en-US","@id":"https:\/\/www.afs.cz\/en\/#\/schema\/person\/image\/","url":"https:\/\/secure.gravatar.com\/avatar\/eda270bfa745d003b9a210dc384a8c22e1a05bc41e5280645d3e2968a117c931?s=96&d=mm&r=g","contentUrl":"https:\/\/secure.gravatar.com\/avatar\/eda270bfa745d003b9a210dc384a8c22e1a05bc41e5280645d3e2968a117c931?s=96&d=mm&r=g","caption":"afscesko"},"url":"https:\/\/www.afs.cz\/en\/author\/afscesko\/"}]}},"_links":{"self":[{"href":"https:\/\/www.afs.cz\/en\/wp-json\/wp\/v2\/posts\/24913","targetHints":{"allow":["GET"]}}],"collection":[{"href":"https:\/\/www.afs.cz\/en\/wp-json\/wp\/v2\/posts"}],"about":[{"href":"https:\/\/www.afs.cz\/en\/wp-json\/wp\/v2\/types\/post"}],"author":[{"embeddable":true,"href":"https:\/\/www.afs.cz\/en\/wp-json\/wp\/v2\/users\/351"}],"replies":[{"embeddable":true,"href":"https:\/\/www.afs.cz\/en\/wp-json\/wp\/v2\/comments?post=24913"}],"version-history":[{"count":9,"href":"https:\/\/www.afs.cz\/en\/wp-json\/wp\/v2\/posts\/24913\/revisions"}],"predecessor-version":[{"id":24928,"href":"https:\/\/www.afs.cz\/en\/wp-json\/wp\/v2\/posts\/24913\/revisions\/24928"}],"wp:featuredmedia":[{"embeddable":true,"href":"https:\/\/www.afs.cz\/en\/wp-json\/wp\/v2\/media\/24917"}],"wp:attachment":[{"href":"https:\/\/www.afs.cz\/en\/wp-json\/wp\/v2\/media?parent=24913"}],"wp:term":[{"taxonomy":"category","embeddable":true,"href":"https:\/\/www.afs.cz\/en\/wp-json\/wp\/v2\/categories?post=24913"},{"taxonomy":"post_tag","embeddable":true,"href":"https:\/\/www.afs.cz\/en\/wp-json\/wp\/v2\/tags?post=24913"}],"curies":[{"name":"wp","href":"https:\/\/api.w.org\/{rel}","templated":true}]}}