{"id":24592,"date":"2024-11-14T12:01:51","date_gmt":"2024-11-14T11:01:51","guid":{"rendered":"https:\/\/czechrepublic.afssite.afs.org\/?p=24592"},"modified":"2024-11-15T09:05:20","modified_gmt":"2024-11-15T08:05:20","slug":"brazilci-miluji-kleveteni","status":"publish","type":"post","link":"https:\/\/www.afs.cz\/en\/2024\/11\/brazilci-miluji-kleveteni\/","title":{"rendered":"&#8220;Brazilci miluj\u00ed klevet\u011bn\u00ed, r\u00e1di se navz\u00e1jem o v\u0161em informuj\u00ed. \u010clov\u011bk se tu nikdy nenud\u00ed.&#8221;"},"content":{"rendered":"<h5>Sofia vyrazila za dobrodru\u017estv\u00edm do Braz\u00edlie. \u017dije v hostitelsk\u00e9 rodin\u011b ve m\u011bst\u011b Sinop, st\u00e1t Mato Grosso ve st\u0159edn\u00ed Braz\u00edlii. Bydl\u00ed doslova v srdci m\u011bsta, ale na dosah m\u00e1 i de\u0161tn\u00fd prales s mocnou \u0159ekou Teles Pires. Do pralesa r\u00e1da chod\u00ed fotit divo\u010dinu.<\/h5>\n<p>&#8220;Braz\u00edlie je pro m\u011b jako \u0161estn\u00e1ctiletou studentku \u00fapln\u011b nov\u00fdm sv\u011btem. Rozd\u00edly mezi \u017eivotem tady a v \u010cesku jsou v\u0161ude. Kdy\u017e \u0159\u00edk\u00e1m v\u0161ude, mysl\u00edm t\u00edm opravdu V\u0160UDE \u2013 a\u0165 je to toaletn\u00ed pap\u00edr na z\u00e1chod\u011b nebo politika, rozd\u00edly jsou na ka\u017ed\u00e9m kroku. Ale i kdy\u017e je to tu naprosto jin\u00e9 a mohou se naskytnout t\u011b\u017e\u0161\u00ed situace,<strong> u\u017e\u00edv\u00e1m si ka\u017edou novou v\u011bc, kterou vyzkou\u0161\u00edm<\/strong>. Jsem za tuto p\u0159\u00edle\u017eitost, poznat jin\u00fd sv\u011bt, moc vd\u011b\u010dn\u00e1.<\/p>\n<figure id=\"attachment_24613\" aria-describedby=\"caption-attachment-24613\" style=\"width: 450px\" class=\"wp-caption alignnone\"><img loading=\"lazy\" decoding=\"async\" class=\"size-medium wp-image-24613\" src=\"https:\/\/d22dvihj4pfop3.cloudfront.net\/wp-content\/uploads\/sites\/84\/2024\/11\/14103930\/IMG_5079-450x600.jpeg\" alt=\"\" width=\"450\" height=\"600\" \/><figcaption id=\"caption-attachment-24613\" class=\"wp-caption-text\">S m\u00fdmi hostitelsk\u00fdmi rodi\u010di<\/figcaption><\/figure>\n<p>\u017diju v men\u0161\u00edm m\u011bst\u011b Sinop ve st\u0159edu Braz\u00edlie. Cel\u00fd rok je tu d\u011bsn\u00e9 vedro, okolo 30 &#8211; 40 stup\u0148\u016f. Je tu <strong>de\u0161tn\u00fd prales a \u0159eka<\/strong>, kde moje rodina vlastn\u00ed lo\u010f a chatu. Bydl\u00edme ve st\u0159edu m\u011bsta s moji host m\u00e1mou, t\u00e1tou a pan\u00ed dom\u00e1c\u00ed s jej\u00ed t\u0159in\u00e1ctiletou dcerou. Ta zde pracuje cel\u00e9 dny \u0161est dn\u00ed v t\u00fddnu, tak\u017ee je jako \u010dlen rodiny.<\/p>\n<figure id=\"attachment_24595\" aria-describedby=\"caption-attachment-24595\" style=\"width: 338px\" class=\"wp-caption alignnone\"><img loading=\"lazy\" decoding=\"async\" class=\"size-medium wp-image-24595\" src=\"https:\/\/d22dvihj4pfop3.cloudfront.net\/wp-content\/uploads\/sites\/84\/2024\/11\/14103850\/IMG_4500-338x600.jpeg\" alt=\"\" width=\"338\" height=\"600\" \/><figcaption id=\"caption-attachment-24595\" class=\"wp-caption-text\">Obdob\u00ed sucha, venkovn\u00ed teplota je 38\u00b0C<\/figcaption><\/figure>\n<figure id=\"attachment_24593\" aria-describedby=\"caption-attachment-24593\" style=\"width: 509px\" class=\"wp-caption alignnone\"><img loading=\"lazy\" decoding=\"async\" class=\"size-medium wp-image-24593\" src=\"https:\/\/d22dvihj4pfop3.cloudfront.net\/wp-content\/uploads\/sites\/84\/2024\/11\/14103846\/IMG_5836-509x600.jpeg\" alt=\"\" width=\"509\" height=\"600\" \/><figcaption id=\"caption-attachment-24593\" class=\"wp-caption-text\">Obdob\u00ed de\u0161\u0165\u016f, teplota je 29\u00b0C<\/figcaption><\/figure>\n<p>O v\u00edkendu tr\u00e1v\u00edme \u010das spolu jako rodina, <strong>s hostitelsk\u00fdm t\u00e1tou n\u011bkdy chod\u00edm fotit zdej\u0161\u00ed divo\u010dinu do pralesa<\/strong>. Jinak hodn\u011b cestujeme, p\u0159edev\u0161\u00edm j\u00e1 s moj\u00ed host m\u00e1mou. Jsem tu \u010dtvrt\u00fd m\u011bs\u00edc a byla jsem ji\u017e nav\u0161t\u00edvit zbytek rodiny a dv\u011b dosp\u011bl\u00e9 hostitelsk\u00e9 sestry ve m\u011bst\u011b <strong>Goiani<\/strong>, s moj\u00ed host m\u00e1mou a sestrou jsem byla<strong> v Sao Paulu<\/strong> a minul\u00e9 dva t\u00fddny jsme str\u00e1vily <strong>v Chile<\/strong>. V\u00edm ale, \u017ee m\u011b toho \u010dek\u00e1 je\u0161t\u011b v\u00edc. S hostitelskou rodinou m\u00e1m bl\u00edzky vztah, kter\u00fd se postupem \u010dasu upev\u0148uje.<\/p>\n<figure id=\"attachment_24603\" aria-describedby=\"caption-attachment-24603\" style=\"width: 450px\" class=\"wp-caption alignnone\"><img loading=\"lazy\" decoding=\"async\" class=\"size-medium wp-image-24603\" src=\"https:\/\/d22dvihj4pfop3.cloudfront.net\/wp-content\/uploads\/sites\/84\/2024\/11\/14103906\/IMG_4832-450x600.jpeg\" alt=\"\" width=\"450\" height=\"600\" \/><figcaption id=\"caption-attachment-24603\" class=\"wp-caption-text\">S\u00e3o Paulo<\/figcaption><\/figure>\n<p>Ve \u0161kole jsem si na\u0161la p\u00e1r kamar\u00e1d\u016f, se kter\u00fdmi si je\u0161t\u011b nejsem moc bl\u00edzk\u00e1, ale v\u011b\u0159\u00edm, \u017ee se to \u010dasem zm\u011bn\u00ed. AFS m\u011b p\u0159edev\u0161\u00edm spojilo s ostatn\u00edmi studenty v\u00fdm\u011bnn\u00e9ho programu, kte\u0159\u00ed tady se mnou <strong>sd\u00edlej\u00ed ka\u017edou chv\u00edli a proch\u00e1zej\u00ed si stejn\u00fdmi situacemi jako j\u00e1.<\/strong><\/p>\n<figure id=\"attachment_24601\" aria-describedby=\"caption-attachment-24601\" style=\"width: 600px\" class=\"wp-caption alignnone\"><img loading=\"lazy\" decoding=\"async\" class=\"size-medium wp-image-24601\" src=\"https:\/\/d22dvihj4pfop3.cloudfront.net\/wp-content\/uploads\/sites\/84\/2024\/11\/14103901\/IMG_4565-600x450.jpeg\" alt=\"\" width=\"600\" height=\"450\" \/><figcaption id=\"caption-attachment-24601\" class=\"wp-caption-text\">S kamar\u00e1dy na volejbalov\u00e9m turnaji. V Braz\u00edlii se krom\u011b fotbalu hraje hodn\u011b volejbal.<\/figcaption><\/figure>\n<p>Jinak mysl\u00edm, \u017ee je pot\u0159eba zm\u00ednit, \u017ee <strong>Brazilci miluj\u00ed drama a klevet\u011bn\u00ed<\/strong>, tak\u017ee se tu \u010dlov\u011bk nikdy nenud\u00ed. V\u0161ichni se znaj\u00ed a \u0159eknou si v\u0161echno o v\u0161em. Stane-li se v na\u0161em m\u011bst\u011b n\u011bco zaj\u00edmav\u00e9ho nebo dramatick\u00e9ho, okam\u017eit\u011b o tom v\u00ed cel\u00e9 m\u011bsto. N\u011bkdy je to p\u0159ibarven\u00e1 pravda, n\u011bkdy to nen\u00ed pravda a n\u011bkdy je pravda je\u0161t\u011b absurdn\u011bj\u0161\u00ed. V\u011bt\u0161inou jsou to zaj\u00edmav\u00e9 v\u011bci, tak\u017ee tu opravdu je, co prob\u00edrat. Nap\u0159. s na\u0161imi u\u010diteli ve \u0161kole prob\u00edr\u00e1me novinky a zaj\u00edmavosti o u\u010ditel\u00edch, kte\u0159\u00ed nov\u011b nastoupili do \u0161koly.<\/p>\n<p>\u0160kola zde nen\u00ed zdaleka podobn\u00e1 t\u00e9 \u010desk\u00e9. U\u010ditel\u00e9 a studenti si jsou bli\u017e\u0161\u00ed, nos\u00ed se uniformy, maj\u00ed 5-7 hodin v\u00fduky denn\u011b. Moje hostitelsk\u00e1 \u0161kola je velmi mal\u00e1 oproti t\u00e9 \u010desk\u00e9, tak\u017ee se tu v\u0161ichni znaj\u00ed.<\/p>\n<figure id=\"attachment_24609\" aria-describedby=\"caption-attachment-24609\" style=\"width: 600px\" class=\"wp-caption alignnone\"><img loading=\"lazy\" decoding=\"async\" class=\"size-medium wp-image-24609\" src=\"https:\/\/d22dvihj4pfop3.cloudfront.net\/wp-content\/uploads\/sites\/84\/2024\/11\/14103921\/IMG_3888-e1731578034741-600x450.jpeg\" alt=\"\" width=\"600\" height=\"450\" \/><figcaption id=\"caption-attachment-24609\" class=\"wp-caption-text\">Jed\u00ed se tu pizzy naslano i nasladko, t\u0159eba pizza s \u010dokol\u00e1dou a ovocem<\/figcaption><\/figure>\n<p>Ka\u017ed\u00fd den se tu j\u00ed hodn\u011b masa. Jed\u00ed jin\u00fd druh pe\u010diva, hodn\u011b fazol\u00ed a v\u0161ude je r\u00fd\u017ee. V\u0161echno jsem ochutnala a j\u00eddlo mi chutn\u00e1 v\u00edc ne\u017e to \u010cesk\u00e9. Moje nejobl\u00edben\u011bj\u0161\u00ed jsou <strong>zdej\u0161\u00ed sladkosti<\/strong>. <em>Aca\u00ed<\/em> je n\u011bco jako zmrzlina z hroznov\u00e9ho v\u00edna,<em> guaran\u00e1<\/em>\u00a0 je typick\u00fd n\u00e1poj z ovoce, <em>franu\u00ed <\/em>jsou maliny v \u010dokol\u00e1d\u011b. Ur\u010dit\u011b mus\u00edm zm\u00ednit <strong>absurdn\u00ed pizzy<\/strong>, kter\u00e9 se zde pod\u00e1vaj\u00ed s \u010dokol\u00e1dou a ovocem, nebo <strong>pizza s hov\u011bz\u00edm masem a ban\u00e1nem<\/strong> (moje nejobl\u00edben\u011bj\u0161\u00ed). V\u0161ichni Ital\u0161t\u00ed studenti jsou z toho naprosto mimo. Ovoce je naprosto fantastick\u00e9, klidn\u011b bych jedla jen to.<\/p>\n<figure id=\"attachment_24618\" aria-describedby=\"caption-attachment-24618\" style=\"width: 600px\" class=\"wp-caption alignnone\"><img loading=\"lazy\" decoding=\"async\" class=\"size-medium wp-image-24618\" src=\"https:\/\/d22dvihj4pfop3.cloudfront.net\/wp-content\/uploads\/sites\/84\/2024\/11\/14111149\/IMG_5835-1-600x262.jpeg\" alt=\"\" width=\"600\" height=\"262\" \/><figcaption id=\"caption-attachment-24618\" class=\"wp-caption-text\">Ka\u017edoro\u010dn\u00ed \u0161koln\u00ed akce &#8220;Festa Agostina&#8221;<\/figcaption><\/figure>\n<p><strong>Hned prvn\u00ed t\u00fdden programu jsem za\u010dala trochu mluvit portugalsky<\/strong> a to jsem se portugal\u0161tinu p\u0159ed odjezdem do Braz\u00edlie moc neu\u010dila. Mysl\u00edm, \u017ee hodn\u011b pomohlo to, \u017ee um\u00edm \u0161pan\u011blsky z domova. <strong>Te\u010f po t\u0159ech m\u011bs\u00edc\u00edch bych \u0159ekla, \u017ee portugalsky mluv\u00edm velmi dob\u0159e a rozum\u00edm prakticky v\u0161e.<\/strong><\/p>\n<p>Pobyt v Braz\u00edlii m\u011b nau\u010dil d\u00edvat se na sv\u011bt z jin\u00e9ho \u00fahlu pohledu a pozn\u00e1vat nov\u00e9 kultury a zvyky. Nav\u00e1zala jsem nov\u00e1 p\u0159\u00e1telstv\u00ed, kter\u00e1 mi, v\u011b\u0159\u00edm, vydr\u017e\u00ed na cel\u00fd \u017eivot.&#8221;<\/p>\n<p><em>Sofia, ro\u010dn\u00ed program v Braz\u00edlii<\/em><\/p>\n<p>Pr\u00e1v\u011b nyn\u00ed p\u0159ij\u00edm\u00e1me <a href=\"https:\/\/www.afs.cz\/studium-v-zahranici\/prihlasovaci-formular-studijni-program-afs\/\">p\u0159ihl\u00e1\u0161ky<\/a> na <a href=\"https:\/\/www.afs.cz\/programs\/semestr-na-stredni-skole-v-brazilii\/\">semestr\u00e1ln\u00ed program v Braz\u00edlii<\/a> se za\u010d\u00e1tkem <strong>v \u00fanoru 2025<\/strong>!<\/p>\n<p>Term\u00edn pro p\u0159ihl\u00e1\u0161en\u00ed: <strong>do 30. listopadu 2024.<\/strong><\/p>\n<h3>Odkazy:<\/h3>\n<ul>\n<li><a href=\"https:\/\/www.afs.cz\/programs\/semestr-na-stredni-skole-v-brazilii\/\">Semestr na st\u0159edn\u00ed \u0161kole v Braz\u00edlii<\/a> &#8211; za\u010d\u00e1tek program\u016f: <strong>\u00fanor<\/strong> a <strong>srpen<\/strong><\/li>\n<li><a href=\"https:\/\/www.afs.cz\/programs\/rok-na-stredni-skole-v-brazilii\/\">Rok na st\u0159edn\u00ed \u0161kole v Braz\u00edlii<\/a><\/li>\n<li><a href=\"https:\/\/www.afs.cz\/programs\/tri-mesice-na-stredni-skole-v-brazilii\/\">T\u0159i m\u011bs\u00edce na st\u0159edn\u00ed \u0161kole v Braz\u00edlii<\/a><\/li>\n<li><a href=\"https:\/\/www.afs.cz\/studium-v-zahranici\/prihlasovaci-formular-studijni-program-afs\/\">Nez\u00e1vazn\u00e1 p\u0159ihl\u00e1\u0161ka na program AFS<\/a><\/li>\n<\/ul>\n<div>\n<figure id=\"attachment_24605\" aria-describedby=\"caption-attachment-24605\" style=\"width: 450px\" class=\"wp-caption alignnone\"><img loading=\"lazy\" decoding=\"async\" class=\"size-medium wp-image-24605\" src=\"https:\/\/d22dvihj4pfop3.cloudfront.net\/wp-content\/uploads\/sites\/84\/2024\/11\/14103910\/IMG_3800-450x600.jpeg\" alt=\"\" width=\"450\" height=\"600\" \/><figcaption id=\"caption-attachment-24605\" class=\"wp-caption-text\">U \u0159eky v de\u0161tn\u00e9m pralese<\/figcaption><\/figure>\n<figure id=\"attachment_24611\" aria-describedby=\"caption-attachment-24611\" style=\"width: 450px\" class=\"wp-caption alignnone\"><img loading=\"lazy\" decoding=\"async\" class=\"size-medium wp-image-24611\" src=\"https:\/\/d22dvihj4pfop3.cloudfront.net\/wp-content\/uploads\/sites\/84\/2024\/11\/14103926\/IMG_3883-450x600.jpeg\" alt=\"\" width=\"450\" height=\"600\" \/><figcaption id=\"caption-attachment-24611\" class=\"wp-caption-text\">Churrasco, nejlep\u0161\u00ed grilova\u010dka, co jsem kdy jedla<\/figcaption><\/figure>\n<\/div>\n","protected":false},"excerpt":{"rendered":"<p>Sofia vyrazila za dobrodru\u017estv\u00edm do Braz\u00edlie. \u017dije v hostitelsk\u00e9 rodin\u011b ve m\u011bst\u011b Sinop, st\u00e1t Mato Grosso ve st\u0159edn\u00ed Braz\u00edlii. Bydl\u00ed&hellip;<\/p>\n","protected":false},"author":351,"featured_media":24601,"comment_status":"closed","ping_status":"closed","sticky":false,"template":"","format":"standard","meta":{"footnotes":""},"categories":[50],"tags":[],"class_list":["post-24592","post","type-post","status-publish","format-standard","has-post-thumbnail","hentry","category-studium-v-zahranici"],"yoast_head":"<!-- This site is optimized with the Yoast SEO Premium plugin v26.6 (Yoast SEO v26.6) - https:\/\/yoast.com\/wordpress\/plugins\/seo\/ -->\n<title>&quot;Brazilci miluj\u00ed klevet\u011bn\u00ed, r\u00e1di se navz\u00e1jem o v\u0161em informuj\u00ed. \u010clov\u011bk se tu nikdy nenud\u00ed.&quot; - Mezikulturn\u00ed programy<\/title>\n<meta name=\"robots\" content=\"index, follow, max-snippet:-1, max-image-preview:large, max-video-preview:-1\" \/>\n<link rel=\"canonical\" href=\"https:\/\/www.afs.cz\/en\/2024\/11\/brazilci-miluji-kleveteni\/\" \/>\n<meta property=\"og:locale\" content=\"en_US\" \/>\n<meta property=\"og:type\" content=\"article\" \/>\n<meta property=\"og:title\" content=\"&quot;Brazilci miluj\u00ed klevet\u011bn\u00ed, r\u00e1di se navz\u00e1jem o v\u0161em informuj\u00ed. \u010clov\u011bk se tu nikdy nenud\u00ed.&quot;\" \/>\n<meta property=\"og:description\" content=\"Sofia vyrazila za dobrodru\u017estv\u00edm do Braz\u00edlie. \u017dije v hostitelsk\u00e9 rodin\u011b ve m\u011bst\u011b Sinop, st\u00e1t Mato Grosso ve st\u0159edn\u00ed Braz\u00edlii. Bydl\u00ed&hellip;\" \/>\n<meta property=\"og:url\" content=\"https:\/\/www.afs.cz\/en\/2024\/11\/brazilci-miluji-kleveteni\/\" \/>\n<meta property=\"og:site_name\" content=\"Mezikulturn\u00ed programy\" \/>\n<meta property=\"article:published_time\" content=\"2024-11-14T11:01:51+00:00\" \/>\n<meta property=\"article:modified_time\" content=\"2024-11-15T08:05:20+00:00\" \/>\n<meta property=\"og:image\" content=\"https:\/\/d22dvihj4pfop3.cloudfront.net\/wp-content\/uploads\/sites\/84\/2024\/11\/14103901\/IMG_4565-1200x630.jpeg\" \/>\n\t<meta property=\"og:image:width\" content=\"1200\" \/>\n\t<meta property=\"og:image:height\" content=\"630\" \/>\n\t<meta property=\"og:image:type\" content=\"image\/jpeg\" \/>\n<meta name=\"author\" content=\"afscesko\" \/>\n<meta name=\"twitter:card\" content=\"summary_large_image\" \/>\n<meta name=\"twitter:label1\" content=\"Written by\" \/>\n\t<meta name=\"twitter:data1\" content=\"afscesko\" \/>\n\t<meta name=\"twitter:label2\" content=\"Est. reading time\" \/>\n\t<meta name=\"twitter:data2\" content=\"7 minutes\" \/>\n<script type=\"application\/ld+json\" class=\"yoast-schema-graph\">{\"@context\":\"https:\/\/schema.org\",\"@graph\":[{\"@type\":\"WebPage\",\"@id\":\"https:\/\/www.afs.cz\/en\/2024\/11\/brazilci-miluji-kleveteni\/\",\"url\":\"https:\/\/www.afs.cz\/en\/2024\/11\/brazilci-miluji-kleveteni\/\",\"name\":\"\\\"Brazilci miluj\u00ed klevet\u011bn\u00ed, r\u00e1di se navz\u00e1jem o v\u0161em informuj\u00ed. \u010clov\u011bk se tu nikdy nenud\u00ed.\\\" - Mezikulturn\u00ed programy\",\"isPartOf\":{\"@id\":\"https:\/\/www.afs.cz\/en\/#website\"},\"primaryImageOfPage\":{\"@id\":\"https:\/\/www.afs.cz\/en\/2024\/11\/brazilci-miluji-kleveteni\/#primaryimage\"},\"image\":{\"@id\":\"https:\/\/www.afs.cz\/en\/2024\/11\/brazilci-miluji-kleveteni\/#primaryimage\"},\"thumbnailUrl\":\"https:\/\/d22dvihj4pfop3.cloudfront.net\/wp-content\/uploads\/sites\/84\/2024\/11\/14103901\/IMG_4565.jpeg\",\"datePublished\":\"2024-11-14T11:01:51+00:00\",\"dateModified\":\"2024-11-15T08:05:20+00:00\",\"author\":{\"@id\":\"https:\/\/www.afs.cz\/en\/#\/schema\/person\/bc52da0be76098030e75baeb919827ff\"},\"breadcrumb\":{\"@id\":\"https:\/\/www.afs.cz\/en\/2024\/11\/brazilci-miluji-kleveteni\/#breadcrumb\"},\"inLanguage\":\"en-US\",\"potentialAction\":[{\"@type\":\"ReadAction\",\"target\":[\"https:\/\/www.afs.cz\/en\/2024\/11\/brazilci-miluji-kleveteni\/\"]}]},{\"@type\":\"ImageObject\",\"inLanguage\":\"en-US\",\"@id\":\"https:\/\/www.afs.cz\/en\/2024\/11\/brazilci-miluji-kleveteni\/#primaryimage\",\"url\":\"https:\/\/d22dvihj4pfop3.cloudfront.net\/wp-content\/uploads\/sites\/84\/2024\/11\/14103901\/IMG_4565.jpeg\",\"contentUrl\":\"https:\/\/d22dvihj4pfop3.cloudfront.net\/wp-content\/uploads\/sites\/84\/2024\/11\/14103901\/IMG_4565.jpeg\",\"width\":2048,\"height\":1536,\"caption\":\"S kamar\u00e1dy na volejbalov\u00e9m turnaji\"},{\"@type\":\"BreadcrumbList\",\"@id\":\"https:\/\/www.afs.cz\/en\/2024\/11\/brazilci-miluji-kleveteni\/#breadcrumb\",\"itemListElement\":[{\"@type\":\"ListItem\",\"position\":1,\"name\":\"Home\",\"item\":\"https:\/\/czechrepublic.afssite.afs.org\/en\/\"},{\"@type\":\"ListItem\",\"position\":2,\"name\":\"&#8222;Brazilci miluj\u00ed klevet\u011bn\u00ed, r\u00e1di se navz\u00e1jem o v\u0161em informuj\u00ed. \u010clov\u011bk se tu nikdy nenud\u00ed.&#8220;\"}]},{\"@type\":\"WebSite\",\"@id\":\"https:\/\/www.afs.cz\/en\/#website\",\"url\":\"https:\/\/www.afs.cz\/en\/\",\"name\":\"Mezikulturn\u00ed programy\",\"description\":\"Studium v zahrani\u010d\u00ed, hostitelsk\u00fd program, vzd\u011bl\u00e1vac\u00ed programy, dobrovolnictv\u00ed a mnoho dal\u0161\u00edho.\",\"potentialAction\":[{\"@type\":\"SearchAction\",\"target\":{\"@type\":\"EntryPoint\",\"urlTemplate\":\"https:\/\/www.afs.cz\/en\/?s={search_term_string}\"},\"query-input\":{\"@type\":\"PropertyValueSpecification\",\"valueRequired\":true,\"valueName\":\"search_term_string\"}}],\"inLanguage\":\"en-US\"},{\"@type\":\"Person\",\"@id\":\"https:\/\/www.afs.cz\/en\/#\/schema\/person\/bc52da0be76098030e75baeb919827ff\",\"name\":\"afscesko\",\"image\":{\"@type\":\"ImageObject\",\"inLanguage\":\"en-US\",\"@id\":\"https:\/\/www.afs.cz\/en\/#\/schema\/person\/image\/\",\"url\":\"https:\/\/secure.gravatar.com\/avatar\/eda270bfa745d003b9a210dc384a8c22e1a05bc41e5280645d3e2968a117c931?s=96&d=mm&r=g\",\"contentUrl\":\"https:\/\/secure.gravatar.com\/avatar\/eda270bfa745d003b9a210dc384a8c22e1a05bc41e5280645d3e2968a117c931?s=96&d=mm&r=g\",\"caption\":\"afscesko\"},\"url\":\"https:\/\/www.afs.cz\/en\/author\/afscesko\/\"}]}<\/script>\n<!-- \/ Yoast SEO Premium plugin. -->","yoast_head_json":{"title":"\"Brazilci miluj\u00ed klevet\u011bn\u00ed, r\u00e1di se navz\u00e1jem o v\u0161em informuj\u00ed. \u010clov\u011bk se tu nikdy nenud\u00ed.\" - Mezikulturn\u00ed programy","robots":{"index":"index","follow":"follow","max-snippet":"max-snippet:-1","max-image-preview":"max-image-preview:large","max-video-preview":"max-video-preview:-1"},"canonical":"https:\/\/www.afs.cz\/en\/2024\/11\/brazilci-miluji-kleveteni\/","og_locale":"en_US","og_type":"article","og_title":"\"Brazilci miluj\u00ed klevet\u011bn\u00ed, r\u00e1di se navz\u00e1jem o v\u0161em informuj\u00ed. \u010clov\u011bk se tu nikdy nenud\u00ed.\"","og_description":"Sofia vyrazila za dobrodru\u017estv\u00edm do Braz\u00edlie. \u017dije v hostitelsk\u00e9 rodin\u011b ve m\u011bst\u011b Sinop, st\u00e1t Mato Grosso ve st\u0159edn\u00ed Braz\u00edlii. Bydl\u00ed&hellip;","og_url":"https:\/\/www.afs.cz\/en\/2024\/11\/brazilci-miluji-kleveteni\/","og_site_name":"Mezikulturn\u00ed programy","article_published_time":"2024-11-14T11:01:51+00:00","article_modified_time":"2024-11-15T08:05:20+00:00","og_image":[{"width":1200,"height":630,"url":"https:\/\/d22dvihj4pfop3.cloudfront.net\/wp-content\/uploads\/sites\/84\/2024\/11\/14103901\/IMG_4565-1200x630.jpeg","type":"image\/jpeg"}],"author":"afscesko","twitter_card":"summary_large_image","twitter_misc":{"Written by":"afscesko","Est. reading time":"7 minutes"},"schema":{"@context":"https:\/\/schema.org","@graph":[{"@type":"WebPage","@id":"https:\/\/www.afs.cz\/en\/2024\/11\/brazilci-miluji-kleveteni\/","url":"https:\/\/www.afs.cz\/en\/2024\/11\/brazilci-miluji-kleveteni\/","name":"\"Brazilci miluj\u00ed klevet\u011bn\u00ed, r\u00e1di se navz\u00e1jem o v\u0161em informuj\u00ed. \u010clov\u011bk se tu nikdy nenud\u00ed.\" - Mezikulturn\u00ed programy","isPartOf":{"@id":"https:\/\/www.afs.cz\/en\/#website"},"primaryImageOfPage":{"@id":"https:\/\/www.afs.cz\/en\/2024\/11\/brazilci-miluji-kleveteni\/#primaryimage"},"image":{"@id":"https:\/\/www.afs.cz\/en\/2024\/11\/brazilci-miluji-kleveteni\/#primaryimage"},"thumbnailUrl":"https:\/\/d22dvihj4pfop3.cloudfront.net\/wp-content\/uploads\/sites\/84\/2024\/11\/14103901\/IMG_4565.jpeg","datePublished":"2024-11-14T11:01:51+00:00","dateModified":"2024-11-15T08:05:20+00:00","author":{"@id":"https:\/\/www.afs.cz\/en\/#\/schema\/person\/bc52da0be76098030e75baeb919827ff"},"breadcrumb":{"@id":"https:\/\/www.afs.cz\/en\/2024\/11\/brazilci-miluji-kleveteni\/#breadcrumb"},"inLanguage":"en-US","potentialAction":[{"@type":"ReadAction","target":["https:\/\/www.afs.cz\/en\/2024\/11\/brazilci-miluji-kleveteni\/"]}]},{"@type":"ImageObject","inLanguage":"en-US","@id":"https:\/\/www.afs.cz\/en\/2024\/11\/brazilci-miluji-kleveteni\/#primaryimage","url":"https:\/\/d22dvihj4pfop3.cloudfront.net\/wp-content\/uploads\/sites\/84\/2024\/11\/14103901\/IMG_4565.jpeg","contentUrl":"https:\/\/d22dvihj4pfop3.cloudfront.net\/wp-content\/uploads\/sites\/84\/2024\/11\/14103901\/IMG_4565.jpeg","width":2048,"height":1536,"caption":"S kamar\u00e1dy na volejbalov\u00e9m turnaji"},{"@type":"BreadcrumbList","@id":"https:\/\/www.afs.cz\/en\/2024\/11\/brazilci-miluji-kleveteni\/#breadcrumb","itemListElement":[{"@type":"ListItem","position":1,"name":"Home","item":"https:\/\/czechrepublic.afssite.afs.org\/en\/"},{"@type":"ListItem","position":2,"name":"&#8222;Brazilci miluj\u00ed klevet\u011bn\u00ed, r\u00e1di se navz\u00e1jem o v\u0161em informuj\u00ed. \u010clov\u011bk se tu nikdy nenud\u00ed.&#8220;"}]},{"@type":"WebSite","@id":"https:\/\/www.afs.cz\/en\/#website","url":"https:\/\/www.afs.cz\/en\/","name":"Mezikulturn\u00ed programy","description":"Studium v zahrani\u010d\u00ed, hostitelsk\u00fd program, vzd\u011bl\u00e1vac\u00ed programy, dobrovolnictv\u00ed a mnoho dal\u0161\u00edho.","potentialAction":[{"@type":"SearchAction","target":{"@type":"EntryPoint","urlTemplate":"https:\/\/www.afs.cz\/en\/?s={search_term_string}"},"query-input":{"@type":"PropertyValueSpecification","valueRequired":true,"valueName":"search_term_string"}}],"inLanguage":"en-US"},{"@type":"Person","@id":"https:\/\/www.afs.cz\/en\/#\/schema\/person\/bc52da0be76098030e75baeb919827ff","name":"afscesko","image":{"@type":"ImageObject","inLanguage":"en-US","@id":"https:\/\/www.afs.cz\/en\/#\/schema\/person\/image\/","url":"https:\/\/secure.gravatar.com\/avatar\/eda270bfa745d003b9a210dc384a8c22e1a05bc41e5280645d3e2968a117c931?s=96&d=mm&r=g","contentUrl":"https:\/\/secure.gravatar.com\/avatar\/eda270bfa745d003b9a210dc384a8c22e1a05bc41e5280645d3e2968a117c931?s=96&d=mm&r=g","caption":"afscesko"},"url":"https:\/\/www.afs.cz\/en\/author\/afscesko\/"}]}},"_links":{"self":[{"href":"https:\/\/www.afs.cz\/en\/wp-json\/wp\/v2\/posts\/24592","targetHints":{"allow":["GET"]}}],"collection":[{"href":"https:\/\/www.afs.cz\/en\/wp-json\/wp\/v2\/posts"}],"about":[{"href":"https:\/\/www.afs.cz\/en\/wp-json\/wp\/v2\/types\/post"}],"author":[{"embeddable":true,"href":"https:\/\/www.afs.cz\/en\/wp-json\/wp\/v2\/users\/351"}],"replies":[{"embeddable":true,"href":"https:\/\/www.afs.cz\/en\/wp-json\/wp\/v2\/comments?post=24592"}],"version-history":[{"count":22,"href":"https:\/\/www.afs.cz\/en\/wp-json\/wp\/v2\/posts\/24592\/revisions"}],"predecessor-version":[{"id":24638,"href":"https:\/\/www.afs.cz\/en\/wp-json\/wp\/v2\/posts\/24592\/revisions\/24638"}],"wp:featuredmedia":[{"embeddable":true,"href":"https:\/\/www.afs.cz\/en\/wp-json\/wp\/v2\/media\/24601"}],"wp:attachment":[{"href":"https:\/\/www.afs.cz\/en\/wp-json\/wp\/v2\/media?parent=24592"}],"wp:term":[{"taxonomy":"category","embeddable":true,"href":"https:\/\/www.afs.cz\/en\/wp-json\/wp\/v2\/categories?post=24592"},{"taxonomy":"post_tag","embeddable":true,"href":"https:\/\/www.afs.cz\/en\/wp-json\/wp\/v2\/tags?post=24592"}],"curies":[{"name":"wp","href":"https:\/\/api.w.org\/{rel}","templated":true}]}}