{"id":24517,"date":"2024-11-07T17:35:43","date_gmt":"2024-11-07T16:35:43","guid":{"rendered":"https:\/\/czechrepublic.afssite.afs.org\/?p=24517"},"modified":"2024-11-07T17:41:24","modified_gmt":"2024-11-07T16:41:24","slug":"usnadnujeme-prihlasovaci-proces","status":"publish","type":"post","link":"https:\/\/www.afs.cz\/en\/2024\/11\/usnadnujeme-prihlasovaci-proces\/","title":{"rendered":"Usnad\u0148ujeme z\u00e1jemc\u016fm o stipendia p\u0159ihla\u0161ovac\u00ed proces!"},"content":{"rendered":"<p>P\u0159ihlas se o <a href=\"https:\/\/www.afs.cz\/studium-v-zahranici\/stipendia\/\" target=\"_blank\" rel=\"noopener\">stipendium\u00a0<\/a>na studium na st\u0159edn\u00ed \u0161kole v zahrani\u010d\u00ed ve \u0161koln\u00edm roce 2025\/2026. Nyn\u00ed je to je\u0161t\u011b snaz\u0161\u00ed!<\/p>\n<p>Jednodu\u0161e vypln\u00ed\u0161 <a href=\"https:\/\/www.afs.cz\/studium-v-zahranici\/stipendia\/mam-zajem-o-stipendium-afs\/\">P\u0158IHLA\u0160OVAC\u00cd FORMUL\u00c1\u0158 ur\u010den\u00fd pouze z\u00e1jemc\u016fm o stipendia<\/a><strong>\u00a0<\/strong>a my se ti vz\u00e1p\u011bt\u00ed ozveme s dal\u0161\u00edmi informacemi o studiu v zahrani\u010d\u00ed <a href=\"https:\/\/www.afs.cz\/studium-v-zahranici\/stipendia\/mam-zajem-o-stipendium-afs\/\">za podpory stipendia<\/a><a href=\"https:\/\/www.afs.cz\/studium-v-zahranici\/stipendia\/\" target=\"_blank\" rel=\"noopener\">.<\/a><\/p>\n<p><figure class=\"wp-image-wrap\"><img loading=\"lazy\" decoding=\"async\" class=\"alignnone size-medium wp-image-24520\" src=\"https:\/\/d22dvihj4pfop3.cloudfront.net\/wp-content\/uploads\/sites\/84\/2024\/11\/07172554\/Choosing-France-Picture-4-600x400.png\" alt=\"\" width=\"600\" height=\"400\" \/><\/figure><\/p>\n<p>Sta\u0148 se sou\u010d\u00e1st\u00ed modern\u00edho propojen\u00e9ho sv\u011bta pln\u00e9ho v\u00fdzev a mo\u017enost\u00ed! D\u00edky studiu na st\u0159edn\u00ed \u0161kole v zahrani\u010d\u00ed <strong>ovl\u00e1dne\u0161 ciz\u00ed jazyk<\/strong>,\u00a0<strong>z\u00edsk\u00e1\u0161 sebev\u011bdom\u00ed<\/strong>, pos\u00edl\u00ed\u0161 sv\u00e9 <strong>kritick\u00e9 my\u0161len\u00ed<\/strong> a stane\u0161 se <strong>aktivn\u00edm sv\u011btoob\u010danem<\/strong>. To v\u0161e za podpory na\u0161ich stipendi\u00ed!<\/p>\n<p><a href=\"https:\/\/www.afs.cz\/stipendium-do-nemecka\/\" target=\"_blank\" rel=\"noopener\"><strong>Studium v N\u011bmecku s \u010d\u00e1ste\u010dn\u00fdm stipendiem<\/strong>\u00a0<\/a><\/p>\n<ul>\n<li><a href=\"https:\/\/www.afs.cz\/studium-v-zahranici\/stipendia\/mam-zajem-o-stipendium-afs\/\" target=\"_blank\" rel=\"noopener\">P\u0159ihl\u00e1\u0161ky<\/a> p\u0159ij\u00edm\u00e1me do:<strong>\u00a024. listopadu 2024<\/strong><\/li>\n<li>Stipendium poskytujeme na ro\u010dn\u00ed, semestr\u00e1ln\u00ed nebo t\u0159\u00edm\u011bs\u00ed\u010dn\u00ed program v N\u011bmecku.<\/li>\n<li>Toto stipendium nab\u00edz\u00edme ve spolupr\u00e1ci s \u010cesko-n\u011bmeck\u00fdm fondem budoucnosti.<\/li>\n<li><a href=\"https:\/\/www.afs.cz\/starter\/\" target=\"_blank\" rel=\"noopener\">P\u0159ihlaste na online infosch\u016fzku\u00a0<\/a>o tomto stipendiu:<a href=\"https:\/\/www.afs.cz\/starter\/\" target=\"_blank\" rel=\"noopener\">\u00a0<strong>20 listopadu 2024<\/strong><\/a><\/li>\n<\/ul>\n<p><a href=\"https:\/\/www.afs.cz\/destination-unknown\/\" target=\"_blank\" rel=\"noopener\"><strong>Program Destination Unknown s \u010d\u00e1ste\u010dn\u00fdm stipendiem<\/strong><\/a><\/p>\n<ul>\n<li><a href=\"https:\/\/www.afs.cz\/studium-v-zahranici\/stipendia\/mam-zajem-o-stipendium-afs\/\" target=\"_blank\" rel=\"noopener\">P\u0159ihl\u00e1\u0161ky<\/a> p\u0159ij\u00edm\u00e1me do: <strong>15. prosince 2024<\/strong><\/li>\n<li>Za podpory stipendia Destination Unknown m\u016f\u017eete studovat v Africe, Asii nebo Latinsk\u00e9 Americe, ale i v Evrop\u011b. V nab\u00eddce jsou programy semestr\u00e1ln\u00ed a t\u0159\u00edm\u011bs\u00ed\u010dn\u00ed.<\/li>\n<li>Toto stipendium je financov\u00e1no organizac\u00ed AFS.<\/li>\n<li><a href=\"https:\/\/www.afs.cz\/starter\/\">P\u0159ihlaste se na\u00a0online infosch\u016fzku<\/a>\u00a0o tomto stipendiu:\u00a0<strong><a href=\"https:\/\/www.afs.cz\/starter\/\" target=\"_blank\" rel=\"noopener\">10. prosince 2024<\/a><\/strong><\/li>\n<\/ul>\n<h5>Odkazy:<\/h5>\n<ul>\n<li style=\"list-style-type: none;\">\n<ul>\n<li><a href=\"https:\/\/www.afs.cz\/studium-v-zahranici\/stipendia\/mam-zajem-o-stipendium-afs\/\">P\u0159ihla\u0161ovac\u00ed formul\u00e1\u0159 pro z\u00e1jemce o stipendium<\/a><\/li>\n<li><a href=\"https:\/\/www.afs.cz\/studium-v-zahranici\/najdi-program\/\">Nab\u00eddka studijn\u00edch program\u016f AFS<\/a><\/li>\n<li><a href=\"https:\/\/www.afs.cz\/hostitelsky-program\/\">Hostitelsk\u00fd program AFS<\/a><\/li>\n<\/ul>\n<\/li>\n<\/ul>\n<p>&nbsp;<\/p>\n","protected":false},"excerpt":{"rendered":"<p>P\u0159ihlas se o stipendium\u00a0na studium na st\u0159edn\u00ed \u0161kole v zahrani\u010d\u00ed ve \u0161koln\u00edm roce 2025\/2026. Nyn\u00ed je to je\u0161t\u011b snaz\u0161\u00ed! Jednodu\u0161e&hellip;<\/p>\n","protected":false},"author":351,"featured_media":24518,"comment_status":"closed","ping_status":"closed","sticky":false,"template":"","format":"standard","meta":{"footnotes":""},"categories":[50],"tags":[],"class_list":["post-24517","post","type-post","status-publish","format-standard","has-post-thumbnail","hentry","category-studium-v-zahranici"],"yoast_head":"<!-- This site is optimized with the Yoast SEO Premium plugin v26.6 (Yoast SEO v26.6) - https:\/\/yoast.com\/wordpress\/plugins\/seo\/ -->\n<title>Usnad\u0148ujeme z\u00e1jemc\u016fm o stipendia p\u0159ihla\u0161ovac\u00ed proces! - Mezikulturn\u00ed programy<\/title>\n<meta name=\"robots\" content=\"index, follow, max-snippet:-1, max-image-preview:large, max-video-preview:-1\" \/>\n<link rel=\"canonical\" href=\"https:\/\/www.afs.cz\/en\/2024\/11\/usnadnujeme-prihlasovaci-proces\/\" \/>\n<meta property=\"og:locale\" content=\"en_US\" \/>\n<meta property=\"og:type\" content=\"article\" \/>\n<meta property=\"og:title\" content=\"Usnad\u0148ujeme z\u00e1jemc\u016fm o stipendia p\u0159ihla\u0161ovac\u00ed proces!\" \/>\n<meta property=\"og:description\" content=\"P\u0159ihlas se o stipendium\u00a0na studium na st\u0159edn\u00ed \u0161kole v zahrani\u010d\u00ed ve \u0161koln\u00edm roce 2025\/2026. Nyn\u00ed je to je\u0161t\u011b snaz\u0161\u00ed! Jednodu\u0161e&hellip;\" \/>\n<meta property=\"og:url\" content=\"https:\/\/www.afs.cz\/en\/2024\/11\/usnadnujeme-prihlasovaci-proces\/\" \/>\n<meta property=\"og:site_name\" content=\"Mezikulturn\u00ed programy\" \/>\n<meta property=\"article:published_time\" content=\"2024-11-07T16:35:43+00:00\" \/>\n<meta property=\"article:modified_time\" content=\"2024-11-07T16:41:24+00:00\" \/>\n<meta property=\"og:image\" content=\"https:\/\/d22dvihj4pfop3.cloudfront.net\/wp-content\/uploads\/sites\/84\/2024\/11\/07171217\/2022-09-FRA-arrival-orientation-01-1200x630.jpeg\" \/>\n\t<meta property=\"og:image:width\" content=\"1200\" \/>\n\t<meta property=\"og:image:height\" content=\"630\" \/>\n\t<meta property=\"og:image:type\" content=\"image\/jpeg\" \/>\n<meta name=\"author\" content=\"afscesko\" \/>\n<meta name=\"twitter:card\" content=\"summary_large_image\" \/>\n<meta name=\"twitter:label1\" content=\"Written by\" \/>\n\t<meta name=\"twitter:data1\" content=\"afscesko\" \/>\n\t<meta name=\"twitter:label2\" content=\"Est. reading time\" \/>\n\t<meta name=\"twitter:data2\" content=\"2 minutes\" \/>\n<script type=\"application\/ld+json\" class=\"yoast-schema-graph\">{\"@context\":\"https:\/\/schema.org\",\"@graph\":[{\"@type\":\"WebPage\",\"@id\":\"https:\/\/www.afs.cz\/en\/2024\/11\/usnadnujeme-prihlasovaci-proces\/\",\"url\":\"https:\/\/www.afs.cz\/en\/2024\/11\/usnadnujeme-prihlasovaci-proces\/\",\"name\":\"Usnad\u0148ujeme z\u00e1jemc\u016fm o stipendia p\u0159ihla\u0161ovac\u00ed proces! - Mezikulturn\u00ed programy\",\"isPartOf\":{\"@id\":\"https:\/\/www.afs.cz\/en\/#website\"},\"primaryImageOfPage\":{\"@id\":\"https:\/\/www.afs.cz\/en\/2024\/11\/usnadnujeme-prihlasovaci-proces\/#primaryimage\"},\"image\":{\"@id\":\"https:\/\/www.afs.cz\/en\/2024\/11\/usnadnujeme-prihlasovaci-proces\/#primaryimage\"},\"thumbnailUrl\":\"https:\/\/d22dvihj4pfop3.cloudfront.net\/wp-content\/uploads\/sites\/84\/2024\/11\/07171217\/2022-09-FRA-arrival-orientation-01.jpeg\",\"datePublished\":\"2024-11-07T16:35:43+00:00\",\"dateModified\":\"2024-11-07T16:41:24+00:00\",\"author\":{\"@id\":\"https:\/\/www.afs.cz\/en\/#\/schema\/person\/bc52da0be76098030e75baeb919827ff\"},\"breadcrumb\":{\"@id\":\"https:\/\/www.afs.cz\/en\/2024\/11\/usnadnujeme-prihlasovaci-proces\/#breadcrumb\"},\"inLanguage\":\"en-US\",\"potentialAction\":[{\"@type\":\"ReadAction\",\"target\":[\"https:\/\/www.afs.cz\/en\/2024\/11\/usnadnujeme-prihlasovaci-proces\/\"]}]},{\"@type\":\"ImageObject\",\"inLanguage\":\"en-US\",\"@id\":\"https:\/\/www.afs.cz\/en\/2024\/11\/usnadnujeme-prihlasovaci-proces\/#primaryimage\",\"url\":\"https:\/\/d22dvihj4pfop3.cloudfront.net\/wp-content\/uploads\/sites\/84\/2024\/11\/07171217\/2022-09-FRA-arrival-orientation-01.jpeg\",\"contentUrl\":\"https:\/\/d22dvihj4pfop3.cloudfront.net\/wp-content\/uploads\/sites\/84\/2024\/11\/07171217\/2022-09-FRA-arrival-orientation-01.jpeg\",\"width\":1280,\"height\":851},{\"@type\":\"BreadcrumbList\",\"@id\":\"https:\/\/www.afs.cz\/en\/2024\/11\/usnadnujeme-prihlasovaci-proces\/#breadcrumb\",\"itemListElement\":[{\"@type\":\"ListItem\",\"position\":1,\"name\":\"Home\",\"item\":\"https:\/\/czechrepublic.afssite.afs.org\/en\/\"},{\"@type\":\"ListItem\",\"position\":2,\"name\":\"Usnad\u0148ujeme z\u00e1jemc\u016fm o stipendia p\u0159ihla\u0161ovac\u00ed proces!\"}]},{\"@type\":\"WebSite\",\"@id\":\"https:\/\/www.afs.cz\/en\/#website\",\"url\":\"https:\/\/www.afs.cz\/en\/\",\"name\":\"Mezikulturn\u00ed programy\",\"description\":\"Studium v zahrani\u010d\u00ed, hostitelsk\u00fd program, vzd\u011bl\u00e1vac\u00ed programy, dobrovolnictv\u00ed a mnoho dal\u0161\u00edho.\",\"potentialAction\":[{\"@type\":\"SearchAction\",\"target\":{\"@type\":\"EntryPoint\",\"urlTemplate\":\"https:\/\/www.afs.cz\/en\/?s={search_term_string}\"},\"query-input\":{\"@type\":\"PropertyValueSpecification\",\"valueRequired\":true,\"valueName\":\"search_term_string\"}}],\"inLanguage\":\"en-US\"},{\"@type\":\"Person\",\"@id\":\"https:\/\/www.afs.cz\/en\/#\/schema\/person\/bc52da0be76098030e75baeb919827ff\",\"name\":\"afscesko\",\"image\":{\"@type\":\"ImageObject\",\"inLanguage\":\"en-US\",\"@id\":\"https:\/\/www.afs.cz\/en\/#\/schema\/person\/image\/\",\"url\":\"https:\/\/secure.gravatar.com\/avatar\/eda270bfa745d003b9a210dc384a8c22e1a05bc41e5280645d3e2968a117c931?s=96&d=mm&r=g\",\"contentUrl\":\"https:\/\/secure.gravatar.com\/avatar\/eda270bfa745d003b9a210dc384a8c22e1a05bc41e5280645d3e2968a117c931?s=96&d=mm&r=g\",\"caption\":\"afscesko\"},\"url\":\"https:\/\/www.afs.cz\/en\/author\/afscesko\/\"}]}<\/script>\n<!-- \/ Yoast SEO Premium plugin. -->","yoast_head_json":{"title":"Usnad\u0148ujeme z\u00e1jemc\u016fm o stipendia p\u0159ihla\u0161ovac\u00ed proces! - Mezikulturn\u00ed programy","robots":{"index":"index","follow":"follow","max-snippet":"max-snippet:-1","max-image-preview":"max-image-preview:large","max-video-preview":"max-video-preview:-1"},"canonical":"https:\/\/www.afs.cz\/en\/2024\/11\/usnadnujeme-prihlasovaci-proces\/","og_locale":"en_US","og_type":"article","og_title":"Usnad\u0148ujeme z\u00e1jemc\u016fm o stipendia p\u0159ihla\u0161ovac\u00ed proces!","og_description":"P\u0159ihlas se o stipendium\u00a0na studium na st\u0159edn\u00ed \u0161kole v zahrani\u010d\u00ed ve \u0161koln\u00edm roce 2025\/2026. Nyn\u00ed je to je\u0161t\u011b snaz\u0161\u00ed! Jednodu\u0161e&hellip;","og_url":"https:\/\/www.afs.cz\/en\/2024\/11\/usnadnujeme-prihlasovaci-proces\/","og_site_name":"Mezikulturn\u00ed programy","article_published_time":"2024-11-07T16:35:43+00:00","article_modified_time":"2024-11-07T16:41:24+00:00","og_image":[{"width":1200,"height":630,"url":"https:\/\/d22dvihj4pfop3.cloudfront.net\/wp-content\/uploads\/sites\/84\/2024\/11\/07171217\/2022-09-FRA-arrival-orientation-01-1200x630.jpeg","type":"image\/jpeg"}],"author":"afscesko","twitter_card":"summary_large_image","twitter_misc":{"Written by":"afscesko","Est. reading time":"2 minutes"},"schema":{"@context":"https:\/\/schema.org","@graph":[{"@type":"WebPage","@id":"https:\/\/www.afs.cz\/en\/2024\/11\/usnadnujeme-prihlasovaci-proces\/","url":"https:\/\/www.afs.cz\/en\/2024\/11\/usnadnujeme-prihlasovaci-proces\/","name":"Usnad\u0148ujeme z\u00e1jemc\u016fm o stipendia p\u0159ihla\u0161ovac\u00ed proces! - Mezikulturn\u00ed programy","isPartOf":{"@id":"https:\/\/www.afs.cz\/en\/#website"},"primaryImageOfPage":{"@id":"https:\/\/www.afs.cz\/en\/2024\/11\/usnadnujeme-prihlasovaci-proces\/#primaryimage"},"image":{"@id":"https:\/\/www.afs.cz\/en\/2024\/11\/usnadnujeme-prihlasovaci-proces\/#primaryimage"},"thumbnailUrl":"https:\/\/d22dvihj4pfop3.cloudfront.net\/wp-content\/uploads\/sites\/84\/2024\/11\/07171217\/2022-09-FRA-arrival-orientation-01.jpeg","datePublished":"2024-11-07T16:35:43+00:00","dateModified":"2024-11-07T16:41:24+00:00","author":{"@id":"https:\/\/www.afs.cz\/en\/#\/schema\/person\/bc52da0be76098030e75baeb919827ff"},"breadcrumb":{"@id":"https:\/\/www.afs.cz\/en\/2024\/11\/usnadnujeme-prihlasovaci-proces\/#breadcrumb"},"inLanguage":"en-US","potentialAction":[{"@type":"ReadAction","target":["https:\/\/www.afs.cz\/en\/2024\/11\/usnadnujeme-prihlasovaci-proces\/"]}]},{"@type":"ImageObject","inLanguage":"en-US","@id":"https:\/\/www.afs.cz\/en\/2024\/11\/usnadnujeme-prihlasovaci-proces\/#primaryimage","url":"https:\/\/d22dvihj4pfop3.cloudfront.net\/wp-content\/uploads\/sites\/84\/2024\/11\/07171217\/2022-09-FRA-arrival-orientation-01.jpeg","contentUrl":"https:\/\/d22dvihj4pfop3.cloudfront.net\/wp-content\/uploads\/sites\/84\/2024\/11\/07171217\/2022-09-FRA-arrival-orientation-01.jpeg","width":1280,"height":851},{"@type":"BreadcrumbList","@id":"https:\/\/www.afs.cz\/en\/2024\/11\/usnadnujeme-prihlasovaci-proces\/#breadcrumb","itemListElement":[{"@type":"ListItem","position":1,"name":"Home","item":"https:\/\/czechrepublic.afssite.afs.org\/en\/"},{"@type":"ListItem","position":2,"name":"Usnad\u0148ujeme z\u00e1jemc\u016fm o stipendia p\u0159ihla\u0161ovac\u00ed proces!"}]},{"@type":"WebSite","@id":"https:\/\/www.afs.cz\/en\/#website","url":"https:\/\/www.afs.cz\/en\/","name":"Mezikulturn\u00ed programy","description":"Studium v zahrani\u010d\u00ed, hostitelsk\u00fd program, vzd\u011bl\u00e1vac\u00ed programy, dobrovolnictv\u00ed a mnoho dal\u0161\u00edho.","potentialAction":[{"@type":"SearchAction","target":{"@type":"EntryPoint","urlTemplate":"https:\/\/www.afs.cz\/en\/?s={search_term_string}"},"query-input":{"@type":"PropertyValueSpecification","valueRequired":true,"valueName":"search_term_string"}}],"inLanguage":"en-US"},{"@type":"Person","@id":"https:\/\/www.afs.cz\/en\/#\/schema\/person\/bc52da0be76098030e75baeb919827ff","name":"afscesko","image":{"@type":"ImageObject","inLanguage":"en-US","@id":"https:\/\/www.afs.cz\/en\/#\/schema\/person\/image\/","url":"https:\/\/secure.gravatar.com\/avatar\/eda270bfa745d003b9a210dc384a8c22e1a05bc41e5280645d3e2968a117c931?s=96&d=mm&r=g","contentUrl":"https:\/\/secure.gravatar.com\/avatar\/eda270bfa745d003b9a210dc384a8c22e1a05bc41e5280645d3e2968a117c931?s=96&d=mm&r=g","caption":"afscesko"},"url":"https:\/\/www.afs.cz\/en\/author\/afscesko\/"}]}},"_links":{"self":[{"href":"https:\/\/www.afs.cz\/en\/wp-json\/wp\/v2\/posts\/24517","targetHints":{"allow":["GET"]}}],"collection":[{"href":"https:\/\/www.afs.cz\/en\/wp-json\/wp\/v2\/posts"}],"about":[{"href":"https:\/\/www.afs.cz\/en\/wp-json\/wp\/v2\/types\/post"}],"author":[{"embeddable":true,"href":"https:\/\/www.afs.cz\/en\/wp-json\/wp\/v2\/users\/351"}],"replies":[{"embeddable":true,"href":"https:\/\/www.afs.cz\/en\/wp-json\/wp\/v2\/comments?post=24517"}],"version-history":[{"count":9,"href":"https:\/\/www.afs.cz\/en\/wp-json\/wp\/v2\/posts\/24517\/revisions"}],"predecessor-version":[{"id":24530,"href":"https:\/\/www.afs.cz\/en\/wp-json\/wp\/v2\/posts\/24517\/revisions\/24530"}],"wp:featuredmedia":[{"embeddable":true,"href":"https:\/\/www.afs.cz\/en\/wp-json\/wp\/v2\/media\/24518"}],"wp:attachment":[{"href":"https:\/\/www.afs.cz\/en\/wp-json\/wp\/v2\/media?parent=24517"}],"wp:term":[{"taxonomy":"category","embeddable":true,"href":"https:\/\/www.afs.cz\/en\/wp-json\/wp\/v2\/categories?post=24517"},{"taxonomy":"post_tag","embeddable":true,"href":"https:\/\/www.afs.cz\/en\/wp-json\/wp\/v2\/tags?post=24517"}],"curies":[{"name":"wp","href":"https:\/\/api.w.org\/{rel}","templated":true}]}}