{"id":24456,"date":"2024-11-06T11:18:27","date_gmt":"2024-11-06T10:18:27","guid":{"rendered":"https:\/\/czechrepublic.afssite.afs.org\/?p=24456"},"modified":"2024-11-28T11:00:17","modified_gmt":"2024-11-28T10:00:17","slug":"stante-se-host-rodinou-ethana-nebo-raphaela","status":"publish","type":"post","link":"https:\/\/www.afs.cz\/en\/2024\/11\/stante-se-host-rodinou-ethana-nebo-raphaela\/","title":{"rendered":"&#8220;T\u00e1ta je socha\u0159. Chod\u00edm s n\u00edm na v\u00fdstavy do galeri\u00ed, m\u00e1m d\u00edky n\u011bmu rozhled.&#8221;"},"content":{"rendered":"<p data-name=\"title\"><strong>Ethan<\/strong> je v \u010cesk\u00e9 republice na <strong>desetim\u011bs\u00ed\u010dn\u00edm programu<\/strong>, z Francie p\u0159ilet\u011bl v z\u00e1\u0159\u00ed 2024. Jeho tzv. welcome hostitelsk\u00e1 rodina ho host\u00ed po dobu prvn\u00edch t\u0159\u00ed m\u011bs\u00edc\u016f jeho programu. Ethanovi jeho pobyt ve welcome rodin\u011b brzy kon\u010d\u00ed a proto pro n\u011bj <a href=\"https:\/\/www.afs.cz\/hostitelsky-program\/nezavazna-prihlaska-hostitelsky-program\/\">hled\u00e1me novou hostitelskou rodinu<\/a> na dal\u0161\u00edch <strong>7 m\u011bs\u00edc\u016f<\/strong> jeho AFS programu v \u010cech\u00e1ch.<\/p>\n<p data-name=\"title\"><strong>Raphael<\/strong> je jeden ze studentek a student\u016f, <a href=\"https:\/\/www.afs.cz\/hostitelsky-program\/poznejte-studenty-afs\/\">kte\u0159\u00ed p\u0159ijedou v lednu 2025 do \u010cesk\u00e9 republiky<\/a>. R\u00e1d by v \u010cech\u00e1ch sv\u00e9 hostitelsk\u00e9 rodin\u011b, nov\u00fd p\u0159\u00e1tel\u016fm a spolu\u017e\u00e1k\u016fm p\u0159edstavil francouzskou kulturu a \u017eivotn\u00ed styl.\u00a0B\u011bhem sv\u00e9ho <strong>semestr\u00e1ln\u00edho programu<\/strong> se zde, stejn\u011b jako Ethan, bude nejen u\u010dit \u010desk\u00fd jazyk, ale tak\u00e9 se sv\u00fdmi \u010desk\u00fdmi spolu\u017e\u00e1ky studovat v\u0161echny ostatn\u00ed \u0161koln\u00ed p\u0159edm\u011bty jako biologie, literatura, nebo t\u0159eba hudebn\u00ed v\u00fdchova.<\/p>\n<p>I vy se m\u016f\u017eete do programu mezikulturn\u00edch v\u00fdm\u011bn zapojit. <a href=\"https:\/\/www.afs.cz\/hostitelsky-program\/nezavazna-prihlaska-hostitelsky-program\/\">Sta\u0148te se hostitelskou rodinou<\/a> jednoho z t\u011bchto student\u016f, m\u016f\u017eete tak ka\u017ed\u00fd den pozn\u00e1vat, jak je v\u00e1\u0161 \u2013 zd\u00e1nliv\u011b v\u0161edn\u00ed \u2013 \u017eivot zaj\u00edmav\u00fd a fascinuj\u00edc\u00ed.<\/p>\n<h3><figure class=\"wp-image-wrap\"><img loading=\"lazy\" decoding=\"async\" class=\"alignnone size-medium wp-image-15829\" src=\"https:\/\/d22dvihj4pfop3.cloudfront.net\/wp-content\/uploads\/sites\/84\/2022\/10\/09174801\/Karim-600x338.png\" alt=\"\" width=\"600\" height=\"338\" \/><\/figure><\/h3>\n<h3>&#8220;T\u00e1ta je socha\u0159. \u010casto s n\u00edm chod\u00edm na v\u00fdstavy do galeri\u00ed, m\u00e1m d\u00edky n\u011bmu rozhled.&#8221;<\/h3>\n<h3>Ethan<\/h3>\n<div class=\"panel-wysiwyg__column-content\">\n<div class=\"context-content\" data-name=\"content\" data-livetext=\"\">\n<ul>\n<li><strong>Za\u010d\u00e1tek programu:<\/strong>\u00a0z\u00e1\u0159\u00ed 2024, student je ji\u017e na programu v \u010cech\u00e1ch<\/li>\n<li><strong>D\u00e9lka programu:<\/strong>\u00a010 m\u011bs\u00edc\u016f<\/li>\n<li><strong>V\u011bk:<\/strong>\u00a017 let<\/li>\n<li><strong>Z\u00e1jmy:<\/strong> proj\u00ed\u017e\u010fky na kole krajinou, um\u011bn\u00ed<\/li>\n<\/ul>\n<p><em>Ethan je moment\u00e1ln\u011b v tzv. welcome hostitelsk\u00e9 rodin\u011b (welcome rodiny host\u00ed studenty\/ky po dobu t\u0159\u00ed m\u011bs\u00edc\u016f na za\u010d\u00e1tku jejich programu). Nyn\u00ed pro n\u011bj hled\u00e1me hostitelskou rodinu na dal\u0161\u00edch <strong>7 m\u011bs\u00edc\u016f<\/strong>\u00a0jeho programu.\u00a0<\/em><\/p>\n<p class=\"tw-data-text tw-text-large tw-ta\" dir=\"ltr\" data-placeholder=\"Translation\" data-ved=\"2ahUKEwjw0uKMuMeJAxUPRfEDHWlXLnsQ3ewLegQICRAU\" aria-label=\"Translated text: Pova\u017euji se za velmi otev\u0159en\u00e9ho a zv\u011bdav\u00e9ho \u010dlov\u011bka, kter\u00fd se v\u017edy sna\u017e\u00ed pom\u00e1hat druh\u00fdm. Moje rodina \u0159\u00edk\u00e1 \u017ee jsem nez\u00e1visl\u00fd, vesel\u00fd a m\u00e1m dobr\u00fd smysl pro humor, ale p\u0159edev\u0161\u00edm v\u011bd\u00ed, \u017ee mohou po\u010d\u00edtejte se mnou Je mi 16 let a bydl\u00edm v dom\u011b na venkov\u011b v \u00fadol\u00ed Rh\u00f4ny. O v\u00edkendech \u010dasto jet na kole a urazit kolem m\u00e9ho domova asi 30 a\u017e 40 kilometr\u016f. R\u00e1d objevuji nov\u00e9 cesty a m\u00edsta, kde si mohu chv\u00edli \u010d\u00edst, poslouchat hudbu a fotografovat. Tak\u00e9 cvi\u010d\u00edm vzp\u00edr\u00e1n\u00ed dvakr\u00e1t t\u00fddn\u011b. Kdy\u017e mi bylo 14, rozhodli jsme se s otcem postavit chatu o velikosti 15 m2 uprost\u0159ed mal\u00e9ho lesa. Jak vid\u00edte, r\u00e1da objevuji a u\u010d\u00edm se nov\u00e9 v\u011bci. Moje rodina a j\u00e1 jsme v zim\u011b hostili dva studenty AFS, Argentince na t\u0159i m\u011bs\u00edce 2021, se kterou jsem z\u016fstal v kontaktu, a Paulina, n\u011bmeck\u00e1 studentka, kter\u00e1 byla sou\u010d\u00e1st\u00ed m\u00e9 rodiny po 10 m\u011bs\u00edc\u016f (2021\/22). Je pro m\u011b jako sestra a m\u011bli jsme to \u0161t\u011bst\u00ed, \u017ee jsme se vid\u011bli pravideln\u011b od t\u00e9 doby, co se vr\u00e1tila dom\u016f. Se svou rodinou jsem si velmi bl\u00edzk\u00e1 a mohu s rodi\u010di mluvit na jak\u00e9koli t\u00e9ma. \u010casto se bav\u00edm\"><span class=\"Y2IQFc\" lang=\"cs\">&#8220;Pova\u017euji se za velmi <strong>otev\u0159en\u00e9ho a zv\u00eddav\u00e9ho<\/strong> \u010dlov\u011bka, kter\u00fd se v\u017edy sna\u017e\u00ed pom\u00e1hat druh\u00fdm. Moje rodina \u0159\u00edk\u00e1, \u017ee jsem <\/span><span class=\"Y2IQFc\" lang=\"cs\">nez\u00e1visl\u00fd, <strong>vesel\u00fd a m\u00e1m dobr\u00fd smysl pro humor<\/strong>,&#8221; popisuje svou povahu Ethan. <\/span><\/p>\n<p class=\"tw-data-text tw-text-large tw-ta\" dir=\"ltr\" data-placeholder=\"Translation\" data-ved=\"2ahUKEwjw0uKMuMeJAxUPRfEDHWlXLnsQ3ewLegQICRAU\" aria-label=\"Translated text: Pova\u017euji se za velmi otev\u0159en\u00e9ho a zv\u011bdav\u00e9ho \u010dlov\u011bka, kter\u00fd se v\u017edy sna\u017e\u00ed pom\u00e1hat druh\u00fdm. Moje rodina \u0159\u00edk\u00e1 \u017ee jsem nez\u00e1visl\u00fd, vesel\u00fd a m\u00e1m dobr\u00fd smysl pro humor, ale p\u0159edev\u0161\u00edm v\u011bd\u00ed, \u017ee mohou po\u010d\u00edtejte se mnou Je mi 16 let a bydl\u00edm v dom\u011b na venkov\u011b v \u00fadol\u00ed Rh\u00f4ny. O v\u00edkendech \u010dasto jet na kole a urazit kolem m\u00e9ho domova asi 30 a\u017e 40 kilometr\u016f. R\u00e1d objevuji nov\u00e9 cesty a m\u00edsta, kde si mohu chv\u00edli \u010d\u00edst, poslouchat hudbu a fotografovat. Tak\u00e9 cvi\u010d\u00edm vzp\u00edr\u00e1n\u00ed dvakr\u00e1t t\u00fddn\u011b. Kdy\u017e mi bylo 14, rozhodli jsme se s otcem postavit chatu o velikosti 15 m2 uprost\u0159ed mal\u00e9ho lesa. Jak vid\u00edte, r\u00e1da objevuji a u\u010d\u00edm se nov\u00e9 v\u011bci. Moje rodina a j\u00e1 jsme v zim\u011b hostili dva studenty AFS, Argentince na t\u0159i m\u011bs\u00edce 2021, se kterou jsem z\u016fstal v kontaktu, a Paulina, n\u011bmeck\u00e1 studentka, kter\u00e1 byla sou\u010d\u00e1st\u00ed m\u00e9 rodiny po 10 m\u011bs\u00edc\u016f (2021\/22). Je pro m\u011b jako sestra a m\u011bli jsme to \u0161t\u011bst\u00ed, \u017ee jsme se vid\u011bli pravideln\u011b od t\u00e9 doby, co se vr\u00e1tila dom\u016f. Se svou rodinou jsem si velmi bl\u00edzk\u00e1 a mohu s rodi\u010di mluvit na jak\u00e9koli t\u00e9ma. \u010casto se bav\u00edm\">M\u00e1 star\u0161\u00edho bratra a se svou rodinou si je velmi bl\u00edzk\u00fd. Jeho tat\u00ednek je socha\u0159 a od d\u011btstv\u00ed p\u0159edstavuje Ethanovi sv\u011bt um\u011bn\u00ed. <strong>&#8220;S t\u00e1tou \u010dasto chod\u00edm na v\u00fdstavy do galeri\u00ed, m\u00e1m d\u00edky n\u011bmu rozhled.&#8221;\u00a0<\/strong><\/p>\n<p dir=\"ltr\" data-placeholder=\"Translation\" data-ved=\"2ahUKEwjw0uKMuMeJAxUPRfEDHWlXLnsQ3ewLegQICRAU\" aria-label=\"Translated text: Pova\u017euji se za velmi otev\u0159en\u00e9ho a zv\u011bdav\u00e9ho \u010dlov\u011bka, kter\u00fd se v\u017edy sna\u017e\u00ed pom\u00e1hat druh\u00fdm. Moje rodina \u0159\u00edk\u00e1 \u017ee jsem nez\u00e1visl\u00fd, vesel\u00fd a m\u00e1m dobr\u00fd smysl pro humor, ale p\u0159edev\u0161\u00edm v\u011bd\u00ed, \u017ee mohou po\u010d\u00edtejte se mnou Je mi 16 let a bydl\u00edm v dom\u011b na venkov\u011b v \u00fadol\u00ed Rh\u00f4ny. O v\u00edkendech \u010dasto jet na kole a urazit kolem m\u00e9ho domova asi 30 a\u017e 40 kilometr\u016f. R\u00e1d objevuji nov\u00e9 cesty a m\u00edsta, kde si mohu chv\u00edli \u010d\u00edst, poslouchat hudbu a fotografovat. Tak\u00e9 cvi\u010d\u00edm vzp\u00edr\u00e1n\u00ed dvakr\u00e1t t\u00fddn\u011b. Kdy\u017e mi bylo 14, rozhodli jsme se s otcem postavit chatu o velikosti 15 m2 uprost\u0159ed mal\u00e9ho lesa. Jak vid\u00edte, r\u00e1da objevuji a u\u010d\u00edm se nov\u00e9 v\u011bci. Moje rodina a j\u00e1 jsme v zim\u011b hostili dva studenty AFS, Argentince na t\u0159i m\u011bs\u00edce 2021, se kterou jsem z\u016fstal v kontaktu, a Paulina, n\u011bmeck\u00e1 studentka, kter\u00e1 byla sou\u010d\u00e1st\u00ed m\u00e9 rodiny po 10 m\u011bs\u00edc\u016f (2021\/22). Je pro m\u011b jako sestra a m\u011bli jsme to \u0161t\u011bst\u00ed, \u017ee jsme se vid\u011bli pravideln\u011b od t\u00e9 doby, co se vr\u00e1tila dom\u016f. Se svou rodinou jsem si velmi bl\u00edzk\u00e1 a mohu s rodi\u010di mluvit na jak\u00e9koli t\u00e9ma. \u010casto se bav\u00edm\">Ethan se svou rodinou \u017eije na venkov\u011b. <strong>O v\u00edkendech \u010dasto jezd\u00ed na kole po okol\u00ed<\/strong> a uraz\u00ed t\u0159eba i 30 a\u017e 40 kilometr\u016f. &#8220;R\u00e1d objevuji nov\u00e9 cesty a m\u00edsta, kde si mohu chv\u00edli \u010d\u00edst, poslouchat hudbu a fotografovat.&#8221;<\/p>\n<p dir=\"ltr\" data-placeholder=\"Translation\" data-ved=\"2ahUKEwjw0uKMuMeJAxUPRfEDHWlXLnsQ3ewLegQICRAU\" aria-label=\"Translated text: Pova\u017euji se za velmi otev\u0159en\u00e9ho a zv\u011bdav\u00e9ho \u010dlov\u011bka, kter\u00fd se v\u017edy sna\u017e\u00ed pom\u00e1hat druh\u00fdm. Moje rodina \u0159\u00edk\u00e1 \u017ee jsem nez\u00e1visl\u00fd, vesel\u00fd a m\u00e1m dobr\u00fd smysl pro humor, ale p\u0159edev\u0161\u00edm v\u011bd\u00ed, \u017ee mohou po\u010d\u00edtejte se mnou Je mi 16 let a bydl\u00edm v dom\u011b na venkov\u011b v \u00fadol\u00ed Rh\u00f4ny. O v\u00edkendech \u010dasto jet na kole a urazit kolem m\u00e9ho domova asi 30 a\u017e 40 kilometr\u016f. R\u00e1d objevuji nov\u00e9 cesty a m\u00edsta, kde si mohu chv\u00edli \u010d\u00edst, poslouchat hudbu a fotografovat. Tak\u00e9 cvi\u010d\u00edm vzp\u00edr\u00e1n\u00ed dvakr\u00e1t t\u00fddn\u011b. Kdy\u017e mi bylo 14, rozhodli jsme se s otcem postavit chatu o velikosti 15 m2 uprost\u0159ed mal\u00e9ho lesa. Jak vid\u00edte, r\u00e1da objevuji a u\u010d\u00edm se nov\u00e9 v\u011bci. Moje rodina a j\u00e1 jsme v zim\u011b hostili dva studenty AFS, Argentince na t\u0159i m\u011bs\u00edce 2021, se kterou jsem z\u016fstal v kontaktu, a Paulina, n\u011bmeck\u00e1 studentka, kter\u00e1 byla sou\u010d\u00e1st\u00ed m\u00e9 rodiny po 10 m\u011bs\u00edc\u016f (2021\/22). Je pro m\u011b jako sestra a m\u011bli jsme to \u0161t\u011bst\u00ed, \u017ee jsme se vid\u011bli pravideln\u011b od t\u00e9 doby, co se vr\u00e1tila dom\u016f. Se svou rodinou jsem si velmi bl\u00edzk\u00e1 a mohu s rodi\u010di mluvit na jak\u00e9koli t\u00e9ma. \u010casto se bav\u00edm\">Se svou rodinou ji\u017e procestoval mnoho m\u00edst po cel\u00e9m sv\u011bt\u011b. Byl nap\u0159\u00edklad v New Yorku, v Lond\u00fdn\u011b nebo \u0158\u00edm\u011b. V\u0161ichni spole\u010dn\u011b podnikli velk\u00fd roadtrip po \u0160v\u00e9dsku a D\u00e1nsku.<\/p>\n<p dir=\"ltr\" data-placeholder=\"Translation\" data-ved=\"2ahUKEwjw0uKMuMeJAxUPRfEDHWlXLnsQ3ewLegQICRAU\" aria-label=\"Translated text: Pova\u017euji se za velmi otev\u0159en\u00e9ho a zv\u011bdav\u00e9ho \u010dlov\u011bka, kter\u00fd se v\u017edy sna\u017e\u00ed pom\u00e1hat druh\u00fdm. Moje rodina \u0159\u00edk\u00e1 \u017ee jsem nez\u00e1visl\u00fd, vesel\u00fd a m\u00e1m dobr\u00fd smysl pro humor, ale p\u0159edev\u0161\u00edm v\u011bd\u00ed, \u017ee mohou po\u010d\u00edtejte se mnou Je mi 16 let a bydl\u00edm v dom\u011b na venkov\u011b v \u00fadol\u00ed Rh\u00f4ny. O v\u00edkendech \u010dasto jet na kole a urazit kolem m\u00e9ho domova asi 30 a\u017e 40 kilometr\u016f. R\u00e1d objevuji nov\u00e9 cesty a m\u00edsta, kde si mohu chv\u00edli \u010d\u00edst, poslouchat hudbu a fotografovat. Tak\u00e9 cvi\u010d\u00edm vzp\u00edr\u00e1n\u00ed dvakr\u00e1t t\u00fddn\u011b. Kdy\u017e mi bylo 14, rozhodli jsme se s otcem postavit chatu o velikosti 15 m2 uprost\u0159ed mal\u00e9ho lesa. Jak vid\u00edte, r\u00e1da objevuji a u\u010d\u00edm se nov\u00e9 v\u011bci. Moje rodina a j\u00e1 jsme v zim\u011b hostili dva studenty AFS, Argentince na t\u0159i m\u011bs\u00edce 2021, se kterou jsem z\u016fstal v kontaktu, a Paulina, n\u011bmeck\u00e1 studentka, kter\u00e1 byla sou\u010d\u00e1st\u00ed m\u00e9 rodiny po 10 m\u011bs\u00edc\u016f (2021\/22). Je pro m\u011b jako sestra a m\u011bli jsme to \u0161t\u011bst\u00ed, \u017ee jsme se vid\u011bli pravideln\u011b od t\u00e9 doby, co se vr\u00e1tila dom\u016f. Se svou rodinou jsem si velmi bl\u00edzk\u00e1 a mohu s rodi\u010di mluvit na jak\u00e9koli t\u00e9ma. \u010casto se bav\u00edm\">Ethanova rodina v minulosti hostila AFS studenta z Argentiny a studentku z N\u011bmecka. Jeho bratr byl na v\u00fdm\u011bnn\u00e9m programu v D\u00e1nsku.<\/p>\n<p dir=\"ltr\" data-placeholder=\"Translation\" data-ved=\"2ahUKEwjw0uKMuMeJAxUPRfEDHWlXLnsQ3ewLegQICRAU\" aria-label=\"Translated text: Pova\u017euji se za velmi otev\u0159en\u00e9ho a zv\u011bdav\u00e9ho \u010dlov\u011bka, kter\u00fd se v\u017edy sna\u017e\u00ed pom\u00e1hat druh\u00fdm. Moje rodina \u0159\u00edk\u00e1 \u017ee jsem nez\u00e1visl\u00fd, vesel\u00fd a m\u00e1m dobr\u00fd smysl pro humor, ale p\u0159edev\u0161\u00edm v\u011bd\u00ed, \u017ee mohou po\u010d\u00edtejte se mnou Je mi 16 let a bydl\u00edm v dom\u011b na venkov\u011b v \u00fadol\u00ed Rh\u00f4ny. O v\u00edkendech \u010dasto jet na kole a urazit kolem m\u00e9ho domova asi 30 a\u017e 40 kilometr\u016f. R\u00e1d objevuji nov\u00e9 cesty a m\u00edsta, kde si mohu chv\u00edli \u010d\u00edst, poslouchat hudbu a fotografovat. Tak\u00e9 cvi\u010d\u00edm vzp\u00edr\u00e1n\u00ed dvakr\u00e1t t\u00fddn\u011b. Kdy\u017e mi bylo 14, rozhodli jsme se s otcem postavit chatu o velikosti 15 m2 uprost\u0159ed mal\u00e9ho lesa. Jak vid\u00edte, r\u00e1da objevuji a u\u010d\u00edm se nov\u00e9 v\u011bci. Moje rodina a j\u00e1 jsme v zim\u011b hostili dva studenty AFS, Argentince na t\u0159i m\u011bs\u00edce 2021, se kterou jsem z\u016fstal v kontaktu, a Paulina, n\u011bmeck\u00e1 studentka, kter\u00e1 byla sou\u010d\u00e1st\u00ed m\u00e9 rodiny po 10 m\u011bs\u00edc\u016f (2021\/22). Je pro m\u011b jako sestra a m\u011bli jsme to \u0161t\u011bst\u00ed, \u017ee jsme se vid\u011bli pravideln\u011b od t\u00e9 doby, co se vr\u00e1tila dom\u016f. Se svou rodinou jsem si velmi bl\u00edzk\u00e1 a mohu s rodi\u010di mluvit na jak\u00e9koli t\u00e9ma. \u010casto se bav\u00edm\"><a class=\"button\" href=\"https:\/\/www.afs.cz\/hostitelsky-program\/nezavazna-prihlaska-hostitelsky-program\/\" target=\"_blank\" rel=\"noopener\">Chci se st\u00e1t hostitelskou rodinou<\/a><\/p>\n<h3 data-name=\"title\"><figure class=\"wp-image-wrap\"><img loading=\"lazy\" decoding=\"async\" class=\"size-medium wp-image-15825 aligncenter\" src=\"https:\/\/d22dvihj4pfop3.cloudfront.net\/wp-content\/uploads\/sites\/84\/2022\/10\/09174736\/Martin-600x338.png\" alt=\"\" width=\"600\" height=\"338\" \/><\/figure><\/h3>\n<h3 data-name=\"title\">&#8220;Raphael je dobrosrde\u010dn\u00fd kli\u010fas, je zodpov\u011bdn\u00fd a spolehliv\u00fd,&#8221; \u0159\u00edk\u00e1 o studentovi jeho maminka.<\/h3>\n<h3 class=\"panel-wysiwyg__column-title h3\" data-name=\"title\" data-livetext=\"\">Rafael<\/h3>\n<div class=\"panel-wysiwyg__column-content\">\n<div class=\"context-content\" data-name=\"content\" data-livetext=\"\">\n<ul>\n<li><strong>Za\u010d\u00e1tek programu:<\/strong>\u00a0leden 2025<\/li>\n<li><strong>D\u00e9lka programu:<\/strong>\u00a05 m\u011bs\u00edc\u016f<\/li>\n<li><strong>V\u011bk:<\/strong>\u00a017 let<\/li>\n<li><strong>Z\u00e1jmy:<\/strong> hudba, fantasy knihy<\/li>\n<\/ul>\n<p>&#8220;Zprvu b\u00fdv\u00e1 stydliv\u00fd, ale <strong>jakmile \u010dlov\u011bka pozn\u00e1, r\u00e1d si pov\u00edd\u00e1 a debatuje o r\u016fzn\u00fdch t\u00e9matech.<\/strong> M\u00e1 n\u011bkolik dobr\u00fdch p\u0159\u00e1tel, se kter\u00fdmi tr\u00e1v\u00ed sv\u016fj voln\u00fd \u010das. Hraj\u00ed spolu deskov\u00e9 hry, d\u00edvaj\u00ed se na filmy nebo si jednodu\u0161e pov\u00eddaj\u00ed,&#8221; popisuje studenta jeho maminka. Raphael poch\u00e1z\u00ed z men\u0161\u00edho m\u011bsta na v\u00fdchod\u011b Francie, kde \u017eije se sv\u00fdmi rodi\u010di a dv\u011bma mlad\u0161\u00edmi sourozenci.<\/p>\n<p>&#8220;P\u0159\u00e1tel\u00e9 mi d\u016fv\u011b\u0159uj\u00ed, r\u00e1d jim pom\u00e1h\u00e1m, pokud pot\u0159ebuj\u00ed,&#8221; \u0159\u00edk\u00e1 o sob\u011b Raphael. Je <strong>zv\u00eddav\u00fd<\/strong> a r\u00e1d <strong>pozn\u00e1v\u00e1 nov\u00e1 m\u00edsta, aktivity a tak\u00e9 pokrmy.<\/strong> &#8220;Chci ochutnat co nejv\u00edce r\u016fzn\u00fdch j\u00eddel, proto\u017ee j\u00eddlo je d\u016fle\u017eitou sou\u010d\u00e1st\u00ed ka\u017ed\u00e9 kultury.&#8221;<\/p>\n<p>Raphael r\u00e1d \u010dte <strong>fantasy knihy<\/strong>. &#8220;Moje nejobl\u00edben\u011bj\u0161\u00ed fantasy kni\u017en\u00ed s\u00e9rie jsou Percy Jackson od Ricka Riordana a Keeper of the Lost Cities od Shannon Messenger.&#8221; R\u00e1d tak\u00e9 sleduje fantasy seri\u00e1ly a filmy. Poslech hudby je tak\u00e9 jeho obl\u00edbenou volno\u010dasovou aktivitou.<\/p>\n<p>Raphaelova rodina v minulosti hostila AFS studenty. Raphael si s nimi velmi rozum\u011bl a r\u00e1d vzpom\u00edn\u00e1 na v\u00fdlet se studentkou, kterou hostili v lo\u0148sk\u00e9m \u0161koln\u00edm roce. <strong>&#8220;V l\u00e9t\u011b jsme podnikli roadtrip s na\u0161\u00ed AFS studentkou a jej\u00ed rodinou. Nejd\u0159\u00edve jsem jeli na dva t\u00fddny do It\u00e1lie a pak je\u0161t\u011b do Finska. Moc jsem si to u\u017eil.&#8221;<\/strong><\/p>\n<p>&#8220;Na AFS programu v \u010cech\u00e1ch bych r\u00e1d sv\u00e9 hostitelsk\u00e9 rodin\u011b, spolu\u017e\u00e1k\u016fm a p\u0159\u00e1tel\u016fm p\u0159edstavil francouzskou kulturu, typick\u00e1 j\u00eddla a \u017eivotn\u00ed styl. T\u011b\u0161\u00edm se, \u017ee <strong>pozn\u00e1m, jak se \u017eije v \u010cech\u00e1ch,<\/strong> \u010desk\u00e9 zvyky a tradice,&#8221; \u0159\u00edk\u00e1 Raphael.<\/p>\n<p>&nbsp;<\/p>\n<\/div>\n<\/div>\n<p><a class=\"button\" href=\"https:\/\/www.afs.cz\/hostitelsky-program\/nezavazna-prihlaska-hostitelsky-program\/\" target=\"_blank\" rel=\"noopener\">Chci se st\u00e1t hostitelskou rodinou<\/a><\/p>\n<\/div>\n<\/div>\n<p>&nbsp;<\/p>\n<h3>Informace o hostitelsk\u00e9m programu AFS<\/h3>\n<p><strong>Kdo se m\u016f\u017ee st\u00e1t hostitelskou rodinou?<\/strong><\/p>\n<ul>\n<li>Rodina, kter\u00e1 je ochotn\u00e1 p\u0159ijmout nov\u00e9ho \u010dlena.<\/li>\n<li>Rodina, kter\u00e1 se um\u00ed nadchnout a p\u0159ij\u00edmat nov\u00e9 z\u00e1\u017eitky a zku\u0161enosti.<\/li>\n<li>V\u00edt\u00e1me rodiny, kter\u00e9 jsou otev\u0159en\u00e9, nebo se cht\u011bj\u00ed otev\u0159\u00edt, jin\u00fdm kultur\u00e1m.<\/li>\n<\/ul>\n<p><strong>Jak\u00e9 jsou p\u0159\u00ednosy ho\u0161t\u011bn\u00ed?<\/strong><\/p>\n<ul>\n<li>Z\u00edsk\u00e1te nov\u00e9ho \u010dlena rodiny a p\u0159\u00e1telstv\u00ed na cel\u00fd \u017eivot.<\/li>\n<li>Pozn\u00e1te novou kulturu a z\u00e1rove\u0148 l\u00e9pe i svou vlastn\u00ed.<\/li>\n<li>Porozum\u00edte odli\u0161nostem.<\/li>\n<\/ul>\n<h3>Odkazy<\/h3>\n<ul>\n<li style=\"list-style-type: none;\">\n<ul>\n<li><a href=\"https:\/\/www.afs.cz\/hostitelsky-program\/\">Hostitelsk\u00fd program<\/a><\/li>\n<li><a href=\"https:\/\/www.afs.cz\/hostitelsky-program\/nezavazna-prihlaska-hostitelsky-program\/\" target=\"_blank\" rel=\"noopener\">Nez\u00e1vazn\u00e1 p\u0159ihl\u00e1\u0161ka &#8211; hostitelsk\u00fd program<\/a><\/li>\n<li><a href=\"https:\/\/www.afs.cz\/hostitelsky-program\/poznejte-studenty-afs\/\" target=\"_blank\" rel=\"noopener\">Poznejte zahrani\u010dn\u00ed studenty<\/a><\/li>\n<li><a href=\"https:\/\/www.afs.cz\/studium-v-zahranici\/\" target=\"_blank\" rel=\"noopener\">Studium v zahrani\u010d\u00ed AFS<\/a><\/li>\n<\/ul>\n<\/li>\n<\/ul>\n<p>&nbsp;<\/p>\n","protected":false},"excerpt":{"rendered":"<p>Ethan je v \u010cesk\u00e9 republice na desetim\u011bs\u00ed\u010dn\u00edm programu, z Francie p\u0159ilet\u011bl v z\u00e1\u0159\u00ed 2024. Jeho tzv. welcome hostitelsk\u00e1 rodina ho&hellip;<\/p>\n","protected":false},"author":351,"featured_media":24466,"comment_status":"closed","ping_status":"closed","sticky":false,"template":"","format":"standard","meta":{"footnotes":""},"categories":[49,150],"tags":[],"class_list":["post-24456","post","type-post","status-publish","format-standard","has-post-thumbnail","hentry","category-hostitelsky-program","category-pribehy-hostitelskych-rodin"],"yoast_head":"<!-- This site is optimized with the Yoast SEO Premium plugin v26.6 (Yoast SEO v26.6) - https:\/\/yoast.com\/wordpress\/plugins\/seo\/ -->\n<title>&quot;T\u00e1ta je socha\u0159. Chod\u00edm s n\u00edm na v\u00fdstavy do galeri\u00ed, m\u00e1m d\u00edky n\u011bmu rozhled.&quot; - Mezikulturn\u00ed programy<\/title>\n<meta name=\"robots\" content=\"index, follow, max-snippet:-1, max-image-preview:large, max-video-preview:-1\" \/>\n<link rel=\"canonical\" href=\"https:\/\/www.afs.cz\/en\/2024\/11\/stante-se-host-rodinou-ethana-nebo-raphaela\/\" \/>\n<meta property=\"og:locale\" content=\"en_US\" \/>\n<meta property=\"og:type\" content=\"article\" \/>\n<meta property=\"og:title\" content=\"&quot;T\u00e1ta je socha\u0159. Chod\u00edm s n\u00edm na v\u00fdstavy do galeri\u00ed, m\u00e1m d\u00edky n\u011bmu rozhled.&quot;\" \/>\n<meta property=\"og:description\" content=\"Ethan je v \u010cesk\u00e9 republice na desetim\u011bs\u00ed\u010dn\u00edm programu, z Francie p\u0159ilet\u011bl v z\u00e1\u0159\u00ed 2024. Jeho tzv. welcome hostitelsk\u00e1 rodina ho&hellip;\" \/>\n<meta property=\"og:url\" content=\"https:\/\/www.afs.cz\/en\/2024\/11\/stante-se-host-rodinou-ethana-nebo-raphaela\/\" \/>\n<meta property=\"og:site_name\" content=\"Mezikulturn\u00ed programy\" \/>\n<meta property=\"article:published_time\" content=\"2024-11-06T10:18:27+00:00\" \/>\n<meta property=\"article:modified_time\" content=\"2024-11-28T10:00:17+00:00\" \/>\n<meta property=\"og:image\" content=\"https:\/\/d22dvihj4pfop3.cloudfront.net\/wp-content\/uploads\/sites\/84\/2024\/11\/06112336\/Host-Familiy-7-1200x630.jpg\" \/>\n\t<meta property=\"og:image:width\" content=\"1200\" \/>\n\t<meta property=\"og:image:height\" content=\"630\" \/>\n\t<meta property=\"og:image:type\" content=\"image\/jpeg\" \/>\n<meta name=\"author\" content=\"afscesko\" \/>\n<meta name=\"twitter:card\" content=\"summary_large_image\" \/>\n<meta name=\"twitter:label1\" content=\"Written by\" \/>\n\t<meta name=\"twitter:data1\" content=\"afscesko\" \/>\n\t<meta name=\"twitter:label2\" content=\"Est. reading time\" \/>\n\t<meta name=\"twitter:data2\" content=\"5 minutes\" \/>\n<script type=\"application\/ld+json\" class=\"yoast-schema-graph\">{\"@context\":\"https:\/\/schema.org\",\"@graph\":[{\"@type\":\"WebPage\",\"@id\":\"https:\/\/www.afs.cz\/en\/2024\/11\/stante-se-host-rodinou-ethana-nebo-raphaela\/\",\"url\":\"https:\/\/www.afs.cz\/en\/2024\/11\/stante-se-host-rodinou-ethana-nebo-raphaela\/\",\"name\":\"\\\"T\u00e1ta je socha\u0159. Chod\u00edm s n\u00edm na v\u00fdstavy do galeri\u00ed, m\u00e1m d\u00edky n\u011bmu rozhled.\\\" - Mezikulturn\u00ed programy\",\"isPartOf\":{\"@id\":\"https:\/\/www.afs.cz\/en\/#website\"},\"primaryImageOfPage\":{\"@id\":\"https:\/\/www.afs.cz\/en\/2024\/11\/stante-se-host-rodinou-ethana-nebo-raphaela\/#primaryimage\"},\"image\":{\"@id\":\"https:\/\/www.afs.cz\/en\/2024\/11\/stante-se-host-rodinou-ethana-nebo-raphaela\/#primaryimage\"},\"thumbnailUrl\":\"https:\/\/d22dvihj4pfop3.cloudfront.net\/wp-content\/uploads\/sites\/84\/2024\/11\/06112336\/Host-Familiy-7.jpg\",\"datePublished\":\"2024-11-06T10:18:27+00:00\",\"dateModified\":\"2024-11-28T10:00:17+00:00\",\"author\":{\"@id\":\"https:\/\/www.afs.cz\/en\/#\/schema\/person\/bc52da0be76098030e75baeb919827ff\"},\"breadcrumb\":{\"@id\":\"https:\/\/www.afs.cz\/en\/2024\/11\/stante-se-host-rodinou-ethana-nebo-raphaela\/#breadcrumb\"},\"inLanguage\":\"en-US\",\"potentialAction\":[{\"@type\":\"ReadAction\",\"target\":[\"https:\/\/www.afs.cz\/en\/2024\/11\/stante-se-host-rodinou-ethana-nebo-raphaela\/\"]}]},{\"@type\":\"ImageObject\",\"inLanguage\":\"en-US\",\"@id\":\"https:\/\/www.afs.cz\/en\/2024\/11\/stante-se-host-rodinou-ethana-nebo-raphaela\/#primaryimage\",\"url\":\"https:\/\/d22dvihj4pfop3.cloudfront.net\/wp-content\/uploads\/sites\/84\/2024\/11\/06112336\/Host-Familiy-7.jpg\",\"contentUrl\":\"https:\/\/d22dvihj4pfop3.cloudfront.net\/wp-content\/uploads\/sites\/84\/2024\/11\/06112336\/Host-Familiy-7.jpg\",\"width\":2048,\"height\":1365},{\"@type\":\"BreadcrumbList\",\"@id\":\"https:\/\/www.afs.cz\/en\/2024\/11\/stante-se-host-rodinou-ethana-nebo-raphaela\/#breadcrumb\",\"itemListElement\":[{\"@type\":\"ListItem\",\"position\":1,\"name\":\"Home\",\"item\":\"https:\/\/czechrepublic.afssite.afs.org\/en\/\"},{\"@type\":\"ListItem\",\"position\":2,\"name\":\"&#8222;T\u00e1ta je socha\u0159. Chod\u00edm s n\u00edm na v\u00fdstavy do galeri\u00ed, m\u00e1m d\u00edky n\u011bmu rozhled.&#8220;\"}]},{\"@type\":\"WebSite\",\"@id\":\"https:\/\/www.afs.cz\/en\/#website\",\"url\":\"https:\/\/www.afs.cz\/en\/\",\"name\":\"Mezikulturn\u00ed programy\",\"description\":\"Studium v zahrani\u010d\u00ed, hostitelsk\u00fd program, vzd\u011bl\u00e1vac\u00ed programy, dobrovolnictv\u00ed a mnoho dal\u0161\u00edho.\",\"potentialAction\":[{\"@type\":\"SearchAction\",\"target\":{\"@type\":\"EntryPoint\",\"urlTemplate\":\"https:\/\/www.afs.cz\/en\/?s={search_term_string}\"},\"query-input\":{\"@type\":\"PropertyValueSpecification\",\"valueRequired\":true,\"valueName\":\"search_term_string\"}}],\"inLanguage\":\"en-US\"},{\"@type\":\"Person\",\"@id\":\"https:\/\/www.afs.cz\/en\/#\/schema\/person\/bc52da0be76098030e75baeb919827ff\",\"name\":\"afscesko\",\"image\":{\"@type\":\"ImageObject\",\"inLanguage\":\"en-US\",\"@id\":\"https:\/\/www.afs.cz\/en\/#\/schema\/person\/image\/\",\"url\":\"https:\/\/secure.gravatar.com\/avatar\/eda270bfa745d003b9a210dc384a8c22e1a05bc41e5280645d3e2968a117c931?s=96&d=mm&r=g\",\"contentUrl\":\"https:\/\/secure.gravatar.com\/avatar\/eda270bfa745d003b9a210dc384a8c22e1a05bc41e5280645d3e2968a117c931?s=96&d=mm&r=g\",\"caption\":\"afscesko\"},\"url\":\"https:\/\/www.afs.cz\/en\/author\/afscesko\/\"}]}<\/script>\n<!-- \/ Yoast SEO Premium plugin. -->","yoast_head_json":{"title":"\"T\u00e1ta je socha\u0159. Chod\u00edm s n\u00edm na v\u00fdstavy do galeri\u00ed, m\u00e1m d\u00edky n\u011bmu rozhled.\" - Mezikulturn\u00ed programy","robots":{"index":"index","follow":"follow","max-snippet":"max-snippet:-1","max-image-preview":"max-image-preview:large","max-video-preview":"max-video-preview:-1"},"canonical":"https:\/\/www.afs.cz\/en\/2024\/11\/stante-se-host-rodinou-ethana-nebo-raphaela\/","og_locale":"en_US","og_type":"article","og_title":"\"T\u00e1ta je socha\u0159. Chod\u00edm s n\u00edm na v\u00fdstavy do galeri\u00ed, m\u00e1m d\u00edky n\u011bmu rozhled.\"","og_description":"Ethan je v \u010cesk\u00e9 republice na desetim\u011bs\u00ed\u010dn\u00edm programu, z Francie p\u0159ilet\u011bl v z\u00e1\u0159\u00ed 2024. Jeho tzv. welcome hostitelsk\u00e1 rodina ho&hellip;","og_url":"https:\/\/www.afs.cz\/en\/2024\/11\/stante-se-host-rodinou-ethana-nebo-raphaela\/","og_site_name":"Mezikulturn\u00ed programy","article_published_time":"2024-11-06T10:18:27+00:00","article_modified_time":"2024-11-28T10:00:17+00:00","og_image":[{"width":1200,"height":630,"url":"https:\/\/d22dvihj4pfop3.cloudfront.net\/wp-content\/uploads\/sites\/84\/2024\/11\/06112336\/Host-Familiy-7-1200x630.jpg","type":"image\/jpeg"}],"author":"afscesko","twitter_card":"summary_large_image","twitter_misc":{"Written by":"afscesko","Est. reading time":"5 minutes"},"schema":{"@context":"https:\/\/schema.org","@graph":[{"@type":"WebPage","@id":"https:\/\/www.afs.cz\/en\/2024\/11\/stante-se-host-rodinou-ethana-nebo-raphaela\/","url":"https:\/\/www.afs.cz\/en\/2024\/11\/stante-se-host-rodinou-ethana-nebo-raphaela\/","name":"\"T\u00e1ta je socha\u0159. Chod\u00edm s n\u00edm na v\u00fdstavy do galeri\u00ed, m\u00e1m d\u00edky n\u011bmu rozhled.\" - Mezikulturn\u00ed programy","isPartOf":{"@id":"https:\/\/www.afs.cz\/en\/#website"},"primaryImageOfPage":{"@id":"https:\/\/www.afs.cz\/en\/2024\/11\/stante-se-host-rodinou-ethana-nebo-raphaela\/#primaryimage"},"image":{"@id":"https:\/\/www.afs.cz\/en\/2024\/11\/stante-se-host-rodinou-ethana-nebo-raphaela\/#primaryimage"},"thumbnailUrl":"https:\/\/d22dvihj4pfop3.cloudfront.net\/wp-content\/uploads\/sites\/84\/2024\/11\/06112336\/Host-Familiy-7.jpg","datePublished":"2024-11-06T10:18:27+00:00","dateModified":"2024-11-28T10:00:17+00:00","author":{"@id":"https:\/\/www.afs.cz\/en\/#\/schema\/person\/bc52da0be76098030e75baeb919827ff"},"breadcrumb":{"@id":"https:\/\/www.afs.cz\/en\/2024\/11\/stante-se-host-rodinou-ethana-nebo-raphaela\/#breadcrumb"},"inLanguage":"en-US","potentialAction":[{"@type":"ReadAction","target":["https:\/\/www.afs.cz\/en\/2024\/11\/stante-se-host-rodinou-ethana-nebo-raphaela\/"]}]},{"@type":"ImageObject","inLanguage":"en-US","@id":"https:\/\/www.afs.cz\/en\/2024\/11\/stante-se-host-rodinou-ethana-nebo-raphaela\/#primaryimage","url":"https:\/\/d22dvihj4pfop3.cloudfront.net\/wp-content\/uploads\/sites\/84\/2024\/11\/06112336\/Host-Familiy-7.jpg","contentUrl":"https:\/\/d22dvihj4pfop3.cloudfront.net\/wp-content\/uploads\/sites\/84\/2024\/11\/06112336\/Host-Familiy-7.jpg","width":2048,"height":1365},{"@type":"BreadcrumbList","@id":"https:\/\/www.afs.cz\/en\/2024\/11\/stante-se-host-rodinou-ethana-nebo-raphaela\/#breadcrumb","itemListElement":[{"@type":"ListItem","position":1,"name":"Home","item":"https:\/\/czechrepublic.afssite.afs.org\/en\/"},{"@type":"ListItem","position":2,"name":"&#8222;T\u00e1ta je socha\u0159. Chod\u00edm s n\u00edm na v\u00fdstavy do galeri\u00ed, m\u00e1m d\u00edky n\u011bmu rozhled.&#8220;"}]},{"@type":"WebSite","@id":"https:\/\/www.afs.cz\/en\/#website","url":"https:\/\/www.afs.cz\/en\/","name":"Mezikulturn\u00ed programy","description":"Studium v zahrani\u010d\u00ed, hostitelsk\u00fd program, vzd\u011bl\u00e1vac\u00ed programy, dobrovolnictv\u00ed a mnoho dal\u0161\u00edho.","potentialAction":[{"@type":"SearchAction","target":{"@type":"EntryPoint","urlTemplate":"https:\/\/www.afs.cz\/en\/?s={search_term_string}"},"query-input":{"@type":"PropertyValueSpecification","valueRequired":true,"valueName":"search_term_string"}}],"inLanguage":"en-US"},{"@type":"Person","@id":"https:\/\/www.afs.cz\/en\/#\/schema\/person\/bc52da0be76098030e75baeb919827ff","name":"afscesko","image":{"@type":"ImageObject","inLanguage":"en-US","@id":"https:\/\/www.afs.cz\/en\/#\/schema\/person\/image\/","url":"https:\/\/secure.gravatar.com\/avatar\/eda270bfa745d003b9a210dc384a8c22e1a05bc41e5280645d3e2968a117c931?s=96&d=mm&r=g","contentUrl":"https:\/\/secure.gravatar.com\/avatar\/eda270bfa745d003b9a210dc384a8c22e1a05bc41e5280645d3e2968a117c931?s=96&d=mm&r=g","caption":"afscesko"},"url":"https:\/\/www.afs.cz\/en\/author\/afscesko\/"}]}},"_links":{"self":[{"href":"https:\/\/www.afs.cz\/en\/wp-json\/wp\/v2\/posts\/24456","targetHints":{"allow":["GET"]}}],"collection":[{"href":"https:\/\/www.afs.cz\/en\/wp-json\/wp\/v2\/posts"}],"about":[{"href":"https:\/\/www.afs.cz\/en\/wp-json\/wp\/v2\/types\/post"}],"author":[{"embeddable":true,"href":"https:\/\/www.afs.cz\/en\/wp-json\/wp\/v2\/users\/351"}],"replies":[{"embeddable":true,"href":"https:\/\/www.afs.cz\/en\/wp-json\/wp\/v2\/comments?post=24456"}],"version-history":[{"count":15,"href":"https:\/\/www.afs.cz\/en\/wp-json\/wp\/v2\/posts\/24456\/revisions"}],"predecessor-version":[{"id":24779,"href":"https:\/\/www.afs.cz\/en\/wp-json\/wp\/v2\/posts\/24456\/revisions\/24779"}],"wp:featuredmedia":[{"embeddable":true,"href":"https:\/\/www.afs.cz\/en\/wp-json\/wp\/v2\/media\/24466"}],"wp:attachment":[{"href":"https:\/\/www.afs.cz\/en\/wp-json\/wp\/v2\/media?parent=24456"}],"wp:term":[{"taxonomy":"category","embeddable":true,"href":"https:\/\/www.afs.cz\/en\/wp-json\/wp\/v2\/categories?post=24456"},{"taxonomy":"post_tag","embeddable":true,"href":"https:\/\/www.afs.cz\/en\/wp-json\/wp\/v2\/tags?post=24456"}],"curies":[{"name":"wp","href":"https:\/\/api.w.org\/{rel}","templated":true}]}}