{"id":24400,"date":"2024-11-11T12:51:44","date_gmt":"2024-11-11T11:51:44","guid":{"rendered":"https:\/\/czechrepublic.afssite.afs.org\/?p=24400"},"modified":"2024-12-11T11:48:25","modified_gmt":"2024-12-11T10:48:25","slug":"v-malajsii-jedi-jednou-denne","status":"publish","type":"post","link":"https:\/\/www.afs.cz\/en\/2024\/11\/v-malajsii-jedi-jednou-denne\/","title":{"rendered":"&#8220;V Malajsii nemaj\u00ed j\u00eddla rozd\u011blen\u00e1 na ob\u011bd a ve\u010de\u0159i. Jed\u00ed jen jednou denn\u011b &#8211; od r\u00e1na do ve\u010dera.&#8221;"},"content":{"rendered":"<p>Petr poch\u00e1z\u00ed z Mladoboleslavska a studuje za podpory stipendia na st\u0159edn\u00ed \u0161kole v Malajsii. \u017dije v hostitelsk\u00e9 rodin\u011b v provincii Selangor a nav\u0161t\u011bvuje m\u00edstn\u00ed st\u0159edn\u00ed \u0161kolu.<\/p>\n<p>Na studium v Malajsii ve \u0161koln\u00edm roce 2025\/2026 m\u016f\u017ee\u0161 tak\u00e9 z\u00edskat stipendium!\u00a0 <a href=\"https:\/\/www.afs.cz\/destination-unknown\/\">AFS stipendijn\u00ed programu Destination Unknow<\/a> nab\u00edz\u00ed \u010d\u00e1ste\u010dn\u00e9 stipendium ve v\u00fd\u0161i 75.000,- K\u010d na semestr\u00e1ln\u00ed program v Malajsii. V p\u0159\u00edpad\u011b z\u00e1jmu o toto stipendium <a href=\"https:\/\/www.afs.cz\/studium-v-zahranici\/stipendia\/mam-zajem-o-stipendium-afs\/\">vypl\u0148 P\u0158IHL\u00c1\u0160KU<\/a> ur\u010denou z\u00e1jemc\u016fm o stipendia. P\u0159ihl\u00e1\u0161ky do v\u00fdb\u011brov\u00e9ho \u0159\u00edzen\u00ed p\u0159ij\u00edm\u00e1me do<strong> 15. prosince 2024.<\/strong><\/p>\n<figure id=\"attachment_24401\" aria-describedby=\"caption-attachment-24401\" style=\"width: 600px\" class=\"wp-caption alignnone\"><img loading=\"lazy\" decoding=\"async\" class=\"size-medium wp-image-24401\" src=\"https:\/\/d22dvihj4pfop3.cloudfront.net\/wp-content\/uploads\/sites\/84\/2024\/10\/31215638\/Snimek-obrazovky-2024-10-31-214803-600x441.png\" alt=\"\" width=\"600\" height=\"441\" \/><figcaption id=\"caption-attachment-24401\" class=\"wp-caption-text\">J\u00e1 a moji hostitel\u0161t\u00ed sourozenci na v\u00fdlet\u011b<\/figcaption><\/figure>\n<p>&#8220;Malajsie je rozmanit\u00e1 zem\u011b pln\u00e1 neuv\u011b\u0159iteln\u00fdch lid\u00ed, zv\u00ed\u0159at a v\u011bc\u00ed. \u017dij\u00ed tu spolu, a to je podle m\u00e9ho n\u00e1zoru na cel\u00e9 zemi to nejlep\u0161\u00ed, t\u0159i r\u016fzn\u00e9 etnick\u00e9 skupiny. <strong>Ka\u017ed\u00e1 s jin\u00fdm<\/strong><br \/>\n<strong>n\u00e1bo\u017eenstv\u00edm, kulturou a p\u0159\u00edstupem k \u017eivotu.<\/strong> Spojuje je historie z dob koloni\u00e1ln\u00ed i postkoloni\u00e1ln\u00ed \u00e9ry a hrdost na to, \u017ee jsou z Malajsie.<\/p>\n<p>Ahoj, jmenuji se Petr a vydal jsem se na zat\u00edm nejv\u011bt\u0161\u00ed dobrodru\u017estv\u00edm sv\u00e9ho \u017eivota. Rozhodl jsem se na p\u016fl roku opustit v\u0161echno, co zn\u00e1m, a odjet na druh\u00fd konec sv\u011bta. Do jihov\u00fdchodn\u00ed Asie. Do Malajsie. Bydl\u00edm tu s indickou rodinou v z\u00e1padn\u00ed \u010d\u00e1sti zem\u011b, v men\u0161\u00edm m\u011bste\u010dku Klang ve st\u00e1t\u011b Selengor (Malajsie je toti\u017e federativn\u00ed st\u00e1t). <strong>Dovol mi, abych t\u011b vzal s sebou na epickou pou\u0165 po Malajsii a<\/strong>\u00a0uk\u00e1zal ti, jak se tu \u017eije a co je tu jin\u00e9 ne\u017e v na\u0161\u00ed domovin\u011b.<\/p>\n<figure id=\"attachment_24534\" aria-describedby=\"caption-attachment-24534\" style=\"width: 450px\" class=\"wp-caption alignnone\"><img loading=\"lazy\" decoding=\"async\" class=\"wp-image-24534 size-medium\" src=\"https:\/\/d22dvihj4pfop3.cloudfront.net\/wp-content\/uploads\/sites\/84\/2024\/11\/11112751\/IMG_20241029_113411_082-450x600.jpg\" alt=\"\" width=\"450\" height=\"600\" \/><figcaption id=\"caption-attachment-24534\" class=\"wp-caption-text\">S kamar\u00e1dy na fotbale<\/figcaption><\/figure>\n<h3>Kdo tu vlastn\u011b \u017eije?<\/h3>\n<p>Nejpo\u010detn\u011bj\u0161\u00ed skupinu tvo\u0159\u00ed Malajci (pozor, nepl\u00e9st si s Malajsijci to jsou v\u0161ichni obyvatel\u00e9 dohromady) vyzn\u00e1vaj\u00edc\u00ed isl\u00e1m. Druhou skupinou jsou \u010c\u00ed\u0148an\u00e9, p\u0159evezeni do oblasti Brity za \u00fa\u010delem tvrd\u00e9 pr\u00e1ce, nyn\u00ed ale tvo\u0159\u00ed nejbohat\u0161\u00ed vrstvu obyvatel. Vyzn\u00e1vaj\u00ed v\u011bt\u0161inou buddhismus, ale \u010dast\u00e1 jsou i jin\u00e1 tradi\u010dn\u00ed \u010d\u00ednsk\u00e1 n\u00e1bo\u017eenstv\u00ed.<\/p>\n<p>V neposledn\u00ed \u0159ad\u011b tu m\u00e1me Indy, jejich n\u00e1bo\u017eenstv\u00edm je hinduismus. Do oblasti byli tak\u00e9 p\u0159ivezeni, ale na rozd\u00edl od p\u0159edchoz\u00ed skupiny st\u00e1le z\u016fst\u00e1vaj\u00ed ve spodu soci\u00e1ln\u00edho \u017eeb\u0159\u00ed\u010dku. Jsou vn\u00edm\u00e1ni jako levn\u00e1 pracovn\u00ed s\u00edla a jejich ekonomick\u00e1 situace je obecn\u011b dost \u0161patn\u00e1.<\/p>\n<h3><strong>Jak za\u010d\u00edn\u00e1 m\u016fj typick\u00fd den v Malajsii?<\/strong><\/h3>\n<p>Prvn\u00ed v\u011bc\u00ed hned po probuzen\u00ed je sprcha, ani si snad nedovedu p\u0159edstavit za\u010d\u00edt den bez n\u00ed. Po noci, b\u011bhem kter\u00e9 teplota neklesne pod 25\u00b0C, v kombinaci se v\u0161udyp\u0159\u00edtomnou vzdu\u0161nou vlhkost\u00ed, se probud\u00ed\u0161 s pocitem, jako kdybys spadl do baz\u00e9nu. A m\u00e1\u0161 za\u010d\u00edt n\u011bjak fungovat, abys mohl j\u00edt do \u0161koly.<\/p>\n<p>Sn\u00eddan\u011b je prvn\u00ed j\u00eddlo dne, to v\u00edme, ale z kolika vlastn\u011b? <strong>V Malajsii nemaj\u00ed j\u00eddlo rozd\u011blen\u00e9 na sn\u00eddani ob\u011bd a ve\u010de\u0159i, tak jako my u n\u00e1s. Jed\u00ed jen jednou denn\u011b &#8211; od r\u00e1na do ve\u010dera<\/strong>. A to si fakt ned\u011bl\u00e1m srandu. Kdy\u017e jsem se sv\u00fdch spolu\u017e\u00e1k\u016f zeptal, jak se v jejich \u0159e\u010di (s jazyky je to mimochodem dost vtipn\u00fd, to budu vypr\u00e1v\u011bt pozd\u011bji) \u0159eknou j\u00eddla b\u011bhem dne, nebyli mi<br \/>\nschopni odpov\u011bd\u011bt. Odpov\u011b\u010f kterou jsem dostal od \u0159editele na\u0161\u00ed \u0161koly, na m\u011b p\u016fsobila, \u017ee to <strong>dok\u00e1\u017ee popsat, ale konkr\u00e9tn\u00ed slovo pro to nem\u00e1.<\/strong><\/p>\n<p>Co se stalo mou obl\u00edbenou &#8220;sn\u00eddan\u00ed,&#8221; jsou r\u016fzn\u00e9 druhy indick\u00fdch chleb\u016f. Jed\u00ed se s r\u016fzn\u00fdmi druhy kari, obvykle dost p\u00e1liv\u00fdmi, a pou\u017e\u00edvaj\u00ed se de facto jako l\u017ei\u010dka. V\u00fdhodou toho je, \u017ee<br \/>\nnemus\u00ed\u0161 m\u00fdt n\u00e1dob\u00ed, sta\u010d\u00ed si um\u00fdt ruce. Ty se toti\u017e pou\u017e\u00edvaj\u00ed k jezen\u00ed v\u0161eho indick\u00e9ho j\u00eddla.<\/p>\n<figure id=\"attachment_24542\" aria-describedby=\"caption-attachment-24542\" style=\"width: 600px\" class=\"wp-caption alignnone\"><img loading=\"lazy\" decoding=\"async\" class=\"size-medium wp-image-24542\" src=\"https:\/\/d22dvihj4pfop3.cloudfront.net\/wp-content\/uploads\/sites\/84\/2024\/11\/11122939\/IMG-20240826-WA0004-600x400.jpg\" alt=\"\" width=\"600\" height=\"400\" \/><figcaption id=\"caption-attachment-24542\" class=\"wp-caption-text\">Ve \u0161kole<\/figcaption><\/figure>\n<h3><strong>\u0160kola, aneb co t\u011b p\u0159ekvap\u00ed je\u0161t\u011b p\u0159ed vyu\u010dov\u00e1n\u00edm<\/strong><\/h3>\n<p>Pak se jde do \u0161koly. Ta za\u010d\u00edn\u00e1 v 7:20. <strong>V\u0161ichni se shrom\u00e1\u017ed\u00ed na dvo\u0159e, posad\u00ed se a netrp\u011bliv\u011b vyhl\u00ed\u017eej\u00ed, kte\u0159\u00ed u\u010ditel\u00e9 budou m\u00edt dnes projev.<\/strong> Toto \u00favodn\u00ed setk\u00e1n\u00ed trv\u00e1 deset minut. A proto\u017ee pro mluven\u00ed pou\u017e\u00edvaj\u00ed obvykle malaj\u0161tinu (stejn\u011b tak jako na vyu\u010dov\u00e1n\u00ed v\u0161ech p\u0159edm\u011bt\u016f) nem\u00e1m zat\u00edm moc p\u00e1ru, co n\u00e1m tam vlastn\u011b \u0159\u00edkaj\u00ed, tak\u017ee mi nezb\u00fdv\u00e1 ne\u017e doufat, \u017ee to nen\u00ed nic d\u016fle\u017eit\u00e9ho. Akor\u00e1t v pond\u011bl\u00ed to trv\u00e1 d\u00e9le, t\u0159i \u010dtvrt\u011b hodiny. To si zp\u00edv\u00e1me n\u00e1rodn\u00ed hymnu, hymnu Selengoru a i tu \u0161koln\u00ed. Cel\u00e9 toto rann\u00ed setk\u00e1n\u00ed na m\u011b p\u016fsob\u00ed jako poz\u016fstatek kolonialismu, ale na druhou stranu vlastn\u011b pro\u010d ne. Ob\u010das, kdy\u017e zrovna mluv\u00ed anglicky, \u0159\u00edkaj\u00ed i docela zaj\u00edmav\u00e9 v\u011bci.<\/p>\n<figure id=\"attachment_24540\" aria-describedby=\"caption-attachment-24540\" style=\"width: 600px\" class=\"wp-caption alignnone\"><img loading=\"lazy\" decoding=\"async\" class=\"size-medium wp-image-24540\" src=\"https:\/\/d22dvihj4pfop3.cloudfront.net\/wp-content\/uploads\/sites\/84\/2024\/11\/11122841\/2019-10-22-600x450.jpg\" alt=\"\" width=\"600\" height=\"450\" \/><figcaption id=\"caption-attachment-24540\" class=\"wp-caption-text\">Moje \u0161kola<\/figcaption><\/figure>\n<h3><strong>Vyu\u010dov\u00e1n\u00ed &#8211; pohoda, nebo arm\u00e1dn\u00ed discipl\u00edna? <\/strong><\/h3>\n<p>Obecn\u011b je pro m\u00edstn\u00ed <strong>\u0161kola v\u00fdrazn\u011b d\u016fle\u017eit\u011bj\u0161\u00ed ne\u017e u n\u00e1s.<\/strong> Minim\u00e1ln\u011b pro rodi\u010de a veden\u00ed \u0161koly. S bl\u00ed\u017e\u00edc\u00edm se term\u00ednem test\u016f se omezuj\u00ed ve\u0161ker\u00e9 mimo\u0161koln\u00ed aktivity. Krou\u017eky, sporty, kamar\u00e1di, telefon\u2026 P\u0159edm\u011bty jsou tu dost podobn\u00e9 t\u011bm v \u010cesku. <strong>Vyu\u010dovac\u00ed hodina trv\u00e1 35 minut, ale jeden p\u0159edm\u011bt m\u016f\u017ee spojit i 2 nebo 3 hodiny, aby se stihlo probrat slo\u017eit\u011bj\u0161\u00ed t\u00e9ma. <\/strong>A nem\u00e1me \u017d\u00c1DN\u00c9 p\u0159est\u00e1vky. Teda abych nelhal, skoro \u017e\u00e1dn\u00e9. Jen jednu jedinou. Pauza na sva\u010dinu: Trv\u00e1 20 minut a je v 10 hodin dopoledne.<\/p>\n<p>M\u016f\u017eete si samoz\u0159ejm\u011b p\u0159in\u00e9st sva\u010dinu z domova, a nebo si n\u011bco koupit ve \u0161koln\u00edm bufetu. Ten m\u00e1 dv\u011b \u010d\u00e1sti. V t\u00e9 prvn\u00ed jsou r\u016fzn\u00e9 su\u0161enky, sladkosti, chipsy a dal\u0161\u00ed podobn\u00e9 v\u011bci. V t\u00e9 druh\u00e9, mnohem zaj\u00edmav\u011bj\u0161\u00ed, se d\u00e1 sehnat spoustu zaj\u00edmav\u00fdch j\u00eddel. Sma\u017een\u00e1 r\u00fd\u017ee i nudle, n\u011bco co by se dalo p\u0159irovnat k \u010desk\u00e9mu \u0159\u00edzku, nebo t\u0159eba, a to je te\u010f moje nejobl\u00edben\u011bj\u0161\u00ed, <strong>samosa<\/strong>. To jsou ta\u0161ti\u010dky pln\u011bn\u00e9 skoro \u010d\u00edmkoliv, nej\u010dast\u011bji brambory, masem, zeleninou a spoustou ko\u0159en\u00ed. Poch\u00e1zej\u00ed z jihov\u00fdchodn\u00ed Asie, ale dostaly se a\u017e k b\u0159eh\u016fm Afriky, do Kapsk\u00e9ho m\u011bsta. Mimochodem Jihoafrick\u00e1 republika a Malajsie jsou si podobn\u011bj\u0161\u00ed, ne\u017e by se z pohledu na mapu mohlo zd\u00e1t.<\/p>\n<p>Absence p\u0159est\u00e1vek je kompenzov\u00e1na relativn\u011b <strong>velkou d\u00e1vkou volnost\u00ed b\u011bhem hodin.<\/strong> B\u011b\u017en\u011b se tam n\u011bkdo uprost\u0159ed hodiny zvedne, vezme svou \u017eidli a jde si pov\u00eddat se sv\u00fdm kamar\u00e1dem na druhou stranu t\u0159\u00eddy. A co si budeme nalh\u00e1vat, v\u011bt\u0161inou se to l\u00e1tky net\u00fdk\u00e1. Nebo se domluv\u00ed s u\u010ditelem a ten jim d\u00e1 p\u00e1r minut volno. <strong>Hodn\u011b to v\u0161echno stoj\u00ed na komunikaci mezi \u017e\u00e1ky a u\u010ditelem.<\/strong> To je n\u011bco co bych si r\u00e1d p\u0159ivezl dom\u016f.<\/p>\n<h3><strong>Hai, Vanakkam nebo Ni hau? <\/strong><\/h3>\n<p>Stejn\u011b jako jsou tu na jednom m\u00edst\u011b r\u016fzn\u00e9 kultury jsou tu I r\u016fzn\u00e9 jazyky. Hlavn\u011b malaj\u0161tina, \u010d\u00edn\u0161tina a tamil\u0161tina, jeden z jihoindick\u00fdch jazyk\u016f. V men\u0161\u00ed m\u00ed\u0159e i angli\u010dtina (ale ne\u010dekej, \u017ee by ti tu snad sta\u010dila, dost z\u00e1le\u017e\u00ed na koho naraz\u00ed\u0161, n\u011bkdo um\u00ed, n\u011bkdo ne). A\u0165 u\u017e jsi kdekoliv, sly\u0161\u00ed\u0161 v\u0161echny t\u0159i. Jen tak v poklidu si sed\u00ed\u0161 ve t\u0159\u00edd\u011b. Sna\u017e\u00ed\u0161 se pochopit co se kolem tebe d\u011bje. Tv\u00ed spolu\u017e\u00e1ci si pov\u00eddaj\u00ed v r\u016fzn\u00fdch jazyc\u00edch. Ty po\u0159\u00e1dn\u011b nerozum\u00ed\u0161 ani jednomu z nich. <strong>Ale stejn\u011b si to u\u017e\u00edv\u00e1\u0161, proto\u017ee v\u00ed\u0161, \u017ee jednou se je v\u0161echny nau\u010d\u00ed\u0161 a pak u\u017e t\u011b nic a nikdo <\/strong><strong>nezastav\u00ed.<\/strong><\/p>\n<figure id=\"attachment_24544\" aria-describedby=\"caption-attachment-24544\" style=\"width: 600px\" class=\"wp-caption alignnone\"><img loading=\"lazy\" decoding=\"async\" class=\"size-medium wp-image-24544\" src=\"https:\/\/d22dvihj4pfop3.cloudfront.net\/wp-content\/uploads\/sites\/84\/2024\/11\/11123116\/IMG-20241002-WA0000-600x338.jpg\" alt=\"\" width=\"600\" height=\"338\" \/><figcaption id=\"caption-attachment-24544\" class=\"wp-caption-text\">Banana Leaf &#8211; typick\u00e9 indick\u00e9 j\u00eddlo<\/figcaption><\/figure>\n<h3><strong>Ob\u011bd, aneb nebylo toho j\u00eddla dnes u\u017e dost? <\/strong><\/h3>\n<p>Ne, to nebylo. Tady se opravdu j\u00ed od r\u00e1na do ve\u010dera. A s novou denn\u00ed dobou mus\u00ed p\u0159ij\u00edt i nov\u00e1 porce j\u00eddla, to p\u0159ece d\u00e1v\u00e1 smysl ne? K ob\u011bdu si m\u016f\u017ee\u0161 d\u00e1t nespo\u010det r\u016fzn\u00fdch j\u00eddel. <strong>Indick\u00e9<\/strong> &#8211;\u00a0 velk\u00e1 kopice r\u00fd\u017ee, p\u00e1liv\u00e1 kari om\u00e1\u010dka, n\u011bjak\u00e1 ta zelenina a t\u0159eba va\u0159en\u00e9 vejce. <strong>\u010c\u00ednsk\u00e9<\/strong> &#8211; r\u00fd\u017ee \u010di nudle, r\u016fzn\u011b upraven\u00e1 zelenina, ku\u0159ec\u00ed maso a ob\u010das mo\u0159sk\u00e9 plody. Nebo typick\u00e9 <strong>malajsk\u00e9<\/strong>, skoro a\u017e <strong>n\u00e1rodn\u00ed j\u00eddlo Nasi lemak<\/strong>, r\u00fd\u017ee va\u0159en\u00e1 v kokosov\u00e9m ml\u00e9ce, pra\u017een\u00e9 o\u0159echy, okurka, su\u0161en\u00e9 rybky a nem\u00e9n\u011b p\u00e1liv\u00e1 om\u00e1\u010dka.<\/p>\n<h3><strong>Voln\u00fd \u010das a rodina<\/strong><\/h3>\n<p>Tr\u00e1vit voln\u00fd \u010das po \u0161kole s kamar\u00e1dy je super, ne v\u017edy to ale jde. Jak jsem ji\u017e \u0159\u00edkal, testy se bl\u00ed\u017e\u00ed a rodi\u010de necht\u011bj\u00ed vid\u011bt svoje d\u011bti, jak se jen poflakuj\u00ed s kamar\u00e1dy, m\u00edsto aby studovali. Co<br \/>\nse t\u00fd\u010de povahy, z\u00e1le\u017e\u00ed s k\u00fdm se skamar\u00e1d\u00ed\u0161. <strong>T\u0159i odli\u0161n\u00e9 skupiny obyvatel &#8211; t\u0159i r\u016fzn\u00e9 zp\u016fsoby navazov\u00e1n\u00ed vztah\u016f<\/strong>. Mnoho cest, kter\u00fdmi se m\u016f\u017ee\u0161 vydat &#8211; v\u017edy se n\u011bkdo najde. Nemus\u00ed\u0161 se b\u00e1t, \u017ee by jsi si nem\u011bl s k\u00fdm pov\u00eddat. P\u0159\u00e1tele tu najde\u0161 v\u017edy.<\/p>\n<h3><strong>J\u00e1 a moji sourozenci<\/strong><\/h3>\n<p>A kdy\u017e n\u00e1hodou nikdo z kamar\u00e1d\u016f nem\u00e1 \u010das, t\u0159eba kv\u016fli extra hodin\u00e1m v\u00fduky nav\u00edc (pom\u011brn\u011b b\u011b\u017en\u00fd zp\u016fsob, jak tr\u00e1v\u00ed voln\u00fd \u010das, i kdy\u017e ne v\u017edy dobrovoln\u011b), je tady hostitelsk\u00e1<br \/>\nrodina. Kdy\u017e nejde v\u0161e podle tv\u00fdch p\u0159edstav a neda\u0159\u00ed se ti, podr\u017e\u00ed t\u011b. <strong>Jakmile si s n\u011b\u010d\u00edm nev\u00edm rady, obr\u00e1t\u00edm se na n\u011b.<\/strong> Nikdy tu na nic nejsem s\u00e1m.<\/p>\n<p>Vzhledem k tomu, \u017ee jsou v\u0161ichni moji sourozenci star\u0161\u00ed ne\u017e j\u00e1, maj\u00ed u\u017e ka\u017ed\u00fd sv\u016fj \u017eivot. \u017dijeme sice v\u0161ichni spole\u010dn\u011b v jednom dom\u011b, ale ka\u017ed\u00fd si pl\u00e1nuje sv\u016fj den s\u00e1m. A tak se<br \/>\np\u0159istupuje i ke mn\u011b. Velk\u00e1 samostatnost, to je n\u011bco, co se mi bude v \u017eivot\u011b hodit. A tob\u011b taky, m\u016fj mil\u00fd \u010dten\u00e1\u0159i. Dobr\u00e1 zpr\u00e1va je, \u017ee i ty ji m\u016f\u017ee\u0161 z\u00edskat, vyd\u00e1\u0161-li se s AFS do<br \/>\nzahrani\u010d\u00ed na cestu plnou dobrodru\u017estv\u00ed, pozn\u00e1n\u00ed a n\u011bkdy i dost \u0161\u00edlen\u00fdch p\u0159ekvapen\u00ed.<\/p>\n<figure id=\"attachment_24548\" aria-describedby=\"caption-attachment-24548\" style=\"width: 600px\" class=\"wp-caption alignnone\"><img loading=\"lazy\" decoding=\"async\" class=\"size-medium wp-image-24548\" src=\"https:\/\/d22dvihj4pfop3.cloudfront.net\/wp-content\/uploads\/sites\/84\/2024\/11\/11123810\/20241031_170541-600x588.jpg\" alt=\"\" width=\"600\" height=\"588\" \/><figcaption id=\"caption-attachment-24548\" class=\"wp-caption-text\">Rangoli, indick\u00e9 um\u011bn\u00ed na podlaze<\/figcaption><\/figure>\n<h3><strong>Z\u00e1pad slunce v m\u00edstn\u00edm parku<\/strong><\/h3>\n<p>Za\u010d\u00edn\u00e1 n\u00e1m kon\u010dit den. Norm\u00e1ln\u00ed \u010dlov\u011bk by mo\u017en\u00e1 \u0159ekl &#8220;kon\u010d\u00ed n\u00e1m den.&#8221; Nen\u00ed d\u016fle\u017eit\u00e9, co p\u0159esn\u011b z\u00e1padem slunce kon\u010d\u00ed, ale \u017ee se bl\u00ed\u017e\u00ed nov\u00fd den. Bude m\u016fj z\u00edt\u0159ek<br \/>\nstejn\u00fd jako dne\u0161ek? To z\u00e1le\u017e\u00ed jen na mn\u011b a to stejn\u00e9 plat\u00ed i pro tebe. Pokud bys cht\u011bl za\u017e\u00edt n\u011bco unik\u00e1tn\u00edho, n\u011bco, co <strong>t\u011b posune doslova na \u00fapln\u011b nov\u00fd level<\/strong> (v\u00edm, zn\u00ed to jako kli\u0161\u00e9, ale v\u011b\u0159 mi), ud\u011blej pro to n\u011bco! Jak \u0159ekl jeden moudr\u00fd mu\u017e: &#8220;Zm\u011b\u0148 to, co d\u011bl\u00e1\u0161 dnes, a zm\u011bn\u00ed\u0161 z\u00edt\u0159ek. Zm\u011b\u0148 to, co bude\u0161 d\u011blat z\u00edtra, a zm\u011bn\u00ed\u0161 cel\u00fd sv\u016fj \u017eivot.&#8221; Ta zm\u011bna je jednodu\u0161\u0161\u00ed, ne\u017e si mo\u017en\u00e1 mysl\u00ed\u0161. Sta\u010d\u00ed se p\u0159ihl\u00e1sit do programu AFS, zabalit kufr a oni u\u017e se o zbytek postaraj\u00ed.<\/p>\n<p>Hodn\u011b \u0161t\u011bst\u00ed s p\u0159emlouv\u00e1n\u00edm rodi\u010d\u016f ti z Malajsie p\u0159eje Petr.&#8221;<\/p>\n<p><em>Petr, semestr\u00e1ln\u00ed program v Malajsii, stipendium Nada\u010dn\u00ed fond \u0160koda Auto.<\/em><\/p>\n<h3>Odkazy<\/h3>\n<ul>\n<li><a href=\"https:\/\/www.afs.cz\/programs\/rok-na-stredni-skole-v-malajsii\/\">Rok na st\u0159edn\u00ed \u0161kole v Malajsii<\/a><\/li>\n<li><a href=\"https:\/\/www.afs.cz\/destination-unknown\/\">AFS stipendium Destination Unknown<\/a>\u00a0tak\u00e9 na program v Malajsii &#8211; p\u0159ihlas se <strong>do 15. prosince!<\/strong><\/li>\n<li><a href=\"https:\/\/www.afs.cz\/studium-v-zahranici\/prihlasovaci-formular-studijni-program-afs\/\">Nez\u00e1vazn\u00e1 p\u0159ihl\u00e1\u0161ka &#8211; studium v zahrani\u010d\u00ed s AFS\u00a0<\/a><\/li>\n<li><a href=\"https:\/\/www.afs.cz\/studium-v-zahranici\/\">Nab\u00eddka AFS program\u016f v zahrani\u010d\u00ed<\/a><\/li>\n<li><a href=\"https:\/\/www.afs.cz\/stipendium-nfsa\/\">Stipendium Nada\u010dn\u00ed fond \u0160koda Auto<\/a> &#8211; p\u0159\u00edjem p\u0159ihl\u00e1\u0161ek ji\u017e ukon\u010den. Dal\u0161\u00ed kolo bude vyps\u00e1no v z\u00e1\u0159\u00ed 2025.<\/li>\n<\/ul>\n","protected":false},"excerpt":{"rendered":"<p>Petr poch\u00e1z\u00ed z Mladoboleslavska a studuje za podpory stipendia na st\u0159edn\u00ed \u0161kole v Malajsii. \u017dije v hostitelsk\u00e9 rodin\u011b v provincii&hellip;<\/p>\n","protected":false},"author":351,"featured_media":24401,"comment_status":"closed","ping_status":"closed","sticky":false,"template":"","format":"standard","meta":{"footnotes":""},"categories":[50],"tags":[],"class_list":["post-24400","post","type-post","status-publish","format-standard","has-post-thumbnail","hentry","category-studium-v-zahranici"],"yoast_head":"<!-- This site is optimized with the Yoast SEO Premium plugin v26.6 (Yoast SEO v26.6) - https:\/\/yoast.com\/wordpress\/plugins\/seo\/ -->\n<title>&quot;V Malajsii nemaj\u00ed j\u00eddla rozd\u011blen\u00e1 na ob\u011bd a ve\u010de\u0159i. Jed\u00ed jen jednou denn\u011b - od r\u00e1na do ve\u010dera.&quot; - Mezikulturn\u00ed programy<\/title>\n<meta name=\"robots\" content=\"index, follow, max-snippet:-1, max-image-preview:large, max-video-preview:-1\" \/>\n<link rel=\"canonical\" href=\"https:\/\/www.afs.cz\/en\/2024\/11\/v-malajsii-jedi-jednou-denne\/\" \/>\n<meta property=\"og:locale\" content=\"en_US\" \/>\n<meta property=\"og:type\" content=\"article\" \/>\n<meta property=\"og:title\" content=\"&quot;V Malajsii nemaj\u00ed j\u00eddla rozd\u011blen\u00e1 na ob\u011bd a ve\u010de\u0159i. Jed\u00ed jen jednou denn\u011b - od r\u00e1na do ve\u010dera.&quot;\" \/>\n<meta property=\"og:description\" content=\"Petr poch\u00e1z\u00ed z Mladoboleslavska a studuje za podpory stipendia na st\u0159edn\u00ed \u0161kole v Malajsii. \u017dije v hostitelsk\u00e9 rodin\u011b v provincii&hellip;\" \/>\n<meta property=\"og:url\" content=\"https:\/\/www.afs.cz\/en\/2024\/11\/v-malajsii-jedi-jednou-denne\/\" \/>\n<meta property=\"og:site_name\" content=\"Mezikulturn\u00ed programy\" \/>\n<meta property=\"article:published_time\" content=\"2024-11-11T11:51:44+00:00\" \/>\n<meta property=\"article:modified_time\" content=\"2024-12-11T10:48:25+00:00\" \/>\n<meta property=\"og:image\" content=\"https:\/\/d22dvihj4pfop3.cloudfront.net\/wp-content\/uploads\/sites\/84\/2024\/10\/31215638\/Snimek-obrazovky-2024-10-31-214803.png\" \/>\n\t<meta property=\"og:image:width\" content=\"671\" \/>\n\t<meta property=\"og:image:height\" content=\"493\" \/>\n\t<meta property=\"og:image:type\" content=\"image\/png\" \/>\n<meta name=\"author\" content=\"afscesko\" \/>\n<meta name=\"twitter:card\" content=\"summary_large_image\" \/>\n<meta name=\"twitter:label1\" content=\"Written by\" \/>\n\t<meta name=\"twitter:data1\" content=\"afscesko\" \/>\n\t<meta name=\"twitter:label2\" content=\"Est. reading time\" \/>\n\t<meta name=\"twitter:data2\" content=\"10 minutes\" \/>\n<script type=\"application\/ld+json\" class=\"yoast-schema-graph\">{\"@context\":\"https:\/\/schema.org\",\"@graph\":[{\"@type\":\"WebPage\",\"@id\":\"https:\/\/www.afs.cz\/en\/2024\/11\/v-malajsii-jedi-jednou-denne\/\",\"url\":\"https:\/\/www.afs.cz\/en\/2024\/11\/v-malajsii-jedi-jednou-denne\/\",\"name\":\"\\\"V Malajsii nemaj\u00ed j\u00eddla rozd\u011blen\u00e1 na ob\u011bd a ve\u010de\u0159i. Jed\u00ed jen jednou denn\u011b - od r\u00e1na do ve\u010dera.\\\" - Mezikulturn\u00ed programy\",\"isPartOf\":{\"@id\":\"https:\/\/www.afs.cz\/en\/#website\"},\"primaryImageOfPage\":{\"@id\":\"https:\/\/www.afs.cz\/en\/2024\/11\/v-malajsii-jedi-jednou-denne\/#primaryimage\"},\"image\":{\"@id\":\"https:\/\/www.afs.cz\/en\/2024\/11\/v-malajsii-jedi-jednou-denne\/#primaryimage\"},\"thumbnailUrl\":\"https:\/\/d22dvihj4pfop3.cloudfront.net\/wp-content\/uploads\/sites\/84\/2024\/10\/31215638\/Snimek-obrazovky-2024-10-31-214803.png\",\"datePublished\":\"2024-11-11T11:51:44+00:00\",\"dateModified\":\"2024-12-11T10:48:25+00:00\",\"author\":{\"@id\":\"https:\/\/www.afs.cz\/en\/#\/schema\/person\/bc52da0be76098030e75baeb919827ff\"},\"breadcrumb\":{\"@id\":\"https:\/\/www.afs.cz\/en\/2024\/11\/v-malajsii-jedi-jednou-denne\/#breadcrumb\"},\"inLanguage\":\"en-US\",\"potentialAction\":[{\"@type\":\"ReadAction\",\"target\":[\"https:\/\/www.afs.cz\/en\/2024\/11\/v-malajsii-jedi-jednou-denne\/\"]}]},{\"@type\":\"ImageObject\",\"inLanguage\":\"en-US\",\"@id\":\"https:\/\/www.afs.cz\/en\/2024\/11\/v-malajsii-jedi-jednou-denne\/#primaryimage\",\"url\":\"https:\/\/d22dvihj4pfop3.cloudfront.net\/wp-content\/uploads\/sites\/84\/2024\/10\/31215638\/Snimek-obrazovky-2024-10-31-214803.png\",\"contentUrl\":\"https:\/\/d22dvihj4pfop3.cloudfront.net\/wp-content\/uploads\/sites\/84\/2024\/10\/31215638\/Snimek-obrazovky-2024-10-31-214803.png\",\"width\":671,\"height\":493,\"caption\":\"J\u00e1 a moji hostitel\u0161t\u00ed sourozenci\"},{\"@type\":\"BreadcrumbList\",\"@id\":\"https:\/\/www.afs.cz\/en\/2024\/11\/v-malajsii-jedi-jednou-denne\/#breadcrumb\",\"itemListElement\":[{\"@type\":\"ListItem\",\"position\":1,\"name\":\"Home\",\"item\":\"https:\/\/czechrepublic.afssite.afs.org\/en\/\"},{\"@type\":\"ListItem\",\"position\":2,\"name\":\"&#8222;V Malajsii nemaj\u00ed j\u00eddla rozd\u011blen\u00e1 na ob\u011bd a ve\u010de\u0159i. Jed\u00ed jen jednou denn\u011b &#8211; od r\u00e1na do ve\u010dera.&#8220;\"}]},{\"@type\":\"WebSite\",\"@id\":\"https:\/\/www.afs.cz\/en\/#website\",\"url\":\"https:\/\/www.afs.cz\/en\/\",\"name\":\"Mezikulturn\u00ed programy\",\"description\":\"Studium v zahrani\u010d\u00ed, hostitelsk\u00fd program, vzd\u011bl\u00e1vac\u00ed programy, dobrovolnictv\u00ed a mnoho dal\u0161\u00edho.\",\"potentialAction\":[{\"@type\":\"SearchAction\",\"target\":{\"@type\":\"EntryPoint\",\"urlTemplate\":\"https:\/\/www.afs.cz\/en\/?s={search_term_string}\"},\"query-input\":{\"@type\":\"PropertyValueSpecification\",\"valueRequired\":true,\"valueName\":\"search_term_string\"}}],\"inLanguage\":\"en-US\"},{\"@type\":\"Person\",\"@id\":\"https:\/\/www.afs.cz\/en\/#\/schema\/person\/bc52da0be76098030e75baeb919827ff\",\"name\":\"afscesko\",\"image\":{\"@type\":\"ImageObject\",\"inLanguage\":\"en-US\",\"@id\":\"https:\/\/www.afs.cz\/en\/#\/schema\/person\/image\/\",\"url\":\"https:\/\/secure.gravatar.com\/avatar\/eda270bfa745d003b9a210dc384a8c22e1a05bc41e5280645d3e2968a117c931?s=96&d=mm&r=g\",\"contentUrl\":\"https:\/\/secure.gravatar.com\/avatar\/eda270bfa745d003b9a210dc384a8c22e1a05bc41e5280645d3e2968a117c931?s=96&d=mm&r=g\",\"caption\":\"afscesko\"},\"url\":\"https:\/\/www.afs.cz\/en\/author\/afscesko\/\"}]}<\/script>\n<!-- \/ Yoast SEO Premium plugin. -->","yoast_head_json":{"title":"\"V Malajsii nemaj\u00ed j\u00eddla rozd\u011blen\u00e1 na ob\u011bd a ve\u010de\u0159i. Jed\u00ed jen jednou denn\u011b - od r\u00e1na do ve\u010dera.\" - Mezikulturn\u00ed programy","robots":{"index":"index","follow":"follow","max-snippet":"max-snippet:-1","max-image-preview":"max-image-preview:large","max-video-preview":"max-video-preview:-1"},"canonical":"https:\/\/www.afs.cz\/en\/2024\/11\/v-malajsii-jedi-jednou-denne\/","og_locale":"en_US","og_type":"article","og_title":"\"V Malajsii nemaj\u00ed j\u00eddla rozd\u011blen\u00e1 na ob\u011bd a ve\u010de\u0159i. Jed\u00ed jen jednou denn\u011b - od r\u00e1na do ve\u010dera.\"","og_description":"Petr poch\u00e1z\u00ed z Mladoboleslavska a studuje za podpory stipendia na st\u0159edn\u00ed \u0161kole v Malajsii. \u017dije v hostitelsk\u00e9 rodin\u011b v provincii&hellip;","og_url":"https:\/\/www.afs.cz\/en\/2024\/11\/v-malajsii-jedi-jednou-denne\/","og_site_name":"Mezikulturn\u00ed programy","article_published_time":"2024-11-11T11:51:44+00:00","article_modified_time":"2024-12-11T10:48:25+00:00","og_image":[{"url":"https:\/\/d22dvihj4pfop3.cloudfront.net\/wp-content\/uploads\/sites\/84\/2024\/10\/31215638\/Snimek-obrazovky-2024-10-31-214803.png","width":671,"height":493,"type":"image\/png"}],"author":"afscesko","twitter_card":"summary_large_image","twitter_misc":{"Written by":"afscesko","Est. reading time":"10 minutes"},"schema":{"@context":"https:\/\/schema.org","@graph":[{"@type":"WebPage","@id":"https:\/\/www.afs.cz\/en\/2024\/11\/v-malajsii-jedi-jednou-denne\/","url":"https:\/\/www.afs.cz\/en\/2024\/11\/v-malajsii-jedi-jednou-denne\/","name":"\"V Malajsii nemaj\u00ed j\u00eddla rozd\u011blen\u00e1 na ob\u011bd a ve\u010de\u0159i. Jed\u00ed jen jednou denn\u011b - od r\u00e1na do ve\u010dera.\" - Mezikulturn\u00ed programy","isPartOf":{"@id":"https:\/\/www.afs.cz\/en\/#website"},"primaryImageOfPage":{"@id":"https:\/\/www.afs.cz\/en\/2024\/11\/v-malajsii-jedi-jednou-denne\/#primaryimage"},"image":{"@id":"https:\/\/www.afs.cz\/en\/2024\/11\/v-malajsii-jedi-jednou-denne\/#primaryimage"},"thumbnailUrl":"https:\/\/d22dvihj4pfop3.cloudfront.net\/wp-content\/uploads\/sites\/84\/2024\/10\/31215638\/Snimek-obrazovky-2024-10-31-214803.png","datePublished":"2024-11-11T11:51:44+00:00","dateModified":"2024-12-11T10:48:25+00:00","author":{"@id":"https:\/\/www.afs.cz\/en\/#\/schema\/person\/bc52da0be76098030e75baeb919827ff"},"breadcrumb":{"@id":"https:\/\/www.afs.cz\/en\/2024\/11\/v-malajsii-jedi-jednou-denne\/#breadcrumb"},"inLanguage":"en-US","potentialAction":[{"@type":"ReadAction","target":["https:\/\/www.afs.cz\/en\/2024\/11\/v-malajsii-jedi-jednou-denne\/"]}]},{"@type":"ImageObject","inLanguage":"en-US","@id":"https:\/\/www.afs.cz\/en\/2024\/11\/v-malajsii-jedi-jednou-denne\/#primaryimage","url":"https:\/\/d22dvihj4pfop3.cloudfront.net\/wp-content\/uploads\/sites\/84\/2024\/10\/31215638\/Snimek-obrazovky-2024-10-31-214803.png","contentUrl":"https:\/\/d22dvihj4pfop3.cloudfront.net\/wp-content\/uploads\/sites\/84\/2024\/10\/31215638\/Snimek-obrazovky-2024-10-31-214803.png","width":671,"height":493,"caption":"J\u00e1 a moji hostitel\u0161t\u00ed sourozenci"},{"@type":"BreadcrumbList","@id":"https:\/\/www.afs.cz\/en\/2024\/11\/v-malajsii-jedi-jednou-denne\/#breadcrumb","itemListElement":[{"@type":"ListItem","position":1,"name":"Home","item":"https:\/\/czechrepublic.afssite.afs.org\/en\/"},{"@type":"ListItem","position":2,"name":"&#8222;V Malajsii nemaj\u00ed j\u00eddla rozd\u011blen\u00e1 na ob\u011bd a ve\u010de\u0159i. Jed\u00ed jen jednou denn\u011b &#8211; od r\u00e1na do ve\u010dera.&#8220;"}]},{"@type":"WebSite","@id":"https:\/\/www.afs.cz\/en\/#website","url":"https:\/\/www.afs.cz\/en\/","name":"Mezikulturn\u00ed programy","description":"Studium v zahrani\u010d\u00ed, hostitelsk\u00fd program, vzd\u011bl\u00e1vac\u00ed programy, dobrovolnictv\u00ed a mnoho dal\u0161\u00edho.","potentialAction":[{"@type":"SearchAction","target":{"@type":"EntryPoint","urlTemplate":"https:\/\/www.afs.cz\/en\/?s={search_term_string}"},"query-input":{"@type":"PropertyValueSpecification","valueRequired":true,"valueName":"search_term_string"}}],"inLanguage":"en-US"},{"@type":"Person","@id":"https:\/\/www.afs.cz\/en\/#\/schema\/person\/bc52da0be76098030e75baeb919827ff","name":"afscesko","image":{"@type":"ImageObject","inLanguage":"en-US","@id":"https:\/\/www.afs.cz\/en\/#\/schema\/person\/image\/","url":"https:\/\/secure.gravatar.com\/avatar\/eda270bfa745d003b9a210dc384a8c22e1a05bc41e5280645d3e2968a117c931?s=96&d=mm&r=g","contentUrl":"https:\/\/secure.gravatar.com\/avatar\/eda270bfa745d003b9a210dc384a8c22e1a05bc41e5280645d3e2968a117c931?s=96&d=mm&r=g","caption":"afscesko"},"url":"https:\/\/www.afs.cz\/en\/author\/afscesko\/"}]}},"_links":{"self":[{"href":"https:\/\/www.afs.cz\/en\/wp-json\/wp\/v2\/posts\/24400","targetHints":{"allow":["GET"]}}],"collection":[{"href":"https:\/\/www.afs.cz\/en\/wp-json\/wp\/v2\/posts"}],"about":[{"href":"https:\/\/www.afs.cz\/en\/wp-json\/wp\/v2\/types\/post"}],"author":[{"embeddable":true,"href":"https:\/\/www.afs.cz\/en\/wp-json\/wp\/v2\/users\/351"}],"replies":[{"embeddable":true,"href":"https:\/\/www.afs.cz\/en\/wp-json\/wp\/v2\/comments?post=24400"}],"version-history":[{"count":33,"href":"https:\/\/www.afs.cz\/en\/wp-json\/wp\/v2\/posts\/24400\/revisions"}],"predecessor-version":[{"id":24932,"href":"https:\/\/www.afs.cz\/en\/wp-json\/wp\/v2\/posts\/24400\/revisions\/24932"}],"wp:featuredmedia":[{"embeddable":true,"href":"https:\/\/www.afs.cz\/en\/wp-json\/wp\/v2\/media\/24401"}],"wp:attachment":[{"href":"https:\/\/www.afs.cz\/en\/wp-json\/wp\/v2\/media?parent=24400"}],"wp:term":[{"taxonomy":"category","embeddable":true,"href":"https:\/\/www.afs.cz\/en\/wp-json\/wp\/v2\/categories?post=24400"},{"taxonomy":"post_tag","embeddable":true,"href":"https:\/\/www.afs.cz\/en\/wp-json\/wp\/v2\/tags?post=24400"}],"curies":[{"name":"wp","href":"https:\/\/api.w.org\/{rel}","templated":true}]}}