{"id":23008,"date":"2024-07-09T10:18:33","date_gmt":"2024-07-09T09:18:33","guid":{"rendered":"https:\/\/czechrepublic.afssite.afs.org\/?p=23008"},"modified":"2024-07-09T10:56:13","modified_gmt":"2024-07-09T09:56:13","slug":"starter-terminy-online-informacnich-schuzek","status":"publish","type":"post","link":"https:\/\/www.afs.cz\/en\/2024\/07\/starter-terminy-online-informacnich-schuzek\/","title":{"rendered":"Start\u00e9r &#8211; term\u00edny online informa\u010dn\u00edch sch\u016fzek"},"content":{"rendered":"<p>Pro v\u0161echny z\u00e1jemce o <a href=\"https:\/\/www.afs.cz\/studium-v-zahranici\/najdi-program\/\">studium v zahrani\u010d\u00ed od ledna 2025<\/a> a ve v\u0161ech n\u00e1sleduj\u00edc\u00edch term\u00ednech p\u0159ipravujeme informa\u010dn\u00ed setk\u00e1n\u00ed &#8211; start\u00e9r.<\/p>\n<h3>Co je start\u00e9r?<\/h3>\n<ul>\n<li>Start\u00e9r je online informa\u010dn\u00ed setk\u00e1n\u00ed pro z\u00e1jemce o <a href=\"https:\/\/www.afs.cz\/studium-v-zahranici\/najdi-program\/\">studium v zahrani\u010d\u00ed<\/a>. Setk\u00e1n\u00ed se za AFS \u00fa\u010dastn\u00ed z\u00e1stupci kancel\u00e1\u0159e a absolventi program\u016f.<\/li>\n<li>Setk\u00e1n\u00ed je ur\u010deno pro samotn\u00e9 z\u00e1jemce &#8211; studenty a studentky &#8211; ale samoz\u0159ejm\u011b tak\u00e9 pro jejich rodi\u010de.<\/li>\n<li>Start\u00e9r se kon\u00e1 online, aby byla zaru\u010dena dostupnost setk\u00e1n\u00ed pro z\u00e1jemce ze v\u0161ech kout\u016f republiky.<\/li>\n<\/ul>\n<h3>Jak se m\u016f\u017eu p\u0159ihl\u00e1sit?<\/h3>\n<ul>\n<li>P\u0159ihl\u00e1\u0161en\u00ed je snadn\u00e9 &#8211; <a href=\"https:\/\/www.afs.cz\/starter\/\">sta\u010d\u00ed vyplnit tento formul\u00e1\u0159 a za\u0161krtnout term\u00edn<\/a>, kter\u00fd v\u00e1m vyhovuje.<\/li>\n<\/ul>\n<p><strong>Mus\u00edm v\u011bd\u011bt, do jak\u00e9 zem\u011b chci vycestovat, kdy\u017e se hl\u00e1s\u00edm na Start\u00e9r?<\/strong><\/p>\n<ul>\n<li>Ne, toto informa\u010dn\u00ed setk\u00e1n\u00ed je ur\u010deno i z\u00e1jemc\u016fm, kte\u0159\u00ed o studiu v zahrani\u010d\u00ed teprve p\u0159em\u00fd\u0161l\u00ed.<\/li>\n<\/ul>\n<h3>Term\u00edny setk\u00e1n\u00ed<\/h3>\n<ul>\n<li>17.\u010dervence od 18:00<\/li>\n<li>14. srpna od 18:00<\/li>\n<li>12. z\u00e1\u0159\u00ed od 18:00<\/li>\n<li>2. \u0159\u00edjna od 18:00<\/li>\n<\/ul>\n<p><figure class=\"wp-image-wrap\"><img loading=\"lazy\" decoding=\"async\" class=\"aligncenter wp-image-22497 size-medium\" src=\"https:\/\/d22dvihj4pfop3.cloudfront.net\/wp-content\/uploads\/sites\/84\/2024\/06\/14142703\/AFS-Students-Participants-28-600x400.jpg\" alt=\"\" width=\"600\" height=\"400\" \/><\/figure><\/p>\n<h3>Dal\u0161\u00ed odkazy<\/h3>\n<ul>\n<li><a href=\"https:\/\/www.afs.cz\/studium-v-zahranici\/\">Informace o studiu v zahrani\u010d\u00ed AFS<\/a><\/li>\n<li><a href=\"https:\/\/www.afs.cz\/studium-v-zahranici\/najdi-program\/\">Nab\u00eddka program\u016f<\/a><\/li>\n<li><a href=\"https:\/\/www.afs.cz\/starter\/\">P\u0159ihl\u00e1\u0161ka na Start\u00e9r &#8211; Online setk\u00e1n\u00ed<\/a><\/li>\n<li><a href=\"https:\/\/www.afs.cz\/studium-v-zahranici\/prihlasovaci-formular-studijni-program-afs\/\">P\u0159ihl\u00e1\u0161ka ke studiu v zahrani\u010d\u00ed<\/a><\/li>\n<\/ul>\n","protected":false},"excerpt":{"rendered":"<p>Pro v\u0161echny z\u00e1jemce o studium v zahrani\u010d\u00ed od ledna 2025 a ve v\u0161ech n\u00e1sleduj\u00edc\u00edch term\u00ednech p\u0159ipravujeme informa\u010dn\u00ed setk\u00e1n\u00ed &#8211; start\u00e9r.&hellip;<\/p>\n","protected":false},"author":351,"featured_media":23009,"comment_status":"closed","ping_status":"closed","sticky":false,"template":"","format":"standard","meta":{"footnotes":""},"categories":[50],"tags":[153],"class_list":["post-23008","post","type-post","status-publish","format-standard","has-post-thumbnail","hentry","category-studium-v-zahranici","tag-studium-v-zahranici"],"yoast_head":"<!-- This site is optimized with the Yoast SEO Premium plugin v26.6 (Yoast SEO v26.6) - https:\/\/yoast.com\/wordpress\/plugins\/seo\/ -->\n<title>Start\u00e9r - term\u00edny online informa\u010dn\u00edch sch\u016fzek - Mezikulturn\u00ed programy<\/title>\n<meta name=\"robots\" content=\"index, follow, max-snippet:-1, max-image-preview:large, max-video-preview:-1\" \/>\n<link rel=\"canonical\" href=\"https:\/\/www.afs.cz\/en\/2024\/07\/starter-terminy-online-informacnich-schuzek\/\" \/>\n<meta property=\"og:locale\" content=\"en_US\" \/>\n<meta property=\"og:type\" content=\"article\" \/>\n<meta property=\"og:title\" content=\"Start\u00e9r - term\u00edny online informa\u010dn\u00edch sch\u016fzek\" \/>\n<meta property=\"og:description\" content=\"Pro v\u0161echny z\u00e1jemce o studium v zahrani\u010d\u00ed od ledna 2025 a ve v\u0161ech n\u00e1sleduj\u00edc\u00edch term\u00ednech p\u0159ipravujeme informa\u010dn\u00ed setk\u00e1n\u00ed &#8211; start\u00e9r.&hellip;\" \/>\n<meta property=\"og:url\" content=\"https:\/\/www.afs.cz\/en\/2024\/07\/starter-terminy-online-informacnich-schuzek\/\" \/>\n<meta property=\"og:site_name\" content=\"Mezikulturn\u00ed programy\" \/>\n<meta property=\"article:published_time\" content=\"2024-07-09T09:18:33+00:00\" \/>\n<meta property=\"article:modified_time\" content=\"2024-07-09T09:56:13+00:00\" \/>\n<meta property=\"og:image\" content=\"https:\/\/d22dvihj4pfop3.cloudfront.net\/wp-content\/uploads\/sites\/84\/2024\/07\/09101739\/Frame-189-1080x630.png\" \/>\n\t<meta property=\"og:image:width\" content=\"1080\" \/>\n\t<meta property=\"og:image:height\" content=\"630\" \/>\n\t<meta property=\"og:image:type\" content=\"image\/png\" \/>\n<meta name=\"author\" content=\"afscesko\" \/>\n<meta name=\"twitter:card\" content=\"summary_large_image\" \/>\n<meta name=\"twitter:label1\" content=\"Written by\" \/>\n\t<meta name=\"twitter:data1\" content=\"afscesko\" \/>\n\t<meta name=\"twitter:label2\" content=\"Est. reading time\" \/>\n\t<meta name=\"twitter:data2\" content=\"2 minutes\" \/>\n<script type=\"application\/ld+json\" class=\"yoast-schema-graph\">{\"@context\":\"https:\/\/schema.org\",\"@graph\":[{\"@type\":\"WebPage\",\"@id\":\"https:\/\/www.afs.cz\/en\/2024\/07\/starter-terminy-online-informacnich-schuzek\/\",\"url\":\"https:\/\/www.afs.cz\/en\/2024\/07\/starter-terminy-online-informacnich-schuzek\/\",\"name\":\"Start\u00e9r - term\u00edny online informa\u010dn\u00edch sch\u016fzek - Mezikulturn\u00ed programy\",\"isPartOf\":{\"@id\":\"https:\/\/www.afs.cz\/en\/#website\"},\"primaryImageOfPage\":{\"@id\":\"https:\/\/www.afs.cz\/en\/2024\/07\/starter-terminy-online-informacnich-schuzek\/#primaryimage\"},\"image\":{\"@id\":\"https:\/\/www.afs.cz\/en\/2024\/07\/starter-terminy-online-informacnich-schuzek\/#primaryimage\"},\"thumbnailUrl\":\"https:\/\/d22dvihj4pfop3.cloudfront.net\/wp-content\/uploads\/sites\/84\/2024\/07\/09101739\/Frame-189.png\",\"datePublished\":\"2024-07-09T09:18:33+00:00\",\"dateModified\":\"2024-07-09T09:56:13+00:00\",\"author\":{\"@id\":\"https:\/\/www.afs.cz\/en\/#\/schema\/person\/bc52da0be76098030e75baeb919827ff\"},\"breadcrumb\":{\"@id\":\"https:\/\/www.afs.cz\/en\/2024\/07\/starter-terminy-online-informacnich-schuzek\/#breadcrumb\"},\"inLanguage\":\"en-US\",\"potentialAction\":[{\"@type\":\"ReadAction\",\"target\":[\"https:\/\/www.afs.cz\/en\/2024\/07\/starter-terminy-online-informacnich-schuzek\/\"]}]},{\"@type\":\"ImageObject\",\"inLanguage\":\"en-US\",\"@id\":\"https:\/\/www.afs.cz\/en\/2024\/07\/starter-terminy-online-informacnich-schuzek\/#primaryimage\",\"url\":\"https:\/\/d22dvihj4pfop3.cloudfront.net\/wp-content\/uploads\/sites\/84\/2024\/07\/09101739\/Frame-189.png\",\"contentUrl\":\"https:\/\/d22dvihj4pfop3.cloudfront.net\/wp-content\/uploads\/sites\/84\/2024\/07\/09101739\/Frame-189.png\",\"width\":1080,\"height\":1080,\"caption\":\"Start\u00e9r AFS - term\u00edny pro informa\u010dn\u00ed setk\u00e1n\u00ed v l\u00e9t\u011b a na podzim 2024\"},{\"@type\":\"BreadcrumbList\",\"@id\":\"https:\/\/www.afs.cz\/en\/2024\/07\/starter-terminy-online-informacnich-schuzek\/#breadcrumb\",\"itemListElement\":[{\"@type\":\"ListItem\",\"position\":1,\"name\":\"Home\",\"item\":\"https:\/\/czechrepublic.afssite.afs.org\/en\/\"},{\"@type\":\"ListItem\",\"position\":2,\"name\":\"Start\u00e9r &#8211; term\u00edny online informa\u010dn\u00edch sch\u016fzek\"}]},{\"@type\":\"WebSite\",\"@id\":\"https:\/\/www.afs.cz\/en\/#website\",\"url\":\"https:\/\/www.afs.cz\/en\/\",\"name\":\"Mezikulturn\u00ed programy\",\"description\":\"Studium v zahrani\u010d\u00ed, hostitelsk\u00fd program, vzd\u011bl\u00e1vac\u00ed programy, dobrovolnictv\u00ed a mnoho dal\u0161\u00edho.\",\"potentialAction\":[{\"@type\":\"SearchAction\",\"target\":{\"@type\":\"EntryPoint\",\"urlTemplate\":\"https:\/\/www.afs.cz\/en\/?s={search_term_string}\"},\"query-input\":{\"@type\":\"PropertyValueSpecification\",\"valueRequired\":true,\"valueName\":\"search_term_string\"}}],\"inLanguage\":\"en-US\"},{\"@type\":\"Person\",\"@id\":\"https:\/\/www.afs.cz\/en\/#\/schema\/person\/bc52da0be76098030e75baeb919827ff\",\"name\":\"afscesko\",\"image\":{\"@type\":\"ImageObject\",\"inLanguage\":\"en-US\",\"@id\":\"https:\/\/www.afs.cz\/en\/#\/schema\/person\/image\/\",\"url\":\"https:\/\/secure.gravatar.com\/avatar\/eda270bfa745d003b9a210dc384a8c22e1a05bc41e5280645d3e2968a117c931?s=96&d=mm&r=g\",\"contentUrl\":\"https:\/\/secure.gravatar.com\/avatar\/eda270bfa745d003b9a210dc384a8c22e1a05bc41e5280645d3e2968a117c931?s=96&d=mm&r=g\",\"caption\":\"afscesko\"},\"url\":\"https:\/\/www.afs.cz\/en\/author\/afscesko\/\"}]}<\/script>\n<!-- \/ Yoast SEO Premium plugin. -->","yoast_head_json":{"title":"Start\u00e9r - term\u00edny online informa\u010dn\u00edch sch\u016fzek - Mezikulturn\u00ed programy","robots":{"index":"index","follow":"follow","max-snippet":"max-snippet:-1","max-image-preview":"max-image-preview:large","max-video-preview":"max-video-preview:-1"},"canonical":"https:\/\/www.afs.cz\/en\/2024\/07\/starter-terminy-online-informacnich-schuzek\/","og_locale":"en_US","og_type":"article","og_title":"Start\u00e9r - term\u00edny online informa\u010dn\u00edch sch\u016fzek","og_description":"Pro v\u0161echny z\u00e1jemce o studium v zahrani\u010d\u00ed od ledna 2025 a ve v\u0161ech n\u00e1sleduj\u00edc\u00edch term\u00ednech p\u0159ipravujeme informa\u010dn\u00ed setk\u00e1n\u00ed &#8211; start\u00e9r.&hellip;","og_url":"https:\/\/www.afs.cz\/en\/2024\/07\/starter-terminy-online-informacnich-schuzek\/","og_site_name":"Mezikulturn\u00ed programy","article_published_time":"2024-07-09T09:18:33+00:00","article_modified_time":"2024-07-09T09:56:13+00:00","og_image":[{"width":1080,"height":630,"url":"https:\/\/d22dvihj4pfop3.cloudfront.net\/wp-content\/uploads\/sites\/84\/2024\/07\/09101739\/Frame-189-1080x630.png","type":"image\/png"}],"author":"afscesko","twitter_card":"summary_large_image","twitter_misc":{"Written by":"afscesko","Est. reading time":"2 minutes"},"schema":{"@context":"https:\/\/schema.org","@graph":[{"@type":"WebPage","@id":"https:\/\/www.afs.cz\/en\/2024\/07\/starter-terminy-online-informacnich-schuzek\/","url":"https:\/\/www.afs.cz\/en\/2024\/07\/starter-terminy-online-informacnich-schuzek\/","name":"Start\u00e9r - term\u00edny online informa\u010dn\u00edch sch\u016fzek - Mezikulturn\u00ed programy","isPartOf":{"@id":"https:\/\/www.afs.cz\/en\/#website"},"primaryImageOfPage":{"@id":"https:\/\/www.afs.cz\/en\/2024\/07\/starter-terminy-online-informacnich-schuzek\/#primaryimage"},"image":{"@id":"https:\/\/www.afs.cz\/en\/2024\/07\/starter-terminy-online-informacnich-schuzek\/#primaryimage"},"thumbnailUrl":"https:\/\/d22dvihj4pfop3.cloudfront.net\/wp-content\/uploads\/sites\/84\/2024\/07\/09101739\/Frame-189.png","datePublished":"2024-07-09T09:18:33+00:00","dateModified":"2024-07-09T09:56:13+00:00","author":{"@id":"https:\/\/www.afs.cz\/en\/#\/schema\/person\/bc52da0be76098030e75baeb919827ff"},"breadcrumb":{"@id":"https:\/\/www.afs.cz\/en\/2024\/07\/starter-terminy-online-informacnich-schuzek\/#breadcrumb"},"inLanguage":"en-US","potentialAction":[{"@type":"ReadAction","target":["https:\/\/www.afs.cz\/en\/2024\/07\/starter-terminy-online-informacnich-schuzek\/"]}]},{"@type":"ImageObject","inLanguage":"en-US","@id":"https:\/\/www.afs.cz\/en\/2024\/07\/starter-terminy-online-informacnich-schuzek\/#primaryimage","url":"https:\/\/d22dvihj4pfop3.cloudfront.net\/wp-content\/uploads\/sites\/84\/2024\/07\/09101739\/Frame-189.png","contentUrl":"https:\/\/d22dvihj4pfop3.cloudfront.net\/wp-content\/uploads\/sites\/84\/2024\/07\/09101739\/Frame-189.png","width":1080,"height":1080,"caption":"Start\u00e9r AFS - term\u00edny pro informa\u010dn\u00ed setk\u00e1n\u00ed v l\u00e9t\u011b a na podzim 2024"},{"@type":"BreadcrumbList","@id":"https:\/\/www.afs.cz\/en\/2024\/07\/starter-terminy-online-informacnich-schuzek\/#breadcrumb","itemListElement":[{"@type":"ListItem","position":1,"name":"Home","item":"https:\/\/czechrepublic.afssite.afs.org\/en\/"},{"@type":"ListItem","position":2,"name":"Start\u00e9r &#8211; term\u00edny online informa\u010dn\u00edch sch\u016fzek"}]},{"@type":"WebSite","@id":"https:\/\/www.afs.cz\/en\/#website","url":"https:\/\/www.afs.cz\/en\/","name":"Mezikulturn\u00ed programy","description":"Studium v zahrani\u010d\u00ed, hostitelsk\u00fd program, vzd\u011bl\u00e1vac\u00ed programy, dobrovolnictv\u00ed a mnoho dal\u0161\u00edho.","potentialAction":[{"@type":"SearchAction","target":{"@type":"EntryPoint","urlTemplate":"https:\/\/www.afs.cz\/en\/?s={search_term_string}"},"query-input":{"@type":"PropertyValueSpecification","valueRequired":true,"valueName":"search_term_string"}}],"inLanguage":"en-US"},{"@type":"Person","@id":"https:\/\/www.afs.cz\/en\/#\/schema\/person\/bc52da0be76098030e75baeb919827ff","name":"afscesko","image":{"@type":"ImageObject","inLanguage":"en-US","@id":"https:\/\/www.afs.cz\/en\/#\/schema\/person\/image\/","url":"https:\/\/secure.gravatar.com\/avatar\/eda270bfa745d003b9a210dc384a8c22e1a05bc41e5280645d3e2968a117c931?s=96&d=mm&r=g","contentUrl":"https:\/\/secure.gravatar.com\/avatar\/eda270bfa745d003b9a210dc384a8c22e1a05bc41e5280645d3e2968a117c931?s=96&d=mm&r=g","caption":"afscesko"},"url":"https:\/\/www.afs.cz\/en\/author\/afscesko\/"}]}},"_links":{"self":[{"href":"https:\/\/www.afs.cz\/en\/wp-json\/wp\/v2\/posts\/23008","targetHints":{"allow":["GET"]}}],"collection":[{"href":"https:\/\/www.afs.cz\/en\/wp-json\/wp\/v2\/posts"}],"about":[{"href":"https:\/\/www.afs.cz\/en\/wp-json\/wp\/v2\/types\/post"}],"author":[{"embeddable":true,"href":"https:\/\/www.afs.cz\/en\/wp-json\/wp\/v2\/users\/351"}],"replies":[{"embeddable":true,"href":"https:\/\/www.afs.cz\/en\/wp-json\/wp\/v2\/comments?post=23008"}],"version-history":[{"count":12,"href":"https:\/\/www.afs.cz\/en\/wp-json\/wp\/v2\/posts\/23008\/revisions"}],"predecessor-version":[{"id":23022,"href":"https:\/\/www.afs.cz\/en\/wp-json\/wp\/v2\/posts\/23008\/revisions\/23022"}],"wp:featuredmedia":[{"embeddable":true,"href":"https:\/\/www.afs.cz\/en\/wp-json\/wp\/v2\/media\/23009"}],"wp:attachment":[{"href":"https:\/\/www.afs.cz\/en\/wp-json\/wp\/v2\/media?parent=23008"}],"wp:term":[{"taxonomy":"category","embeddable":true,"href":"https:\/\/www.afs.cz\/en\/wp-json\/wp\/v2\/categories?post=23008"},{"taxonomy":"post_tag","embeddable":true,"href":"https:\/\/www.afs.cz\/en\/wp-json\/wp\/v2\/tags?post=23008"}],"curies":[{"name":"wp","href":"https:\/\/api.w.org\/{rel}","templated":true}]}}