{"id":22875,"date":"2024-07-03T10:29:28","date_gmt":"2024-07-03T09:29:28","guid":{"rendered":"https:\/\/czechrepublic.afssite.afs.org\/?p=22875"},"modified":"2024-07-03T12:09:42","modified_gmt":"2024-07-03T11:09:42","slug":"luca-nas-naucil-nespechat","status":"publish","type":"post","link":"https:\/\/www.afs.cz\/en\/2024\/07\/luca-nas-naucil-nespechat\/","title":{"rendered":"&#8220;Poznali jsme jinou mentalitu. Luca n\u00e1s nau\u010dil j\u00edst pomalu a nesp\u011bchat.&#8221;"},"content":{"rendered":"<h3><em>Hostitelsk\u00e1 maminka Mark\u00e9ta z Ostravy hostila po dobu jednoho \u0161koln\u00edho roku \u0161estn\u00e1ctilet\u00e9ho Lucu z It\u00e1lie. V n\u00e1sleduj\u00edc\u00edch \u0159\u00e1dc\u00edch si m\u016f\u017eete p\u0159e\u010d\u00edst, co se od sebe navz\u00e1jem nau\u010dili, jak\u00fd m\u011bl Luca vliv na jej\u00edho nejmlad\u0161\u00edho syna, a co v\u0161e spolu za\u017eili.\u00a0<\/em><\/h3>\n<p>&nbsp;<\/p>\n<figure id=\"attachment_22876\" aria-describedby=\"caption-attachment-22876\" style=\"width: 600px\" class=\"wp-caption alignleft\"><img loading=\"lazy\" decoding=\"async\" class=\"size-medium wp-image-22876\" src=\"https:\/\/d22dvihj4pfop3.cloudfront.net\/wp-content\/uploads\/sites\/84\/2024\/07\/03101613\/Obrazek-WhatsApp-2024-07-02-v-11.20.39_56a4475c-600x450.jpg\" alt=\"\" width=\"600\" height=\"450\" \/><figcaption id=\"caption-attachment-22876\" class=\"wp-caption-text\">Na v\u00fdlet\u011b s nejmlad\u0161\u00edm synem a Lucou<\/figcaption><\/figure>\n<p>Cht\u011bli jsme ho\u0161t\u011bn\u00ed zkusit, abychom se nau\u010dili anglicky a zat\u00edm se Luca nau\u010dil \u010desky. Za\u017eili jsme toho spolu spoustu. Ve \u0161kole byl vzorn\u00fd student, vyzkou\u0161el tane\u010dn\u00ed pod veden\u00edm p. Chlop\u010d\u00edka, koukali jsme spolu chv\u00edli i na Stardance a tanec jsme vyu\u017eili i na plese AFS. <strong>Poznali jsme jinou mentalitu a nau\u010dili jsme se j\u00edst pomalu a celkov\u011b nesp\u011bchat.<\/strong><\/p>\n<p>Jako spr\u00e1vn\u00fd puber\u0165\u00e1k Luca ob\u010das zaspal a ne v\u017edy bylo v\u0161ude vzorn\u011b uklizeno. Klady ale p\u0159evl\u00e1daly. M\u016fj nejmlad\u0161\u00ed syn z\u00edskal v Lucovi par\u0165\u00e1ka a dal\u0161\u00edho br\u00e1chu. Luca se k n\u011bmu i jako k mlad\u0161\u00edmu br\u00e1chovi choval. Ob\u010das na n\u011bj mluvil i anglicky. Chodil k synovi do t\u0159\u00eddy a d\u011bti se ho ptali, jak se co italsky \u0159ekne a v\u0161ichni spolu hr\u00e1li hry.\u00a0 <strong>T\u00edm, \u017ee to Luca s d\u011btma um\u011bl, ho d\u011bti prosily, aby za nimi do \u0161koly chodil ka\u017edou st\u0159edu, kdy mu samotn\u00e9mu za\u010d\u00ednala pozd\u011bji \u0161kola.<\/strong><\/p>\n<p>Luca m\u00e1 dar na jazyky. Zaj\u00edmav\u00e9 bylo, kdy\u017e jsem ho hned ze za\u010d\u00e1tku programu vzala do divadla. Vypadalo to, \u017ee tomu rozum\u00ed, proto\u017ee se chv\u00edlemi i sm\u00e1l. Jezd\u00edme s p\u0159\u00edrodov\u011bdn\u00fdm krou\u017ekem na v\u00fdlety a jednou jsme byli ve Slavonic\u00edch a pr\u0161elo. Museli jsme vymyslet n\u00e1hradn\u00ed program a Luca m\u011bl s sebou no\u0165as. <strong>Za\u010dal n\u00e1m pou\u0161t\u011bt kv\u00edzy z \u010de\u0161tiny a d\u011bck\u00e1m ani nevadilo, \u017ee je to vlastn\u011b v\u00fduka \u010de\u0161tiny.<\/strong> Jinak vtipn\u00e9 bylo, vysv\u011btlovat mu na V\u00e1noce film Pel\u00ed\u0161ky s mou angli\u010dtinou. Moji synov\u00e9 m\u011b nechali trochu se zapotit a pak rad\u011bji za\u010dali p\u0159ekl\u00e1dat sami.<\/p>\n<p>P\u016fvodn\u011b jsme m\u011bli b\u00fdt pro Lucu uv\u00edtac\u00ed rodina, tzn. m\u011bli jsme ho hostit jen prvn\u00ed t\u0159i m\u011bs\u00edce. Pak se m\u011bl st\u011bhovat do jin\u00e9 rodiny. M\u011bla jsem obavy, jestli to cel\u00e9 zvl\u00e1dneme a jak\u00e9 to vlastn\u011b bude. Kdy\u017e se jeho p\u0159\u00edjezd bl\u00ed\u017eil, byla jsem nerv\u00f3zn\u00ed a \u010dasto volala do AFS kancel\u00e1\u0159e. Nakonec jsme ale dokonce za\u017e\u00e1dali o prodlou\u017een\u00ed ho\u0161t\u011bn\u00ed na cel\u00fd \u0161koln\u00ed rok, proto\u017ee to s Lucou bylo stra\u0161n\u011b fajn. Jsem moc r\u00e1da, \u017ee jsme do toho \u0161li.<\/p>\n<p><em>Mark\u00e9ta, hostitelsk\u00e1 maminka z Ostravy<\/em><\/p>\n<h3>Odkazy<\/h3>\n<ul>\n<li><a href=\"https:\/\/www.afs.cz\/hostitelsky-program\/\">Hostitelsk\u00fd program<\/a><\/li>\n<li><a href=\"https:\/\/www.afs.cz\/hostitelsky-program\/nezavazna-prihlaska-hostitelsky-program\/\" target=\"_blank\" rel=\"noopener\">Nez\u00e1vazn\u00e1 p\u0159ihl\u00e1\u0161ka \u2013 hostitelsk\u00fd program<\/a><\/li>\n<li><a href=\"https:\/\/www.afs.cz\/studium-v-zahranici\/\" target=\"_blank\" rel=\"noopener\">Studium v zahrani\u010d\u00ed AFS<\/a><\/li>\n<\/ul>\n<p><figure class=\"wp-image-wrap\"><img loading=\"lazy\" decoding=\"async\" class=\"size-medium wp-image-22910 alignleft\" src=\"https:\/\/d22dvihj4pfop3.cloudfront.net\/wp-content\/uploads\/sites\/84\/2024\/07\/03120833\/IMG-20240702-WA0000-600x452.jpg\" alt=\"\" width=\"600\" height=\"452\" \/><\/figure><\/p>\n<p>&nbsp;<\/p>\n<p>&nbsp;<\/p>\n<p>&nbsp;<\/p>\n<p>&nbsp;<\/p>\n<p>&nbsp;<\/p>\n<p>&nbsp;<\/p>\n<p>&nbsp;<\/p>\n<p><figure class=\"wp-image-wrap\"><img loading=\"lazy\" decoding=\"async\" class=\"size-medium wp-image-22880 alignleft\" src=\"https:\/\/d22dvihj4pfop3.cloudfront.net\/wp-content\/uploads\/sites\/84\/2024\/07\/03101726\/Obrazek-WhatsApp-2024-07-02-v-11.20.39_5f1667a3-600x452.jpg\" alt=\"\" width=\"600\" height=\"452\" \/><\/figure><\/p>\n<p>&nbsp;<\/p>\n<p>&nbsp;<\/p>\n<p>&nbsp;<\/p>\n<p>&nbsp;<\/p>\n<p>&nbsp;<\/p>\n<p>&nbsp;<\/p>\n<p>&nbsp;<\/p>\n<p><figure class=\"wp-image-wrap\"><img loading=\"lazy\" decoding=\"async\" class=\"size-medium wp-image-22882 alignleft\" src=\"https:\/\/d22dvihj4pfop3.cloudfront.net\/wp-content\/uploads\/sites\/84\/2024\/07\/03101731\/Obrazek-WhatsApp-2024-07-02-v-11.20.39_34b6cf8f-600x452.jpg\" alt=\"\" width=\"600\" height=\"452\" \/><\/figure><\/p>\n<p>&nbsp;<\/p>\n<p>&nbsp;<\/p>\n<p>&nbsp;<\/p>\n<p>&nbsp;<\/p>\n<p>&nbsp;<\/p>\n<p>&nbsp;<\/p>\n<p>&nbsp;<\/p>\n<p><figure class=\"wp-image-wrap\"><img loading=\"lazy\" decoding=\"async\" class=\"size-medium wp-image-22890 alignleft\" src=\"https:\/\/d22dvihj4pfop3.cloudfront.net\/wp-content\/uploads\/sites\/84\/2024\/07\/03101855\/Obrazek-WhatsApp-2024-07-02-v-11.20.39_71bb81e2-1-600x450.jpg\" alt=\"\" width=\"600\" height=\"450\" \/><\/figure><\/p>\n<p>&nbsp;<\/p>\n<p>&nbsp;<\/p>\n<p>&nbsp;<\/p>\n<p>&nbsp;<\/p>\n<p>&nbsp;<\/p>\n<p>&nbsp;<\/p>\n<p>&nbsp;<\/p>\n<p>&nbsp;<\/p>\n<p>&nbsp;<\/p>\n","protected":false},"excerpt":{"rendered":"<p>Hostitelsk\u00e1 maminka Mark\u00e9ta z Ostravy hostila po dobu jednoho \u0161koln\u00edho roku \u0161estn\u00e1ctilet\u00e9ho Lucu z It\u00e1lie. V n\u00e1sleduj\u00edc\u00edch \u0159\u00e1dc\u00edch si m\u016f\u017eete&hellip;<\/p>\n","protected":false},"author":351,"featured_media":22890,"comment_status":"closed","ping_status":"closed","sticky":false,"template":"","format":"standard","meta":{"footnotes":""},"categories":[49,150],"tags":[],"class_list":["post-22875","post","type-post","status-publish","format-standard","has-post-thumbnail","hentry","category-hostitelsky-program","category-pribehy-hostitelskych-rodin"],"yoast_head":"<!-- This site is optimized with the Yoast SEO Premium plugin v26.6 (Yoast SEO v26.6) - https:\/\/yoast.com\/wordpress\/plugins\/seo\/ -->\n<title>&quot;Poznali jsme jinou mentalitu. Luca n\u00e1s nau\u010dil j\u00edst pomalu a nesp\u011bchat.&quot; - Mezikulturn\u00ed programy<\/title>\n<meta name=\"robots\" content=\"index, follow, max-snippet:-1, max-image-preview:large, max-video-preview:-1\" \/>\n<link rel=\"canonical\" href=\"https:\/\/www.afs.cz\/en\/2024\/07\/luca-nas-naucil-nespechat\/\" \/>\n<meta property=\"og:locale\" content=\"en_US\" \/>\n<meta property=\"og:type\" content=\"article\" \/>\n<meta property=\"og:title\" content=\"&quot;Poznali jsme jinou mentalitu. Luca n\u00e1s nau\u010dil j\u00edst pomalu a nesp\u011bchat.&quot;\" \/>\n<meta property=\"og:description\" content=\"Hostitelsk\u00e1 maminka Mark\u00e9ta z Ostravy hostila po dobu jednoho \u0161koln\u00edho roku \u0161estn\u00e1ctilet\u00e9ho Lucu z It\u00e1lie. V n\u00e1sleduj\u00edc\u00edch \u0159\u00e1dc\u00edch si m\u016f\u017eete&hellip;\" \/>\n<meta property=\"og:url\" content=\"https:\/\/www.afs.cz\/en\/2024\/07\/luca-nas-naucil-nespechat\/\" \/>\n<meta property=\"og:site_name\" content=\"Mezikulturn\u00ed programy\" \/>\n<meta property=\"article:published_time\" content=\"2024-07-03T09:29:28+00:00\" \/>\n<meta property=\"article:modified_time\" content=\"2024-07-03T11:09:42+00:00\" \/>\n<meta property=\"og:image\" content=\"https:\/\/d22dvihj4pfop3.cloudfront.net\/wp-content\/uploads\/sites\/84\/2024\/07\/03101855\/Obrazek-WhatsApp-2024-07-02-v-11.20.39_71bb81e2-1-1200x630.jpg\" \/>\n\t<meta property=\"og:image:width\" content=\"1200\" \/>\n\t<meta property=\"og:image:height\" content=\"630\" \/>\n\t<meta property=\"og:image:type\" content=\"image\/jpeg\" \/>\n<meta name=\"author\" content=\"afscesko\" \/>\n<meta name=\"twitter:card\" content=\"summary_large_image\" \/>\n<meta name=\"twitter:label1\" content=\"Written by\" \/>\n\t<meta name=\"twitter:data1\" content=\"afscesko\" \/>\n\t<meta name=\"twitter:label2\" content=\"Est. reading time\" \/>\n\t<meta name=\"twitter:data2\" content=\"4 minutes\" \/>\n<script type=\"application\/ld+json\" class=\"yoast-schema-graph\">{\"@context\":\"https:\/\/schema.org\",\"@graph\":[{\"@type\":\"WebPage\",\"@id\":\"https:\/\/www.afs.cz\/en\/2024\/07\/luca-nas-naucil-nespechat\/\",\"url\":\"https:\/\/www.afs.cz\/en\/2024\/07\/luca-nas-naucil-nespechat\/\",\"name\":\"\\\"Poznali jsme jinou mentalitu. Luca n\u00e1s nau\u010dil j\u00edst pomalu a nesp\u011bchat.\\\" - Mezikulturn\u00ed programy\",\"isPartOf\":{\"@id\":\"https:\/\/www.afs.cz\/en\/#website\"},\"primaryImageOfPage\":{\"@id\":\"https:\/\/www.afs.cz\/en\/2024\/07\/luca-nas-naucil-nespechat\/#primaryimage\"},\"image\":{\"@id\":\"https:\/\/www.afs.cz\/en\/2024\/07\/luca-nas-naucil-nespechat\/#primaryimage\"},\"thumbnailUrl\":\"https:\/\/d22dvihj4pfop3.cloudfront.net\/wp-content\/uploads\/sites\/84\/2024\/07\/03101855\/Obrazek-WhatsApp-2024-07-02-v-11.20.39_71bb81e2-1.jpg\",\"datePublished\":\"2024-07-03T09:29:28+00:00\",\"dateModified\":\"2024-07-03T11:09:42+00:00\",\"author\":{\"@id\":\"https:\/\/www.afs.cz\/en\/#\/schema\/person\/bc52da0be76098030e75baeb919827ff\"},\"breadcrumb\":{\"@id\":\"https:\/\/www.afs.cz\/en\/2024\/07\/luca-nas-naucil-nespechat\/#breadcrumb\"},\"inLanguage\":\"en-US\",\"potentialAction\":[{\"@type\":\"ReadAction\",\"target\":[\"https:\/\/www.afs.cz\/en\/2024\/07\/luca-nas-naucil-nespechat\/\"]}]},{\"@type\":\"ImageObject\",\"inLanguage\":\"en-US\",\"@id\":\"https:\/\/www.afs.cz\/en\/2024\/07\/luca-nas-naucil-nespechat\/#primaryimage\",\"url\":\"https:\/\/d22dvihj4pfop3.cloudfront.net\/wp-content\/uploads\/sites\/84\/2024\/07\/03101855\/Obrazek-WhatsApp-2024-07-02-v-11.20.39_71bb81e2-1.jpg\",\"contentUrl\":\"https:\/\/d22dvihj4pfop3.cloudfront.net\/wp-content\/uploads\/sites\/84\/2024\/07\/03101855\/Obrazek-WhatsApp-2024-07-02-v-11.20.39_71bb81e2-1.jpg\",\"width\":2048,\"height\":1536},{\"@type\":\"BreadcrumbList\",\"@id\":\"https:\/\/www.afs.cz\/en\/2024\/07\/luca-nas-naucil-nespechat\/#breadcrumb\",\"itemListElement\":[{\"@type\":\"ListItem\",\"position\":1,\"name\":\"Home\",\"item\":\"https:\/\/czechrepublic.afssite.afs.org\/en\/\"},{\"@type\":\"ListItem\",\"position\":2,\"name\":\"&#8222;Poznali jsme jinou mentalitu. Luca n\u00e1s nau\u010dil j\u00edst pomalu a nesp\u011bchat.&#8220;\"}]},{\"@type\":\"WebSite\",\"@id\":\"https:\/\/www.afs.cz\/en\/#website\",\"url\":\"https:\/\/www.afs.cz\/en\/\",\"name\":\"Mezikulturn\u00ed programy\",\"description\":\"Studium v zahrani\u010d\u00ed, hostitelsk\u00fd program, vzd\u011bl\u00e1vac\u00ed programy, dobrovolnictv\u00ed a mnoho dal\u0161\u00edho.\",\"potentialAction\":[{\"@type\":\"SearchAction\",\"target\":{\"@type\":\"EntryPoint\",\"urlTemplate\":\"https:\/\/www.afs.cz\/en\/?s={search_term_string}\"},\"query-input\":{\"@type\":\"PropertyValueSpecification\",\"valueRequired\":true,\"valueName\":\"search_term_string\"}}],\"inLanguage\":\"en-US\"},{\"@type\":\"Person\",\"@id\":\"https:\/\/www.afs.cz\/en\/#\/schema\/person\/bc52da0be76098030e75baeb919827ff\",\"name\":\"afscesko\",\"image\":{\"@type\":\"ImageObject\",\"inLanguage\":\"en-US\",\"@id\":\"https:\/\/www.afs.cz\/en\/#\/schema\/person\/image\/\",\"url\":\"https:\/\/secure.gravatar.com\/avatar\/eda270bfa745d003b9a210dc384a8c22e1a05bc41e5280645d3e2968a117c931?s=96&d=mm&r=g\",\"contentUrl\":\"https:\/\/secure.gravatar.com\/avatar\/eda270bfa745d003b9a210dc384a8c22e1a05bc41e5280645d3e2968a117c931?s=96&d=mm&r=g\",\"caption\":\"afscesko\"},\"url\":\"https:\/\/www.afs.cz\/en\/author\/afscesko\/\"}]}<\/script>\n<!-- \/ Yoast SEO Premium plugin. -->","yoast_head_json":{"title":"\"Poznali jsme jinou mentalitu. Luca n\u00e1s nau\u010dil j\u00edst pomalu a nesp\u011bchat.\" - Mezikulturn\u00ed programy","robots":{"index":"index","follow":"follow","max-snippet":"max-snippet:-1","max-image-preview":"max-image-preview:large","max-video-preview":"max-video-preview:-1"},"canonical":"https:\/\/www.afs.cz\/en\/2024\/07\/luca-nas-naucil-nespechat\/","og_locale":"en_US","og_type":"article","og_title":"\"Poznali jsme jinou mentalitu. Luca n\u00e1s nau\u010dil j\u00edst pomalu a nesp\u011bchat.\"","og_description":"Hostitelsk\u00e1 maminka Mark\u00e9ta z Ostravy hostila po dobu jednoho \u0161koln\u00edho roku \u0161estn\u00e1ctilet\u00e9ho Lucu z It\u00e1lie. V n\u00e1sleduj\u00edc\u00edch \u0159\u00e1dc\u00edch si m\u016f\u017eete&hellip;","og_url":"https:\/\/www.afs.cz\/en\/2024\/07\/luca-nas-naucil-nespechat\/","og_site_name":"Mezikulturn\u00ed programy","article_published_time":"2024-07-03T09:29:28+00:00","article_modified_time":"2024-07-03T11:09:42+00:00","og_image":[{"width":1200,"height":630,"url":"https:\/\/d22dvihj4pfop3.cloudfront.net\/wp-content\/uploads\/sites\/84\/2024\/07\/03101855\/Obrazek-WhatsApp-2024-07-02-v-11.20.39_71bb81e2-1-1200x630.jpg","type":"image\/jpeg"}],"author":"afscesko","twitter_card":"summary_large_image","twitter_misc":{"Written by":"afscesko","Est. reading time":"4 minutes"},"schema":{"@context":"https:\/\/schema.org","@graph":[{"@type":"WebPage","@id":"https:\/\/www.afs.cz\/en\/2024\/07\/luca-nas-naucil-nespechat\/","url":"https:\/\/www.afs.cz\/en\/2024\/07\/luca-nas-naucil-nespechat\/","name":"\"Poznali jsme jinou mentalitu. Luca n\u00e1s nau\u010dil j\u00edst pomalu a nesp\u011bchat.\" - Mezikulturn\u00ed programy","isPartOf":{"@id":"https:\/\/www.afs.cz\/en\/#website"},"primaryImageOfPage":{"@id":"https:\/\/www.afs.cz\/en\/2024\/07\/luca-nas-naucil-nespechat\/#primaryimage"},"image":{"@id":"https:\/\/www.afs.cz\/en\/2024\/07\/luca-nas-naucil-nespechat\/#primaryimage"},"thumbnailUrl":"https:\/\/d22dvihj4pfop3.cloudfront.net\/wp-content\/uploads\/sites\/84\/2024\/07\/03101855\/Obrazek-WhatsApp-2024-07-02-v-11.20.39_71bb81e2-1.jpg","datePublished":"2024-07-03T09:29:28+00:00","dateModified":"2024-07-03T11:09:42+00:00","author":{"@id":"https:\/\/www.afs.cz\/en\/#\/schema\/person\/bc52da0be76098030e75baeb919827ff"},"breadcrumb":{"@id":"https:\/\/www.afs.cz\/en\/2024\/07\/luca-nas-naucil-nespechat\/#breadcrumb"},"inLanguage":"en-US","potentialAction":[{"@type":"ReadAction","target":["https:\/\/www.afs.cz\/en\/2024\/07\/luca-nas-naucil-nespechat\/"]}]},{"@type":"ImageObject","inLanguage":"en-US","@id":"https:\/\/www.afs.cz\/en\/2024\/07\/luca-nas-naucil-nespechat\/#primaryimage","url":"https:\/\/d22dvihj4pfop3.cloudfront.net\/wp-content\/uploads\/sites\/84\/2024\/07\/03101855\/Obrazek-WhatsApp-2024-07-02-v-11.20.39_71bb81e2-1.jpg","contentUrl":"https:\/\/d22dvihj4pfop3.cloudfront.net\/wp-content\/uploads\/sites\/84\/2024\/07\/03101855\/Obrazek-WhatsApp-2024-07-02-v-11.20.39_71bb81e2-1.jpg","width":2048,"height":1536},{"@type":"BreadcrumbList","@id":"https:\/\/www.afs.cz\/en\/2024\/07\/luca-nas-naucil-nespechat\/#breadcrumb","itemListElement":[{"@type":"ListItem","position":1,"name":"Home","item":"https:\/\/czechrepublic.afssite.afs.org\/en\/"},{"@type":"ListItem","position":2,"name":"&#8222;Poznali jsme jinou mentalitu. Luca n\u00e1s nau\u010dil j\u00edst pomalu a nesp\u011bchat.&#8220;"}]},{"@type":"WebSite","@id":"https:\/\/www.afs.cz\/en\/#website","url":"https:\/\/www.afs.cz\/en\/","name":"Mezikulturn\u00ed programy","description":"Studium v zahrani\u010d\u00ed, hostitelsk\u00fd program, vzd\u011bl\u00e1vac\u00ed programy, dobrovolnictv\u00ed a mnoho dal\u0161\u00edho.","potentialAction":[{"@type":"SearchAction","target":{"@type":"EntryPoint","urlTemplate":"https:\/\/www.afs.cz\/en\/?s={search_term_string}"},"query-input":{"@type":"PropertyValueSpecification","valueRequired":true,"valueName":"search_term_string"}}],"inLanguage":"en-US"},{"@type":"Person","@id":"https:\/\/www.afs.cz\/en\/#\/schema\/person\/bc52da0be76098030e75baeb919827ff","name":"afscesko","image":{"@type":"ImageObject","inLanguage":"en-US","@id":"https:\/\/www.afs.cz\/en\/#\/schema\/person\/image\/","url":"https:\/\/secure.gravatar.com\/avatar\/eda270bfa745d003b9a210dc384a8c22e1a05bc41e5280645d3e2968a117c931?s=96&d=mm&r=g","contentUrl":"https:\/\/secure.gravatar.com\/avatar\/eda270bfa745d003b9a210dc384a8c22e1a05bc41e5280645d3e2968a117c931?s=96&d=mm&r=g","caption":"afscesko"},"url":"https:\/\/www.afs.cz\/en\/author\/afscesko\/"}]}},"_links":{"self":[{"href":"https:\/\/www.afs.cz\/en\/wp-json\/wp\/v2\/posts\/22875","targetHints":{"allow":["GET"]}}],"collection":[{"href":"https:\/\/www.afs.cz\/en\/wp-json\/wp\/v2\/posts"}],"about":[{"href":"https:\/\/www.afs.cz\/en\/wp-json\/wp\/v2\/types\/post"}],"author":[{"embeddable":true,"href":"https:\/\/www.afs.cz\/en\/wp-json\/wp\/v2\/users\/351"}],"replies":[{"embeddable":true,"href":"https:\/\/www.afs.cz\/en\/wp-json\/wp\/v2\/comments?post=22875"}],"version-history":[{"count":18,"href":"https:\/\/www.afs.cz\/en\/wp-json\/wp\/v2\/posts\/22875\/revisions"}],"predecessor-version":[{"id":22912,"href":"https:\/\/www.afs.cz\/en\/wp-json\/wp\/v2\/posts\/22875\/revisions\/22912"}],"wp:featuredmedia":[{"embeddable":true,"href":"https:\/\/www.afs.cz\/en\/wp-json\/wp\/v2\/media\/22890"}],"wp:attachment":[{"href":"https:\/\/www.afs.cz\/en\/wp-json\/wp\/v2\/media?parent=22875"}],"wp:term":[{"taxonomy":"category","embeddable":true,"href":"https:\/\/www.afs.cz\/en\/wp-json\/wp\/v2\/categories?post=22875"},{"taxonomy":"post_tag","embeddable":true,"href":"https:\/\/www.afs.cz\/en\/wp-json\/wp\/v2\/tags?post=22875"}],"curies":[{"name":"wp","href":"https:\/\/api.w.org\/{rel}","templated":true}]}}