{"id":22662,"date":"2024-06-19T13:56:34","date_gmt":"2024-06-19T12:56:34","guid":{"rendered":"https:\/\/czechrepublic.afssite.afs.org\/?p=22662"},"modified":"2024-06-20T08:49:01","modified_gmt":"2024-06-20T07:49:01","slug":"nas-nezapomenutelny-rok-s-karimem-z-chile","status":"publish","type":"post","link":"https:\/\/www.afs.cz\/en\/2024\/06\/nas-nezapomenutelny-rok-s-karimem-z-chile\/","title":{"rendered":"N\u00e1\u0161 nezapomenuteln\u00fd rok s Karimem z Chile"},"content":{"rendered":"<h5>&#8230;aneb &#8220;Karima nevyv\u011btr\u00e1\u0161..&#8221;<\/h5>\n<p>Jsme p\u011bti\u010dlenn\u00e1 rodina, kter\u00e1 p\u0159ed p\u00e1r lety utekla z\u00a0m\u011bsta a odst\u011bhovala se do mal\u00e9 horsk\u00e9 vesni\u010dky v Beskydech. A d\u00edky programu AFS jsme dostali kus sv\u011bta a\u017e k\u00a0n\u00e1m.<\/p>\n<p><figure class=\"wp-image-wrap\"><img loading=\"lazy\" decoding=\"async\" class=\"alignleft\" src=\"https:\/\/d22dvihj4pfop3.cloudfront.net\/wp-content\/uploads\/sites\/84\/2024\/06\/19134251\/20231125_103002-2-600x338.jpg\" alt=\"\" width=\"600\" height=\"338\" \/><\/figure><\/p>\n<p>Jsme aktivn\u00ed a neboj\u00edme se dobrodru\u017estv\u00ed. P\u0159iv\u00edtat u n\u00e1s studenta ze zahrani\u010d\u00ed byla prima v\u00fdzva. Nem\u011bli jsme mnoho \u010dasu na p\u0159\u00edpravu, ale to v\u016fbec nevadilo. Karim byl p\u0159ipraven\u00fd za n\u00e1s za v\u0161echny. P\u0159ilet\u011bl a\u017e z dalek\u00e9ho Chile, z oblasti pro n\u00e1s u\u017e subtropick\u00e9. <strong>P\u0159icestoval na konci \u00fanora do sn\u011bhem zapadan\u00fdch Beskyd, kde\u00a0 jsme si odhazovali cesti\u010dku dom\u016f lopatou. Ale bral to od za\u010d\u00e1tku sportovn\u011b.<\/strong> Jeho bezedn\u00e9 zavazadlo obsahovalo oble\u010den\u00ed a boty na v\u0161echna ro\u010dn\u00ed obdob\u00ed d\u00e1rky, tradi\u010dn\u00ed chilsk\u00e9 potraviny, p\u0159edm\u011bty na prezentaci tradic, a podobn\u011b. <strong>Tvrdil, \u017ee nen\u00ed \u0161patn\u00e9 po\u010das\u00ed, jen \u0161patn\u00e9 oble\u010den\u00ed.<\/strong> A nebyl p\u0159ipraven jen na nezmary po\u010das\u00ed, p\u0159ekvapoval n\u00e1s po celou dobu sv\u00e9ho pobytu u n\u00e1s.<\/p>\n<p><figure class=\"wp-image-wrap\"><img loading=\"lazy\" decoding=\"async\" class=\"size-medium wp-image-22667 alignright\" src=\"https:\/\/d22dvihj4pfop3.cloudfront.net\/wp-content\/uploads\/sites\/84\/2024\/06\/19134228\/P8134749-1-1-600x450.jpg\" alt=\"\" width=\"600\" height=\"450\" \/><\/figure><\/p>\n<p>Mo\u017en\u00e1 si \u0159\u00edk\u00e1te stejn\u011b jako my na za\u010d\u00e1tku, \u017ee \u010d\u00edm v\u011bt\u0161\u00ed je geografick\u00e1 vzd\u00e1lenost, t\u00edm v\u011bt\u0161\u00ed budou kulturn\u00ed rozd\u00edly a zvyky. Nemohli jsme se m\u00fdlit v\u00edce. Karim p\u0159ijel a okam\u017eit\u011b zapadl, a to nejen do sn\u011bhu. <strong>Na\u0161i synov\u00e9 ho hned za\u010dali br\u00e1t jako star\u0161\u00edho br\u00e1chu.<\/strong> Sta\u010dilo p\u00e1r minut a v\u0161ichni se sm\u00e1li, nehled\u011b na jazykovou bari\u00e9ru. D\u011bti se v\u017edy adaptuj\u00ed jako prvn\u00ed, ale mus\u00edm uznat, \u017ee kulturn\u00ed \u0161ok se nekonal ani v dal\u0161\u00edch oblastech. <strong>Karimovi chutnalo snad v\u0161e. Nejen typick\u00e1 \u010desk\u00e1 j\u00eddla jako knedl\u00edky, sv\u00ed\u010dkov\u00e1 \u010di buchti\u010dky, ale i ty m\u00edstn\u00ed \u2013 halu\u0161ky nebo bramborov\u00e9 placky pe\u010den\u00e9 na peci.<\/strong> My jsme naopak do na\u0161eho j\u00eddeln\u00ed\u010dku za\u0159adili mnohem v\u00edce avok\u00e1da ve v\u0161ech podob\u00e1ch, nau\u010dili se p\u00e9ct typick\u00e9 chilsk\u00e9 dezerty a ochutnali nejlep\u0161\u00ed hot-dog na sv\u011bt\u011b \u2013 tzv. completo, kter\u00e9 m\u00e1 v chilsk\u00e9m kalend\u00e1\u0159i i sv\u016fj sv\u00e1tek. Co se t\u00fd\u010de tradic, tak tam u\u017e by se n\u011bjak\u00e9 rozd\u00edly na\u0161ly. Nejv\u011bt\u0161\u00edm p\u0159ekvapen\u00edm pro Karima bylo asi pleten\u00ed a pou\u017eit\u00ed poml\u00e1zky.<\/p>\n<p>Rozd\u00edl v\u00a0na\u0161ich jazyc\u00edch bylo asi to jedin\u00e9, co jsme \u0159e\u0161ili. Krom\u011b m\u011b a nejstar\u0161\u00edho syna neum\u011bl (ano, p\u00ed\u0161u to schv\u00e1ln\u011b v\u00a0minul\u00e9m \u010dase) nikdo sestavit v\u011btu anglicky, se \u0161pan\u011bl\u0161tinou se setkal ve \u0161kole tak\u00e9 pouze n\u00e1\u0161 nejstar\u0161\u00ed syn. Pak ale nastalo jak\u00e9si \u201elom\u0148ansk\u00e9 zmaten\u00ed jazyk\u016f\u201c. Oba mlad\u0161\u00ed synov\u00e9 b\u011bhem p\u00e1r t\u00fddn\u016f za\u010dali samostatn\u011b komunikovat v\u00a0angli\u010dtin\u011b, a tak se angli\u010dtina stala na\u0161\u00edm prim\u00e1rn\u00edm jazykem i p\u0159i komunikaci doma. Nav\u00edc jsme pochytili n\u011bco ze \u0161pan\u011bl\u0161tiny, Karim zase z\u00a0\u010de\u0161tiny, a dokonce i z\u00a0na\u0161eho n\u00e1\u0159e\u010d\u00ed, kter\u00e9mu se \u0159\u00edk\u00e1 \u201epo naszymu\u201c. <strong>Nov\u00e1 slov\u00ed\u010dka, jejich v\u00fdslovnost a spoustu legrace kolem, to bylo na denn\u00edm po\u0159\u00e1dku.<\/strong><\/p>\n<p><figure class=\"wp-image-wrap\"><img loading=\"lazy\" decoding=\"async\" class=\"size-medium wp-image-22665 alignleft\" src=\"https:\/\/d22dvihj4pfop3.cloudfront.net\/wp-content\/uploads\/sites\/84\/2024\/06\/19134209\/P8114278-600x450.jpg\" alt=\"\" width=\"600\" height=\"450\" \/><\/figure><\/p>\n<p>U n\u00e1s v \u201egorolii\u201c nen\u00ed t\u0159eba um\u011bt jazyk, lid\u00e9 jsou srde\u010dn\u00ed a otev\u0159en\u00ed a v\u017edy se n\u011bjak domluv\u00ed. <strong>A to usnadnilo Karimovi zapojit se hned do m\u00edstn\u00edho d\u011bn\u00ed.<\/strong> Krom\u011b akc\u00ed v\u00a0okol\u00ed, kam chodil s\u00a0celou rodinou, se stal v\u00fdznamn\u00fdm \u010dlenem m\u00edstn\u00edho fotbalov\u00e9ho klubu, \u00fa\u010dastnil se sportovn\u00edch sout\u011b\u017e\u00ed (fotbalov\u00fdch z\u00e1pas\u016f, b\u011bhu na Kozubovou \u010di jako doprovodu p\u0159i dob\u0159e zn\u00e1m\u00e9 beskydsk\u00e9 B7).<\/p>\n<p>Navzdory tomu, \u017ee se Karim p\u0159ist\u011bhoval pravd\u011bpodobn\u011b do toho nejzaz\u0161\u00edho kouta \u010cR (nejkrat\u0161\u00ed cesta autem do Prahy je v\u00edce ne\u017e 380 km dlouh\u00e1), z\u00a0hlediska mo\u017enosti n\u011bco nav\u0161t\u00edvit a vid\u011bt rozhodn\u011b netrp\u011bl. Prozradil n\u00e1m, \u017ee si s\u00a0rodinou v\u00a0Chile pov\u00eddali o tom, jak\u00e9 to v\u00a0\u010cR bude. Poznamenal pr\u00fd, \u017ee by se necht\u011bl dostat n\u011bkam sem, do na\u0161eho regionu \u2013 daleko od Prahy, od v\u0161eho zaj\u00edmav\u00e9ho d\u011bn\u00ed, od ostatn\u00edch student\u016f AFS. Celkem \u0161koda, \u017ee jsme nemohli vid\u011bt jeho v\u00fdraz, kdy\u017e p\u0159i\u0161la nab\u00eddka pr\u00e1v\u011b od n\u00e1s jako hostitelsk\u00e9 rodiny. Zato jsme ale vid\u011bli \u0161\u0165astn\u00e9ho kluka, jak p\u0159ed n\u00e1vratem dom\u016f do Chile dolepuje posledn\u00ed turistickou vizitku do sv\u00e9ho turistick\u00e9ho den\u00edku. <strong>P\u0159i pohledu zp\u011bt je a\u017e neuv\u011b\u0159iteln\u00e9, kolik jsme toho za ten rok stihli. \u010ceskou republiku jsme procestovali k\u0159\u00ed\u017eem kr\u00e1\u017eem, nav\u0161t\u00edvili spousty hrad\u016f, m\u011bstsk\u00fdch pam\u00e1tek, muze\u00ed, jeskyn\u00ed, rozhleden, p\u0159\u00edrodn\u00edch rezervac\u00ed, zoo, sportovn\u00edch a kulturn\u00edch akc\u00ed a p\u0159edstaven\u00ed.<\/strong> Provedli jsme Karima v\u0161emi mo\u017en\u00fdmi specifiky na\u0161eho regionu nevyj\u00edmaje oblast hornictv\u00ed, pivovarnictv\u00ed \u010di folkl\u00f3ru, ale vycestovali jsme tak\u00e9 do zahrani\u010d\u00ed \u2013 do sousedn\u00edho Polska, Slovenska, Rakouska, Ma\u010farska, It\u00e1lie, Slovinska \u010di Nizozem\u00ed. Pro n\u00e1s jako rodinu to byla jedna velk\u00e1 dovolen\u00e1 a tak\u00e9 neuv\u011b\u0159iteln\u00e1 zku\u0161enost a pozn\u00e1n\u00ed, \u017ee tady m\u00e1me b\u00fdt na co hrd\u00ed.<\/p>\n<p><figure class=\"wp-image-wrap\"><img loading=\"lazy\" decoding=\"async\" class=\"size-medium wp-image-22673 alignright\" src=\"https:\/\/d22dvihj4pfop3.cloudfront.net\/wp-content\/uploads\/sites\/84\/2024\/06\/19134323\/P7051992-600x450.jpg\" alt=\"\" width=\"600\" height=\"450\" \/><\/figure><\/p>\n<p>Pravda je, \u017ee jsme mysleli na to, jestli se Karimovi nebude daleko v Beskydech st\u00fdskat po AFS studentech. Ale nakonec i to se povedlo k radosti n\u00e1s v\u0161ech vy\u0159e\u0161it. Karim \u010dasto a r\u00e1d jezdil za AFS kamar\u00e1dy do Prahy i jinam po \u010cR. A proto\u017ee v\u00edme, jak je tady ten n\u00e1\u0161 mali\u010dk\u00fd r\u00e1j na zemi svou atmosf\u00e9rou naka\u017eliv\u00fd, vymysleli jsme akce i u n\u00e1s doma, abychom ostatn\u00ed AFS studenty tak\u00e9 trochu poznali. P\u0159ijela jich v\u00edc ne\u017e des\u00edtka a mnoz\u00ed z\u00a0nich se opakovan\u011b vraceli. <strong>Na\u0161i kluci tu m\u011bli najednou cel\u00fd sv\u011bt z\u00a0pohodl\u00ed domova.<\/strong><\/p>\n<p>Kdy\u017e se po roce ho\u0161t\u011bn\u00ed n\u00e1\u0161 nejmlad\u0161\u00ed syn nast\u011bhoval zp\u011bt do sv\u00e9ho pokoj\u00ed\u010dku, kter\u00fd p\u0159edt\u00edm ob\u00fdval Karim, a j\u00e1 mu p\u0159i\u0161la p\u0159ed span\u00edm otev\u0159\u00edt okno, \u0159\u00edk\u00e1m mu, \u017ee si nemohu pomoct a po\u0159\u00e1d tam toho Karima vid\u00edm. A on na to \u00fapln\u011b bezelstn\u011b odv\u011btil: <strong>\u201eMami, Karima nevyv\u011btr\u00e1\u0161.\u201c<\/strong> L\u00edp bych to ne\u0159ekla, Karim z\u016fstane v\u00a0na\u0161ich srdc\u00edch u\u017e napo\u0159\u00e1d. V\u011b\u0159\u00edme, \u017ee se \u010dasem najdeme prostor pro n\u011bjak\u00fd dal\u0161\u00ed kousek sv\u011bta, kter\u00fd budeme cht\u00edt takto poznat. Jsme AFS neskute\u010dn\u011b vd\u011b\u010dn\u00ed za to, jakou zku\u0161enost n\u00e1m dop\u0159\u00e1la a co v\u0161echno pro studenty a hostitelsk\u00e9 rodiny d\u011bl\u00e1.<\/p>\n<p><em>Rodina Chytkov\u00fdch z Horn\u00ed Lomn\u00e9 v Beskydech<\/em><\/p>\n<h3>Odkazy<\/h3>\n<ul>\n<li><a href=\"https:\/\/www.afs.cz\/hostitelsky-program\/\">Hostitelsk\u00fd program<\/a><\/li>\n<li><a href=\"https:\/\/www.afs.cz\/hostitelsky-program\/nezavazna-prihlaska-hostitelsky-program\/\" target=\"_blank\" rel=\"noopener\">Nez\u00e1vazn\u00e1 p\u0159ihl\u00e1\u0161ka &#8211; hostitelsk\u00fd program<\/a><\/li>\n<li><a href=\"https:\/\/www.afs.cz\/studium-v-zahranici\/\" target=\"_blank\" rel=\"noopener\">Studium v zahrani\u010d\u00ed AFS<\/a><\/li>\n<\/ul>\n","protected":false},"excerpt":{"rendered":"<p>&#8230;aneb &#8220;Karima nevyv\u011btr\u00e1\u0161..&#8221; Jsme p\u011bti\u010dlenn\u00e1 rodina, kter\u00e1 p\u0159ed p\u00e1r lety utekla z\u00a0m\u011bsta a odst\u011bhovala se do mal\u00e9 horsk\u00e9 vesni\u010dky v&hellip;<\/p>\n","protected":false},"author":351,"featured_media":22671,"comment_status":"closed","ping_status":"closed","sticky":false,"template":"","format":"standard","meta":{"footnotes":""},"categories":[49,150],"tags":[],"class_list":["post-22662","post","type-post","status-publish","format-standard","has-post-thumbnail","hentry","category-hostitelsky-program","category-pribehy-hostitelskych-rodin"],"yoast_head":"<!-- This site is optimized with the Yoast SEO Premium plugin v26.6 (Yoast SEO v26.6) - https:\/\/yoast.com\/wordpress\/plugins\/seo\/ -->\n<title>N\u00e1\u0161 nezapomenuteln\u00fd rok s Karimem z Chile - Mezikulturn\u00ed programy<\/title>\n<meta name=\"robots\" content=\"index, follow, max-snippet:-1, max-image-preview:large, max-video-preview:-1\" \/>\n<link rel=\"canonical\" href=\"https:\/\/www.afs.cz\/en\/2024\/06\/nas-nezapomenutelny-rok-s-karimem-z-chile\/\" \/>\n<meta property=\"og:locale\" content=\"en_US\" \/>\n<meta property=\"og:type\" content=\"article\" \/>\n<meta property=\"og:title\" content=\"N\u00e1\u0161 nezapomenuteln\u00fd rok s Karimem z Chile\" \/>\n<meta property=\"og:description\" content=\"&#8230;aneb &#8220;Karima nevyv\u011btr\u00e1\u0161..&#8221; Jsme p\u011bti\u010dlenn\u00e1 rodina, kter\u00e1 p\u0159ed p\u00e1r lety utekla z\u00a0m\u011bsta a odst\u011bhovala se do mal\u00e9 horsk\u00e9 vesni\u010dky v&hellip;\" \/>\n<meta property=\"og:url\" content=\"https:\/\/www.afs.cz\/en\/2024\/06\/nas-nezapomenutelny-rok-s-karimem-z-chile\/\" \/>\n<meta property=\"og:site_name\" content=\"Mezikulturn\u00ed programy\" \/>\n<meta property=\"article:published_time\" content=\"2024-06-19T12:56:34+00:00\" \/>\n<meta property=\"article:modified_time\" content=\"2024-06-20T07:49:01+00:00\" \/>\n<meta property=\"og:image\" content=\"https:\/\/d22dvihj4pfop3.cloudfront.net\/wp-content\/uploads\/sites\/84\/2024\/06\/19134305\/20231125_103002-3-1200x630.jpg\" \/>\n\t<meta property=\"og:image:width\" content=\"1200\" \/>\n\t<meta property=\"og:image:height\" content=\"630\" \/>\n\t<meta property=\"og:image:type\" content=\"image\/jpeg\" \/>\n<meta name=\"author\" content=\"afscesko\" \/>\n<meta name=\"twitter:card\" content=\"summary_large_image\" \/>\n<meta name=\"twitter:label1\" content=\"Written by\" \/>\n\t<meta name=\"twitter:data1\" content=\"afscesko\" \/>\n\t<meta name=\"twitter:label2\" content=\"Est. reading time\" \/>\n\t<meta name=\"twitter:data2\" content=\"6 minutes\" \/>\n<script type=\"application\/ld+json\" class=\"yoast-schema-graph\">{\"@context\":\"https:\/\/schema.org\",\"@graph\":[{\"@type\":\"WebPage\",\"@id\":\"https:\/\/www.afs.cz\/en\/2024\/06\/nas-nezapomenutelny-rok-s-karimem-z-chile\/\",\"url\":\"https:\/\/www.afs.cz\/en\/2024\/06\/nas-nezapomenutelny-rok-s-karimem-z-chile\/\",\"name\":\"N\u00e1\u0161 nezapomenuteln\u00fd rok s Karimem z Chile - Mezikulturn\u00ed programy\",\"isPartOf\":{\"@id\":\"https:\/\/www.afs.cz\/en\/#website\"},\"primaryImageOfPage\":{\"@id\":\"https:\/\/www.afs.cz\/en\/2024\/06\/nas-nezapomenutelny-rok-s-karimem-z-chile\/#primaryimage\"},\"image\":{\"@id\":\"https:\/\/www.afs.cz\/en\/2024\/06\/nas-nezapomenutelny-rok-s-karimem-z-chile\/#primaryimage\"},\"thumbnailUrl\":\"https:\/\/d22dvihj4pfop3.cloudfront.net\/wp-content\/uploads\/sites\/84\/2024\/06\/19134305\/20231125_103002-3.jpg\",\"datePublished\":\"2024-06-19T12:56:34+00:00\",\"dateModified\":\"2024-06-20T07:49:01+00:00\",\"author\":{\"@id\":\"https:\/\/www.afs.cz\/en\/#\/schema\/person\/bc52da0be76098030e75baeb919827ff\"},\"breadcrumb\":{\"@id\":\"https:\/\/www.afs.cz\/en\/2024\/06\/nas-nezapomenutelny-rok-s-karimem-z-chile\/#breadcrumb\"},\"inLanguage\":\"en-US\",\"potentialAction\":[{\"@type\":\"ReadAction\",\"target\":[\"https:\/\/www.afs.cz\/en\/2024\/06\/nas-nezapomenutelny-rok-s-karimem-z-chile\/\"]}]},{\"@type\":\"ImageObject\",\"inLanguage\":\"en-US\",\"@id\":\"https:\/\/www.afs.cz\/en\/2024\/06\/nas-nezapomenutelny-rok-s-karimem-z-chile\/#primaryimage\",\"url\":\"https:\/\/d22dvihj4pfop3.cloudfront.net\/wp-content\/uploads\/sites\/84\/2024\/06\/19134305\/20231125_103002-3.jpg\",\"contentUrl\":\"https:\/\/d22dvihj4pfop3.cloudfront.net\/wp-content\/uploads\/sites\/84\/2024\/06\/19134305\/20231125_103002-3.jpg\",\"width\":2048,\"height\":1152},{\"@type\":\"BreadcrumbList\",\"@id\":\"https:\/\/www.afs.cz\/en\/2024\/06\/nas-nezapomenutelny-rok-s-karimem-z-chile\/#breadcrumb\",\"itemListElement\":[{\"@type\":\"ListItem\",\"position\":1,\"name\":\"Home\",\"item\":\"https:\/\/czechrepublic.afssite.afs.org\/en\/\"},{\"@type\":\"ListItem\",\"position\":2,\"name\":\"N\u00e1\u0161 nezapomenuteln\u00fd rok s Karimem z Chile\"}]},{\"@type\":\"WebSite\",\"@id\":\"https:\/\/www.afs.cz\/en\/#website\",\"url\":\"https:\/\/www.afs.cz\/en\/\",\"name\":\"Mezikulturn\u00ed programy\",\"description\":\"Studium v zahrani\u010d\u00ed, hostitelsk\u00fd program, vzd\u011bl\u00e1vac\u00ed programy, dobrovolnictv\u00ed a mnoho dal\u0161\u00edho.\",\"potentialAction\":[{\"@type\":\"SearchAction\",\"target\":{\"@type\":\"EntryPoint\",\"urlTemplate\":\"https:\/\/www.afs.cz\/en\/?s={search_term_string}\"},\"query-input\":{\"@type\":\"PropertyValueSpecification\",\"valueRequired\":true,\"valueName\":\"search_term_string\"}}],\"inLanguage\":\"en-US\"},{\"@type\":\"Person\",\"@id\":\"https:\/\/www.afs.cz\/en\/#\/schema\/person\/bc52da0be76098030e75baeb919827ff\",\"name\":\"afscesko\",\"image\":{\"@type\":\"ImageObject\",\"inLanguage\":\"en-US\",\"@id\":\"https:\/\/www.afs.cz\/en\/#\/schema\/person\/image\/\",\"url\":\"https:\/\/secure.gravatar.com\/avatar\/eda270bfa745d003b9a210dc384a8c22e1a05bc41e5280645d3e2968a117c931?s=96&d=mm&r=g\",\"contentUrl\":\"https:\/\/secure.gravatar.com\/avatar\/eda270bfa745d003b9a210dc384a8c22e1a05bc41e5280645d3e2968a117c931?s=96&d=mm&r=g\",\"caption\":\"afscesko\"},\"url\":\"https:\/\/www.afs.cz\/en\/author\/afscesko\/\"}]}<\/script>\n<!-- \/ Yoast SEO Premium plugin. -->","yoast_head_json":{"title":"N\u00e1\u0161 nezapomenuteln\u00fd rok s Karimem z Chile - Mezikulturn\u00ed programy","robots":{"index":"index","follow":"follow","max-snippet":"max-snippet:-1","max-image-preview":"max-image-preview:large","max-video-preview":"max-video-preview:-1"},"canonical":"https:\/\/www.afs.cz\/en\/2024\/06\/nas-nezapomenutelny-rok-s-karimem-z-chile\/","og_locale":"en_US","og_type":"article","og_title":"N\u00e1\u0161 nezapomenuteln\u00fd rok s Karimem z Chile","og_description":"&#8230;aneb &#8220;Karima nevyv\u011btr\u00e1\u0161..&#8221; Jsme p\u011bti\u010dlenn\u00e1 rodina, kter\u00e1 p\u0159ed p\u00e1r lety utekla z\u00a0m\u011bsta a odst\u011bhovala se do mal\u00e9 horsk\u00e9 vesni\u010dky v&hellip;","og_url":"https:\/\/www.afs.cz\/en\/2024\/06\/nas-nezapomenutelny-rok-s-karimem-z-chile\/","og_site_name":"Mezikulturn\u00ed programy","article_published_time":"2024-06-19T12:56:34+00:00","article_modified_time":"2024-06-20T07:49:01+00:00","og_image":[{"width":1200,"height":630,"url":"https:\/\/d22dvihj4pfop3.cloudfront.net\/wp-content\/uploads\/sites\/84\/2024\/06\/19134305\/20231125_103002-3-1200x630.jpg","type":"image\/jpeg"}],"author":"afscesko","twitter_card":"summary_large_image","twitter_misc":{"Written by":"afscesko","Est. reading time":"6 minutes"},"schema":{"@context":"https:\/\/schema.org","@graph":[{"@type":"WebPage","@id":"https:\/\/www.afs.cz\/en\/2024\/06\/nas-nezapomenutelny-rok-s-karimem-z-chile\/","url":"https:\/\/www.afs.cz\/en\/2024\/06\/nas-nezapomenutelny-rok-s-karimem-z-chile\/","name":"N\u00e1\u0161 nezapomenuteln\u00fd rok s Karimem z Chile - Mezikulturn\u00ed programy","isPartOf":{"@id":"https:\/\/www.afs.cz\/en\/#website"},"primaryImageOfPage":{"@id":"https:\/\/www.afs.cz\/en\/2024\/06\/nas-nezapomenutelny-rok-s-karimem-z-chile\/#primaryimage"},"image":{"@id":"https:\/\/www.afs.cz\/en\/2024\/06\/nas-nezapomenutelny-rok-s-karimem-z-chile\/#primaryimage"},"thumbnailUrl":"https:\/\/d22dvihj4pfop3.cloudfront.net\/wp-content\/uploads\/sites\/84\/2024\/06\/19134305\/20231125_103002-3.jpg","datePublished":"2024-06-19T12:56:34+00:00","dateModified":"2024-06-20T07:49:01+00:00","author":{"@id":"https:\/\/www.afs.cz\/en\/#\/schema\/person\/bc52da0be76098030e75baeb919827ff"},"breadcrumb":{"@id":"https:\/\/www.afs.cz\/en\/2024\/06\/nas-nezapomenutelny-rok-s-karimem-z-chile\/#breadcrumb"},"inLanguage":"en-US","potentialAction":[{"@type":"ReadAction","target":["https:\/\/www.afs.cz\/en\/2024\/06\/nas-nezapomenutelny-rok-s-karimem-z-chile\/"]}]},{"@type":"ImageObject","inLanguage":"en-US","@id":"https:\/\/www.afs.cz\/en\/2024\/06\/nas-nezapomenutelny-rok-s-karimem-z-chile\/#primaryimage","url":"https:\/\/d22dvihj4pfop3.cloudfront.net\/wp-content\/uploads\/sites\/84\/2024\/06\/19134305\/20231125_103002-3.jpg","contentUrl":"https:\/\/d22dvihj4pfop3.cloudfront.net\/wp-content\/uploads\/sites\/84\/2024\/06\/19134305\/20231125_103002-3.jpg","width":2048,"height":1152},{"@type":"BreadcrumbList","@id":"https:\/\/www.afs.cz\/en\/2024\/06\/nas-nezapomenutelny-rok-s-karimem-z-chile\/#breadcrumb","itemListElement":[{"@type":"ListItem","position":1,"name":"Home","item":"https:\/\/czechrepublic.afssite.afs.org\/en\/"},{"@type":"ListItem","position":2,"name":"N\u00e1\u0161 nezapomenuteln\u00fd rok s Karimem z Chile"}]},{"@type":"WebSite","@id":"https:\/\/www.afs.cz\/en\/#website","url":"https:\/\/www.afs.cz\/en\/","name":"Mezikulturn\u00ed programy","description":"Studium v zahrani\u010d\u00ed, hostitelsk\u00fd program, vzd\u011bl\u00e1vac\u00ed programy, dobrovolnictv\u00ed a mnoho dal\u0161\u00edho.","potentialAction":[{"@type":"SearchAction","target":{"@type":"EntryPoint","urlTemplate":"https:\/\/www.afs.cz\/en\/?s={search_term_string}"},"query-input":{"@type":"PropertyValueSpecification","valueRequired":true,"valueName":"search_term_string"}}],"inLanguage":"en-US"},{"@type":"Person","@id":"https:\/\/www.afs.cz\/en\/#\/schema\/person\/bc52da0be76098030e75baeb919827ff","name":"afscesko","image":{"@type":"ImageObject","inLanguage":"en-US","@id":"https:\/\/www.afs.cz\/en\/#\/schema\/person\/image\/","url":"https:\/\/secure.gravatar.com\/avatar\/eda270bfa745d003b9a210dc384a8c22e1a05bc41e5280645d3e2968a117c931?s=96&d=mm&r=g","contentUrl":"https:\/\/secure.gravatar.com\/avatar\/eda270bfa745d003b9a210dc384a8c22e1a05bc41e5280645d3e2968a117c931?s=96&d=mm&r=g","caption":"afscesko"},"url":"https:\/\/www.afs.cz\/en\/author\/afscesko\/"}]}},"_links":{"self":[{"href":"https:\/\/www.afs.cz\/en\/wp-json\/wp\/v2\/posts\/22662","targetHints":{"allow":["GET"]}}],"collection":[{"href":"https:\/\/www.afs.cz\/en\/wp-json\/wp\/v2\/posts"}],"about":[{"href":"https:\/\/www.afs.cz\/en\/wp-json\/wp\/v2\/types\/post"}],"author":[{"embeddable":true,"href":"https:\/\/www.afs.cz\/en\/wp-json\/wp\/v2\/users\/351"}],"replies":[{"embeddable":true,"href":"https:\/\/www.afs.cz\/en\/wp-json\/wp\/v2\/comments?post=22662"}],"version-history":[{"count":10,"href":"https:\/\/www.afs.cz\/en\/wp-json\/wp\/v2\/posts\/22662\/revisions"}],"predecessor-version":[{"id":22694,"href":"https:\/\/www.afs.cz\/en\/wp-json\/wp\/v2\/posts\/22662\/revisions\/22694"}],"wp:featuredmedia":[{"embeddable":true,"href":"https:\/\/www.afs.cz\/en\/wp-json\/wp\/v2\/media\/22671"}],"wp:attachment":[{"href":"https:\/\/www.afs.cz\/en\/wp-json\/wp\/v2\/media?parent=22662"}],"wp:term":[{"taxonomy":"category","embeddable":true,"href":"https:\/\/www.afs.cz\/en\/wp-json\/wp\/v2\/categories?post=22662"},{"taxonomy":"post_tag","embeddable":true,"href":"https:\/\/www.afs.cz\/en\/wp-json\/wp\/v2\/tags?post=22662"}],"curies":[{"name":"wp","href":"https:\/\/api.w.org\/{rel}","templated":true}]}}