{"id":21859,"date":"2024-05-23T13:15:07","date_gmt":"2024-05-23T12:15:07","guid":{"rendered":"https:\/\/czechrepublic.afssite.afs.org\/?p=21859"},"modified":"2024-05-23T13:27:02","modified_gmt":"2024-05-23T12:27:02","slug":"kulturu-neni-mozne-dobre-poznat-jako-turista-je-nutne-v-ni-zit","status":"publish","type":"post","link":"https:\/\/www.afs.cz\/en\/2024\/05\/kulturu-neni-mozne-dobre-poznat-jako-turista-je-nutne-v-ni-zit\/","title":{"rendered":"&#8220;Kulturu nen\u00ed mo\u017en\u00e9 dob\u0159e poznat jako turista, je nutn\u00e9 v n\u00ed \u017e\u00edt.&#8221;"},"content":{"rendered":"<p>&#8230;\u0159\u00edk\u00e1 Lorenzo, jeden ze student\u016f a studentek, kte\u0159\u00ed p\u0159ijedou <strong>v srpnu 2024<\/strong> do \u010cesk\u00e9 republiky. R\u00e1d by v \u010cech\u00e1ch sv\u00e9 hostitelsk\u00e9 rodin\u011b, nov\u00fd p\u0159\u00e1tel\u016fm a spolu\u017e\u00e1k\u016fm p\u0159edstavil italskou kulturu.<\/p>\n<p><figure class=\"wp-image-wrap\"><img loading=\"lazy\" decoding=\"async\" class=\"alignnone size-medium wp-image-19826 alignright\" src=\"https:\/\/d22dvihj4pfop3.cloudfront.net\/wp-content\/uploads\/sites\/84\/2023\/09\/17164548\/Nahledy-do-textu-na-web-25-600x338.png\" alt=\"AFS studenti z It\u00e1lie\" width=\"600\" height=\"338\" \/><\/figure><\/p>\n<p><a href=\"https:\/\/www.afs.cz\/hostitelsky-program\/\" target=\"_blank\" rel=\"noopener\">Sta\u0148te se hostitelskou rodinou<\/a> studentky nebo studenta p\u0159ij\u00ed\u017ed\u011bj\u00edc\u00edch v srpnu 2024 do \u010cesk\u00e9 republiky na jeden \u0161koln\u00ed rok, semestr nebo t\u0159i m\u011bs\u00edce. V n\u00e1sleduj\u00edc\u00edm \u010dl\u00e1nku v\u00e1m p\u0159ibl\u00ed\u017e\u00edme profily <strong>t\u0159\u00ed student\u016f z It\u00e1lie<\/strong>, kte\u0159\u00ed se rozhodli poznat \u010deskou kulturu.<\/p>\n<p>&nbsp;<\/p>\n<h3>&#8220;V\u011b\u0159\u00edm, \u017ee kulturu nen\u00ed mo\u017en\u00e9 dob\u0159e poznat jako turista, je nutn\u00e9 v n\u00ed \u017e\u00edt..&#8221;<\/h3>\n<p>&#8230;\u0159\u00edk\u00e1 o sv\u00e9 motivaci studovat v \u010cech\u00e1ch Lorenzo.<\/p>\n<p><strong style=\"font-size: 18px;\"><figure class=\"wp-image-wrap\"><img loading=\"lazy\" decoding=\"async\" class=\"size-medium wp-image-21402 alignright\" style=\"max-width: 35%;\" src=\"https:\/\/d22dvihj4pfop3.cloudfront.net\/wp-content\/uploads\/sites\/84\/2024\/03\/13143959\/Lorenzo-600x338.png\" alt=\"\" width=\"600\" height=\"338\" \/><\/figure><\/strong><\/p>\n<h5><strong>Seznamte se s Lorenzem z It\u00e1lie<\/strong><\/h5>\n<ul>\n<li style=\"font-weight: 400;\" aria-level=\"1\"><span style=\"font-weight: 400;\">V\u011bk 17 let<\/span><\/li>\n<li style=\"font-weight: 400;\" aria-level=\"1\"><span style=\"font-weight: 400;\">D\u00e9lka programu: \u0161koln\u00ed rok<\/span><\/li>\n<li style=\"font-weight: 400;\" aria-level=\"1\"><span style=\"font-weight: 400;\">P\u0159\u00edlet: srpen 2024<\/span><\/li>\n<li style=\"font-weight: 400;\" aria-level=\"1\"><span style=\"font-weight: 400;\">Jazyky: angli\u010dtina, z\u00e1klady francouz\u0161tiny<\/span><\/li>\n<\/ul>\n<p><a class=\"button\" href=\"https:\/\/www.afs.cz\/hostitelsky-program\/nezavazna-prihlaska-hostitelsky-program\/\" target=\"_blank\" rel=\"noopener\">Chci se st\u00e1t hostitelskou rodinou<\/a><\/p>\n<p><span style=\"font-weight: 400;\">\u201cZku\u0161enosti s cestov\u00e1n\u00edm u\u017e m\u00e1m, byl jsem na m\u011bs\u00edc v USA a v Austr\u00e1lii, procestoval jsem skandin\u00e1vsk\u00e9 zem\u011b a nav\u0161t\u00edvil n\u011bkolik dal\u0161\u00edch evropsk\u00fdch zem\u00ed. V\u011b\u0159\u00edm ale, \u017ee <\/span><b>kulturu nen\u00ed mo\u017en\u00e9 dob\u0159e poznat p\u0159i cestov\u00e1n\u00ed jako turista, je t\u0159eba v n\u00ed \u017e\u00edt.<\/b><span style=\"font-weight: 400;\"> R\u00e1d bych se proto do \u010desk\u00e9 kultury \u00fapln\u011b pono\u0159il. V\u011b\u0159\u00edm, \u017ee AFS program je br\u00e1na k mnoha mo\u017enostem a osobn\u00edmu r\u016fstu,\u201d \u0159\u00edk\u00e1 Lorenzo o tom, pro\u010d se t\u011b\u0161\u00ed na sv\u016fj program.<\/span><\/p>\n<p><span style=\"font-weight: 400;\">Lorenzo m\u00e1 r\u00e1d geografii a geopolitiku. Vyhled\u00e1v\u00e1 fakta o politick\u00e9 a ekonomick\u00e9 situaci r\u016fzn\u00fdch zem\u00ed. \u201cR\u00e1d debatuji o politice s lidmi, kter\u00e9 politika zaj\u00edm\u00e1. <\/span><b>Je d\u016fle\u017eit\u00e9 v\u011bd\u011bt, co se d\u011bje ve sv\u011bt\u011b a jak\u00e9 to m\u00e1 dopady v ka\u017edodenn\u00edm \u017eivot\u011b,<\/b><span style=\"font-weight: 400;\">\u201d popisuje student sv\u00e9 z\u00e1jmy.\u00a0<\/span><\/p>\n<p><span style=\"font-weight: 400;\">Poch\u00e1z\u00ed ze severn\u00ed It\u00e1lie, kde \u017eije se sv\u00fdmi rodi\u010di a mlad\u0161\u00ed a star\u0161\u00ed sestrou. \u201cS rodinou m\u00e1m v\u00fdborn\u00fd vztah. Moji rodi\u010de jsou moj\u00ed nejv\u011bt\u0161\u00ed oporou. R\u00e1d si od nich nech\u00e1v\u00e1m poradit, pom\u00e1haj\u00ed mi dob\u0159e se rozhodovat.\u201d<\/span><\/p>\n<p><span style=\"font-weight: 400;\">P\u0159\u00e1tel\u00e9 Lorenza popisuj\u00ed jako mil\u00e9ho, vesel\u00e9ho a zv\u00eddav\u00e9ho \u010dlov\u011bka, kter\u00fd si rozum\u00ed skoro s ka\u017ed\u00fdm. Lorenzo r\u00e1d s p\u0159\u00e1teli tr\u00e1v\u00ed sv\u016fj voln\u00fd \u010das. O p\u0159\u00e1telstv\u00ed \u0159\u00edk\u00e1, <\/span><b>\u201cJe lep\u0161\u00ed m\u00edt p\u00e1r opravdu dobr\u00fdch p\u0159\u00e1tel, ne\u017e mnoho povrchn\u00edch p\u0159\u00e1telstv\u00ed.\u201c<\/b><\/p>\n<h3><strong>&#8220;P\u0159\u00edroda m\u011b fascinuje. Dobrovolni\u010d\u00edm v organizaci, kter\u00e1 se zab\u00fdv\u00e1 \u017eivotn\u00edm prost\u0159ed\u00edm..&#8221;<\/strong><\/h3>\n<p>&#8230;\u0159\u00edk\u00e1 Paolo o sv\u00fdch z\u00e1jmech.<\/p>\n<p><figure class=\"wp-image-wrap\"><img loading=\"lazy\" decoding=\"async\" class=\"size-medium wp-image-21343 alignright\" style=\"max-width: 35%; display: block; font-size: 18px;\" src=\"https:\/\/d22dvihj4pfop3.cloudfront.net\/wp-content\/uploads\/sites\/84\/2024\/03\/13104544\/Lise-1-600x338.png\" alt=\"Deniz - Turecko\" width=\"600\" height=\"338\" \/><\/figure><\/p>\n<h5><strong>Seznamte se s Paolem z It\u00e1lie\u00a0<\/strong><\/h5>\n<ul>\n<li style=\"font-weight: 400;\" aria-level=\"1\"><span style=\"font-weight: 400;\">V\u011bk 17 let<\/span><\/li>\n<li style=\"font-weight: 400;\" aria-level=\"1\"><span style=\"font-weight: 400;\">D\u00e9lka programu:\u00a0 t\u0159i m\u011bs\u00edce<\/span><\/li>\n<li style=\"font-weight: 400;\" aria-level=\"1\"><span style=\"font-weight: 400;\">P\u0159\u00edlet: srpen 2024<\/span><\/li>\n<li style=\"font-weight: 400;\" aria-level=\"1\"><span style=\"font-weight: 400;\">Jazyky: angli\u010dtina, z\u00e1klady francouz\u0161tiny<\/span><\/li>\n<\/ul>\n<p><a class=\"button\" href=\"https:\/\/www.afs.cz\/hostitelsky-program\/nezavazna-prihlaska-hostitelsky-program\/\" target=\"_blank\" rel=\"noopener\">Chci se st\u00e1t hostitelskou rodinou<\/a><\/p>\n<p><span style=\"font-weight: 400;\">Paolo studuje na kucha\u0159e, v budoucnu by si r\u00e1d roz\u0161\u00ed\u0159il svoj\u00ed specializaci na peka\u0159stv\u00ed a cukr\u00e1\u0159stv\u00ed. \u201cR\u00e1no vst\u00e1v\u00e1m brzy, abych autobusem dojel do m\u011bsta, kde je moje \u0161kola. Doj\u00ed\u017ed\u00edm celkem daleko, proto\u017ee tato hotelov\u00e1 <\/span><b>\u0161kola je lep\u0161\u00ed ne\u017e \u0161koly v m\u00e9m okol\u00ed<\/b><span style=\"font-weight: 400;\">,\u201d popisuje Paolo svou motivaci.\u00a0<\/span><\/p>\n<p><span style=\"font-weight: 400;\">\u201cR\u00e1d chod\u00edm na t\u00fary s p\u0159\u00e1teli, ale i s\u00e1m. P\u0159\u00edroda m\u011b fascinuje. Dobrovolni\u010d\u00edm v organizaci, kter\u00e1 se zab\u00fdv\u00e1 \u017eivotn\u00edm prost\u0159ed\u00edm,\u201d \u0159\u00edk\u00e1 Paolo o sv\u00fdch z\u00e1jmech. V budoucnu se chce st\u00e1t \u010dlenem <\/span><b>vl\u00e1dn\u00ed organizace, kter\u00e1 se zab\u00fdv\u00e1 ochranou p\u0159\u00edrody<\/b><span style=\"font-weight: 400;\">.<\/span> <span style=\"font-weight: 400;\">\u00a0<\/span><\/p>\n<p><span style=\"font-weight: 400;\">Paolo \u017eije se sv\u00fdmi rodi\u010di na jihu It\u00e1lie. \u201cS rodi\u010di m\u00e1m bl\u00edzk\u00fd vztah, rozum\u00ed mi. Obrac\u00edm se na n\u011b t\u00e9m\u011b\u0159 se v\u0161\u00edm, co pro\u017e\u00edv\u00e1m,\u201d popisuje Paolo vztah se svoj\u00ed rodinou.<\/span><\/p>\n<p><span style=\"font-weight: 400;\">Na programu chce poznat \u010deskou kulturu a vzd\u011bl\u00e1vac\u00ed syst\u00e9m. R\u00e1d by se v r\u00e1mci t\u0159\u00edm\u011bs\u00ed\u010dn\u00edho programu nau\u010dil alespo\u0148 trochu \u010desky.\u00a0<\/span><\/p>\n<h3><span style=\"font-weight: 400;\">\u201c<\/span><b>V\u011b\u0159\u00edm, \u017ee \u0161kola je prost\u0159ed\u00ed nejen pro akademick\u00fd, ale i osobn\u00ed rozvoj..&#8221;<\/b><\/h3>\n<p>&#8230;\u0159\u00edk\u00e1 Riccardo, kter\u00fd m\u00e1 svou \u0161kolu moc r\u00e1d.<\/p>\n<p><strong style=\"font-size: 18px;\"><figure class=\"wp-image-wrap\"><img loading=\"lazy\" decoding=\"async\" class=\"size-medium wp-image-21393 alignright\" style=\"max-width: 35%;\" src=\"https:\/\/d22dvihj4pfop3.cloudfront.net\/wp-content\/uploads\/sites\/84\/2024\/03\/13141320\/Antonio-600x338.png\" alt=\"\" width=\"600\" height=\"338\" \/><\/figure><\/strong><\/p>\n<h5><strong>Seznamte se s Riccardem z It\u00e1lie<\/strong><\/h5>\n<ul>\n<li>V\u011bk: 16 let<\/li>\n<li style=\"font-weight: 400;\" aria-level=\"1\"><span style=\"font-weight: 400;\">D\u00e9lka programu:\u00a0 \u0161koln\u00ed rok<\/span><\/li>\n<li style=\"font-weight: 400;\" aria-level=\"1\"><span style=\"font-weight: 400;\">P\u0159\u00edlet: srpen 2024<\/span><\/li>\n<li style=\"font-weight: 400;\" aria-level=\"1\"><span style=\"font-weight: 400;\">Jazyky: angli\u010dtina, z\u00e1klady francouz\u0161tiny<\/span><\/li>\n<\/ul>\n<p><a class=\"button\" href=\"https:\/\/www.afs.cz\/hostitelsky-program\/nezavazna-prihlaska-hostitelsky-program\/\" target=\"_blank\" rel=\"noopener\">Chci se st\u00e1t hostitelskou rodinou<\/a><\/p>\n<p><span style=\"font-weight: 400;\">\u201cRiccardo se v\u017edy aktivn\u011b \u00fa\u010dastn\u00ed v\u0161ech \u0161koln\u00edch akc\u00ed. P\u0159in\u00e1\u0161\u00ed sv\u016fj osobn\u00ed a origin\u00e1ln\u00ed pohled na v\u011bc. Respektuje pravidla, <\/span><b>v \u0159e\u0161en\u00ed situac\u00ed je konstruktivn\u00ed a proaktivn\u00ed<\/b><span style=\"font-weight: 400;\">, \u201c popisuje Riccarda jeden z jeho u\u010ditel\u016f.<\/span><\/p>\n<p><span style=\"font-weight: 400;\">Riccardo r\u00e1d chod\u00ed do \u0161koly. \u201c<\/span><b>V\u011b\u0159\u00edm, \u017ee \u0161kola je prost\u0159ed\u00ed nejen pro akademick\u00fd, ale i osobn\u00ed rozvoj<\/b><span style=\"font-weight: 400;\">. Tr\u00e1v\u00edme v n\u00ed minim\u00e1ln\u011b 5 hodin denn\u011b, tedy velkou \u010d\u00e1st sv\u00e9ho \u017eivota. Je d\u016fle\u017eit\u00e9 \u010derpat z n\u00ed v\u0161e, co nab\u00edz\u00ed.\u201d<\/span><\/p>\n<p><span style=\"font-weight: 400;\">S\u00e1m sebe Riccardo popisuje jako nezi\u0161tn\u00e9ho a spole\u010densk\u00e9ho. \u201cMoji rodi\u010de m\u011b nau\u010dili br\u00e1t ohledy na druh\u00e9 a pom\u00e1hat jim,\u201d \u0159\u00edk\u00e1 o sv\u00e9 osobnosti. M\u00e1 star\u0161\u00ed sestru a mlad\u0161\u00edho bratra.\u00a0<\/span><\/p>\n<p><span style=\"font-weight: 400;\">\u201cR\u00e1d cestuji. <\/span><b>P\u0159i cestov\u00e1n\u00ed se \u010dlov\u011bk vystavuje situac\u00edm, kter\u00e9 se mu v b\u011b\u017en\u00e9m denn\u00edm \u017eivot\u011b ned\u011bj\u00ed. Takov\u00e9 zku\u0161enosti \u010dlov\u011bka formuj\u00ed.<\/b><span style=\"font-weight: 400;\">\u201d Riccardo r\u00e1d cestuje, kdykoliv m\u00e1 p\u0159\u00edle\u017eitost.\u00a0<\/span><\/p>\n<p><span style=\"font-weight: 400;\">Na program vyr\u00e1\u017e\u00ed se zv\u011bdavost\u00ed a motivac\u00ed p\u0159izp\u016fsobit se ka\u017ed\u00e9mu aspektu \u010desk\u00e9 kultury. V\u011b\u0159\u00ed, \u017ee nau\u010dit se \u010desky pro n\u011bj nebude probl\u00e9m.\u00a0\u00a0<\/span><\/p>\n<h3>Informace o hostitelsk\u00e9m programu AFS<\/h3>\n<p><strong>Kdo se m\u016f\u017ee st\u00e1t hostitelskou rodinou?<\/strong><\/p>\n<ul>\n<li>Rodina, kter\u00e1 je ochotn\u00e1 p\u0159ijmout nov\u00e9ho \u010dlena.<\/li>\n<li>Rodina, kter\u00e1 se um\u00ed nadchnout a p\u0159ij\u00edmat nov\u00e9 z\u00e1\u017eitky a zku\u0161enosti.<\/li>\n<li>V\u00edt\u00e1me rodiny, kter\u00e9 jsou otev\u0159en\u00e9, nebo se cht\u011bj\u00ed otev\u0159\u00edt jin\u00fdm kultur\u00e1m.<\/li>\n<\/ul>\n<p><strong>Jak\u00e9 jsou p\u0159\u00ednosy ho\u0161t\u011bn\u00ed?<\/strong><\/p>\n<ul>\n<li>Z\u00edsk\u00e1te nov\u00e9ho \u010dlena rodiny a p\u0159\u00e1telstv\u00ed na cel\u00fd \u017eivot.<\/li>\n<li>Pozn\u00e1te novou kulturu a z\u00e1rove\u0148 l\u00e9pe i svou vlastn\u00ed.<\/li>\n<li>Porozum\u00edte odli\u0161nostem.<\/li>\n<\/ul>\n<h3>Odkazy<\/h3>\n<ul>\n<li><a href=\"https:\/\/www.afs.cz\/hostitelsky-program\/\">Hostitelsk\u00fd program<\/a>.<\/li>\n<li><a href=\"https:\/\/www.afs.cz\/hostitelsky-program\/poznejte-studenty-afs\/\" target=\"_blank\" rel=\"noopener\">Poznejte zahrani\u010dn\u00ed studenty<\/a><\/li>\n<li><a href=\"https:\/\/www.afs.cz\/studium-v-zahranici\/\" target=\"_blank\" rel=\"noopener\">Studium v zahrani\u010d\u00ed AFS<\/a><\/li>\n<li><a href=\"https:\/\/www.afs.cz\/hostitelsky-program\/nezavazna-prihlaska-hostitelsky-program\/\" target=\"_blank\" rel=\"noopener\">Nez\u00e1vazn\u00e1 p\u0159ihl\u00e1\u0161ka &#8211; hostitelsk\u00fd program<\/a><\/li>\n<\/ul>\n","protected":false},"excerpt":{"rendered":"<p>&#8230;\u0159\u00edk\u00e1 Lorenzo, jeden ze student\u016f a studentek, kte\u0159\u00ed p\u0159ijedou v srpnu 2024 do \u010cesk\u00e9 republiky. R\u00e1d by v \u010cech\u00e1ch sv\u00e9&hellip;<\/p>\n","protected":false},"author":351,"featured_media":21869,"comment_status":"closed","ping_status":"closed","sticky":false,"template":"","format":"standard","meta":{"footnotes":""},"categories":[49,152,150],"tags":[],"class_list":["post-21859","post","type-post","status-publish","format-standard","has-post-thumbnail","hentry","category-hostitelsky-program","category-aktuality","category-pribehy-hostitelskych-rodin"],"yoast_head":"<!-- This site is optimized with the Yoast SEO Premium plugin v26.6 (Yoast SEO v26.6) - https:\/\/yoast.com\/wordpress\/plugins\/seo\/ -->\n<title>&quot;Kulturu nen\u00ed mo\u017en\u00e9 dob\u0159e poznat jako turista, je nutn\u00e9 v n\u00ed \u017e\u00edt.&quot; - Mezikulturn\u00ed programy<\/title>\n<meta name=\"robots\" content=\"index, follow, max-snippet:-1, max-image-preview:large, max-video-preview:-1\" \/>\n<link rel=\"canonical\" href=\"https:\/\/www.afs.cz\/en\/2024\/05\/kulturu-neni-mozne-dobre-poznat-jako-turista-je-nutne-v-ni-zit\/\" \/>\n<meta property=\"og:locale\" content=\"en_US\" \/>\n<meta property=\"og:type\" content=\"article\" \/>\n<meta property=\"og:title\" content=\"&quot;Kulturu nen\u00ed mo\u017en\u00e9 dob\u0159e poznat jako turista, je nutn\u00e9 v n\u00ed \u017e\u00edt.&quot;\" \/>\n<meta property=\"og:description\" content=\"&#8230;\u0159\u00edk\u00e1 Lorenzo, jeden ze student\u016f a studentek, kte\u0159\u00ed p\u0159ijedou v srpnu 2024 do \u010cesk\u00e9 republiky. R\u00e1d by v \u010cech\u00e1ch sv\u00e9&hellip;\" \/>\n<meta property=\"og:url\" content=\"https:\/\/www.afs.cz\/en\/2024\/05\/kulturu-neni-mozne-dobre-poznat-jako-turista-je-nutne-v-ni-zit\/\" \/>\n<meta property=\"og:site_name\" content=\"Mezikulturn\u00ed programy\" \/>\n<meta property=\"article:published_time\" content=\"2024-05-23T12:15:07+00:00\" \/>\n<meta property=\"article:modified_time\" content=\"2024-05-23T12:27:02+00:00\" \/>\n<meta property=\"og:image\" content=\"https:\/\/d22dvihj4pfop3.cloudfront.net\/wp-content\/uploads\/sites\/84\/2024\/05\/23123949\/AFS-Students-Participants-2023-SRB-1080x630.jpg\" \/>\n\t<meta property=\"og:image:width\" content=\"1080\" \/>\n\t<meta property=\"og:image:height\" content=\"630\" \/>\n\t<meta property=\"og:image:type\" content=\"image\/jpeg\" \/>\n<meta name=\"author\" content=\"afscesko\" \/>\n<meta name=\"twitter:card\" content=\"summary_large_image\" \/>\n<meta name=\"twitter:label1\" content=\"Written by\" \/>\n\t<meta name=\"twitter:data1\" content=\"afscesko\" \/>\n\t<meta name=\"twitter:label2\" content=\"Est. reading time\" \/>\n\t<meta name=\"twitter:data2\" content=\"6 minutes\" \/>\n<script type=\"application\/ld+json\" class=\"yoast-schema-graph\">{\"@context\":\"https:\/\/schema.org\",\"@graph\":[{\"@type\":\"WebPage\",\"@id\":\"https:\/\/www.afs.cz\/en\/2024\/05\/kulturu-neni-mozne-dobre-poznat-jako-turista-je-nutne-v-ni-zit\/\",\"url\":\"https:\/\/www.afs.cz\/en\/2024\/05\/kulturu-neni-mozne-dobre-poznat-jako-turista-je-nutne-v-ni-zit\/\",\"name\":\"\\\"Kulturu nen\u00ed mo\u017en\u00e9 dob\u0159e poznat jako turista, je nutn\u00e9 v n\u00ed \u017e\u00edt.\\\" - Mezikulturn\u00ed programy\",\"isPartOf\":{\"@id\":\"https:\/\/www.afs.cz\/en\/#website\"},\"primaryImageOfPage\":{\"@id\":\"https:\/\/www.afs.cz\/en\/2024\/05\/kulturu-neni-mozne-dobre-poznat-jako-turista-je-nutne-v-ni-zit\/#primaryimage\"},\"image\":{\"@id\":\"https:\/\/www.afs.cz\/en\/2024\/05\/kulturu-neni-mozne-dobre-poznat-jako-turista-je-nutne-v-ni-zit\/#primaryimage\"},\"thumbnailUrl\":\"https:\/\/d22dvihj4pfop3.cloudfront.net\/wp-content\/uploads\/sites\/84\/2024\/05\/23123949\/AFS-Students-Participants-2023-SRB.jpg\",\"datePublished\":\"2024-05-23T12:15:07+00:00\",\"dateModified\":\"2024-05-23T12:27:02+00:00\",\"author\":{\"@id\":\"https:\/\/www.afs.cz\/en\/#\/schema\/person\/bc52da0be76098030e75baeb919827ff\"},\"breadcrumb\":{\"@id\":\"https:\/\/www.afs.cz\/en\/2024\/05\/kulturu-neni-mozne-dobre-poznat-jako-turista-je-nutne-v-ni-zit\/#breadcrumb\"},\"inLanguage\":\"en-US\",\"potentialAction\":[{\"@type\":\"ReadAction\",\"target\":[\"https:\/\/www.afs.cz\/en\/2024\/05\/kulturu-neni-mozne-dobre-poznat-jako-turista-je-nutne-v-ni-zit\/\"]}]},{\"@type\":\"ImageObject\",\"inLanguage\":\"en-US\",\"@id\":\"https:\/\/www.afs.cz\/en\/2024\/05\/kulturu-neni-mozne-dobre-poznat-jako-turista-je-nutne-v-ni-zit\/#primaryimage\",\"url\":\"https:\/\/d22dvihj4pfop3.cloudfront.net\/wp-content\/uploads\/sites\/84\/2024\/05\/23123949\/AFS-Students-Participants-2023-SRB.jpg\",\"contentUrl\":\"https:\/\/d22dvihj4pfop3.cloudfront.net\/wp-content\/uploads\/sites\/84\/2024\/05\/23123949\/AFS-Students-Participants-2023-SRB.jpg\",\"width\":1080,\"height\":1057},{\"@type\":\"BreadcrumbList\",\"@id\":\"https:\/\/www.afs.cz\/en\/2024\/05\/kulturu-neni-mozne-dobre-poznat-jako-turista-je-nutne-v-ni-zit\/#breadcrumb\",\"itemListElement\":[{\"@type\":\"ListItem\",\"position\":1,\"name\":\"Home\",\"item\":\"https:\/\/czechrepublic.afssite.afs.org\/en\/\"},{\"@type\":\"ListItem\",\"position\":2,\"name\":\"&#8222;Kulturu nen\u00ed mo\u017en\u00e9 dob\u0159e poznat jako turista, je nutn\u00e9 v n\u00ed \u017e\u00edt.&#8220;\"}]},{\"@type\":\"WebSite\",\"@id\":\"https:\/\/www.afs.cz\/en\/#website\",\"url\":\"https:\/\/www.afs.cz\/en\/\",\"name\":\"Mezikulturn\u00ed programy\",\"description\":\"Studium v zahrani\u010d\u00ed, hostitelsk\u00fd program, vzd\u011bl\u00e1vac\u00ed programy, dobrovolnictv\u00ed a mnoho dal\u0161\u00edho.\",\"potentialAction\":[{\"@type\":\"SearchAction\",\"target\":{\"@type\":\"EntryPoint\",\"urlTemplate\":\"https:\/\/www.afs.cz\/en\/?s={search_term_string}\"},\"query-input\":{\"@type\":\"PropertyValueSpecification\",\"valueRequired\":true,\"valueName\":\"search_term_string\"}}],\"inLanguage\":\"en-US\"},{\"@type\":\"Person\",\"@id\":\"https:\/\/www.afs.cz\/en\/#\/schema\/person\/bc52da0be76098030e75baeb919827ff\",\"name\":\"afscesko\",\"image\":{\"@type\":\"ImageObject\",\"inLanguage\":\"en-US\",\"@id\":\"https:\/\/www.afs.cz\/en\/#\/schema\/person\/image\/\",\"url\":\"https:\/\/secure.gravatar.com\/avatar\/eda270bfa745d003b9a210dc384a8c22e1a05bc41e5280645d3e2968a117c931?s=96&d=mm&r=g\",\"contentUrl\":\"https:\/\/secure.gravatar.com\/avatar\/eda270bfa745d003b9a210dc384a8c22e1a05bc41e5280645d3e2968a117c931?s=96&d=mm&r=g\",\"caption\":\"afscesko\"},\"url\":\"https:\/\/www.afs.cz\/en\/author\/afscesko\/\"}]}<\/script>\n<!-- \/ Yoast SEO Premium plugin. -->","yoast_head_json":{"title":"\"Kulturu nen\u00ed mo\u017en\u00e9 dob\u0159e poznat jako turista, je nutn\u00e9 v n\u00ed \u017e\u00edt.\" - Mezikulturn\u00ed programy","robots":{"index":"index","follow":"follow","max-snippet":"max-snippet:-1","max-image-preview":"max-image-preview:large","max-video-preview":"max-video-preview:-1"},"canonical":"https:\/\/www.afs.cz\/en\/2024\/05\/kulturu-neni-mozne-dobre-poznat-jako-turista-je-nutne-v-ni-zit\/","og_locale":"en_US","og_type":"article","og_title":"\"Kulturu nen\u00ed mo\u017en\u00e9 dob\u0159e poznat jako turista, je nutn\u00e9 v n\u00ed \u017e\u00edt.\"","og_description":"&#8230;\u0159\u00edk\u00e1 Lorenzo, jeden ze student\u016f a studentek, kte\u0159\u00ed p\u0159ijedou v srpnu 2024 do \u010cesk\u00e9 republiky. R\u00e1d by v \u010cech\u00e1ch sv\u00e9&hellip;","og_url":"https:\/\/www.afs.cz\/en\/2024\/05\/kulturu-neni-mozne-dobre-poznat-jako-turista-je-nutne-v-ni-zit\/","og_site_name":"Mezikulturn\u00ed programy","article_published_time":"2024-05-23T12:15:07+00:00","article_modified_time":"2024-05-23T12:27:02+00:00","og_image":[{"width":1080,"height":630,"url":"https:\/\/d22dvihj4pfop3.cloudfront.net\/wp-content\/uploads\/sites\/84\/2024\/05\/23123949\/AFS-Students-Participants-2023-SRB-1080x630.jpg","type":"image\/jpeg"}],"author":"afscesko","twitter_card":"summary_large_image","twitter_misc":{"Written by":"afscesko","Est. reading time":"6 minutes"},"schema":{"@context":"https:\/\/schema.org","@graph":[{"@type":"WebPage","@id":"https:\/\/www.afs.cz\/en\/2024\/05\/kulturu-neni-mozne-dobre-poznat-jako-turista-je-nutne-v-ni-zit\/","url":"https:\/\/www.afs.cz\/en\/2024\/05\/kulturu-neni-mozne-dobre-poznat-jako-turista-je-nutne-v-ni-zit\/","name":"\"Kulturu nen\u00ed mo\u017en\u00e9 dob\u0159e poznat jako turista, je nutn\u00e9 v n\u00ed \u017e\u00edt.\" - Mezikulturn\u00ed programy","isPartOf":{"@id":"https:\/\/www.afs.cz\/en\/#website"},"primaryImageOfPage":{"@id":"https:\/\/www.afs.cz\/en\/2024\/05\/kulturu-neni-mozne-dobre-poznat-jako-turista-je-nutne-v-ni-zit\/#primaryimage"},"image":{"@id":"https:\/\/www.afs.cz\/en\/2024\/05\/kulturu-neni-mozne-dobre-poznat-jako-turista-je-nutne-v-ni-zit\/#primaryimage"},"thumbnailUrl":"https:\/\/d22dvihj4pfop3.cloudfront.net\/wp-content\/uploads\/sites\/84\/2024\/05\/23123949\/AFS-Students-Participants-2023-SRB.jpg","datePublished":"2024-05-23T12:15:07+00:00","dateModified":"2024-05-23T12:27:02+00:00","author":{"@id":"https:\/\/www.afs.cz\/en\/#\/schema\/person\/bc52da0be76098030e75baeb919827ff"},"breadcrumb":{"@id":"https:\/\/www.afs.cz\/en\/2024\/05\/kulturu-neni-mozne-dobre-poznat-jako-turista-je-nutne-v-ni-zit\/#breadcrumb"},"inLanguage":"en-US","potentialAction":[{"@type":"ReadAction","target":["https:\/\/www.afs.cz\/en\/2024\/05\/kulturu-neni-mozne-dobre-poznat-jako-turista-je-nutne-v-ni-zit\/"]}]},{"@type":"ImageObject","inLanguage":"en-US","@id":"https:\/\/www.afs.cz\/en\/2024\/05\/kulturu-neni-mozne-dobre-poznat-jako-turista-je-nutne-v-ni-zit\/#primaryimage","url":"https:\/\/d22dvihj4pfop3.cloudfront.net\/wp-content\/uploads\/sites\/84\/2024\/05\/23123949\/AFS-Students-Participants-2023-SRB.jpg","contentUrl":"https:\/\/d22dvihj4pfop3.cloudfront.net\/wp-content\/uploads\/sites\/84\/2024\/05\/23123949\/AFS-Students-Participants-2023-SRB.jpg","width":1080,"height":1057},{"@type":"BreadcrumbList","@id":"https:\/\/www.afs.cz\/en\/2024\/05\/kulturu-neni-mozne-dobre-poznat-jako-turista-je-nutne-v-ni-zit\/#breadcrumb","itemListElement":[{"@type":"ListItem","position":1,"name":"Home","item":"https:\/\/czechrepublic.afssite.afs.org\/en\/"},{"@type":"ListItem","position":2,"name":"&#8222;Kulturu nen\u00ed mo\u017en\u00e9 dob\u0159e poznat jako turista, je nutn\u00e9 v n\u00ed \u017e\u00edt.&#8220;"}]},{"@type":"WebSite","@id":"https:\/\/www.afs.cz\/en\/#website","url":"https:\/\/www.afs.cz\/en\/","name":"Mezikulturn\u00ed programy","description":"Studium v zahrani\u010d\u00ed, hostitelsk\u00fd program, vzd\u011bl\u00e1vac\u00ed programy, dobrovolnictv\u00ed a mnoho dal\u0161\u00edho.","potentialAction":[{"@type":"SearchAction","target":{"@type":"EntryPoint","urlTemplate":"https:\/\/www.afs.cz\/en\/?s={search_term_string}"},"query-input":{"@type":"PropertyValueSpecification","valueRequired":true,"valueName":"search_term_string"}}],"inLanguage":"en-US"},{"@type":"Person","@id":"https:\/\/www.afs.cz\/en\/#\/schema\/person\/bc52da0be76098030e75baeb919827ff","name":"afscesko","image":{"@type":"ImageObject","inLanguage":"en-US","@id":"https:\/\/www.afs.cz\/en\/#\/schema\/person\/image\/","url":"https:\/\/secure.gravatar.com\/avatar\/eda270bfa745d003b9a210dc384a8c22e1a05bc41e5280645d3e2968a117c931?s=96&d=mm&r=g","contentUrl":"https:\/\/secure.gravatar.com\/avatar\/eda270bfa745d003b9a210dc384a8c22e1a05bc41e5280645d3e2968a117c931?s=96&d=mm&r=g","caption":"afscesko"},"url":"https:\/\/www.afs.cz\/en\/author\/afscesko\/"}]}},"_links":{"self":[{"href":"https:\/\/www.afs.cz\/en\/wp-json\/wp\/v2\/posts\/21859","targetHints":{"allow":["GET"]}}],"collection":[{"href":"https:\/\/www.afs.cz\/en\/wp-json\/wp\/v2\/posts"}],"about":[{"href":"https:\/\/www.afs.cz\/en\/wp-json\/wp\/v2\/types\/post"}],"author":[{"embeddable":true,"href":"https:\/\/www.afs.cz\/en\/wp-json\/wp\/v2\/users\/351"}],"replies":[{"embeddable":true,"href":"https:\/\/www.afs.cz\/en\/wp-json\/wp\/v2\/comments?post=21859"}],"version-history":[{"count":18,"href":"https:\/\/www.afs.cz\/en\/wp-json\/wp\/v2\/posts\/21859\/revisions"}],"predecessor-version":[{"id":21884,"href":"https:\/\/www.afs.cz\/en\/wp-json\/wp\/v2\/posts\/21859\/revisions\/21884"}],"wp:featuredmedia":[{"embeddable":true,"href":"https:\/\/www.afs.cz\/en\/wp-json\/wp\/v2\/media\/21869"}],"wp:attachment":[{"href":"https:\/\/www.afs.cz\/en\/wp-json\/wp\/v2\/media?parent=21859"}],"wp:term":[{"taxonomy":"category","embeddable":true,"href":"https:\/\/www.afs.cz\/en\/wp-json\/wp\/v2\/categories?post=21859"},{"taxonomy":"post_tag","embeddable":true,"href":"https:\/\/www.afs.cz\/en\/wp-json\/wp\/v2\/tags?post=21859"}],"curies":[{"name":"wp","href":"https:\/\/api.w.org\/{rel}","templated":true}]}}