{"id":21778,"date":"2024-05-17T13:28:18","date_gmt":"2024-05-17T12:28:18","guid":{"rendered":"https:\/\/czechrepublic.afssite.afs.org\/?p=21778"},"modified":"2024-05-20T08:42:52","modified_gmt":"2024-05-20T07:42:52","slug":"stante-se-hostitelskou-rodinou-ece-nebo-deniz-z-turecka","status":"publish","type":"post","link":"https:\/\/www.afs.cz\/en\/2024\/05\/stante-se-hostitelskou-rodinou-ece-nebo-deniz-z-turecka\/","title":{"rendered":"\u201cO tureck\u00e9 kultu\u0159e je mnoho p\u0159edsudk\u016f. Cht\u011bla bych, aby j\u00ed lid\u00e9 dob\u0159e porozum\u011bli.&#8221;"},"content":{"rendered":"<p>Ece je jedna ze studentek a student\u016f, kte\u0159\u00ed p\u0159ijedou v srpnu 2024 do \u010cesk\u00e9 republiky. R\u00e1da by v \u010cech\u00e1ch sv\u00e9 hostitelsk\u00e9 rodin\u011b, nov\u00fd p\u0159\u00e1tel\u016fm a spolu\u017e\u00e1k\u016fm p\u0159edstavila tureckou kulturu. <figure class=\"wp-image-wrap\"><img loading=\"lazy\" decoding=\"async\" class=\"size-medium wp-image-18060 alignright\" src=\"https:\/\/d22dvihj4pfop3.cloudfront.net\/wp-content\/uploads\/sites\/84\/2022\/08\/16124103\/egypt_trimestr_dobrovolnictvi-600x338.png\" alt=\"\" width=\"600\" height=\"338\" \/><\/figure><\/p>\n<p><a href=\"https:\/\/www.afs.cz\/hostitelsky-program\/\" target=\"_blank\" rel=\"noopener\">Sta\u0148te se hostitelskou rodinou<\/a> studentky nebo studenta p\u0159ij\u00ed\u017ed\u011bj\u00edc\u00edch v srpnu 2024 do \u010cesk\u00e9 republiky na jeden \u0161koln\u00ed rok. V n\u00e1sleduj\u00edc\u00edm \u010dl\u00e1nku v\u00e1m p\u0159ibl\u00ed\u017e\u00edme profily dvou studentek z Turecka, kter\u00e9 se rozhodly poznat \u010deskou kulturu. B\u011bhem sv\u00e9ho ro\u010dn\u00edho programu se zde budou nejen u\u010dit \u010desk\u00fd jazyk, ale tak\u00e9 se sv\u00fdmi \u010desk\u00fdmi spolu\u017e\u00e1ky studovat v\u0161echny ostatn\u00ed \u0161koln\u00ed p\u0159edm\u011bty jako biologie, literatura, nebo t\u0159eba hudebn\u00ed v\u00fdchova.<\/p>\n<p>I vy se m\u016f\u017eete do programu mezikulturn\u00edch v\u00fdm\u011bn zapojit. Otev\u0159ete-li sv\u016fj domov jedn\u00e9 ze studentek nebo student\u016f, m\u016f\u017eete ka\u017ed\u00fd den pozn\u00e1vat, jak je v\u00e1\u0161 &#8211; zd\u00e1nliv\u011b v\u0161edn\u00ed &#8211; \u017eivot zaj\u00edmav\u00fd a fascinuj\u00edc\u00ed.<\/p>\n<h2>&#8220;Vybrala jsem si housle &#8211; d\u00e1vaj\u00ed mi pocit klidu a harmonie&#8230;&#8221;<\/h2>\n<p>&#8230; \u0159\u00edk\u00e1 o sob\u011b um\u011blecky nadan\u00e1 studentka Ece.<\/p>\n<h3 style=\"text-align: left;\"><strong>Seznamte se s Ece z Turecka<\/strong><\/h3>\n<p><figure class=\"wp-image-wrap\"><img loading=\"lazy\" decoding=\"async\" class=\"alignright\" src=\"https:\/\/d22dvihj4pfop3.cloudfront.net\/wp-content\/uploads\/sites\/84\/2024\/05\/17082717\/AvatarMaker.png\" alt=\"\" width=\"400\" height=\"400\" data-wp-editing=\"1\" \/><\/figure><\/p>\n<ul>\n<li style=\"list-style-type: none;\">\n<ul>\n<li style=\"text-align: left;\"><strong>V\u011bk:<\/strong> 16 let<\/li>\n<li style=\"text-align: left;\"><strong>D\u00e9lka programu:<\/strong> \u0161koln\u00ed rok<\/li>\n<li style=\"text-align: left;\"><strong>P\u0159\u00edlet:<\/strong> srpen 2024<\/li>\n<\/ul>\n<\/li>\n<\/ul>\n<p><a class=\"button\" href=\"https:\/\/www.afs.cz\/hostitelsky-program\/nezavazna-prihlaska-hostitelsky-program\/\" target=\"_blank\" rel=\"noopener\">Chci se st\u00e1t hostitelskou rodinou<\/a><\/p>\n<p style=\"text-align: left;\"><strong>Ece je um\u011blecky nadan\u00e1.<\/strong><\/p>\n<p style=\"text-align: left;\">Velkou v\u00e1\u0161n\u00ed Ece je hra na housle. Ve druh\u00e9 t\u0159\u00edd\u011b byla zvolen\u00e1 Talentem roku a mohla si vybrat, jestli za\u010dne hr\u00e1t na klav\u00edr nebo na housle. <strong>\u201cVybrala jsem si housle, d\u00e1vaj\u00ed mi pocit klidu a harmonie,\u201d<\/strong> \u0159\u00edk\u00e1 Ece. Je sou\u010d\u00e1st\u00ed orchestru, se kter\u00fdm obj\u00ed\u017ed\u00ed mezin\u00e1rodn\u00ed sout\u011b\u017ee a festivaly. Nav\u0161t\u00edvila tak ji\u017e It\u00e1lii nebo Belgii. \u201cV t\u011bchto zem\u00edch jsem si uv\u011bdomila podobnosti a odli\u0161nosti jednotliv\u00fdch kultur a \u017eivotn\u00edch styl\u016f. Motivovalo m\u011b to k dal\u0161\u00edmu cestov\u00e1n\u00ed a pozn\u00e1v\u00e1n\u00ed,\u201d \u0159\u00edk\u00e1 studentka o sv\u00fdch prvn\u00edch mezikulturn\u00edch zku\u0161enostech.<\/p>\n<p style=\"text-align: left;\">Po \u0161kole tr\u00e1v\u00ed Ece \u010das krom\u011b jin\u00e9ho na kurzech <strong>kreslen\u00ed<\/strong>. R\u00e1da \u010dte komiksov\u00e9 knihy, kter\u00e9 si v\u017edy vyb\u00edr\u00e1 podle kresby na tituln\u00ed stran\u011b. \u201cP\u0159e\u010dtu si jen komiksy, jejich\u017e p\u0159ebal m\u011b zaujme, kresba m\u011b hodn\u011b ovliv\u0148uje,\u201d vypr\u00e1v\u00ed o tom, \u017ee nejen r\u00e1da kresl\u00ed, ale vn\u00edm\u00e1 kresbu i v ostatn\u00edch aspektech \u017eivota.<\/p>\n<p style=\"text-align: left;\">D\u011btsk\u00fdm snem Ece je st\u00e1t se <strong>paleontologem<\/strong>. Zaj\u00edm\u00e1 se o dinosaury. \u201cTato prehistorick\u00e1 zv\u00ed\u0159ata m\u011b fascinuj\u00ed. P\u0159e\u010detla jsem o nich mnoho knih a shl\u00e9dla mnoho dokument\u016f. R\u00e1da je tak\u00e9 kresl\u00edm.\u201d<\/p>\n<p style=\"text-align: left;\">Na programu chce dob\u0159e poznat \u010deskou kulturu a z\u00edskat nov\u00e9 p\u0159\u00e1tele. R\u00e1da by tak\u00e9 sd\u00edlela svou kulturu. <strong>\u201cO tureck\u00e9 kultu\u0159e je mnoho p\u0159edsudk\u016f. R\u00e1da bych ji p\u0159edstavila tak, aby j\u00ed lid\u00e9 dob\u0159e porozum\u011bli,\u201d<\/strong> \u0159\u00edk\u00e1 Ece o tom, jak\u00e9 jsou jej\u00ed c\u00edle AFS programu.<\/p>\n<h2>&#8220;R\u00e1da pom\u00e1h\u00e1 p\u0159\u00e1tel\u016fm&#8230;&#8221;<\/h2>\n<p>&#8230; popisuje Deniz maminka p\u0159ed jej\u00ed cestou na ro\u010dn\u00ed program v \u010cesk\u00e9 republice.<\/p>\n<h3>Seznamte se s Deniz z Turecka<\/h3>\n<p style=\"text-align: left;\"><figure class=\"wp-image-wrap\"><img loading=\"lazy\" decoding=\"async\" class=\"size-full wp-image-21787 alignright\" src=\"https:\/\/d22dvihj4pfop3.cloudfront.net\/wp-content\/uploads\/sites\/84\/2024\/05\/17085820\/AvatarMaker-2-2.png\" alt=\"\" width=\"400\" height=\"400\" \/><\/figure><\/p>\n<ul>\n<li style=\"list-style-type: none;\">\n<ul>\n<li><strong>V\u011bk:<\/strong> 15 let<\/li>\n<li><strong>D\u00e9lka programu:<\/strong> \u0161koln\u00ed rok<\/li>\n<li><strong>P\u0159\u00edlet:<\/strong> srpen 2024<\/li>\n<\/ul>\n<\/li>\n<\/ul>\n<p><a class=\"button\" href=\"https:\/\/www.afs.cz\/hostitelsky-program\/nezavazna-prihlaska-hostitelsky-program\/\" target=\"_blank\" rel=\"noopener\">Chci se st\u00e1t hostitelskou rodinou<\/a><\/p>\n<p><strong>Deniz je vynikaj\u00edc\u00ed studentka.<\/strong><\/p>\n<p>Deniz se dle akademick\u00fdch v\u00fdsledk\u016f \u0159ad\u00ed ve sv\u00e9m regionu ke t\u0159em nejlep\u0161\u00edm student\u016fm. Jej\u00ed ambic\u00ed je <strong>studovat na univerzit\u011b v zahrani\u010d\u00ed<\/strong>, neust\u00e1le proto pracuje na sv\u00e9 angli\u010dtin\u011b. Ve \u0161kole se soust\u0159ed\u00ed na v\u011bdu a matematiku, na vysok\u00e9 \u0161kole by r\u00e1da studovala architekturu.<\/p>\n<p>&#8220;Velmi r\u00e1da \u010dtu knihy. Zaj\u00edm\u00e1 mne <strong>manga<\/strong>. Jakmile si po \u0161kole ud\u011bl\u00e1m dom\u00e1c\u00ed \u00fakoly, pomohu s \u00faklidem a d\u00e1m si s rodinou ve\u010de\u0159i, v\u011bnuji se \u010dten\u00ed,&#8221; \u0159\u00edk\u00e1 o sv\u00e9m b\u011b\u017en\u00e9m dnu Deniz.<\/p>\n<p>Deniz \u017eije se sv\u00fdmi rodi\u010di, kte\u0159\u00ed jsou u\u010ditel\u00e9, a sestrou, kter\u00e1 studuje pedagogiku na vysok\u00e9 \u0161kole. &#8220;R\u00e1di spolu v\u0161ichni sledujeme filmy. \u010casto chod\u00edme <strong>do kina<\/strong> a jsme \u010dleny n\u011bkolika kinematografick\u00fdch platforem. J\u00e1\u00a0osobn\u011b m\u00e1m moment\u00e1ln\u011b r\u00e1da ak\u010dn\u00ed filmy,&#8221; popisuje sv\u00e9 z\u00e1jmy.<\/p>\n<p>Rodina popisuje Deniz jako <strong>klidnou<\/strong> a <strong>starostlivou<\/strong>. &#8220;R\u00e1da pom\u00e1h\u00e1 p\u0159\u00e1tel\u016fm. V\u017edy je vyslechne a sna\u017e\u00ed se jim poradit,&#8221; popisuje studentku jej\u00ed maminka.<\/p>\n<p>Na programu by r\u00e1da poznala nov\u00e9 p\u0159\u00e1tel\u00e9 a nov\u00e1 m\u00edsta. Chce dob\u0159e poznat \u010deskou kulturu a nau\u010dit se \u010desky.<\/p>\n<h3>Informace o hostitelsk\u00e9m programu AFS<\/h3>\n<p><strong>Kdo se m\u016f\u017ee st\u00e1t hostitelskou rodinou?<\/strong><\/p>\n<ul>\n<li>Rodina, kter\u00e1 je ochotn\u00e1 p\u0159ijmout nov\u00e9ho \u010dlena.<\/li>\n<li>Rodina, kter\u00e1 se um\u00ed nadchnout a p\u0159ij\u00edmat nov\u00e9 z\u00e1\u017eitky a zku\u0161enosti.<\/li>\n<li>V\u00edt\u00e1me rodiny, kter\u00e9 jsou otev\u0159en\u00e9, nebo se cht\u011bj\u00ed otev\u0159\u00edt jin\u00fdm kultur\u00e1m.<\/li>\n<\/ul>\n<p><strong>Jak\u00e9 jsou p\u0159\u00ednosy ho\u0161t\u011bn\u00ed?<\/strong><\/p>\n<ul>\n<li>Z\u00edsk\u00e1te nov\u00e9ho \u010dlena rodiny a p\u0159\u00e1telstv\u00ed na cel\u00fd \u017eivot.<\/li>\n<li>Pozn\u00e1te novou kulturu a z\u00e1rove\u0148 l\u00e9pe i svou vlastn\u00ed.<\/li>\n<li>Porozum\u00edte odli\u0161nostem.<\/li>\n<\/ul>\n<h3>Odkazy<\/h3>\n<ul>\n<li><a href=\"https:\/\/www.afs.cz\/hostitelsky-program\/\">Hostitelsk\u00fd program<\/a>.<\/li>\n<li><a href=\"https:\/\/www.afs.cz\/hostitelsky-program\/poznejte-studenty-afs\/\" target=\"_blank\" rel=\"noopener\">Poznejte zahrani\u010dn\u00ed studenty<\/a><\/li>\n<li><a href=\"https:\/\/www.afs.cz\/studium-v-zahranici\/\" target=\"_blank\" rel=\"noopener\">Studium v zahrani\u010d\u00ed AFS<\/a><\/li>\n<li><a href=\"https:\/\/www.afs.cz\/hostitelsky-program\/nezavazna-prihlaska-hostitelsky-program\/\" target=\"_blank\" rel=\"noopener\">Nez\u00e1vazn\u00e1 p\u0159ihl\u00e1\u0161ka &#8211; hostitelsk\u00fd program<\/a><\/li>\n<\/ul>\n","protected":false},"excerpt":{"rendered":"<p>Ece je jedna ze studentek a student\u016f, kte\u0159\u00ed p\u0159ijedou v srpnu 2024 do \u010cesk\u00e9 republiky. R\u00e1da by v \u010cech\u00e1ch sv\u00e9&hellip;<\/p>\n","protected":false},"author":351,"featured_media":18060,"comment_status":"closed","ping_status":"closed","sticky":false,"template":"","format":"standard","meta":{"footnotes":""},"categories":[49,152,150],"tags":[186],"class_list":["post-21778","post","type-post","status-publish","format-standard","has-post-thumbnail","hentry","category-hostitelsky-program","category-aktuality","category-pribehy-hostitelskych-rodin","tag-hostitelsky-program"],"yoast_head":"<!-- This site is optimized with the Yoast SEO Premium plugin v26.6 (Yoast SEO v26.6) - https:\/\/yoast.com\/wordpress\/plugins\/seo\/ -->\n<title>\u201cO tureck\u00e9 kultu\u0159e je mnoho p\u0159edsudk\u016f. Cht\u011bla bych, aby j\u00ed lid\u00e9 dob\u0159e porozum\u011bli.&quot; - Mezikulturn\u00ed programy<\/title>\n<meta name=\"robots\" content=\"index, follow, max-snippet:-1, max-image-preview:large, max-video-preview:-1\" \/>\n<link rel=\"canonical\" href=\"https:\/\/www.afs.cz\/en\/2024\/05\/stante-se-hostitelskou-rodinou-ece-nebo-deniz-z-turecka\/\" \/>\n<meta property=\"og:locale\" content=\"en_US\" \/>\n<meta property=\"og:type\" content=\"article\" \/>\n<meta property=\"og:title\" content=\"\u201cO tureck\u00e9 kultu\u0159e je mnoho p\u0159edsudk\u016f. Cht\u011bla bych, aby j\u00ed lid\u00e9 dob\u0159e porozum\u011bli.&quot;\" \/>\n<meta property=\"og:description\" content=\"Ece je jedna ze studentek a student\u016f, kte\u0159\u00ed p\u0159ijedou v srpnu 2024 do \u010cesk\u00e9 republiky. R\u00e1da by v \u010cech\u00e1ch sv\u00e9&hellip;\" \/>\n<meta property=\"og:url\" content=\"https:\/\/www.afs.cz\/en\/2024\/05\/stante-se-hostitelskou-rodinou-ece-nebo-deniz-z-turecka\/\" \/>\n<meta property=\"og:site_name\" content=\"Mezikulturn\u00ed programy\" \/>\n<meta property=\"article:published_time\" content=\"2024-05-17T12:28:18+00:00\" \/>\n<meta property=\"article:modified_time\" content=\"2024-05-20T07:42:52+00:00\" \/>\n<meta property=\"og:image\" content=\"https:\/\/d22dvihj4pfop3.cloudfront.net\/wp-content\/uploads\/sites\/84\/2022\/08\/16124103\/egypt_trimestr_dobrovolnictvi-1200x630.png\" \/>\n\t<meta property=\"og:image:width\" content=\"1200\" \/>\n\t<meta property=\"og:image:height\" content=\"630\" \/>\n\t<meta property=\"og:image:type\" content=\"image\/png\" \/>\n<meta name=\"author\" content=\"afscesko\" \/>\n<meta name=\"twitter:card\" content=\"summary_large_image\" \/>\n<meta name=\"twitter:label1\" content=\"Written by\" \/>\n\t<meta name=\"twitter:data1\" content=\"afscesko\" \/>\n\t<meta name=\"twitter:label2\" content=\"Est. reading time\" \/>\n\t<meta name=\"twitter:data2\" content=\"5 minutes\" \/>\n<script type=\"application\/ld+json\" class=\"yoast-schema-graph\">{\"@context\":\"https:\/\/schema.org\",\"@graph\":[{\"@type\":\"WebPage\",\"@id\":\"https:\/\/www.afs.cz\/en\/2024\/05\/stante-se-hostitelskou-rodinou-ece-nebo-deniz-z-turecka\/\",\"url\":\"https:\/\/www.afs.cz\/en\/2024\/05\/stante-se-hostitelskou-rodinou-ece-nebo-deniz-z-turecka\/\",\"name\":\"\u201cO tureck\u00e9 kultu\u0159e je mnoho p\u0159edsudk\u016f. Cht\u011bla bych, aby j\u00ed lid\u00e9 dob\u0159e porozum\u011bli.\\\" - Mezikulturn\u00ed programy\",\"isPartOf\":{\"@id\":\"https:\/\/www.afs.cz\/en\/#website\"},\"primaryImageOfPage\":{\"@id\":\"https:\/\/www.afs.cz\/en\/2024\/05\/stante-se-hostitelskou-rodinou-ece-nebo-deniz-z-turecka\/#primaryimage\"},\"image\":{\"@id\":\"https:\/\/www.afs.cz\/en\/2024\/05\/stante-se-hostitelskou-rodinou-ece-nebo-deniz-z-turecka\/#primaryimage\"},\"thumbnailUrl\":\"https:\/\/d22dvihj4pfop3.cloudfront.net\/wp-content\/uploads\/sites\/84\/2022\/08\/16124103\/egypt_trimestr_dobrovolnictvi.png\",\"datePublished\":\"2024-05-17T12:28:18+00:00\",\"dateModified\":\"2024-05-20T07:42:52+00:00\",\"author\":{\"@id\":\"https:\/\/www.afs.cz\/en\/#\/schema\/person\/bc52da0be76098030e75baeb919827ff\"},\"breadcrumb\":{\"@id\":\"https:\/\/www.afs.cz\/en\/2024\/05\/stante-se-hostitelskou-rodinou-ece-nebo-deniz-z-turecka\/#breadcrumb\"},\"inLanguage\":\"en-US\",\"potentialAction\":[{\"@type\":\"ReadAction\",\"target\":[\"https:\/\/www.afs.cz\/en\/2024\/05\/stante-se-hostitelskou-rodinou-ece-nebo-deniz-z-turecka\/\"]}]},{\"@type\":\"ImageObject\",\"inLanguage\":\"en-US\",\"@id\":\"https:\/\/www.afs.cz\/en\/2024\/05\/stante-se-hostitelskou-rodinou-ece-nebo-deniz-z-turecka\/#primaryimage\",\"url\":\"https:\/\/d22dvihj4pfop3.cloudfront.net\/wp-content\/uploads\/sites\/84\/2022\/08\/16124103\/egypt_trimestr_dobrovolnictvi.png\",\"contentUrl\":\"https:\/\/d22dvihj4pfop3.cloudfront.net\/wp-content\/uploads\/sites\/84\/2022\/08\/16124103\/egypt_trimestr_dobrovolnictvi.png\",\"width\":1200,\"height\":675},{\"@type\":\"BreadcrumbList\",\"@id\":\"https:\/\/www.afs.cz\/en\/2024\/05\/stante-se-hostitelskou-rodinou-ece-nebo-deniz-z-turecka\/#breadcrumb\",\"itemListElement\":[{\"@type\":\"ListItem\",\"position\":1,\"name\":\"Home\",\"item\":\"https:\/\/czechrepublic.afssite.afs.org\/en\/\"},{\"@type\":\"ListItem\",\"position\":2,\"name\":\"\u201cO tureck\u00e9 kultu\u0159e je mnoho p\u0159edsudk\u016f. Cht\u011bla bych, aby j\u00ed lid\u00e9 dob\u0159e porozum\u011bli.&#8220;\"}]},{\"@type\":\"WebSite\",\"@id\":\"https:\/\/www.afs.cz\/en\/#website\",\"url\":\"https:\/\/www.afs.cz\/en\/\",\"name\":\"Mezikulturn\u00ed programy\",\"description\":\"Studium v zahrani\u010d\u00ed, hostitelsk\u00fd program, vzd\u011bl\u00e1vac\u00ed programy, dobrovolnictv\u00ed a mnoho dal\u0161\u00edho.\",\"potentialAction\":[{\"@type\":\"SearchAction\",\"target\":{\"@type\":\"EntryPoint\",\"urlTemplate\":\"https:\/\/www.afs.cz\/en\/?s={search_term_string}\"},\"query-input\":{\"@type\":\"PropertyValueSpecification\",\"valueRequired\":true,\"valueName\":\"search_term_string\"}}],\"inLanguage\":\"en-US\"},{\"@type\":\"Person\",\"@id\":\"https:\/\/www.afs.cz\/en\/#\/schema\/person\/bc52da0be76098030e75baeb919827ff\",\"name\":\"afscesko\",\"image\":{\"@type\":\"ImageObject\",\"inLanguage\":\"en-US\",\"@id\":\"https:\/\/www.afs.cz\/en\/#\/schema\/person\/image\/\",\"url\":\"https:\/\/secure.gravatar.com\/avatar\/eda270bfa745d003b9a210dc384a8c22e1a05bc41e5280645d3e2968a117c931?s=96&d=mm&r=g\",\"contentUrl\":\"https:\/\/secure.gravatar.com\/avatar\/eda270bfa745d003b9a210dc384a8c22e1a05bc41e5280645d3e2968a117c931?s=96&d=mm&r=g\",\"caption\":\"afscesko\"},\"url\":\"https:\/\/www.afs.cz\/en\/author\/afscesko\/\"}]}<\/script>\n<!-- \/ Yoast SEO Premium plugin. -->","yoast_head_json":{"title":"\u201cO tureck\u00e9 kultu\u0159e je mnoho p\u0159edsudk\u016f. Cht\u011bla bych, aby j\u00ed lid\u00e9 dob\u0159e porozum\u011bli.\" - Mezikulturn\u00ed programy","robots":{"index":"index","follow":"follow","max-snippet":"max-snippet:-1","max-image-preview":"max-image-preview:large","max-video-preview":"max-video-preview:-1"},"canonical":"https:\/\/www.afs.cz\/en\/2024\/05\/stante-se-hostitelskou-rodinou-ece-nebo-deniz-z-turecka\/","og_locale":"en_US","og_type":"article","og_title":"\u201cO tureck\u00e9 kultu\u0159e je mnoho p\u0159edsudk\u016f. Cht\u011bla bych, aby j\u00ed lid\u00e9 dob\u0159e porozum\u011bli.\"","og_description":"Ece je jedna ze studentek a student\u016f, kte\u0159\u00ed p\u0159ijedou v srpnu 2024 do \u010cesk\u00e9 republiky. R\u00e1da by v \u010cech\u00e1ch sv\u00e9&hellip;","og_url":"https:\/\/www.afs.cz\/en\/2024\/05\/stante-se-hostitelskou-rodinou-ece-nebo-deniz-z-turecka\/","og_site_name":"Mezikulturn\u00ed programy","article_published_time":"2024-05-17T12:28:18+00:00","article_modified_time":"2024-05-20T07:42:52+00:00","og_image":[{"width":1200,"height":630,"url":"https:\/\/d22dvihj4pfop3.cloudfront.net\/wp-content\/uploads\/sites\/84\/2022\/08\/16124103\/egypt_trimestr_dobrovolnictvi-1200x630.png","type":"image\/png"}],"author":"afscesko","twitter_card":"summary_large_image","twitter_misc":{"Written by":"afscesko","Est. reading time":"5 minutes"},"schema":{"@context":"https:\/\/schema.org","@graph":[{"@type":"WebPage","@id":"https:\/\/www.afs.cz\/en\/2024\/05\/stante-se-hostitelskou-rodinou-ece-nebo-deniz-z-turecka\/","url":"https:\/\/www.afs.cz\/en\/2024\/05\/stante-se-hostitelskou-rodinou-ece-nebo-deniz-z-turecka\/","name":"\u201cO tureck\u00e9 kultu\u0159e je mnoho p\u0159edsudk\u016f. Cht\u011bla bych, aby j\u00ed lid\u00e9 dob\u0159e porozum\u011bli.\" - Mezikulturn\u00ed programy","isPartOf":{"@id":"https:\/\/www.afs.cz\/en\/#website"},"primaryImageOfPage":{"@id":"https:\/\/www.afs.cz\/en\/2024\/05\/stante-se-hostitelskou-rodinou-ece-nebo-deniz-z-turecka\/#primaryimage"},"image":{"@id":"https:\/\/www.afs.cz\/en\/2024\/05\/stante-se-hostitelskou-rodinou-ece-nebo-deniz-z-turecka\/#primaryimage"},"thumbnailUrl":"https:\/\/d22dvihj4pfop3.cloudfront.net\/wp-content\/uploads\/sites\/84\/2022\/08\/16124103\/egypt_trimestr_dobrovolnictvi.png","datePublished":"2024-05-17T12:28:18+00:00","dateModified":"2024-05-20T07:42:52+00:00","author":{"@id":"https:\/\/www.afs.cz\/en\/#\/schema\/person\/bc52da0be76098030e75baeb919827ff"},"breadcrumb":{"@id":"https:\/\/www.afs.cz\/en\/2024\/05\/stante-se-hostitelskou-rodinou-ece-nebo-deniz-z-turecka\/#breadcrumb"},"inLanguage":"en-US","potentialAction":[{"@type":"ReadAction","target":["https:\/\/www.afs.cz\/en\/2024\/05\/stante-se-hostitelskou-rodinou-ece-nebo-deniz-z-turecka\/"]}]},{"@type":"ImageObject","inLanguage":"en-US","@id":"https:\/\/www.afs.cz\/en\/2024\/05\/stante-se-hostitelskou-rodinou-ece-nebo-deniz-z-turecka\/#primaryimage","url":"https:\/\/d22dvihj4pfop3.cloudfront.net\/wp-content\/uploads\/sites\/84\/2022\/08\/16124103\/egypt_trimestr_dobrovolnictvi.png","contentUrl":"https:\/\/d22dvihj4pfop3.cloudfront.net\/wp-content\/uploads\/sites\/84\/2022\/08\/16124103\/egypt_trimestr_dobrovolnictvi.png","width":1200,"height":675},{"@type":"BreadcrumbList","@id":"https:\/\/www.afs.cz\/en\/2024\/05\/stante-se-hostitelskou-rodinou-ece-nebo-deniz-z-turecka\/#breadcrumb","itemListElement":[{"@type":"ListItem","position":1,"name":"Home","item":"https:\/\/czechrepublic.afssite.afs.org\/en\/"},{"@type":"ListItem","position":2,"name":"\u201cO tureck\u00e9 kultu\u0159e je mnoho p\u0159edsudk\u016f. Cht\u011bla bych, aby j\u00ed lid\u00e9 dob\u0159e porozum\u011bli.&#8220;"}]},{"@type":"WebSite","@id":"https:\/\/www.afs.cz\/en\/#website","url":"https:\/\/www.afs.cz\/en\/","name":"Mezikulturn\u00ed programy","description":"Studium v zahrani\u010d\u00ed, hostitelsk\u00fd program, vzd\u011bl\u00e1vac\u00ed programy, dobrovolnictv\u00ed a mnoho dal\u0161\u00edho.","potentialAction":[{"@type":"SearchAction","target":{"@type":"EntryPoint","urlTemplate":"https:\/\/www.afs.cz\/en\/?s={search_term_string}"},"query-input":{"@type":"PropertyValueSpecification","valueRequired":true,"valueName":"search_term_string"}}],"inLanguage":"en-US"},{"@type":"Person","@id":"https:\/\/www.afs.cz\/en\/#\/schema\/person\/bc52da0be76098030e75baeb919827ff","name":"afscesko","image":{"@type":"ImageObject","inLanguage":"en-US","@id":"https:\/\/www.afs.cz\/en\/#\/schema\/person\/image\/","url":"https:\/\/secure.gravatar.com\/avatar\/eda270bfa745d003b9a210dc384a8c22e1a05bc41e5280645d3e2968a117c931?s=96&d=mm&r=g","contentUrl":"https:\/\/secure.gravatar.com\/avatar\/eda270bfa745d003b9a210dc384a8c22e1a05bc41e5280645d3e2968a117c931?s=96&d=mm&r=g","caption":"afscesko"},"url":"https:\/\/www.afs.cz\/en\/author\/afscesko\/"}]}},"_links":{"self":[{"href":"https:\/\/www.afs.cz\/en\/wp-json\/wp\/v2\/posts\/21778","targetHints":{"allow":["GET"]}}],"collection":[{"href":"https:\/\/www.afs.cz\/en\/wp-json\/wp\/v2\/posts"}],"about":[{"href":"https:\/\/www.afs.cz\/en\/wp-json\/wp\/v2\/types\/post"}],"author":[{"embeddable":true,"href":"https:\/\/www.afs.cz\/en\/wp-json\/wp\/v2\/users\/351"}],"replies":[{"embeddable":true,"href":"https:\/\/www.afs.cz\/en\/wp-json\/wp\/v2\/comments?post=21778"}],"version-history":[{"count":47,"href":"https:\/\/www.afs.cz\/en\/wp-json\/wp\/v2\/posts\/21778\/revisions"}],"predecessor-version":[{"id":21851,"href":"https:\/\/www.afs.cz\/en\/wp-json\/wp\/v2\/posts\/21778\/revisions\/21851"}],"wp:featuredmedia":[{"embeddable":true,"href":"https:\/\/www.afs.cz\/en\/wp-json\/wp\/v2\/media\/18060"}],"wp:attachment":[{"href":"https:\/\/www.afs.cz\/en\/wp-json\/wp\/v2\/media?parent=21778"}],"wp:term":[{"taxonomy":"category","embeddable":true,"href":"https:\/\/www.afs.cz\/en\/wp-json\/wp\/v2\/categories?post=21778"},{"taxonomy":"post_tag","embeddable":true,"href":"https:\/\/www.afs.cz\/en\/wp-json\/wp\/v2\/tags?post=21778"}],"curies":[{"name":"wp","href":"https:\/\/api.w.org\/{rel}","templated":true}]}}