{"id":21609,"date":"2024-04-15T18:12:45","date_gmt":"2024-04-15T17:12:45","guid":{"rendered":"https:\/\/czechrepublic.afssite.afs.org\/?p=21609"},"modified":"2024-06-06T12:37:59","modified_gmt":"2024-06-06T11:37:59","slug":"stante-se-na-dva-mesice-hostitelskou-rodinou-pro-studentku-z-argentiny","status":"publish","type":"post","link":"https:\/\/www.afs.cz\/en\/2024\/04\/stante-se-na-dva-mesice-hostitelskou-rodinou-pro-studentku-z-argentiny\/","title":{"rendered":"Sta\u0148te se na dva m\u011bs\u00edce hostitelskou rodinou pro studentku z Argentiny"},"content":{"rendered":"<p>Uva\u017eujete o <a href=\"https:\/\/www.afs.cz\/hostitelsky-program\/\" target=\"_blank\" rel=\"noopener\">zapojen\u00ed do hostitelsk\u00e9ho programu<\/a>, ale ro\u010dn\u00ed pobyt se v\u00e1m zd\u00e1 p\u0159\u00edli\u0161 dlouh\u00fd?<\/p>\n<p>Sta\u0148te se hostitelskou rodinou pro studentku Mariu Florencii, kter\u00e1 je ji\u017e na programu v \u010cesk\u00e9 republice.<\/p>\n<p><figure class=\"wp-image-wrap\"><img loading=\"lazy\" decoding=\"async\" class=\"size-medium wp-image-19583 alignright\" src=\"https:\/\/d22dvihj4pfop3.cloudfront.net\/wp-content\/uploads\/sites\/84\/2023\/08\/29130024\/maria-9-600x338.png\" alt=\"\" width=\"600\" height=\"338\" \/><\/figure><\/p>\n<h3>Informace o studentce:<\/h3>\n<ul>\n<li style=\"list-style-type: none;\">\n<ul>\n<li><strong>Zem\u011b p\u016fvodu:<\/strong> Argentina<\/li>\n<li><strong>P\u0159\u00edjezd do \u010cR:<\/strong> v srpnu 2023<\/li>\n<li><strong>Ukon\u010den\u00ed pobytu v \u010cR:<\/strong> konec \u010dervna 2024<\/li>\n<li><strong>D\u00e9lka pobytu u nov\u00e9 hostitelsk\u00e9 rodiny:<\/strong> cca 2,5 m\u011bs\u00edce<\/li>\n<li><strong>M\u00edsto pobytu v \u010cR:<\/strong> Tachov<\/li>\n<\/ul>\n<\/li>\n<\/ul>\n<p><a class=\"button\" href=\"https:\/\/www.afs.cz\/hostitelsky-program\/nezavazna-prihlaska-hostitelsky-program\/\" target=\"_blank\" rel=\"noopener\">Chci se st\u00e1t hostitelskou rodinou<\/a><\/p>\n<h3>Bli\u017e\u0161\u00ed popis studentky<\/h3>\n<p>Na severov\u00fdchod\u011b Argentiny se nach\u00e1z\u00ed velk\u00fd cihlov\u00fd d\u016fm. A pr\u00e1v\u011b v n\u011bm \u017eije<br \/>\np\u011bti\u010dlenn\u00e1 rodinka. Maminka, tat\u00ednek, t\u0159i sestry s nov\u00fdmi p\u0159\u00edr\u016fstky jsou dv\u011b<br \/>\n\u0161t\u011b\u0148ata Sol a Sky. Nyn\u00ed u\u017e sedmn\u00e1ctilet\u00e1 Flopy, cel\u00fdm jm\u00e9nem Maria Florencia<br \/>\nse rozhodla, \u017ee vycestuje na v\u00fdm\u011bnn\u00fd pobyt do Evropy. Ze za\u010d\u00e1tku<br \/>\nse m\u016f\u017ee zd\u00e1t, \u017ee je stydliv\u00e1 d\u00edvka. Nen\u00ed tomu tak. V\u0161em se sna\u017e\u00ed vykouzlit<br \/>\n\u00fasm\u011bv na tv\u00e1\u0159i a s nejlep\u0161\u00ed kamar\u00e1dkou Nahiarou dok\u00e1\u017e\u00ed propov\u00eddat i cel\u00e9<br \/>\nhodiny. Dokonce spolu studuj\u00ed na stejn\u00e9 \u0161kole jm\u00e9nem <em>Escuela Agrotecnica<\/em><br \/>\n<em>Eldorado<\/em>. Florencia se u\u017e p\u00e1t\u00fdm rokem u\u010d\u00ed angli\u010dtinu a v \u010cesk\u00e9 republice chce<br \/>\nkrom\u011b objevov\u00e1n\u00ed kultury porozum\u011bt i \u010desk\u00e9mu jazyku. Mezi jej\u00ed z\u00e1liby pat\u0159\u00ed<br \/>\ngymnastika, kterou d\u011bl\u00e1 u\u017e v\u00edce ne\u017e deset let a tak\u00e9 miluje \u010dten\u00ed fantasy kn\u00ed\u017eek.<br \/>\nCo se hudby t\u00fd\u010de, poslouch\u00e1 hlavn\u011b anglick\u00fd pop a mezi jej\u00ed nejobl\u00edben\u011bj\u0161\u00ed<br \/>\ninterprety pat\u0159\u00ed <em>Taylor Swift<\/em> nebo skupina <em>One Direction<\/em>.<\/p>\n<h3>Informace pro hostitelsk\u00e9 rodiny<\/h3>\n<ul>\n<li>Z d\u016fvodu dosavadn\u00edho \u00fasp\u011b\u0161n\u00e9ho za\u010dlen\u011bn\u00ed studentky v jej\u00edm \u0161koln\u00edm prost\u0159ed\u00ed v \u010cR preferujeme um\u00edst\u011bn\u00ed do rodiny, kde bude mo\u017en\u00e9 pokra\u010dovat ve \u0161koln\u00ed doch\u00e1zce na Gymn\u00e1zium Tachov. Toto v\u0161ak nen\u00ed podm\u00ednku! <strong>P\u0159esun do jin\u00e9ho regionu v r\u00e1mci \u010cR je mo\u017en\u00fd.<\/strong><\/li>\n<li>P\u0159\u00edpadn\u00fdm z\u00e1jemc\u016fm o ho\u0161t\u011bn\u00ed <a href=\"https:\/\/www.afs.cz\/kontakt\/\" target=\"_blank\" rel=\"noopener\">pod\u00e1me dopl\u0148uji\u00edc\u00ed informace o studentce<\/a> a o podm\u00ednk\u00e1ch hostitelsk\u00e9ho programu AFS.<\/li>\n<\/ul>\n<h3>Dal\u0161\u00ed informace o hostitelsk\u00e9m programu AFS<\/h3>\n<ul>\n<li><a href=\"https:\/\/www.afs.cz\/hostitelsky-program\/\" target=\"_blank\" rel=\"noopener\">Hostitelsk\u00fd program AFS<\/a><\/li>\n<li><a href=\"https:\/\/www.afs.cz\/hostitelsky-program\/faq\/\" target=\"_blank\" rel=\"noopener\">\u010casto kladen\u00e9 dotazy<\/a><\/li>\n<li><a href=\"https:\/\/www.afs.cz\/hostitelsky-program\/nezavazna-prihlaska-hostitelsky-program\/\" target=\"_blank\" rel=\"noopener\">Nez\u00e1vazn\u00e1 p\u0159ihl\u00e1\u0161ka k hostitelsk\u00e9mu programu<\/a><\/li>\n<\/ul>\n<p>&nbsp;<\/p>\n<p>&nbsp;<\/p>\n","protected":false},"excerpt":{"rendered":"<p>Uva\u017eujete o zapojen\u00ed do hostitelsk\u00e9ho programu, ale ro\u010dn\u00ed pobyt se v\u00e1m zd\u00e1 p\u0159\u00edli\u0161 dlouh\u00fd? Sta\u0148te se hostitelskou rodinou pro studentku&hellip;<\/p>\n","protected":false},"author":351,"featured_media":0,"comment_status":"closed","ping_status":"closed","sticky":false,"template":"","format":"standard","meta":{"footnotes":""},"categories":[188,49,150],"tags":[186],"class_list":["post-21609","post","type-post","status-publish","format-standard","hentry","category-archiv","category-hostitelsky-program","category-pribehy-hostitelskych-rodin","tag-hostitelsky-program"],"yoast_head":"<!-- This site is optimized with the Yoast SEO Premium plugin v26.6 (Yoast SEO v26.6) - https:\/\/yoast.com\/wordpress\/plugins\/seo\/ -->\n<title>Sta\u0148te se na dva m\u011bs\u00edce hostitelskou rodinou pro studentku z Argentiny - Mezikulturn\u00ed programy<\/title>\n<meta name=\"robots\" content=\"index, follow, max-snippet:-1, max-image-preview:large, max-video-preview:-1\" \/>\n<link rel=\"canonical\" href=\"https:\/\/www.afs.cz\/en\/2024\/04\/stante-se-na-dva-mesice-hostitelskou-rodinou-pro-studentku-z-argentiny\/\" \/>\n<meta property=\"og:locale\" content=\"en_US\" \/>\n<meta property=\"og:type\" content=\"article\" \/>\n<meta property=\"og:title\" content=\"Sta\u0148te se na dva m\u011bs\u00edce hostitelskou rodinou pro studentku z Argentiny\" \/>\n<meta property=\"og:description\" content=\"Uva\u017eujete o zapojen\u00ed do hostitelsk\u00e9ho programu, ale ro\u010dn\u00ed pobyt se v\u00e1m zd\u00e1 p\u0159\u00edli\u0161 dlouh\u00fd? Sta\u0148te se hostitelskou rodinou pro studentku&hellip;\" \/>\n<meta property=\"og:url\" content=\"https:\/\/www.afs.cz\/en\/2024\/04\/stante-se-na-dva-mesice-hostitelskou-rodinou-pro-studentku-z-argentiny\/\" \/>\n<meta property=\"og:site_name\" content=\"Mezikulturn\u00ed programy\" \/>\n<meta property=\"article:published_time\" content=\"2024-04-15T17:12:45+00:00\" \/>\n<meta property=\"article:modified_time\" content=\"2024-06-06T11:37:59+00:00\" \/>\n<meta property=\"og:image\" content=\"https:\/\/czechrepublic.afssite.afs.org\/wp-content\/uploads\/sites\/84\/2023\/08\/maria-9-600x338.png\" \/>\n<meta name=\"author\" content=\"afscesko\" \/>\n<meta name=\"twitter:card\" content=\"summary_large_image\" \/>\n<meta name=\"twitter:label1\" content=\"Written by\" \/>\n\t<meta name=\"twitter:data1\" content=\"afscesko\" \/>\n\t<meta name=\"twitter:label2\" content=\"Est. reading time\" \/>\n\t<meta name=\"twitter:data2\" content=\"2 minutes\" \/>\n<script type=\"application\/ld+json\" class=\"yoast-schema-graph\">{\"@context\":\"https:\/\/schema.org\",\"@graph\":[{\"@type\":\"WebPage\",\"@id\":\"https:\/\/www.afs.cz\/en\/2024\/04\/stante-se-na-dva-mesice-hostitelskou-rodinou-pro-studentku-z-argentiny\/\",\"url\":\"https:\/\/www.afs.cz\/en\/2024\/04\/stante-se-na-dva-mesice-hostitelskou-rodinou-pro-studentku-z-argentiny\/\",\"name\":\"Sta\u0148te se na dva m\u011bs\u00edce hostitelskou rodinou pro studentku z Argentiny - Mezikulturn\u00ed programy\",\"isPartOf\":{\"@id\":\"https:\/\/www.afs.cz\/en\/#website\"},\"primaryImageOfPage\":{\"@id\":\"https:\/\/www.afs.cz\/en\/2024\/04\/stante-se-na-dva-mesice-hostitelskou-rodinou-pro-studentku-z-argentiny\/#primaryimage\"},\"image\":{\"@id\":\"https:\/\/www.afs.cz\/en\/2024\/04\/stante-se-na-dva-mesice-hostitelskou-rodinou-pro-studentku-z-argentiny\/#primaryimage\"},\"thumbnailUrl\":\"https:\/\/czechrepublic.afssite.afs.org\/wp-content\/uploads\/sites\/84\/2023\/08\/maria-9-600x338.png\",\"datePublished\":\"2024-04-15T17:12:45+00:00\",\"dateModified\":\"2024-06-06T11:37:59+00:00\",\"author\":{\"@id\":\"https:\/\/www.afs.cz\/en\/#\/schema\/person\/bc52da0be76098030e75baeb919827ff\"},\"breadcrumb\":{\"@id\":\"https:\/\/www.afs.cz\/en\/2024\/04\/stante-se-na-dva-mesice-hostitelskou-rodinou-pro-studentku-z-argentiny\/#breadcrumb\"},\"inLanguage\":\"en-US\",\"potentialAction\":[{\"@type\":\"ReadAction\",\"target\":[\"https:\/\/www.afs.cz\/en\/2024\/04\/stante-se-na-dva-mesice-hostitelskou-rodinou-pro-studentku-z-argentiny\/\"]}]},{\"@type\":\"ImageObject\",\"inLanguage\":\"en-US\",\"@id\":\"https:\/\/www.afs.cz\/en\/2024\/04\/stante-se-na-dva-mesice-hostitelskou-rodinou-pro-studentku-z-argentiny\/#primaryimage\",\"url\":\"https:\/\/czechrepublic.afssite.afs.org\/wp-content\/uploads\/sites\/84\/2023\/08\/maria-9-600x338.png\",\"contentUrl\":\"https:\/\/czechrepublic.afssite.afs.org\/wp-content\/uploads\/sites\/84\/2023\/08\/maria-9-600x338.png\"},{\"@type\":\"BreadcrumbList\",\"@id\":\"https:\/\/www.afs.cz\/en\/2024\/04\/stante-se-na-dva-mesice-hostitelskou-rodinou-pro-studentku-z-argentiny\/#breadcrumb\",\"itemListElement\":[{\"@type\":\"ListItem\",\"position\":1,\"name\":\"Home\",\"item\":\"https:\/\/czechrepublic.afssite.afs.org\/en\/\"},{\"@type\":\"ListItem\",\"position\":2,\"name\":\"Sta\u0148te se na dva m\u011bs\u00edce hostitelskou rodinou pro studentku z Argentiny\"}]},{\"@type\":\"WebSite\",\"@id\":\"https:\/\/www.afs.cz\/en\/#website\",\"url\":\"https:\/\/www.afs.cz\/en\/\",\"name\":\"Mezikulturn\u00ed programy\",\"description\":\"Studium v zahrani\u010d\u00ed, hostitelsk\u00fd program, vzd\u011bl\u00e1vac\u00ed programy, dobrovolnictv\u00ed a mnoho dal\u0161\u00edho.\",\"potentialAction\":[{\"@type\":\"SearchAction\",\"target\":{\"@type\":\"EntryPoint\",\"urlTemplate\":\"https:\/\/www.afs.cz\/en\/?s={search_term_string}\"},\"query-input\":{\"@type\":\"PropertyValueSpecification\",\"valueRequired\":true,\"valueName\":\"search_term_string\"}}],\"inLanguage\":\"en-US\"},{\"@type\":\"Person\",\"@id\":\"https:\/\/www.afs.cz\/en\/#\/schema\/person\/bc52da0be76098030e75baeb919827ff\",\"name\":\"afscesko\",\"image\":{\"@type\":\"ImageObject\",\"inLanguage\":\"en-US\",\"@id\":\"https:\/\/www.afs.cz\/en\/#\/schema\/person\/image\/\",\"url\":\"https:\/\/secure.gravatar.com\/avatar\/eda270bfa745d003b9a210dc384a8c22e1a05bc41e5280645d3e2968a117c931?s=96&d=mm&r=g\",\"contentUrl\":\"https:\/\/secure.gravatar.com\/avatar\/eda270bfa745d003b9a210dc384a8c22e1a05bc41e5280645d3e2968a117c931?s=96&d=mm&r=g\",\"caption\":\"afscesko\"},\"url\":\"https:\/\/www.afs.cz\/en\/author\/afscesko\/\"}]}<\/script>\n<!-- \/ Yoast SEO Premium plugin. -->","yoast_head_json":{"title":"Sta\u0148te se na dva m\u011bs\u00edce hostitelskou rodinou pro studentku z Argentiny - Mezikulturn\u00ed programy","robots":{"index":"index","follow":"follow","max-snippet":"max-snippet:-1","max-image-preview":"max-image-preview:large","max-video-preview":"max-video-preview:-1"},"canonical":"https:\/\/www.afs.cz\/en\/2024\/04\/stante-se-na-dva-mesice-hostitelskou-rodinou-pro-studentku-z-argentiny\/","og_locale":"en_US","og_type":"article","og_title":"Sta\u0148te se na dva m\u011bs\u00edce hostitelskou rodinou pro studentku z Argentiny","og_description":"Uva\u017eujete o zapojen\u00ed do hostitelsk\u00e9ho programu, ale ro\u010dn\u00ed pobyt se v\u00e1m zd\u00e1 p\u0159\u00edli\u0161 dlouh\u00fd? Sta\u0148te se hostitelskou rodinou pro studentku&hellip;","og_url":"https:\/\/www.afs.cz\/en\/2024\/04\/stante-se-na-dva-mesice-hostitelskou-rodinou-pro-studentku-z-argentiny\/","og_site_name":"Mezikulturn\u00ed programy","article_published_time":"2024-04-15T17:12:45+00:00","article_modified_time":"2024-06-06T11:37:59+00:00","og_image":[{"url":"https:\/\/czechrepublic.afssite.afs.org\/wp-content\/uploads\/sites\/84\/2023\/08\/maria-9-600x338.png","type":"","width":"","height":""}],"author":"afscesko","twitter_card":"summary_large_image","twitter_misc":{"Written by":"afscesko","Est. reading time":"2 minutes"},"schema":{"@context":"https:\/\/schema.org","@graph":[{"@type":"WebPage","@id":"https:\/\/www.afs.cz\/en\/2024\/04\/stante-se-na-dva-mesice-hostitelskou-rodinou-pro-studentku-z-argentiny\/","url":"https:\/\/www.afs.cz\/en\/2024\/04\/stante-se-na-dva-mesice-hostitelskou-rodinou-pro-studentku-z-argentiny\/","name":"Sta\u0148te se na dva m\u011bs\u00edce hostitelskou rodinou pro studentku z Argentiny - Mezikulturn\u00ed programy","isPartOf":{"@id":"https:\/\/www.afs.cz\/en\/#website"},"primaryImageOfPage":{"@id":"https:\/\/www.afs.cz\/en\/2024\/04\/stante-se-na-dva-mesice-hostitelskou-rodinou-pro-studentku-z-argentiny\/#primaryimage"},"image":{"@id":"https:\/\/www.afs.cz\/en\/2024\/04\/stante-se-na-dva-mesice-hostitelskou-rodinou-pro-studentku-z-argentiny\/#primaryimage"},"thumbnailUrl":"https:\/\/czechrepublic.afssite.afs.org\/wp-content\/uploads\/sites\/84\/2023\/08\/maria-9-600x338.png","datePublished":"2024-04-15T17:12:45+00:00","dateModified":"2024-06-06T11:37:59+00:00","author":{"@id":"https:\/\/www.afs.cz\/en\/#\/schema\/person\/bc52da0be76098030e75baeb919827ff"},"breadcrumb":{"@id":"https:\/\/www.afs.cz\/en\/2024\/04\/stante-se-na-dva-mesice-hostitelskou-rodinou-pro-studentku-z-argentiny\/#breadcrumb"},"inLanguage":"en-US","potentialAction":[{"@type":"ReadAction","target":["https:\/\/www.afs.cz\/en\/2024\/04\/stante-se-na-dva-mesice-hostitelskou-rodinou-pro-studentku-z-argentiny\/"]}]},{"@type":"ImageObject","inLanguage":"en-US","@id":"https:\/\/www.afs.cz\/en\/2024\/04\/stante-se-na-dva-mesice-hostitelskou-rodinou-pro-studentku-z-argentiny\/#primaryimage","url":"https:\/\/czechrepublic.afssite.afs.org\/wp-content\/uploads\/sites\/84\/2023\/08\/maria-9-600x338.png","contentUrl":"https:\/\/czechrepublic.afssite.afs.org\/wp-content\/uploads\/sites\/84\/2023\/08\/maria-9-600x338.png"},{"@type":"BreadcrumbList","@id":"https:\/\/www.afs.cz\/en\/2024\/04\/stante-se-na-dva-mesice-hostitelskou-rodinou-pro-studentku-z-argentiny\/#breadcrumb","itemListElement":[{"@type":"ListItem","position":1,"name":"Home","item":"https:\/\/czechrepublic.afssite.afs.org\/en\/"},{"@type":"ListItem","position":2,"name":"Sta\u0148te se na dva m\u011bs\u00edce hostitelskou rodinou pro studentku z Argentiny"}]},{"@type":"WebSite","@id":"https:\/\/www.afs.cz\/en\/#website","url":"https:\/\/www.afs.cz\/en\/","name":"Mezikulturn\u00ed programy","description":"Studium v zahrani\u010d\u00ed, hostitelsk\u00fd program, vzd\u011bl\u00e1vac\u00ed programy, dobrovolnictv\u00ed a mnoho dal\u0161\u00edho.","potentialAction":[{"@type":"SearchAction","target":{"@type":"EntryPoint","urlTemplate":"https:\/\/www.afs.cz\/en\/?s={search_term_string}"},"query-input":{"@type":"PropertyValueSpecification","valueRequired":true,"valueName":"search_term_string"}}],"inLanguage":"en-US"},{"@type":"Person","@id":"https:\/\/www.afs.cz\/en\/#\/schema\/person\/bc52da0be76098030e75baeb919827ff","name":"afscesko","image":{"@type":"ImageObject","inLanguage":"en-US","@id":"https:\/\/www.afs.cz\/en\/#\/schema\/person\/image\/","url":"https:\/\/secure.gravatar.com\/avatar\/eda270bfa745d003b9a210dc384a8c22e1a05bc41e5280645d3e2968a117c931?s=96&d=mm&r=g","contentUrl":"https:\/\/secure.gravatar.com\/avatar\/eda270bfa745d003b9a210dc384a8c22e1a05bc41e5280645d3e2968a117c931?s=96&d=mm&r=g","caption":"afscesko"},"url":"https:\/\/www.afs.cz\/en\/author\/afscesko\/"}]}},"_links":{"self":[{"href":"https:\/\/www.afs.cz\/en\/wp-json\/wp\/v2\/posts\/21609","targetHints":{"allow":["GET"]}}],"collection":[{"href":"https:\/\/www.afs.cz\/en\/wp-json\/wp\/v2\/posts"}],"about":[{"href":"https:\/\/www.afs.cz\/en\/wp-json\/wp\/v2\/types\/post"}],"author":[{"embeddable":true,"href":"https:\/\/www.afs.cz\/en\/wp-json\/wp\/v2\/users\/351"}],"replies":[{"embeddable":true,"href":"https:\/\/www.afs.cz\/en\/wp-json\/wp\/v2\/comments?post=21609"}],"version-history":[{"count":16,"href":"https:\/\/www.afs.cz\/en\/wp-json\/wp\/v2\/posts\/21609\/revisions"}],"predecessor-version":[{"id":22105,"href":"https:\/\/www.afs.cz\/en\/wp-json\/wp\/v2\/posts\/21609\/revisions\/22105"}],"wp:attachment":[{"href":"https:\/\/www.afs.cz\/en\/wp-json\/wp\/v2\/media?parent=21609"}],"wp:term":[{"taxonomy":"category","embeddable":true,"href":"https:\/\/www.afs.cz\/en\/wp-json\/wp\/v2\/categories?post=21609"},{"taxonomy":"post_tag","embeddable":true,"href":"https:\/\/www.afs.cz\/en\/wp-json\/wp\/v2\/tags?post=21609"}],"curies":[{"name":"wp","href":"https:\/\/api.w.org\/{rel}","templated":true}]}}