{"id":20719,"date":"2023-12-21T15:29:32","date_gmt":"2023-12-21T14:29:32","guid":{"rendered":"https:\/\/czechrepublic.afssite.afs.org\/?p=20719"},"modified":"2024-06-06T12:36:03","modified_gmt":"2024-06-06T11:36:03","slug":"date-si-sumtum-moo-kata-nebo-pan-dulce","status":"publish","type":"post","link":"https:\/\/www.afs.cz\/en\/2023\/12\/date-si-sumtum-moo-kata-nebo-pan-dulce\/","title":{"rendered":"D\u00e1te si Sumtum, Moo Kata nebo Pan Dulce?"},"content":{"rendered":"<p><span style=\"font-weight: 400;\">V\u00e1noce m\u00e1me za rohem a s nimi i \u010das radosti, spole\u010dn\u00e9ho setk\u00e1v\u00e1n\u00ed a samoz\u0159ejm\u011b tak\u00e9 <strong>dobr\u00e9ho j\u00eddla<\/strong>. A my jsme si tak spole\u010dn\u011b se zahrani\u010dn\u00edmi studuj\u00edc\u00edmi pro v\u00e1s p\u0159ipravili tradi\u010dn\u00ed i m\u00e9n\u011b tradi\u010dn\u00ed sv\u00e1te\u010dn\u00ed recepty z cel\u00e9ho sv\u011bta. <\/span><\/p>\n<h5>Dobrovolnick\u00e9 akce &#8211; Mezin\u00e1rodn\u00ed ob\u011bd a ve\u010de\u0159e<\/h5>\n<p><span style=\"font-weight: 400;\">Na\u0161i ho\u0161t\u011bn\u00ed studenti a studentky v listopadu za\u017eili dal\u0161\u00ed z \u00fa\u017easn\u00fdch akc\u00ed, kter\u00e1 se kon\u00e1 ka\u017ed\u00fd rok. Dobrovoln\u00edci a dobrovolnice AFS uspo\u0159\u00e1dali<\/span><a href=\"https:\/\/www.flickr.com\/photos\/afscze\/albums\/72177720312547214\/\" target=\"_blank\" rel=\"noopener\"> <span style=\"font-weight: 400;\">Mezin\u00e1rodn\u00ed ve\u010de\u0159i v Brn\u011b<\/span><\/a><span style=\"font-weight: 400;\"> a<\/span><a href=\"https:\/\/www.flickr.com\/photos\/afscze\/albums\/72177720312524696\/\" target=\"_blank\" rel=\"noopener\"> <span style=\"font-weight: 400;\">Mezin\u00e1rodn\u00ed ob\u011bd v Praze<\/span><\/a><span style=\"font-weight: 400;\">. Zahrani\u010dn\u00ed studuj\u00edc\u00ed p\u0159ipravili ka\u017ed\u00fd n\u011bjakou lah\u016fdku ze sv\u00e9 n\u00e1rodn\u00ed kuchyn\u011b a pak spole\u010dn\u011b s hostitelsk\u00fdmi rodinami ochutn\u00e1vali. Nejlep\u0161\u00ed kucha\u0159i si nakonec odnesli i malou v\u00fdhru na pam\u00e1tku. Sou\u010d\u00e1st\u00ed programu bylo i kr\u00e1tk\u00e9 p\u0159edstaven\u00ed zem\u00ed a mezin\u00e1rodn\u00ed kv\u00edz. <\/span><\/p>\n<p><figure class=\"wp-image-wrap\"><img loading=\"lazy\" decoding=\"async\" class=\"size-medium wp-image-20720 aligncenter\" src=\"https:\/\/d22dvihj4pfop3.cloudfront.net\/wp-content\/uploads\/sites\/84\/2023\/12\/21152016\/Nahledy-do-textu-na-web-1-600x338.png\" alt=\"Mezin\u00e1rodn\u00ed ve\u010de\u0159e v Brn\u011b AFS\" width=\"600\" height=\"338\" \/><\/figure><\/p>\n<h5>Sv\u00e1te\u010dn\u00ed recepty z cel\u00e9ho sv\u011bta<\/h5>\n<p><span style=\"font-weight: 400;\">A my nyn\u00ed mezin\u00e1rodn\u00ed kuchyni p\u0159in\u00e1\u0161\u00edme i v\u00e1m! Pod\u00edvejte se na zaj\u00edmav\u00e9 recepty od na\u0161ich zahrani\u010dn\u00edch studuj\u00edc\u00edch, kter\u00e9 mohou obohatit v\u00e1\u0161 sv\u00e1te\u010dn\u00ed j\u00eddeln\u00ed\u010dek.<\/span><\/p>\n<h6>Somtum &#8211; sal\u00e1t z pap\u00e1ji<\/h6>\n<p><span style=\"font-weight: 400;\">Sv\u00e1te\u010dn\u00ed pokrm z Thajska. Doba p\u0159\u00edpravy se pohybuje mezi 30 minutami a jednou hodinou.<\/span><\/p>\n<p><strong>Ingredience:<\/strong><\/p>\n<ul>\n<li><span style=\"font-weight: 400;\">2 \u0161\u00e1lky drcen\u00e9 zelen\u00e9 pap\u00e1ji<\/span><\/li>\n<li>1\/2 \u0161\u00e1lku strouhan\u00e9 mrkve<\/li>\n<li>1\/2 \u0161\u00e1lku zelen\u00fdch fazol\u00ed (nakr\u00e1jen\u00fdch na 2 cm dlouh\u00e9 kousky)<\/li>\n<li>2 l\u017e\u00edce ryb\u00ed om\u00e1\u010dky<\/li>\n<li>1,5 l\u017e\u00edce palmov\u00e9ho cukru<\/li>\n<li>3 l\u017e\u00edce limetkov\u00e9 \u0161\u0165\u00e1vy<\/li>\n<li>1\/2 \u0161\u00e1lku raj\u010dat (nakr\u00e1jen\u00fdch)<\/li>\n<li>1\/3 \u0161\u00e1lku su\u0161en\u00fdch krevet<\/li>\n<li>1\/4 \u0161\u00e1lku ara\u0161\u00edd\u016f<\/li>\n<li>3-5 zelen\u00fdch chilli papri\u010dek<\/li>\n<li>5 strou\u017ek\u016f \u010derstv\u00e9ho \u010desneku<\/li>\n<\/ul>\n<p><strong>N\u00e1vod:<\/strong><\/p>\n<ul>\n<li style=\"font-weight: 400;\" aria-level=\"1\"><span style=\"font-weight: 400;\">Chilli a \u010desnek rozdrt\u00edme v hmo\u017ed\u00ed\u0159i, p\u0159id\u00e1me krevety a pokra\u010dujeme v drcen\u00ed.<\/span><\/li>\n<li style=\"font-weight: 400;\" aria-level=\"1\"><span style=\"font-weight: 400;\">P\u0159idejte cukr a pokra\u010dujte v drcen\u00ed. Pot\u00e9 p\u0159idejte pap\u00e1ju, mrkev, fazole, ryb\u00ed om\u00e1\u010dku, limetkovou \u0161\u0165\u00e1vu, raj\u010data a ara\u0161\u00eddy. Pokra\u010dujte, dokud se v\u0161echny ingredience dob\u0159e neprom\u00edchaj\u00ed.<\/span><\/li>\n<li style=\"font-weight: 400;\" aria-level=\"1\"><span style=\"font-weight: 400;\">Nakonec dochut\u00edme cukrem, ryb\u00ed om\u00e1\u010dkou nebo limetkou. P\u016fvodn\u00ed chu\u0165 tohoto pokrmu by m\u011bla b\u00fdt vyv\u00e1\u017een\u00e1 mezi sladkou, (pep\u0159ov\u011b) p\u00e1livou, slanou a kyselou.<\/span><\/li>\n<li style=\"font-weight: 400;\" aria-level=\"1\"><span style=\"font-weight: 400;\">Pod\u00e1v\u00e1me se zeleninou (nap\u0159. zel\u00edm, fazolov\u00fdmi lusky, napa atd.). Thajci r\u00e1di jed\u00ed lepkavou r\u00fd\u017ei s pap\u00e1jov\u00fdm sal\u00e1tem. V tomto p\u0159\u00edpad\u011b lze lepkavou r\u00fd\u017ei pod\u00e1vat spole\u010dn\u011b s hotov\u00fdm pap\u00e1jov\u00fdm sal\u00e1tem.<\/span><\/li>\n<\/ul>\n<p><figure class=\"wp-image-wrap\"><img loading=\"lazy\" decoding=\"async\" class=\"size-medium wp-image-20577 aligncenter\" src=\"https:\/\/d22dvihj4pfop3.cloudfront.net\/wp-content\/uploads\/sites\/84\/2023\/12\/13102128\/Nahledy-web-2-3-600x338.png\" alt=\"Pap\u00e1ja sal\u00e1t AFS recept\" width=\"600\" height=\"338\" \/><\/figure><\/p>\n<h6><\/h6>\n<h6>Moo Kata &#8211; asijsk\u00e9 barbecue<\/h6>\n<p><span style=\"font-weight: 400;\">Moo Kata, \u010dasto tak\u00e9 Mu Kratha, je v podstat\u011b spojen\u00ed korejsk\u00e9ho barbecue a \u010d\u00ednsk\u00e9ho hot potu. Jde o velmi spole\u010densky d\u016fle\u017eit\u00fd pokrm, kter\u00fd se p\u0159ipravuje v\u017edy 31. prosince. Doba p\u0159\u00edpravy se pohybuje mezi 30 minutami a jednou hodinou.<\/span><\/p>\n<p><figure class=\"wp-image-wrap\"><img loading=\"lazy\" decoding=\"async\" class=\"size-medium wp-image-20525 alignright\" src=\"https:\/\/d22dvihj4pfop3.cloudfront.net\/wp-content\/uploads\/sites\/84\/2023\/12\/10214824\/CE8B1C12-FB2E-472A-A340-A2447BBB51E0-Jrr-Tssk-338x600.jpeg\" alt=\"Moo Kata recept\" width=\"338\" height=\"600\" \/><\/figure><\/p>\n<p><strong>Ingredience (mno\u017estv\u00ed ingredienc\u00ed dle po\u010dtu porc\u00ed a va\u0161\u00ed preference):<\/strong><\/p>\n<ul>\n<li style=\"font-weight: 400;\" aria-level=\"1\"><span style=\"font-weight: 400;\">libovoln\u00e1 zelenina (nej\u010dast\u011bji zel\u00ed, tu\u0159\u00edn, jitrocel a houba Enoki\/pen\u00edzovka sametonoh\u00e1)<\/span><\/li>\n<li style=\"font-weight: 400;\" aria-level=\"1\"><span style=\"font-weight: 400;\">maso dle preference<\/span><\/li>\n<li style=\"font-weight: 400;\" aria-level=\"1\"><span style=\"font-weight: 400;\">nudle (vaje\u010dn\u00e9, r\u00fd\u017eov\u00e9&#8230;)<\/span><\/li>\n<li style=\"font-weight: 400;\" aria-level=\"1\"><span style=\"font-weight: 400;\">v\u00fdvar dle preference<\/span><\/li>\n<li style=\"font-weight: 400;\" aria-level=\"1\"><span style=\"font-weight: 400;\">om\u00e1\u010dka Suki (lze koupit v asijsk\u00e9m obchod\u011b)<\/span><\/li>\n<\/ul>\n<p><strong>N\u00e1vod:<\/strong><\/p>\n<ul>\n<li style=\"font-weight: 400;\" aria-level=\"1\"><span style=\"font-weight: 400;\">Maso nakr\u00e1jejte na pl\u00e1tky a dejte na p\u00e1r minut marinovat.<\/span><\/li>\n<li style=\"font-weight: 400;\" aria-level=\"1\"><span style=\"font-weight: 400;\">P\u0159ipravte zbyl\u00e9 ingredience a kompaktn\u00ed\/stoln\u00ed gril. Stoln\u00ed gril m\u00e1 tradi\u010dn\u011b vyv\u00fd\u0161enou plochu, na kter\u00e9 se p\u0159ipravuje maso, a prostor kolem, kde se p\u0159ipravuje zelenina, ryb\u00ed kuli\u010dky a houby ve v\u00fdvaru. Pokud nem\u00e1te stoln\u00ed gril, m\u016f\u017eete recept p\u0159ipravit na klasick\u00e9 p\u00e1nvi a v hrnci.<\/span><\/li>\n<li style=\"font-weight: 400;\" aria-level=\"1\"><span style=\"font-weight: 400;\">Maso i zbyl\u00e9 ingredience m\u016f\u017eete na gril um\u00edstit sou\u010dasn\u00e9. Vy\u010dkejte, a\u017e se suroviny uva\u0159\u00ed.<\/span><\/li>\n<li style=\"font-weight: 400;\" aria-level=\"1\"><span style=\"font-weight: 400;\">J\u00eddlo m\u016f\u017eete ochutit dle pot\u0159eby, v\u010detn\u011b sladk\u00e9, pikantn\u00ed nebo \u010desnekov\u00e9 om\u00e1\u010dky.<\/span><\/li>\n<\/ul>\n<p><span style=\"font-weight: 400;\">Dal\u0161\u00ed, nejen sv\u00e1te\u010dn\u00ed recepty od na\u0161ich ho\u0161t\u011bn\u00fdch student\u016f a studentek (leto\u0161n\u00edch i z minulosti) najdete u n\u00e1s na webu v sekci<\/span> <a href=\"https:\/\/www.afs.cz\/hostitelsky-program\/recepty-z-ruznych-koutu-sveta\/\" target=\"_blank\" rel=\"noopener\"><span style=\"font-weight: 400;\">Recepty z r\u016fzn\u00fdch kout\u016f sv\u011bta<\/span><\/a><span style=\"font-weight: 400;\">. Pokud n\u011bkter\u00fd z recept\u016f vyzkou\u0161\u00edte, budeme r\u00e1di, kdy\u017e n\u00e1m nap\u00ed\u0161ete, jak v\u00e1m pokrm chutnal, p\u0159\u00edpadn\u011b p\u0159ipoj\u00edte obr\u00e1zek.<\/span><\/p>\n<p><span style=\"font-weight: 400;\">A jestli uva\u017eujete, \u017ee byste se stali AFS hostitelskou rodinou,<\/span> <a href=\"https:\/\/www.youtube.com\/watch?v=SrEVXV0sENc\" target=\"_blank\" rel=\"noopener\"><span style=\"font-weight: 400;\">zde je video s n\u011bkolika tipy,<\/span><\/a><span style=\"font-weight: 400;\"> jak sv\u00e9mu p\u0159\u00edpadn\u00e9mu ho\u0161t\u011bn\u00e9mu studentovi\/studentce pop\u0159\u00e1t dobrou chu\u0165. <\/span><\/p>\n<hr \/>\n<h3><strong>P\u0159iv\u00edtejte sv\u011bt u v\u00e1s doma<\/strong><\/h3>\n<p><span style=\"font-weight: 400;\">Ho\u0161t\u011bn\u00ed AFS zahrani\u010dn\u00edho studenta je z\u00e1\u017eitek, kter\u00fd s sebou pro v\u0161echny z\u00fa\u010dastn\u011bn\u00e9 strany p\u0159in\u00e1\u0161\u00ed nadhled a zku\u0161enosti pot\u0159ebn\u00e9 pro sou\u010dasn\u00fd sv\u011bt. Je to z\u00e1\u017eitek pro celou rodinu, kter\u00fd napom\u00e1h\u00e1 nejenom v rozvoji komunikace a empatie, ale tak\u00e9 je to skv\u011bl\u00e1 mo\u017enost, jak si prohloubit znalosti o ciz\u00ed kultu\u0159e a osvojit si z\u00e1klady nov\u00e9ho jazyka.<\/span><\/p>\n<p><span style=\"font-weight: 400;\">Pokud i v\u00e1s l\u00e1k\u00e1 my\u0161lenka nov\u00e9ho \u010dlena rodiny, nev\u00e1hejte a kontaktujte n\u00e1s. V\u00edce informac\u00ed o AFS hostitelsk\u00e9m programu a konkr\u00e9tn\u00ed medailonky student\u016f, kte\u0159\u00ed se chystaj\u00ed do \u010cesk\u00e9 republiky, naleznete zde:<\/span><\/p>\n<div class=\"panel-wysiwyg__column-content\">\n<div class=\"context-content\" data-name=\"content\" data-livetext=\"\">\n<p style=\"text-align: left;\"><a class=\"button\" href=\"https:\/\/www.afs.cz\/hostitelsky-program\/\" target=\"_blank\" rel=\"noopener\">Zjist\u011bte si v\u00edce informac\u00ed<\/a><\/p>\n<p style=\"text-align: left;\"><a class=\"button\" href=\"https:\/\/www.afs.cz\/hostitelsky-program\/kontaktni-formular-pro-hostitelske-rodiny\/\" target=\"_blank\" rel=\"noopener\">Vypl\u0148te nez\u00e1vazn\u00fd p\u0159ihla\u0161ovac\u00ed formul\u00e1\u0159<\/a><\/p>\n<\/div>\n<\/div>\n","protected":false},"excerpt":{"rendered":"<p>V\u00e1noce m\u00e1me za rohem a s nimi i \u010das radosti, spole\u010dn\u00e9ho setk\u00e1v\u00e1n\u00ed a samoz\u0159ejm\u011b tak\u00e9 dobr\u00e9ho j\u00eddla. A my jsme&hellip;<\/p>\n","protected":false},"author":351,"featured_media":20729,"comment_status":"open","ping_status":"open","sticky":false,"template":"","format":"standard","meta":{"footnotes":""},"categories":[188],"tags":[],"class_list":["post-20719","post","type-post","status-publish","format-standard","has-post-thumbnail","hentry","category-archiv"],"yoast_head":"<!-- This site is optimized with the Yoast SEO Premium plugin v26.6 (Yoast SEO v26.6) - https:\/\/yoast.com\/wordpress\/plugins\/seo\/ -->\n<title>Sv\u00e1te\u010dn\u00ed recepty z cel\u00e9ho sv\u011bta - Mezikulturn\u00ed programy<\/title>\n<meta name=\"description\" content=\"Objevte sv\u00e1te\u010dn\u00ed recepty z cel\u00e9ho sv\u011bta od na\u0161ich zahrani\u010dn\u00edch student\u016f a studentek! Oboha\u0165te sv\u016fj j\u00eddeln\u00ed\u010dek o V\u00e1noc\u00edch.\" \/>\n<meta name=\"robots\" content=\"index, follow, max-snippet:-1, max-image-preview:large, max-video-preview:-1\" \/>\n<link rel=\"canonical\" href=\"https:\/\/www.afs.cz\/en\/2023\/12\/date-si-sumtum-moo-kata-nebo-pan-dulce\/\" \/>\n<meta property=\"og:locale\" content=\"en_US\" \/>\n<meta property=\"og:type\" content=\"article\" \/>\n<meta property=\"og:title\" content=\"D\u00e1te si Sumtum, Moo Kata nebo Pan Dulce?\" \/>\n<meta property=\"og:description\" content=\"Objevte sv\u00e1te\u010dn\u00ed recepty z cel\u00e9ho sv\u011bta od na\u0161ich zahrani\u010dn\u00edch student\u016f a studentek! Oboha\u0165te sv\u016fj j\u00eddeln\u00ed\u010dek o V\u00e1noc\u00edch.\" \/>\n<meta property=\"og:url\" content=\"https:\/\/www.afs.cz\/en\/2023\/12\/date-si-sumtum-moo-kata-nebo-pan-dulce\/\" \/>\n<meta property=\"og:site_name\" content=\"Mezikulturn\u00ed programy\" \/>\n<meta property=\"article:published_time\" content=\"2023-12-21T14:29:32+00:00\" \/>\n<meta property=\"article:modified_time\" content=\"2024-06-06T11:36:03+00:00\" \/>\n<meta property=\"og:image\" content=\"https:\/\/d22dvihj4pfop3.cloudfront.net\/wp-content\/uploads\/sites\/84\/2023\/12\/21154838\/Nahledy-do-textu-na-web-2-1200x630.png\" \/>\n\t<meta property=\"og:image:width\" content=\"1200\" \/>\n\t<meta property=\"og:image:height\" content=\"630\" \/>\n\t<meta property=\"og:image:type\" content=\"image\/png\" \/>\n<meta name=\"author\" content=\"afscesko\" \/>\n<meta name=\"twitter:card\" content=\"summary_large_image\" \/>\n<meta name=\"twitter:label1\" content=\"Written by\" \/>\n\t<meta name=\"twitter:data1\" content=\"afscesko\" \/>\n\t<meta name=\"twitter:label2\" content=\"Est. reading time\" \/>\n\t<meta name=\"twitter:data2\" content=\"4 minutes\" \/>\n<script type=\"application\/ld+json\" class=\"yoast-schema-graph\">{\"@context\":\"https:\/\/schema.org\",\"@graph\":[{\"@type\":\"WebPage\",\"@id\":\"https:\/\/www.afs.cz\/en\/2023\/12\/date-si-sumtum-moo-kata-nebo-pan-dulce\/\",\"url\":\"https:\/\/www.afs.cz\/en\/2023\/12\/date-si-sumtum-moo-kata-nebo-pan-dulce\/\",\"name\":\"Sv\u00e1te\u010dn\u00ed recepty z cel\u00e9ho sv\u011bta - Mezikulturn\u00ed programy\",\"isPartOf\":{\"@id\":\"https:\/\/www.afs.cz\/en\/#website\"},\"primaryImageOfPage\":{\"@id\":\"https:\/\/www.afs.cz\/en\/2023\/12\/date-si-sumtum-moo-kata-nebo-pan-dulce\/#primaryimage\"},\"image\":{\"@id\":\"https:\/\/www.afs.cz\/en\/2023\/12\/date-si-sumtum-moo-kata-nebo-pan-dulce\/#primaryimage\"},\"thumbnailUrl\":\"https:\/\/d22dvihj4pfop3.cloudfront.net\/wp-content\/uploads\/sites\/84\/2023\/12\/21154838\/Nahledy-do-textu-na-web-2.png\",\"datePublished\":\"2023-12-21T14:29:32+00:00\",\"dateModified\":\"2024-06-06T11:36:03+00:00\",\"author\":{\"@id\":\"https:\/\/www.afs.cz\/en\/#\/schema\/person\/bc52da0be76098030e75baeb919827ff\"},\"description\":\"Objevte sv\u00e1te\u010dn\u00ed recepty z cel\u00e9ho sv\u011bta od na\u0161ich zahrani\u010dn\u00edch student\u016f a studentek! Oboha\u0165te sv\u016fj j\u00eddeln\u00ed\u010dek o V\u00e1noc\u00edch.\",\"breadcrumb\":{\"@id\":\"https:\/\/www.afs.cz\/en\/2023\/12\/date-si-sumtum-moo-kata-nebo-pan-dulce\/#breadcrumb\"},\"inLanguage\":\"en-US\",\"potentialAction\":[{\"@type\":\"ReadAction\",\"target\":[\"https:\/\/www.afs.cz\/en\/2023\/12\/date-si-sumtum-moo-kata-nebo-pan-dulce\/\"]}]},{\"@type\":\"ImageObject\",\"inLanguage\":\"en-US\",\"@id\":\"https:\/\/www.afs.cz\/en\/2023\/12\/date-si-sumtum-moo-kata-nebo-pan-dulce\/#primaryimage\",\"url\":\"https:\/\/d22dvihj4pfop3.cloudfront.net\/wp-content\/uploads\/sites\/84\/2023\/12\/21154838\/Nahledy-do-textu-na-web-2.png\",\"contentUrl\":\"https:\/\/d22dvihj4pfop3.cloudfront.net\/wp-content\/uploads\/sites\/84\/2023\/12\/21154838\/Nahledy-do-textu-na-web-2.png\",\"width\":1200,\"height\":675,\"caption\":\"Mezin\u00e1rodn\u00ed ob\u011bd Praha AFS\"},{\"@type\":\"BreadcrumbList\",\"@id\":\"https:\/\/www.afs.cz\/en\/2023\/12\/date-si-sumtum-moo-kata-nebo-pan-dulce\/#breadcrumb\",\"itemListElement\":[{\"@type\":\"ListItem\",\"position\":1,\"name\":\"Home\",\"item\":\"https:\/\/czechrepublic.afssite.afs.org\/en\/\"},{\"@type\":\"ListItem\",\"position\":2,\"name\":\"D\u00e1te si Sumtum, Moo Kata nebo Pan Dulce?\"}]},{\"@type\":\"WebSite\",\"@id\":\"https:\/\/www.afs.cz\/en\/#website\",\"url\":\"https:\/\/www.afs.cz\/en\/\",\"name\":\"Mezikulturn\u00ed programy\",\"description\":\"Studium v zahrani\u010d\u00ed, hostitelsk\u00fd program, vzd\u011bl\u00e1vac\u00ed programy, dobrovolnictv\u00ed a mnoho dal\u0161\u00edho.\",\"potentialAction\":[{\"@type\":\"SearchAction\",\"target\":{\"@type\":\"EntryPoint\",\"urlTemplate\":\"https:\/\/www.afs.cz\/en\/?s={search_term_string}\"},\"query-input\":{\"@type\":\"PropertyValueSpecification\",\"valueRequired\":true,\"valueName\":\"search_term_string\"}}],\"inLanguage\":\"en-US\"},{\"@type\":\"Person\",\"@id\":\"https:\/\/www.afs.cz\/en\/#\/schema\/person\/bc52da0be76098030e75baeb919827ff\",\"name\":\"afscesko\",\"image\":{\"@type\":\"ImageObject\",\"inLanguage\":\"en-US\",\"@id\":\"https:\/\/www.afs.cz\/en\/#\/schema\/person\/image\/\",\"url\":\"https:\/\/secure.gravatar.com\/avatar\/eda270bfa745d003b9a210dc384a8c22e1a05bc41e5280645d3e2968a117c931?s=96&d=mm&r=g\",\"contentUrl\":\"https:\/\/secure.gravatar.com\/avatar\/eda270bfa745d003b9a210dc384a8c22e1a05bc41e5280645d3e2968a117c931?s=96&d=mm&r=g\",\"caption\":\"afscesko\"},\"url\":\"https:\/\/www.afs.cz\/en\/author\/afscesko\/\"}]}<\/script>\n<!-- \/ Yoast SEO Premium plugin. -->","yoast_head_json":{"title":"Sv\u00e1te\u010dn\u00ed recepty z cel\u00e9ho sv\u011bta - Mezikulturn\u00ed programy","description":"Objevte sv\u00e1te\u010dn\u00ed recepty z cel\u00e9ho sv\u011bta od na\u0161ich zahrani\u010dn\u00edch student\u016f a studentek! Oboha\u0165te sv\u016fj j\u00eddeln\u00ed\u010dek o V\u00e1noc\u00edch.","robots":{"index":"index","follow":"follow","max-snippet":"max-snippet:-1","max-image-preview":"max-image-preview:large","max-video-preview":"max-video-preview:-1"},"canonical":"https:\/\/www.afs.cz\/en\/2023\/12\/date-si-sumtum-moo-kata-nebo-pan-dulce\/","og_locale":"en_US","og_type":"article","og_title":"D\u00e1te si Sumtum, Moo Kata nebo Pan Dulce?","og_description":"Objevte sv\u00e1te\u010dn\u00ed recepty z cel\u00e9ho sv\u011bta od na\u0161ich zahrani\u010dn\u00edch student\u016f a studentek! Oboha\u0165te sv\u016fj j\u00eddeln\u00ed\u010dek o V\u00e1noc\u00edch.","og_url":"https:\/\/www.afs.cz\/en\/2023\/12\/date-si-sumtum-moo-kata-nebo-pan-dulce\/","og_site_name":"Mezikulturn\u00ed programy","article_published_time":"2023-12-21T14:29:32+00:00","article_modified_time":"2024-06-06T11:36:03+00:00","og_image":[{"width":1200,"height":630,"url":"https:\/\/d22dvihj4pfop3.cloudfront.net\/wp-content\/uploads\/sites\/84\/2023\/12\/21154838\/Nahledy-do-textu-na-web-2-1200x630.png","type":"image\/png"}],"author":"afscesko","twitter_card":"summary_large_image","twitter_misc":{"Written by":"afscesko","Est. reading time":"4 minutes"},"schema":{"@context":"https:\/\/schema.org","@graph":[{"@type":"WebPage","@id":"https:\/\/www.afs.cz\/en\/2023\/12\/date-si-sumtum-moo-kata-nebo-pan-dulce\/","url":"https:\/\/www.afs.cz\/en\/2023\/12\/date-si-sumtum-moo-kata-nebo-pan-dulce\/","name":"Sv\u00e1te\u010dn\u00ed recepty z cel\u00e9ho sv\u011bta - Mezikulturn\u00ed programy","isPartOf":{"@id":"https:\/\/www.afs.cz\/en\/#website"},"primaryImageOfPage":{"@id":"https:\/\/www.afs.cz\/en\/2023\/12\/date-si-sumtum-moo-kata-nebo-pan-dulce\/#primaryimage"},"image":{"@id":"https:\/\/www.afs.cz\/en\/2023\/12\/date-si-sumtum-moo-kata-nebo-pan-dulce\/#primaryimage"},"thumbnailUrl":"https:\/\/d22dvihj4pfop3.cloudfront.net\/wp-content\/uploads\/sites\/84\/2023\/12\/21154838\/Nahledy-do-textu-na-web-2.png","datePublished":"2023-12-21T14:29:32+00:00","dateModified":"2024-06-06T11:36:03+00:00","author":{"@id":"https:\/\/www.afs.cz\/en\/#\/schema\/person\/bc52da0be76098030e75baeb919827ff"},"description":"Objevte sv\u00e1te\u010dn\u00ed recepty z cel\u00e9ho sv\u011bta od na\u0161ich zahrani\u010dn\u00edch student\u016f a studentek! Oboha\u0165te sv\u016fj j\u00eddeln\u00ed\u010dek o V\u00e1noc\u00edch.","breadcrumb":{"@id":"https:\/\/www.afs.cz\/en\/2023\/12\/date-si-sumtum-moo-kata-nebo-pan-dulce\/#breadcrumb"},"inLanguage":"en-US","potentialAction":[{"@type":"ReadAction","target":["https:\/\/www.afs.cz\/en\/2023\/12\/date-si-sumtum-moo-kata-nebo-pan-dulce\/"]}]},{"@type":"ImageObject","inLanguage":"en-US","@id":"https:\/\/www.afs.cz\/en\/2023\/12\/date-si-sumtum-moo-kata-nebo-pan-dulce\/#primaryimage","url":"https:\/\/d22dvihj4pfop3.cloudfront.net\/wp-content\/uploads\/sites\/84\/2023\/12\/21154838\/Nahledy-do-textu-na-web-2.png","contentUrl":"https:\/\/d22dvihj4pfop3.cloudfront.net\/wp-content\/uploads\/sites\/84\/2023\/12\/21154838\/Nahledy-do-textu-na-web-2.png","width":1200,"height":675,"caption":"Mezin\u00e1rodn\u00ed ob\u011bd Praha AFS"},{"@type":"BreadcrumbList","@id":"https:\/\/www.afs.cz\/en\/2023\/12\/date-si-sumtum-moo-kata-nebo-pan-dulce\/#breadcrumb","itemListElement":[{"@type":"ListItem","position":1,"name":"Home","item":"https:\/\/czechrepublic.afssite.afs.org\/en\/"},{"@type":"ListItem","position":2,"name":"D\u00e1te si Sumtum, Moo Kata nebo Pan Dulce?"}]},{"@type":"WebSite","@id":"https:\/\/www.afs.cz\/en\/#website","url":"https:\/\/www.afs.cz\/en\/","name":"Mezikulturn\u00ed programy","description":"Studium v zahrani\u010d\u00ed, hostitelsk\u00fd program, vzd\u011bl\u00e1vac\u00ed programy, dobrovolnictv\u00ed a mnoho dal\u0161\u00edho.","potentialAction":[{"@type":"SearchAction","target":{"@type":"EntryPoint","urlTemplate":"https:\/\/www.afs.cz\/en\/?s={search_term_string}"},"query-input":{"@type":"PropertyValueSpecification","valueRequired":true,"valueName":"search_term_string"}}],"inLanguage":"en-US"},{"@type":"Person","@id":"https:\/\/www.afs.cz\/en\/#\/schema\/person\/bc52da0be76098030e75baeb919827ff","name":"afscesko","image":{"@type":"ImageObject","inLanguage":"en-US","@id":"https:\/\/www.afs.cz\/en\/#\/schema\/person\/image\/","url":"https:\/\/secure.gravatar.com\/avatar\/eda270bfa745d003b9a210dc384a8c22e1a05bc41e5280645d3e2968a117c931?s=96&d=mm&r=g","contentUrl":"https:\/\/secure.gravatar.com\/avatar\/eda270bfa745d003b9a210dc384a8c22e1a05bc41e5280645d3e2968a117c931?s=96&d=mm&r=g","caption":"afscesko"},"url":"https:\/\/www.afs.cz\/en\/author\/afscesko\/"}]}},"_links":{"self":[{"href":"https:\/\/www.afs.cz\/en\/wp-json\/wp\/v2\/posts\/20719","targetHints":{"allow":["GET"]}}],"collection":[{"href":"https:\/\/www.afs.cz\/en\/wp-json\/wp\/v2\/posts"}],"about":[{"href":"https:\/\/www.afs.cz\/en\/wp-json\/wp\/v2\/types\/post"}],"author":[{"embeddable":true,"href":"https:\/\/www.afs.cz\/en\/wp-json\/wp\/v2\/users\/351"}],"replies":[{"embeddable":true,"href":"https:\/\/www.afs.cz\/en\/wp-json\/wp\/v2\/comments?post=20719"}],"version-history":[{"count":14,"href":"https:\/\/www.afs.cz\/en\/wp-json\/wp\/v2\/posts\/20719\/revisions"}],"predecessor-version":[{"id":22101,"href":"https:\/\/www.afs.cz\/en\/wp-json\/wp\/v2\/posts\/20719\/revisions\/22101"}],"wp:featuredmedia":[{"embeddable":true,"href":"https:\/\/www.afs.cz\/en\/wp-json\/wp\/v2\/media\/20729"}],"wp:attachment":[{"href":"https:\/\/www.afs.cz\/en\/wp-json\/wp\/v2\/media?parent=20719"}],"wp:term":[{"taxonomy":"category","embeddable":true,"href":"https:\/\/www.afs.cz\/en\/wp-json\/wp\/v2\/categories?post=20719"},{"taxonomy":"post_tag","embeddable":true,"href":"https:\/\/www.afs.cz\/en\/wp-json\/wp\/v2\/tags?post=20719"}],"curies":[{"name":"wp","href":"https:\/\/api.w.org\/{rel}","templated":true}]}}