{"id":18386,"date":"2021-05-10T16:14:54","date_gmt":"2021-05-10T15:14:54","guid":{"rendered":"https:\/\/czechrepublic.afssite.afs.org\/?p=18386"},"modified":"2023-06-23T14:49:32","modified_gmt":"2023-06-23T13:49:32","slug":"rakovnicky-denik-rozhovor-s-afs-studenty-z-japonska-a-thajska","status":"publish","type":"post","link":"https:\/\/www.afs.cz\/en\/2021\/05\/rakovnicky-denik-rozhovor-s-afs-studenty-z-japonska-a-thajska\/","title":{"rendered":"Rakovnick\u00fd den\u00edk: Rozhovor s AFS studenty z Japonska a Thajska"},"content":{"rendered":"<p><figure class=\"wp-image-wrap\"><img loading=\"lazy\" decoding=\"async\" class=\"alignnone size-medium wp-image-18387\" src=\"https:\/\/d22dvihj4pfop3.cloudfront.net\/wp-content\/uploads\/sites\/84\/2023\/05\/18161400\/Peace-a-Makoto-rozhovor.docx-425x600.png\" alt=\"\" width=\"425\" height=\"600\" \/><\/figure><\/p>\n","protected":false},"excerpt":{"rendered":"","protected":false},"author":351,"featured_media":18944,"comment_status":"open","ping_status":"open","sticky":false,"template":"","format":"standard","meta":{"footnotes":""},"categories":[70,49],"tags":[],"class_list":["post-18386","post","type-post","status-publish","format-standard","has-post-thumbnail","hentry","category-media","category-hostitelsky-program"],"yoast_head":"<!-- This site is optimized with the Yoast SEO Premium plugin v26.6 (Yoast SEO v26.6) - https:\/\/yoast.com\/wordpress\/plugins\/seo\/ -->\n<title>Rakovnick\u00fd den\u00edk: Rozhovor s AFS studenty z Japonska a Thajska - Mezikulturn\u00ed programy<\/title>\n<meta name=\"robots\" content=\"index, follow, max-snippet:-1, max-image-preview:large, max-video-preview:-1\" \/>\n<link rel=\"canonical\" href=\"https:\/\/www.afs.cz\/en\/2021\/05\/rakovnicky-denik-rozhovor-s-afs-studenty-z-japonska-a-thajska\/\" \/>\n<meta property=\"og:locale\" content=\"en_US\" \/>\n<meta property=\"og:type\" content=\"article\" \/>\n<meta property=\"og:title\" content=\"Rakovnick\u00fd den\u00edk: Rozhovor s AFS studenty z Japonska a Thajska\" \/>\n<meta property=\"og:url\" content=\"https:\/\/www.afs.cz\/en\/2021\/05\/rakovnicky-denik-rozhovor-s-afs-studenty-z-japonska-a-thajska\/\" \/>\n<meta property=\"og:site_name\" content=\"Mezikulturn\u00ed programy\" \/>\n<meta property=\"article:published_time\" content=\"2021-05-10T15:14:54+00:00\" \/>\n<meta property=\"article:modified_time\" content=\"2023-06-23T13:49:32+00:00\" \/>\n<meta property=\"og:image\" content=\"https:\/\/d22dvihj4pfop3.cloudfront.net\/wp-content\/uploads\/sites\/84\/2021\/05\/23144920\/zwbp2mcr44-89313298-1412727788934180-8588387892672331776-o-1200x630.jpg\" \/>\n\t<meta property=\"og:image:width\" content=\"1200\" \/>\n\t<meta property=\"og:image:height\" content=\"630\" \/>\n\t<meta property=\"og:image:type\" content=\"image\/jpeg\" \/>\n<meta name=\"author\" content=\"afscesko\" \/>\n<meta name=\"twitter:card\" content=\"summary_large_image\" \/>\n<meta name=\"twitter:label1\" content=\"Written by\" \/>\n\t<meta name=\"twitter:data1\" content=\"afscesko\" \/>\n<script type=\"application\/ld+json\" class=\"yoast-schema-graph\">{\"@context\":\"https:\/\/schema.org\",\"@graph\":[{\"@type\":\"WebPage\",\"@id\":\"https:\/\/www.afs.cz\/en\/2021\/05\/rakovnicky-denik-rozhovor-s-afs-studenty-z-japonska-a-thajska\/\",\"url\":\"https:\/\/www.afs.cz\/en\/2021\/05\/rakovnicky-denik-rozhovor-s-afs-studenty-z-japonska-a-thajska\/\",\"name\":\"Rakovnick\u00fd den\u00edk: Rozhovor s AFS studenty z Japonska a Thajska - Mezikulturn\u00ed programy\",\"isPartOf\":{\"@id\":\"https:\/\/www.afs.cz\/en\/#website\"},\"primaryImageOfPage\":{\"@id\":\"https:\/\/www.afs.cz\/en\/2021\/05\/rakovnicky-denik-rozhovor-s-afs-studenty-z-japonska-a-thajska\/#primaryimage\"},\"image\":{\"@id\":\"https:\/\/www.afs.cz\/en\/2021\/05\/rakovnicky-denik-rozhovor-s-afs-studenty-z-japonska-a-thajska\/#primaryimage\"},\"thumbnailUrl\":\"https:\/\/d22dvihj4pfop3.cloudfront.net\/wp-content\/uploads\/sites\/84\/2021\/05\/23144920\/zwbp2mcr44-89313298-1412727788934180-8588387892672331776-o.jpg\",\"datePublished\":\"2021-05-10T15:14:54+00:00\",\"dateModified\":\"2023-06-23T13:49:32+00:00\",\"author\":{\"@id\":\"https:\/\/www.afs.cz\/en\/#\/schema\/person\/bc52da0be76098030e75baeb919827ff\"},\"breadcrumb\":{\"@id\":\"https:\/\/www.afs.cz\/en\/2021\/05\/rakovnicky-denik-rozhovor-s-afs-studenty-z-japonska-a-thajska\/#breadcrumb\"},\"inLanguage\":\"en-US\",\"potentialAction\":[{\"@type\":\"ReadAction\",\"target\":[\"https:\/\/www.afs.cz\/en\/2021\/05\/rakovnicky-denik-rozhovor-s-afs-studenty-z-japonska-a-thajska\/\"]}]},{\"@type\":\"ImageObject\",\"inLanguage\":\"en-US\",\"@id\":\"https:\/\/www.afs.cz\/en\/2021\/05\/rakovnicky-denik-rozhovor-s-afs-studenty-z-japonska-a-thajska\/#primaryimage\",\"url\":\"https:\/\/d22dvihj4pfop3.cloudfront.net\/wp-content\/uploads\/sites\/84\/2021\/05\/23144920\/zwbp2mcr44-89313298-1412727788934180-8588387892672331776-o.jpg\",\"contentUrl\":\"https:\/\/d22dvihj4pfop3.cloudfront.net\/wp-content\/uploads\/sites\/84\/2021\/05\/23144920\/zwbp2mcr44-89313298-1412727788934180-8588387892672331776-o.jpg\",\"width\":1920,\"height\":1080},{\"@type\":\"BreadcrumbList\",\"@id\":\"https:\/\/www.afs.cz\/en\/2021\/05\/rakovnicky-denik-rozhovor-s-afs-studenty-z-japonska-a-thajska\/#breadcrumb\",\"itemListElement\":[{\"@type\":\"ListItem\",\"position\":1,\"name\":\"Home\",\"item\":\"https:\/\/czechrepublic.afssite.afs.org\/en\/\"},{\"@type\":\"ListItem\",\"position\":2,\"name\":\"Rakovnick\u00fd den\u00edk: Rozhovor s AFS studenty z Japonska a Thajska\"}]},{\"@type\":\"WebSite\",\"@id\":\"https:\/\/www.afs.cz\/en\/#website\",\"url\":\"https:\/\/www.afs.cz\/en\/\",\"name\":\"Mezikulturn\u00ed programy\",\"description\":\"Studium v zahrani\u010d\u00ed, hostitelsk\u00fd program, vzd\u011bl\u00e1vac\u00ed programy, dobrovolnictv\u00ed a mnoho dal\u0161\u00edho.\",\"potentialAction\":[{\"@type\":\"SearchAction\",\"target\":{\"@type\":\"EntryPoint\",\"urlTemplate\":\"https:\/\/www.afs.cz\/en\/?s={search_term_string}\"},\"query-input\":{\"@type\":\"PropertyValueSpecification\",\"valueRequired\":true,\"valueName\":\"search_term_string\"}}],\"inLanguage\":\"en-US\"},{\"@type\":\"Person\",\"@id\":\"https:\/\/www.afs.cz\/en\/#\/schema\/person\/bc52da0be76098030e75baeb919827ff\",\"name\":\"afscesko\",\"image\":{\"@type\":\"ImageObject\",\"inLanguage\":\"en-US\",\"@id\":\"https:\/\/www.afs.cz\/en\/#\/schema\/person\/image\/\",\"url\":\"https:\/\/secure.gravatar.com\/avatar\/eda270bfa745d003b9a210dc384a8c22e1a05bc41e5280645d3e2968a117c931?s=96&d=mm&r=g\",\"contentUrl\":\"https:\/\/secure.gravatar.com\/avatar\/eda270bfa745d003b9a210dc384a8c22e1a05bc41e5280645d3e2968a117c931?s=96&d=mm&r=g\",\"caption\":\"afscesko\"},\"url\":\"https:\/\/www.afs.cz\/en\/author\/afscesko\/\"}]}<\/script>\n<!-- \/ Yoast SEO Premium plugin. -->","yoast_head_json":{"title":"Rakovnick\u00fd den\u00edk: Rozhovor s AFS studenty z Japonska a Thajska - Mezikulturn\u00ed programy","robots":{"index":"index","follow":"follow","max-snippet":"max-snippet:-1","max-image-preview":"max-image-preview:large","max-video-preview":"max-video-preview:-1"},"canonical":"https:\/\/www.afs.cz\/en\/2021\/05\/rakovnicky-denik-rozhovor-s-afs-studenty-z-japonska-a-thajska\/","og_locale":"en_US","og_type":"article","og_title":"Rakovnick\u00fd den\u00edk: Rozhovor s AFS studenty z Japonska a Thajska","og_url":"https:\/\/www.afs.cz\/en\/2021\/05\/rakovnicky-denik-rozhovor-s-afs-studenty-z-japonska-a-thajska\/","og_site_name":"Mezikulturn\u00ed programy","article_published_time":"2021-05-10T15:14:54+00:00","article_modified_time":"2023-06-23T13:49:32+00:00","og_image":[{"width":1200,"height":630,"url":"https:\/\/d22dvihj4pfop3.cloudfront.net\/wp-content\/uploads\/sites\/84\/2021\/05\/23144920\/zwbp2mcr44-89313298-1412727788934180-8588387892672331776-o-1200x630.jpg","type":"image\/jpeg"}],"author":"afscesko","twitter_card":"summary_large_image","twitter_misc":{"Written by":"afscesko"},"schema":{"@context":"https:\/\/schema.org","@graph":[{"@type":"WebPage","@id":"https:\/\/www.afs.cz\/en\/2021\/05\/rakovnicky-denik-rozhovor-s-afs-studenty-z-japonska-a-thajska\/","url":"https:\/\/www.afs.cz\/en\/2021\/05\/rakovnicky-denik-rozhovor-s-afs-studenty-z-japonska-a-thajska\/","name":"Rakovnick\u00fd den\u00edk: Rozhovor s AFS studenty z Japonska a Thajska - Mezikulturn\u00ed programy","isPartOf":{"@id":"https:\/\/www.afs.cz\/en\/#website"},"primaryImageOfPage":{"@id":"https:\/\/www.afs.cz\/en\/2021\/05\/rakovnicky-denik-rozhovor-s-afs-studenty-z-japonska-a-thajska\/#primaryimage"},"image":{"@id":"https:\/\/www.afs.cz\/en\/2021\/05\/rakovnicky-denik-rozhovor-s-afs-studenty-z-japonska-a-thajska\/#primaryimage"},"thumbnailUrl":"https:\/\/d22dvihj4pfop3.cloudfront.net\/wp-content\/uploads\/sites\/84\/2021\/05\/23144920\/zwbp2mcr44-89313298-1412727788934180-8588387892672331776-o.jpg","datePublished":"2021-05-10T15:14:54+00:00","dateModified":"2023-06-23T13:49:32+00:00","author":{"@id":"https:\/\/www.afs.cz\/en\/#\/schema\/person\/bc52da0be76098030e75baeb919827ff"},"breadcrumb":{"@id":"https:\/\/www.afs.cz\/en\/2021\/05\/rakovnicky-denik-rozhovor-s-afs-studenty-z-japonska-a-thajska\/#breadcrumb"},"inLanguage":"en-US","potentialAction":[{"@type":"ReadAction","target":["https:\/\/www.afs.cz\/en\/2021\/05\/rakovnicky-denik-rozhovor-s-afs-studenty-z-japonska-a-thajska\/"]}]},{"@type":"ImageObject","inLanguage":"en-US","@id":"https:\/\/www.afs.cz\/en\/2021\/05\/rakovnicky-denik-rozhovor-s-afs-studenty-z-japonska-a-thajska\/#primaryimage","url":"https:\/\/d22dvihj4pfop3.cloudfront.net\/wp-content\/uploads\/sites\/84\/2021\/05\/23144920\/zwbp2mcr44-89313298-1412727788934180-8588387892672331776-o.jpg","contentUrl":"https:\/\/d22dvihj4pfop3.cloudfront.net\/wp-content\/uploads\/sites\/84\/2021\/05\/23144920\/zwbp2mcr44-89313298-1412727788934180-8588387892672331776-o.jpg","width":1920,"height":1080},{"@type":"BreadcrumbList","@id":"https:\/\/www.afs.cz\/en\/2021\/05\/rakovnicky-denik-rozhovor-s-afs-studenty-z-japonska-a-thajska\/#breadcrumb","itemListElement":[{"@type":"ListItem","position":1,"name":"Home","item":"https:\/\/czechrepublic.afssite.afs.org\/en\/"},{"@type":"ListItem","position":2,"name":"Rakovnick\u00fd den\u00edk: Rozhovor s AFS studenty z Japonska a Thajska"}]},{"@type":"WebSite","@id":"https:\/\/www.afs.cz\/en\/#website","url":"https:\/\/www.afs.cz\/en\/","name":"Mezikulturn\u00ed programy","description":"Studium v zahrani\u010d\u00ed, hostitelsk\u00fd program, vzd\u011bl\u00e1vac\u00ed programy, dobrovolnictv\u00ed a mnoho dal\u0161\u00edho.","potentialAction":[{"@type":"SearchAction","target":{"@type":"EntryPoint","urlTemplate":"https:\/\/www.afs.cz\/en\/?s={search_term_string}"},"query-input":{"@type":"PropertyValueSpecification","valueRequired":true,"valueName":"search_term_string"}}],"inLanguage":"en-US"},{"@type":"Person","@id":"https:\/\/www.afs.cz\/en\/#\/schema\/person\/bc52da0be76098030e75baeb919827ff","name":"afscesko","image":{"@type":"ImageObject","inLanguage":"en-US","@id":"https:\/\/www.afs.cz\/en\/#\/schema\/person\/image\/","url":"https:\/\/secure.gravatar.com\/avatar\/eda270bfa745d003b9a210dc384a8c22e1a05bc41e5280645d3e2968a117c931?s=96&d=mm&r=g","contentUrl":"https:\/\/secure.gravatar.com\/avatar\/eda270bfa745d003b9a210dc384a8c22e1a05bc41e5280645d3e2968a117c931?s=96&d=mm&r=g","caption":"afscesko"},"url":"https:\/\/www.afs.cz\/en\/author\/afscesko\/"}]}},"_links":{"self":[{"href":"https:\/\/www.afs.cz\/en\/wp-json\/wp\/v2\/posts\/18386","targetHints":{"allow":["GET"]}}],"collection":[{"href":"https:\/\/www.afs.cz\/en\/wp-json\/wp\/v2\/posts"}],"about":[{"href":"https:\/\/www.afs.cz\/en\/wp-json\/wp\/v2\/types\/post"}],"author":[{"embeddable":true,"href":"https:\/\/www.afs.cz\/en\/wp-json\/wp\/v2\/users\/351"}],"replies":[{"embeddable":true,"href":"https:\/\/www.afs.cz\/en\/wp-json\/wp\/v2\/comments?post=18386"}],"version-history":[{"count":3,"href":"https:\/\/www.afs.cz\/en\/wp-json\/wp\/v2\/posts\/18386\/revisions"}],"predecessor-version":[{"id":18946,"href":"https:\/\/www.afs.cz\/en\/wp-json\/wp\/v2\/posts\/18386\/revisions\/18946"}],"wp:featuredmedia":[{"embeddable":true,"href":"https:\/\/www.afs.cz\/en\/wp-json\/wp\/v2\/media\/18944"}],"wp:attachment":[{"href":"https:\/\/www.afs.cz\/en\/wp-json\/wp\/v2\/media?parent=18386"}],"wp:term":[{"taxonomy":"category","embeddable":true,"href":"https:\/\/www.afs.cz\/en\/wp-json\/wp\/v2\/categories?post=18386"},{"taxonomy":"post_tag","embeddable":true,"href":"https:\/\/www.afs.cz\/en\/wp-json\/wp\/v2\/tags?post=18386"}],"curies":[{"name":"wp","href":"https:\/\/api.w.org\/{rel}","templated":true}]}}