{"id":17520,"date":"2023-04-08T16:33:06","date_gmt":"2023-04-08T15:33:06","guid":{"rendered":"https:\/\/czechrepublic.afssite.afs.org\/?p=17520"},"modified":"2023-07-04T13:11:19","modified_gmt":"2023-07-04T12:11:19","slug":"ohlednuti-za-letosnim-safe-space-2023","status":"publish","type":"post","link":"https:\/\/www.afs.cz\/en\/2023\/04\/ohlednuti-za-letosnim-safe-space-2023\/","title":{"rendered":"Ohl\u00e9dnut\u00ed za leto\u0161n\u00edm Safe Space 2023"},"content":{"rendered":"<p><span style=\"font-weight: 400;\"><em>\u201cAtmosf\u00e9ra Safe Space 2023 byla jedine\u010dn\u00e1. Bav\u00ed m\u011b poslouchat n\u00e1zory a zku\u0161enosti mlad\u00fdch lid\u00ed, kte\u0159\u00ed p\u0159em\u00fd\u0161lej\u00ed o tom, co je pro n\u011b v \u017eivot\u011b d\u016fle\u017eit\u00e9. Fascinuje m\u011b, jak se sna\u017e\u00ed b\u00fdt ve sv\u00e9m okol\u00ed aktivn\u00ed a p\u0159itom ohledupln\u00ed sami k sob\u011b. Jsem vd\u011b\u010dn\u00fd za jejich otev\u0159enost.\u201d<\/em> &#8211; Petr Vrchota, speaker leto\u0161n\u00edho <a href=\"https:\/\/www.afs.cz\/safe-space\/\" target=\"_blank\" rel=\"noopener\">Safe Space 2023<\/a>.<\/span><\/p>\n<h5>Safe Space 2023<\/h5>\n<p>Ji\u017e druh\u00fdm rokem jsme se se\u0161li v kr\u00e1sn\u00fdch prostor\u00e1ch Skautsk\u00e9ho institutu v Praze na akci v\u011bnovan\u00e9 porozum\u011bn\u00ed, spole\u010dn\u00fdm i rozd\u00edln\u00fdm hodnot\u00e1m a respektu. Safe Space pro ka\u017ed\u00e9ho znamen\u00e1 n\u011bco jin\u00e9ho a ka\u017ed\u00fd sv\u00e9 bezpe\u010d\u00ed hled\u00e1 v \u017eivot\u011b jinak, ale na konci dne bychom se m\u011bli c\u00edtit stejn\u011b &#8211; v harmonii a pochopen\u00ed. O to se AFS denn\u011b sna\u017e\u00ed prost\u0159ednictv\u00edm sv\u00fdch v\u00fdm\u011bnn\u00fdch program\u016f. A k tomu n\u00e1m letos n\u011bco \u0159ekli \u010dty\u0159i inspirativn\u00ed lid\u00e9 s odli\u0161n\u00fdmi hodnotami, \u017eivotn\u00edmi p\u0159\u00edb\u011bhy a n\u00e1hledem na bezpe\u010dn\u00e9 prost\u0159ed\u00ed a jeho formy.<\/p>\n<h5>Kl\u00ed\u010de k bezpe\u010dn\u00e9mu prost\u0159ed\u00ed<\/h5>\n<p>Helena Zitkov\u00e1, u\u010ditelka budouc\u00edch u\u010ditel\u016f angli\u010dtiny na m\u00edstn\u00ed univerzit\u011b, s n\u00e1mi sd\u00edlela sv\u00e9 zku\u0161enosti a n\u00e1zory ohledn\u011b vzd\u011bl\u00e1v\u00e1n\u00ed dne\u0161n\u00ed a budouc\u00ed generace. N\u00e1sledn\u011b jsme s Martinou Hezkou, u\u010ditelkou prvn\u00edho stupn\u011b, zabrouzdali do ot\u00e1zek na\u0161eho vnit\u0159n\u00edho klidu a spokojenosti nejen ve \u0161kole, ale i v \u017eivot\u011b. Nechyb\u011bly n\u00e1zory a pohledy dobrovoln\u00edk\u016f star\u0161\u00edch i mlad\u0161\u00edch. Kr\u00e1sn\u00fd start do cel\u00e9 akce!<\/p>\n<div class=\"wp-embed\">\n<div class=\"wp-embed-wrap\"><iframe loading=\"lazy\" title=\"Ohl\u00e9dnut\u00ed za Safe Space 2023\" width=\"500\" height=\"281\" src=\"https:\/\/www.youtube.com\/embed\/Wx7ybnLmsiI?feature=oembed\" frameborder=\"0\" allow=\"accelerometer; autoplay; clipboard-write; encrypted-media; gyroscope; picture-in-picture; web-share\" referrerpolicy=\"strict-origin-when-cross-origin\" allowfullscreen><\/iframe><\/div>\n<\/div>\n<h5>Vyrovn\u00e1v\u00e1n\u00ed se s imposter syndromem<\/h5>\n<p><span style=\"font-weight: 400;\">Petr Vrchota, speaker z minul\u00e9ho roku, kter\u00fd n\u00e1m p\u0159edstavil probl\u00e9m dne\u0161n\u00ed p\u0159epracovan\u00e9 doby &#8211; imposter syndrom. Tento ne\u0159\u00e1d se t\u00fdk\u00e1 mnoha z n\u00e1s, ale m\u00e1lokdo ho dok\u00e1\u017ee rozpoznat a za\u010d\u00edt s n\u00edm pracovat tak, aby ho ovlivnil co nejm\u00e9n\u011b. Petr jako\u017eto u\u010ditel na Scio \u0161kole n\u00e1m p\u0159edstavil jeho pohled, odborn\u00e9 i osobn\u00ed rady. Nakonec jsme v kruhu d\u016fv\u011bry zah\u00e1jili konverzaci a sd\u011blili si sv\u00e9 dojmy a post\u0159ehy.<\/span><\/p>\n<h5>LGBTQ+ = \u010c\u00edm si queer lidi ment\u00e1ln\u011b proch\u00e1zej\u00ed?<\/h5>\n<p><span style=\"font-weight: 400;\">Kry\u0161tof Stupka, advok\u00e1t a aktivista lidsk\u00fdch pr\u00e1v, n\u00e1s sezn\u00e1mil s problematikou t\u00fdkaj\u00edc\u00ed se LGBTQ+ komunity. Za pomoci jednoho z na\u0161ich dobrovoln\u00edk\u016f, Aleca Her\u010d\u00edka, jsme se pobavili o sou\u010dasn\u00e9 pr\u00e1vn\u00ed situaci, nesrovnalostech a vlastn\u00edch zku\u0161enostech z tohoto sv\u011bta. Tak\u00e9 jsme si \u0159ekli o d\u016fle\u017eitosti rovnopr\u00e1vnosti v\u0161ech a pro\u010d je d\u016fle\u017eit\u00e9 za ni bojovat. <\/span><span style=\"font-weight: 400;\">Na konec dne jsme se p\u0159esunuli na lekci j\u00f3gy s Terezou Gregorovou, kter\u00e1 n\u00e1s zrelaxovala a ukon\u010dila n\u00e1\u0161 kr\u00e1sn\u00fd den kapkou pohybu a dechov\u00fdm cvi\u010den\u00edm.\u00a0<\/span><\/p>\n<h5>Safe Space a AFS<\/h5>\n<p><figure class=\"wp-image-wrap\"><img loading=\"lazy\" decoding=\"async\" class=\"alignright wp-image-17523 size-medium\" src=\"https:\/\/d22dvihj4pfop3.cloudfront.net\/wp-content\/uploads\/sites\/84\/2023\/04\/08163131\/52781269031_79b57b9d3b_o-600x337.jpg\" alt=\"Skupina AFS dobrovoln\u00edk\u016f na akci Safe Space 2023\" width=\"600\" height=\"337\" \/><\/figure><\/p>\n<p><span style=\"font-weight: 400;\">AFS m\u00e1 opravdu velk\u00fd vliv na lidi, kte\u0159\u00ed jsou do organizace zapojeni. A\u0165 u\u017e se jedn\u00e1 o v\u00fdm\u011bnn\u00e9 studenty, hostitelsk\u00e9 rodiny nebo dobrovoln\u00edky. AFS je v neust\u00e1l\u00e9m kontaktu s rychle se m\u011bn\u00edc\u00edm sv\u011btem, pln\u00fdm zm\u011bn a n\u011bkdy i velk\u00fdch kulturn\u00edch rozd\u00edl\u016f. Ale to, \u017ee je n\u011bco jin\u00e9, neznamen\u00e1, \u017ee je to \u0161patn\u00e9. Naopak, je to prostor pro vzd\u011bl\u00e1v\u00e1n\u00ed, diskusi a otev\u0159enost. D\u00edky t\u011bmto p\u0159edn\u00e1\u0161k\u00e1m a semin\u00e1\u0159\u016fm jsme se zdokonalili v dan\u00fdch t\u00e9matech, osvojili si n\u011bkter\u00e9 pojmy a dok\u00e1\u017eeme l\u00e9pe porozum\u011bt sob\u011b i druh\u00fdm. Nakonec bych jm\u00e9nem cel\u00e9ho t\u00fdmu cht\u011bla pod\u011bkovat nejen speaker\u016fm, ale i dobrovoln\u00edk\u016fm a \u00fa\u010dastn\u00edk\u016fm akce, bez v\u00e1s by to nebyl tak skv\u011ble str\u00e1ven\u00fd den. Snad se sejdeme i p\u0159\u00ed\u0161t\u00ed rok!<\/span><\/p>\n<p>&#8211; Alex Tich\u00e1, dobrovolnice za <a href=\"https:\/\/www.instagram.com\/afs.hradubicko\/\" target=\"_blank\" rel=\"noopener\">dobrovolnickou skupinu Hradubicko<\/a><\/p>\n<hr \/>\n<h3>Dobrovolnictv\u00ed jako cesta ke zm\u011bn\u011b<\/h3>\n<p>Zaujala t\u011b my\u0161lenka dobrovolnictv\u00ed? Chce\u0161 potk\u00e1vat nov\u00e9 lidi z v\u0161ech kout\u016f sv\u011bta a p\u0159itom z\u00edsk\u00e1vat nov\u00e9 zku\u0161enosti a dovednosti, kter\u00e9 jsou pot\u0159ebn\u00e9 v dne\u0161n\u00edm glob\u00e1ln\u00edm sv\u011bt\u011b? Sta\u0148 se sou\u010d\u00e1st\u00ed mezin\u00e1rodn\u00ed skupiny aktivn\u00edch lid\u00ed, kte\u0159\u00ed pom\u00e1haj\u00ed, aby se mezikulturn\u00ed porozum\u011bn\u00ed ve spole\u010dnosti stalo realitou. Pokud se i ty chce\u0161 st\u00e1t sou\u010d\u00e1st\u00ed AFS:<\/p>\n<p style=\"text-align: left;\"><a class=\"button\" href=\"https:\/\/www.afs.cz\/dobrovolnictvi\/prihlasovaci-formular-k-dobrovolnictvi\/\" target=\"_blank\" rel=\"noopener\">Vypl\u0148 nez\u00e1vazn\u00fd p\u0159ihla\u0161ovac\u00ed formul\u00e1\u0159<\/a><\/p>\n<p style=\"text-align: left;\"><a class=\"button\" href=\"https:\/\/www.afs.cz\/dobrovolnictvi\/\" target=\"_blank\" rel=\"noopener\">Zjisti si v\u00edce informac\u00ed<\/a><\/p>\n","protected":false},"excerpt":{"rendered":"<p>\u201cAtmosf\u00e9ra Safe Space 2023 byla jedine\u010dn\u00e1. Bav\u00ed m\u011b poslouchat n\u00e1zory a zku\u0161enosti mlad\u00fdch lid\u00ed, kte\u0159\u00ed p\u0159em\u00fd\u0161lej\u00ed o tom, co je&hellip;<\/p>\n","protected":false},"author":351,"featured_media":17521,"comment_status":"open","ping_status":"open","sticky":false,"template":"","format":"standard","meta":{"footnotes":""},"categories":[51],"tags":[],"class_list":["post-17520","post","type-post","status-publish","format-standard","has-post-thumbnail","hentry","category-dobrovolnictvi"],"yoast_head":"<!-- This site is optimized with the Yoast SEO Premium plugin v26.6 (Yoast SEO v26.6) - https:\/\/yoast.com\/wordpress\/plugins\/seo\/ -->\n<title>Ohl\u00e9dnut\u00ed za leto\u0161n\u00edm Safe Space 2023 - AFS Mezikulturn\u00ed programy<\/title>\n<meta name=\"description\" content=\"Ohl\u00e9dnut\u00ed za AFS akc\u00ed Safe Space 2023. Toto inspirativn\u00ed setk\u00e1n\u00ed se zam\u011b\u0159ilo na podporu porozum\u011bn\u00ed a respektu prost\u0159ednictv\u00edm diskus\u00ed a sd\u00edlen\u00ed zku\u0161enost\u00ed.\" \/>\n<meta name=\"robots\" content=\"index, follow, max-snippet:-1, max-image-preview:large, max-video-preview:-1\" \/>\n<link rel=\"canonical\" href=\"https:\/\/www.afs.cz\/en\/2023\/04\/ohlednuti-za-letosnim-safe-space-2023\/\" \/>\n<meta property=\"og:locale\" content=\"en_US\" \/>\n<meta property=\"og:type\" content=\"article\" \/>\n<meta property=\"og:title\" content=\"Ohl\u00e9dnut\u00ed za leto\u0161n\u00edm Safe Space 2023\" \/>\n<meta property=\"og:description\" content=\"Ohl\u00e9dnut\u00ed za AFS akc\u00ed Safe Space 2023. Toto inspirativn\u00ed setk\u00e1n\u00ed se zam\u011b\u0159ilo na podporu porozum\u011bn\u00ed a respektu prost\u0159ednictv\u00edm diskus\u00ed a sd\u00edlen\u00ed zku\u0161enost\u00ed.\" \/>\n<meta property=\"og:url\" content=\"https:\/\/www.afs.cz\/en\/2023\/04\/ohlednuti-za-letosnim-safe-space-2023\/\" \/>\n<meta property=\"og:site_name\" content=\"Mezikulturn\u00ed programy\" \/>\n<meta property=\"article:published_time\" content=\"2023-04-08T15:33:06+00:00\" \/>\n<meta property=\"article:modified_time\" content=\"2023-07-04T12:11:19+00:00\" \/>\n<meta property=\"og:image\" content=\"https:\/\/d22dvihj4pfop3.cloudfront.net\/wp-content\/uploads\/sites\/84\/2023\/04\/08163103\/52780734552_57a6fe7c8f_o-1200x630.jpg\" \/>\n\t<meta property=\"og:image:width\" content=\"1200\" \/>\n\t<meta property=\"og:image:height\" content=\"630\" \/>\n\t<meta property=\"og:image:type\" content=\"image\/jpeg\" \/>\n<meta name=\"author\" content=\"afscesko\" \/>\n<meta name=\"twitter:card\" content=\"summary_large_image\" \/>\n<meta name=\"twitter:label1\" content=\"Written by\" \/>\n\t<meta name=\"twitter:data1\" content=\"afscesko\" \/>\n\t<meta name=\"twitter:label2\" content=\"Est. reading time\" \/>\n\t<meta name=\"twitter:data2\" content=\"4 minutes\" \/>\n<script type=\"application\/ld+json\" class=\"yoast-schema-graph\">{\"@context\":\"https:\/\/schema.org\",\"@graph\":[{\"@type\":\"WebPage\",\"@id\":\"https:\/\/www.afs.cz\/en\/2023\/04\/ohlednuti-za-letosnim-safe-space-2023\/\",\"url\":\"https:\/\/www.afs.cz\/en\/2023\/04\/ohlednuti-za-letosnim-safe-space-2023\/\",\"name\":\"Ohl\u00e9dnut\u00ed za leto\u0161n\u00edm Safe Space 2023 - AFS Mezikulturn\u00ed programy\",\"isPartOf\":{\"@id\":\"https:\/\/www.afs.cz\/en\/#website\"},\"primaryImageOfPage\":{\"@id\":\"https:\/\/www.afs.cz\/en\/2023\/04\/ohlednuti-za-letosnim-safe-space-2023\/#primaryimage\"},\"image\":{\"@id\":\"https:\/\/www.afs.cz\/en\/2023\/04\/ohlednuti-za-letosnim-safe-space-2023\/#primaryimage\"},\"thumbnailUrl\":\"https:\/\/d22dvihj4pfop3.cloudfront.net\/wp-content\/uploads\/sites\/84\/2023\/04\/08163103\/52780734552_57a6fe7c8f_o.jpg\",\"datePublished\":\"2023-04-08T15:33:06+00:00\",\"dateModified\":\"2023-07-04T12:11:19+00:00\",\"author\":{\"@id\":\"https:\/\/www.afs.cz\/en\/#\/schema\/person\/bc52da0be76098030e75baeb919827ff\"},\"description\":\"Ohl\u00e9dnut\u00ed za AFS akc\u00ed Safe Space 2023. Toto inspirativn\u00ed setk\u00e1n\u00ed se zam\u011b\u0159ilo na podporu porozum\u011bn\u00ed a respektu prost\u0159ednictv\u00edm diskus\u00ed a sd\u00edlen\u00ed zku\u0161enost\u00ed.\",\"breadcrumb\":{\"@id\":\"https:\/\/www.afs.cz\/en\/2023\/04\/ohlednuti-za-letosnim-safe-space-2023\/#breadcrumb\"},\"inLanguage\":\"en-US\",\"potentialAction\":[{\"@type\":\"ReadAction\",\"target\":[\"https:\/\/www.afs.cz\/en\/2023\/04\/ohlednuti-za-letosnim-safe-space-2023\/\"]}]},{\"@type\":\"ImageObject\",\"inLanguage\":\"en-US\",\"@id\":\"https:\/\/www.afs.cz\/en\/2023\/04\/ohlednuti-za-letosnim-safe-space-2023\/#primaryimage\",\"url\":\"https:\/\/d22dvihj4pfop3.cloudfront.net\/wp-content\/uploads\/sites\/84\/2023\/04\/08163103\/52780734552_57a6fe7c8f_o.jpg\",\"contentUrl\":\"https:\/\/d22dvihj4pfop3.cloudfront.net\/wp-content\/uploads\/sites\/84\/2023\/04\/08163103\/52780734552_57a6fe7c8f_o.jpg\",\"width\":2048,\"height\":1150,\"caption\":\"Pohled na speakera Kry\u0161tofa na akci Safe Space 2023\"},{\"@type\":\"BreadcrumbList\",\"@id\":\"https:\/\/www.afs.cz\/en\/2023\/04\/ohlednuti-za-letosnim-safe-space-2023\/#breadcrumb\",\"itemListElement\":[{\"@type\":\"ListItem\",\"position\":1,\"name\":\"Home\",\"item\":\"https:\/\/czechrepublic.afssite.afs.org\/en\/\"},{\"@type\":\"ListItem\",\"position\":2,\"name\":\"Ohl\u00e9dnut\u00ed za leto\u0161n\u00edm Safe Space 2023\"}]},{\"@type\":\"WebSite\",\"@id\":\"https:\/\/www.afs.cz\/en\/#website\",\"url\":\"https:\/\/www.afs.cz\/en\/\",\"name\":\"Mezikulturn\u00ed programy\",\"description\":\"Studium v zahrani\u010d\u00ed, hostitelsk\u00fd program, vzd\u011bl\u00e1vac\u00ed programy, dobrovolnictv\u00ed a mnoho dal\u0161\u00edho.\",\"potentialAction\":[{\"@type\":\"SearchAction\",\"target\":{\"@type\":\"EntryPoint\",\"urlTemplate\":\"https:\/\/www.afs.cz\/en\/?s={search_term_string}\"},\"query-input\":{\"@type\":\"PropertyValueSpecification\",\"valueRequired\":true,\"valueName\":\"search_term_string\"}}],\"inLanguage\":\"en-US\"},{\"@type\":\"Person\",\"@id\":\"https:\/\/www.afs.cz\/en\/#\/schema\/person\/bc52da0be76098030e75baeb919827ff\",\"name\":\"afscesko\",\"image\":{\"@type\":\"ImageObject\",\"inLanguage\":\"en-US\",\"@id\":\"https:\/\/www.afs.cz\/en\/#\/schema\/person\/image\/\",\"url\":\"https:\/\/secure.gravatar.com\/avatar\/eda270bfa745d003b9a210dc384a8c22e1a05bc41e5280645d3e2968a117c931?s=96&d=mm&r=g\",\"contentUrl\":\"https:\/\/secure.gravatar.com\/avatar\/eda270bfa745d003b9a210dc384a8c22e1a05bc41e5280645d3e2968a117c931?s=96&d=mm&r=g\",\"caption\":\"afscesko\"},\"url\":\"https:\/\/www.afs.cz\/en\/author\/afscesko\/\"}]}<\/script>\n<!-- \/ Yoast SEO Premium plugin. -->","yoast_head_json":{"title":"Ohl\u00e9dnut\u00ed za leto\u0161n\u00edm Safe Space 2023 - AFS Mezikulturn\u00ed programy","description":"Ohl\u00e9dnut\u00ed za AFS akc\u00ed Safe Space 2023. Toto inspirativn\u00ed setk\u00e1n\u00ed se zam\u011b\u0159ilo na podporu porozum\u011bn\u00ed a respektu prost\u0159ednictv\u00edm diskus\u00ed a sd\u00edlen\u00ed zku\u0161enost\u00ed.","robots":{"index":"index","follow":"follow","max-snippet":"max-snippet:-1","max-image-preview":"max-image-preview:large","max-video-preview":"max-video-preview:-1"},"canonical":"https:\/\/www.afs.cz\/en\/2023\/04\/ohlednuti-za-letosnim-safe-space-2023\/","og_locale":"en_US","og_type":"article","og_title":"Ohl\u00e9dnut\u00ed za leto\u0161n\u00edm Safe Space 2023","og_description":"Ohl\u00e9dnut\u00ed za AFS akc\u00ed Safe Space 2023. Toto inspirativn\u00ed setk\u00e1n\u00ed se zam\u011b\u0159ilo na podporu porozum\u011bn\u00ed a respektu prost\u0159ednictv\u00edm diskus\u00ed a sd\u00edlen\u00ed zku\u0161enost\u00ed.","og_url":"https:\/\/www.afs.cz\/en\/2023\/04\/ohlednuti-za-letosnim-safe-space-2023\/","og_site_name":"Mezikulturn\u00ed programy","article_published_time":"2023-04-08T15:33:06+00:00","article_modified_time":"2023-07-04T12:11:19+00:00","og_image":[{"width":1200,"height":630,"url":"https:\/\/d22dvihj4pfop3.cloudfront.net\/wp-content\/uploads\/sites\/84\/2023\/04\/08163103\/52780734552_57a6fe7c8f_o-1200x630.jpg","type":"image\/jpeg"}],"author":"afscesko","twitter_card":"summary_large_image","twitter_misc":{"Written by":"afscesko","Est. reading time":"4 minutes"},"schema":{"@context":"https:\/\/schema.org","@graph":[{"@type":"WebPage","@id":"https:\/\/www.afs.cz\/en\/2023\/04\/ohlednuti-za-letosnim-safe-space-2023\/","url":"https:\/\/www.afs.cz\/en\/2023\/04\/ohlednuti-za-letosnim-safe-space-2023\/","name":"Ohl\u00e9dnut\u00ed za leto\u0161n\u00edm Safe Space 2023 - AFS Mezikulturn\u00ed programy","isPartOf":{"@id":"https:\/\/www.afs.cz\/en\/#website"},"primaryImageOfPage":{"@id":"https:\/\/www.afs.cz\/en\/2023\/04\/ohlednuti-za-letosnim-safe-space-2023\/#primaryimage"},"image":{"@id":"https:\/\/www.afs.cz\/en\/2023\/04\/ohlednuti-za-letosnim-safe-space-2023\/#primaryimage"},"thumbnailUrl":"https:\/\/d22dvihj4pfop3.cloudfront.net\/wp-content\/uploads\/sites\/84\/2023\/04\/08163103\/52780734552_57a6fe7c8f_o.jpg","datePublished":"2023-04-08T15:33:06+00:00","dateModified":"2023-07-04T12:11:19+00:00","author":{"@id":"https:\/\/www.afs.cz\/en\/#\/schema\/person\/bc52da0be76098030e75baeb919827ff"},"description":"Ohl\u00e9dnut\u00ed za AFS akc\u00ed Safe Space 2023. Toto inspirativn\u00ed setk\u00e1n\u00ed se zam\u011b\u0159ilo na podporu porozum\u011bn\u00ed a respektu prost\u0159ednictv\u00edm diskus\u00ed a sd\u00edlen\u00ed zku\u0161enost\u00ed.","breadcrumb":{"@id":"https:\/\/www.afs.cz\/en\/2023\/04\/ohlednuti-za-letosnim-safe-space-2023\/#breadcrumb"},"inLanguage":"en-US","potentialAction":[{"@type":"ReadAction","target":["https:\/\/www.afs.cz\/en\/2023\/04\/ohlednuti-za-letosnim-safe-space-2023\/"]}]},{"@type":"ImageObject","inLanguage":"en-US","@id":"https:\/\/www.afs.cz\/en\/2023\/04\/ohlednuti-za-letosnim-safe-space-2023\/#primaryimage","url":"https:\/\/d22dvihj4pfop3.cloudfront.net\/wp-content\/uploads\/sites\/84\/2023\/04\/08163103\/52780734552_57a6fe7c8f_o.jpg","contentUrl":"https:\/\/d22dvihj4pfop3.cloudfront.net\/wp-content\/uploads\/sites\/84\/2023\/04\/08163103\/52780734552_57a6fe7c8f_o.jpg","width":2048,"height":1150,"caption":"Pohled na speakera Kry\u0161tofa na akci Safe Space 2023"},{"@type":"BreadcrumbList","@id":"https:\/\/www.afs.cz\/en\/2023\/04\/ohlednuti-za-letosnim-safe-space-2023\/#breadcrumb","itemListElement":[{"@type":"ListItem","position":1,"name":"Home","item":"https:\/\/czechrepublic.afssite.afs.org\/en\/"},{"@type":"ListItem","position":2,"name":"Ohl\u00e9dnut\u00ed za leto\u0161n\u00edm Safe Space 2023"}]},{"@type":"WebSite","@id":"https:\/\/www.afs.cz\/en\/#website","url":"https:\/\/www.afs.cz\/en\/","name":"Mezikulturn\u00ed programy","description":"Studium v zahrani\u010d\u00ed, hostitelsk\u00fd program, vzd\u011bl\u00e1vac\u00ed programy, dobrovolnictv\u00ed a mnoho dal\u0161\u00edho.","potentialAction":[{"@type":"SearchAction","target":{"@type":"EntryPoint","urlTemplate":"https:\/\/www.afs.cz\/en\/?s={search_term_string}"},"query-input":{"@type":"PropertyValueSpecification","valueRequired":true,"valueName":"search_term_string"}}],"inLanguage":"en-US"},{"@type":"Person","@id":"https:\/\/www.afs.cz\/en\/#\/schema\/person\/bc52da0be76098030e75baeb919827ff","name":"afscesko","image":{"@type":"ImageObject","inLanguage":"en-US","@id":"https:\/\/www.afs.cz\/en\/#\/schema\/person\/image\/","url":"https:\/\/secure.gravatar.com\/avatar\/eda270bfa745d003b9a210dc384a8c22e1a05bc41e5280645d3e2968a117c931?s=96&d=mm&r=g","contentUrl":"https:\/\/secure.gravatar.com\/avatar\/eda270bfa745d003b9a210dc384a8c22e1a05bc41e5280645d3e2968a117c931?s=96&d=mm&r=g","caption":"afscesko"},"url":"https:\/\/www.afs.cz\/en\/author\/afscesko\/"}]}},"_links":{"self":[{"href":"https:\/\/www.afs.cz\/en\/wp-json\/wp\/v2\/posts\/17520","targetHints":{"allow":["GET"]}}],"collection":[{"href":"https:\/\/www.afs.cz\/en\/wp-json\/wp\/v2\/posts"}],"about":[{"href":"https:\/\/www.afs.cz\/en\/wp-json\/wp\/v2\/types\/post"}],"author":[{"embeddable":true,"href":"https:\/\/www.afs.cz\/en\/wp-json\/wp\/v2\/users\/351"}],"replies":[{"embeddable":true,"href":"https:\/\/www.afs.cz\/en\/wp-json\/wp\/v2\/comments?post=17520"}],"version-history":[{"count":29,"href":"https:\/\/www.afs.cz\/en\/wp-json\/wp\/v2\/posts\/17520\/revisions"}],"predecessor-version":[{"id":19048,"href":"https:\/\/www.afs.cz\/en\/wp-json\/wp\/v2\/posts\/17520\/revisions\/19048"}],"wp:featuredmedia":[{"embeddable":true,"href":"https:\/\/www.afs.cz\/en\/wp-json\/wp\/v2\/media\/17521"}],"wp:attachment":[{"href":"https:\/\/www.afs.cz\/en\/wp-json\/wp\/v2\/media?parent=17520"}],"wp:term":[{"taxonomy":"category","embeddable":true,"href":"https:\/\/www.afs.cz\/en\/wp-json\/wp\/v2\/categories?post=17520"},{"taxonomy":"post_tag","embeddable":true,"href":"https:\/\/www.afs.cz\/en\/wp-json\/wp\/v2\/tags?post=17520"}],"curies":[{"name":"wp","href":"https:\/\/api.w.org\/{rel}","templated":true}]}}